{"id":3886,"date":"2021-03-15T07:21:00","date_gmt":"2021-03-15T06:21:00","guid":{"rendered":"https:\/\/blog.jena.de\/jenakultur\/?p=3886"},"modified":"2021-03-16T09:53:07","modified_gmt":"2021-03-16T08:53:07","slug":"von-gleichberechtigung-sind-wir-noch-weit-entfernt","status":"publish","type":"post","link":"https:\/\/blog.jena.de\/jenakultur\/2021\/03\/15\/von-gleichberechtigung-sind-wir-noch-weit-entfernt\/","title":{"rendered":"\u201cVon Gleichberechtigung sind wir noch weit entfernt&#8220;"},"content":{"rendered":"\n\n\n<p style=\"text-align: justify\"><em>Sinah ist Resident DJ im Leipziger Westhafen und geh\u00f6rt zum Kollektiv Women of Techno. Abseits des Dancefloors hei\u00dft sie Janine Herold, ist Feinoptikerin, und gibt seit zwei Jahren im Kassablanca einen DJ-Workshop speziell f\u00fcr Frauen<\/em>.<em> Warum ihr das so wichtig ist, erkl\u00e4rt sie mir bei einer Mate im Kassa-Turm.<\/em><\/p>\n<p style=\"text-align: justify\"><strong>Seit wann legst du auf und wie bist du dazu gekommen?<\/strong><\/p>\n<p style=\"text-align: justify\">Ich leg seit 2014\/15 auf und ich bin tats\u00e4chlich durch das selber Weggehen darauf aufmerksam geworden. Damals hab ich zum ersten Mal eine Frau spielen sehen. Ich glaube, das muss<a href=\"https:\/\/soundcloud.com\/lydiaeisenblaetter\" target=\"_blank\" rel=\"noopener\"> Lydia Eisenbl\u00e4tter<\/a> gewesen sein. Da habe ich mich auch zum ersten Mal gefragt, warum da eigentlich immer nur M\u00e4nner stehen. Und war dann auch neugierig, was da eigentlich so hinterm DJ-Pult passiert, und hatte einen Bekannten, der hat aufgelegt, und bei dem durfte ich ein bisschen probieren. Aber der war immer so vorsichtig mit seinen Platten. Ich hab dann von einem Kumpel ein altes Mischpult bekommen, die ersten Platten zum \u00dcben und habe mit ihm meine ersten eigenen Plattenspieler besorgt und dann bin ich eigentlich dran geblieben. Mir hat manchmal die Motivation gefehlt, wenn es nicht gleich auf Anhieb geklappt hat. Bis ich halt an dem Punkt war, dass ich einen ersten Auftritt hatte und da habe ich dann darauf hin gearbeitet, damit das mit den \u00dcberg\u00e4ngen klappt, und habe dann wirklich jeden Tag ge\u00fcbt und irgendwann hat es Klick gemacht.<\/p>\n<p style=\"text-align: justify\"><strong>Wie kam es zu deinem ersten Auftritt?<\/strong><\/p>\n<p style=\"text-align: justify\">\u00dcber <a href=\"https:\/\/www.facebook.com\/danielhauserjena\/\" target=\"_blank\" rel=\"noopener\">Daniel Hauser<\/a>. Dessen DJ-Workshop im Kassa habe ich immer mal wieder besucht. Aber da hab ich mich auch erst hin getraut, als ich schon ein bisschen spielen konnte. Und die hatten im Daheme diese Plattform angefangen, wo die Lounge-Musik haben spielen lassen. Also ich hab wirklich mit so Barmusik angefangen, im Daheme und dann auch in Gera im Barclay&#8217;s. Wie viele so gestartet sind. Ich glaube, ich k\u00f6nnte das schon gar nicht mehr. Weil man da schon ein bisschen loungiger und ruhiger spielt, und ich hab jetzt die letzten Jahre mehr die Partys gespielt. Wei\u00df gar nicht, ob das noch passen w\u00fcrde. Man ver\u00e4ndert sich ja musikalisch auch immer wieder.<\/p>\n<p style=\"text-align: justify\"><strong>Ich finde das interessant, dass dir 2014\/15 \u00fcberhaupt erstmal aufgefallen ist, dass da immer nur M\u00e4nner auflegen.<\/strong><\/p>\n<p style=\"text-align: justify\">Ich war damals Anfang 20 und bin also schon ein paar Jahre weggegangen in der Szene, aber bis ich das erste Mal eine DJane gesehen habe, ist mir das nie aufgefallen. Die hatte halt auch einen guten Auftritt gemacht. Und dann fand ich es aber auch schade, weil ich so gedacht habe: warum gibt es denn so wenige? Das ist ja die letzten Jahre deutlich besser geworden, aber damals, die Frauen, die ich auflegen gesehen habe, die kann ich an einer Hand abz\u00e4hlen.<\/p>\n<p>Ich habe bei Zeiss Feinoptikerin gelernt, dort auch lange gearbeitet, jetzt arbeite ich bei Layertec in Mellingen. Das ist famili\u00e4rer, weniger Druck, eine j\u00fcngere Firma, die sehr w\u00e4chst. Ich hab dort freiere Zeiteinteilung, das kommt auch dem Auflegen und der Workshop-Sache entgegen.<\/p>\n\n\n\n<figure class=\"wp-block-image size-large\"><img loading=\"lazy\" decoding=\"async\" width=\"1000\" height=\"525\" src=\"https:\/\/blog.jena.de\/jenakultur\/wp-content\/uploads\/sites\/25\/2021\/03\/jenakultur-janineherold2thomasschwarz-1000x525.jpg\" alt=\"Zwei Frauen stehen vor einer mit Graffiti bespr\u00fchten Wand an Plattendeks und legen auf\" class=\"wp-image-3891\" srcset=\"https:\/\/blog.jena.de\/jenakultur\/wp-content\/uploads\/sites\/25\/2021\/03\/jenakultur-janineherold2thomasschwarz-1000x525.jpg 1000w, https:\/\/blog.jena.de\/jenakultur\/wp-content\/uploads\/sites\/25\/2021\/03\/jenakultur-janineherold2thomasschwarz-500x263.jpg 500w, https:\/\/blog.jena.de\/jenakultur\/wp-content\/uploads\/sites\/25\/2021\/03\/jenakultur-janineherold2thomasschwarz-768x403.jpg 768w, https:\/\/blog.jena.de\/jenakultur\/wp-content\/uploads\/sites\/25\/2021\/03\/jenakultur-janineherold2thomasschwarz.jpg 1200w\" sizes=\"auto, (max-width: 1000px) 100vw, 1000px\" \/><figcaption>\u00a9Luise Wiederhold<\/figcaption><\/figure>\n\n\n\n<p style=\"text-align: justify\"><strong>Du hast also bereits einen Beruf, der dich neben dem Auflegen voll in Anspruch nimmt. Was ist deine Motivation, auch noch ehrenamtlich den DJ-Workshop f\u00fcr Frauen im Kassa zu machen?<\/strong><\/p>\n<p style=\"text-align: justify\">Meine ersten Auftritte waren eine totale Katastrophe, da war ich so aufgeregt! Meine Hand hat so gezittert, dass ich die Nadel kaum auf die Platte bekommen hab. Daniel hat das schon sehr gut gemacht, aber manchmal h\u00e4tte ich mir schon gew\u00fcnscht, dass ich auch noch eine Frau gehabt h\u00e4tte, die mich an die Hand nimmt. Es ist manchmal wirklich komisch, wenn du in einen Raum kommst, und dann sind da nur M\u00e4nner.<\/p>\n<p style=\"text-align: justify\">Die meisten konnten auch schon auflegen und wollten sich nat\u00fcrlich auch beweisen. Irgendwie f\u00fchlt man sich beobachtet, vielleicht weil man dann eben die einzige Frau ist. Wir haben unter uns Frauen zum Teil auch ein anderes Miteinander, man f\u00fchlt sich wohler. Viele sind am Anfang deutlich zur\u00fcckhaltender. Der Workshop ist ja auch da, um sich zu connecten.<\/p>\n<p style=\"text-align: justify\">Hier im Kassa ist es wirklich toll, dass wir diese regelm\u00e4\u00dfige Plattform bekommen haben und dass es auch so eine sch\u00f6ne Zusammenarbeit ist. Weil die sich auch nach mir richten, was die Termine angeht. Ich guck dann, dass ich freitags eher von der Arbeit los komme und direkt hierher fahre. Es ist sch\u00f6n, dass wir nicht nur den Raum und die Technik gestellt bekommen, sondern dass wir auch integriert werden. Ich sag zum Beispiel Daniel Hauser bescheid, wenn ich denke, dass ein M\u00e4del dran bleibt und soweit ist, dass sie auflegen kann, und dann bekommt sie halt mal einen Slot f\u00fcr den Sunday Boogie und langfristig auch f\u00fcr die Sch\u00f6ne Freiheit, oder aber auch zu anderen Veranstaltungen im Kassa einen Auftritt, zum Beispiel wenn Tag der offenen T\u00fcr ist, wo man auch mal so ein bisschen aufkl\u00e4rt und ansprechbar ist. Es ist cool, dass man die M\u00e4dels schon mal so ein bisschen in die Veranstaltungssache reinbringen kann, dass die so ihre ersten Erfahrungen tats\u00e4chlich auch im Kassa schon sammeln k\u00f6nnen mit Auftritten und so.<\/p>\n<p style=\"text-align: justify\"><strong>Wie kam es \u00fcberhaupt, dass du den Workshop machst?<\/strong><\/p>\n<p style=\"text-align: justify\">Die Fujimi, die den Workshop vor mir gemacht hat, ist f\u00fcr ihr Studium aus Jena weggezogen und dann war nicht klar, wer das weitermachen soll. Ich war damals auch glaube ich die einzige DJane, die in Jena gelebt hat, die schon soweit war, dass man sagen konnte, die kann so eine Aufgabe machen, kann das erkl\u00e4ren, und selber schon so gut auflegen, dass sie es anderen beibringen kann. <a href=\"https:\/\/blog.jena.de\/jenakultur\/2020\/06\/15\/ich-werd-bloede\/\" target=\"_blank\" rel=\"noopener\">Thomas Sperling<\/a> und Daniel Hauser sind dann auf mich zugekommen.<\/p>\n<p style=\"text-align: justify\">Ich habe mir einen Workshopnamen gesucht und Paul Sch\u00e4fer aka Carlo Bonanza hat mir einen Flyer erstellt. Dann habe ich auch Social Media-Accounts f\u00fcr den Workshop erstellt, und damit funktioniert das ganz gut, die M\u00e4dels auch zu erreichen. Es ist spannend, dass die tats\u00e4chlich Wege auf sich nehmen, von Erfurt, Weimar, also wirklich auch mit dem Zug direkt kommen. Das Interesse ist da, es ist meistens ganz gut besucht. Wir sind halt nicht so viele wie die Jungs, also der allgemeine DJ-Workshop, aber am Anfang waren wir schon so zehn M\u00e4dels.<\/p>\n\n\n\n<figure class=\"wp-block-image size-large\"><img loading=\"lazy\" decoding=\"async\" width=\"1000\" height=\"525\" src=\"https:\/\/blog.jena.de\/jenakultur\/wp-content\/uploads\/sites\/25\/2021\/03\/jenakultur-janineherold3thomasschwarz-1000x525.jpg\" alt=\"Eine Frau steht an einem Plattendeck und legt auf, im Hintergrund unterhalten sich junge Menschen und sitzen im Freien zusammen\" class=\"wp-image-3892\" srcset=\"https:\/\/blog.jena.de\/jenakultur\/wp-content\/uploads\/sites\/25\/2021\/03\/jenakultur-janineherold3thomasschwarz-1000x525.jpg 1000w, https:\/\/blog.jena.de\/jenakultur\/wp-content\/uploads\/sites\/25\/2021\/03\/jenakultur-janineherold3thomasschwarz-500x263.jpg 500w, https:\/\/blog.jena.de\/jenakultur\/wp-content\/uploads\/sites\/25\/2021\/03\/jenakultur-janineherold3thomasschwarz-768x403.jpg 768w, https:\/\/blog.jena.de\/jenakultur\/wp-content\/uploads\/sites\/25\/2021\/03\/jenakultur-janineherold3thomasschwarz.jpg 1200w\" sizes=\"auto, (max-width: 1000px) 100vw, 1000px\" \/><figcaption>\u00a9Jessica Just<\/figcaption><\/figure>\n\n\n\n<p>F\u00fcr das Kassa ist das generell ein Thema zu f\u00f6rdern, dass mehr Frauen Musik machen. <a href=\"https:\/\/blog.jena.de\/jenakultur\/2021\/02\/22\/an-geraden-tagen-nudeln\/\" target=\"_blank\" rel=\"noopener\">Martin Dauel<\/a> feiert das immer sehr. Der gibt mir immer Feedback, beobachtet die Entwicklung von dem Workshop und sagt mir, dass er das sehr sch\u00f6n findet, wie ich das erkl\u00e4re. Und es ist auch so, dass man auf Frauen anders zugehen muss.<\/p>\n<p><strong>Was hei\u00dft das?<\/strong><\/p>\n<p>Man muss sie schon mehr an die Hand nehmen, Mut machen, ihnen auch \u00f6fter sagen, dass das gut war. Frauen sind ganz oft so, dass sie immer alles infrage stellen, was sie machen, sich immer nicht gut finden. Man muss sie immer positiv best\u00e4rken.<\/p>\n<p><strong>Was man sich bei vielen m\u00e4nnlichen DJs w\u00fcnschen w\u00fcrde, dass sie sich ein bisschen mehr infrage stellen&#8230;<\/strong><\/p>\n<p>Ja, das ist ganz putzig. Manchmal bringen Teilnehmerinnen ihre Kumpels mit, und die haben dann ihre Workshop-Aufgabe vielleicht nicht so gut gel\u00f6st, aber sind selbstbewusster, und finden sich besser als die Freundin, die es danach versucht hat und einen besseren \u00dcbergang gemacht hat.<\/p>\n\n\n\n<figure class=\"wp-block-image size-large\"><a href=\"https:\/\/www.instagram.com\/p\/CMJv6_nnEzd\/\" target=\"_blank\" rel=\"noopener\"><img loading=\"lazy\" decoding=\"async\" width=\"930\" height=\"602\" src=\"https:\/\/blog.jena.de\/jenakultur\/wp-content\/uploads\/sites\/25\/2021\/03\/jenakultur-von-gleichberechtigung-sind-wir-noch-weit-entfernt-janine-herold-instaiam-a-dj.jpg\" alt=\"\" class=\"wp-image-3897\" srcset=\"https:\/\/blog.jena.de\/jenakultur\/wp-content\/uploads\/sites\/25\/2021\/03\/jenakultur-von-gleichberechtigung-sind-wir-noch-weit-entfernt-janine-herold-instaiam-a-dj.jpg 930w, https:\/\/blog.jena.de\/jenakultur\/wp-content\/uploads\/sites\/25\/2021\/03\/jenakultur-von-gleichberechtigung-sind-wir-noch-weit-entfernt-janine-herold-instaiam-a-dj-500x324.jpg 500w, https:\/\/blog.jena.de\/jenakultur\/wp-content\/uploads\/sites\/25\/2021\/03\/jenakultur-von-gleichberechtigung-sind-wir-noch-weit-entfernt-janine-herold-instaiam-a-dj-768x497.jpg 768w\" sizes=\"auto, (max-width: 930px) 100vw, 930px\" \/><\/a><figcaption>Sexistische Bemerkungen und Ungleichberechtigungen sind in der Szene leider keine Einzellf\u00e4lle. Im <a href=\"https:\/\/www.instagram.com\/p\/CMJv6_nnEzd\/\" target=\"_blank\" rel=\"noreferrer noopener\">Instagram-Post von &#8222;I AM A DJ<\/a>&#8220; wird abgerechnet.<\/figcaption><\/figure>\n\n\n\n<p style=\"text-align: justify\">Viele sind halt eher so, dass die erstmal nur gucken und sich informieren und noch gar nicht selber auflegen, aber daf\u00fcr ist es ja auch da. Und ein paar bleiben da tats\u00e4chlich auch l\u00e4nger dran. Richtig stolz bin ich da auf Jessica Just, die macht als Julita Just jetzt Musik.<\/p>\n<p style=\"text-align: justify\"><strong>Ah, das habe ich auf der Fahrt hierher auf deinem <\/strong><a href=\"https:\/\/soundcloud.com\/sinah2015\/jjs-on-fire-technotopia?ref=clipboard&amp;p=a&amp;c=1\" target=\"_blank\" rel=\"noopener\"><strong>Soundcloud<\/strong><\/a><strong> geh\u00f6rt! <\/strong><\/p>\n<p style=\"text-align: justify\">Ja, das waren wir beide zusammen. Wir treffen uns jetzt auch regelm\u00e4\u00dfig privat und spielen dann auch zusammen. Wir haben auch \u00fcberlegt, ob wir gemeinsam was machen wollen als B2B-Partner. Aber mal schauen. Es ist halt sch\u00f6n, dass sich dann auch Freundschaften \u00fcber diesen Workshop entwickeln.<\/p>\n<p style=\"text-align: justify\"><strong>Wie l\u00e4uft so ein Workshop ab?<\/strong><\/p>\n<p style=\"text-align: justify\">Generell stellen wir uns erstmal alle vor. Dann frage ich danach, was sie schon k\u00f6nnen, ob sie schon mal aufgelegt haben. Ich erkl\u00e4re die Ger\u00e4te, was es bedeutet, ein Set zu machen. Dass Tracks in verschiedenen Geschwindigkeiten produziert sind, dass die aufeinander abgestimmt werden m\u00fcssen, also sowohl die Geschwindigkeit als auch die Takte, und dann macht man auch schon mal einen ersten \u00dcbergang, damit sie schon mal ein Ergebnis h\u00f6ren k\u00f6nnen. Ich fange gern auch mit dem Digitalen Equipment (XDJs) an, weil man da mehr visuellen Input hat. Man sieht da die BPM-Anzeige, kann da schon mal sehen, wie unterschiedlich schnell die Tracks produziert sind. Erstmal zeigen, dann selbst ausprobieren, und dann gehe ich aber auch relativ schnell zum Plattenspieler \u00fcber, weil ich m\u00f6chte, dass sie auch das Handwerk dahinter verstehen, dass man es h\u00f6ren und f\u00fchlen muss.<\/p>\n<p style=\"text-align: justify\"><strong>Vor Kurzem ist ein <\/strong><a href=\"https:\/\/soundcloud.com\/frohfroh\/taeter-an-den-decks-sexualisierte-gewalt-in-der-clubkultur\"><strong>Podcast<\/strong><\/a><strong> erschienen, der Sexismus in der Leipziger Techno-Szene thematisiert. Du bist ja auch Resident im Leipziger Westhafen, wie nimmst du das wahr?<\/strong><\/p>\n<p style=\"text-align: justify\">Ich hab immer mal Anfragen, wo es hei\u00dft, kannste mal einen Podcast machen, weil wir brauchen noch ne Frau. Oder am Anfang hab ich auch so Kommentare bekommen von wegen, ja Janine, bei dir l\u00e4uft das dann schon, weil du bist ja ne Frau. Nach der Art: Du musst ja gar nicht so gut auflegen k\u00f6nnen, denn weil du eine Frau bist, wirst du eh gebucht. Das ist wahrscheinlich oft unbewusst und nicht bl\u00f6d gemeint, aber solche Sachen sind f\u00fcr mich immer sofort sehr demotivierend, da steckt eine Abwertung drin. Ich glaube, ich habe viele solche Sachen auch einfach verdr\u00e4ngt oder weggesteckt, weil ich einfach dr\u00fcber stehen m\u00f6chte. Aber viele andere Frauen schreckt sowas vielleicht auch einfach ab.<\/p>\n\n\n\n<figure class=\"wp-block-image size-large\"><img loading=\"lazy\" decoding=\"async\" width=\"1000\" height=\"525\" src=\"https:\/\/blog.jena.de\/jenakultur\/wp-content\/uploads\/sites\/25\/2021\/03\/jenakultur-janineherold4herzmaedchen-1000x525.jpg\" alt=\"DJane Janine Herold mit Kopfh\u00f6rern lehnt an einer Leitplanke und raucht\" class=\"wp-image-3893\" srcset=\"https:\/\/blog.jena.de\/jenakultur\/wp-content\/uploads\/sites\/25\/2021\/03\/jenakultur-janineherold4herzmaedchen-1000x525.jpg 1000w, https:\/\/blog.jena.de\/jenakultur\/wp-content\/uploads\/sites\/25\/2021\/03\/jenakultur-janineherold4herzmaedchen-500x263.jpg 500w, https:\/\/blog.jena.de\/jenakultur\/wp-content\/uploads\/sites\/25\/2021\/03\/jenakultur-janineherold4herzmaedchen-768x403.jpg 768w, https:\/\/blog.jena.de\/jenakultur\/wp-content\/uploads\/sites\/25\/2021\/03\/jenakultur-janineherold4herzmaedchen.jpg 1200w\" sizes=\"auto, (max-width: 1000px) 100vw, 1000px\" \/><figcaption>\u00a9HerzM\u00e4dchen<\/figcaption><\/figure>\n\n\n\n<p style=\"text-align: justify\">Dass jetzt verst\u00e4rkt Frauen gef\u00f6rdert werden, ist einerseits gut, andererseits manchmal auch bl\u00f6d, wenn du die K\u00fcnstlerin bist. Das ist zweischneidig, denn man will ja gebucht und respektiert werden f\u00fcr das, was man macht, und nicht daf\u00fcr, dass man eine Frau ist.<\/p>\n<p style=\"text-align: justify\">Als DJane hab ich \u00dcbergriffiges eigentlich so gut wie gar nicht erlebt, aber du hast ja auch deinen Bereich, du hast deinen Backstage in dem du dich bewegen kannst, du hast dein Pult, bist da ja auch immer so ein bisschen noch vom Publikum abgeschirmt. Aber als Gast ist das was anderes. Also da hab ich das auch mehrfach erlebt. Auch hier im Kassa. Da hat mir mal jemand wirklich derbe auf den Hintern gehauen. Ich wusste nur, aus welcher Ecke das kam, und neben mir stand ein M\u00e4del, bei der hat er es auch gemacht. Ich bin dann zu ihm hin und hab gefragt, was das soll. Und wurde da so richtig bl\u00f6de angemacht, der wollte sich auch nicht entschuldigen, und dann bin ich zum T\u00fcrsteher gegangen und hab dem den Typen gezeigt und die haben ihn auch rausgeholt. Sie haben mich dann auch nochmal mit dazu geholt und ihm die M\u00f6glichkeit gegeben, sich bei mir zu entschuldigen. F\u00fcr mich w\u00e4r das damit auch erledigt gewesen, aber er hat das tats\u00e4chlich komplett abgelehnt. Er hat dann auch Hausverbot bekommen. Ich hab ihm auch gesagt, selbst wenn ich nichts anh\u00e4tte, oder hier im Schl\u00fcppi stehen w\u00fcrde: Du hast mich einfach nicht anzufassen!<\/p>\n<p style=\"text-align: justify\">Ich pflege meine Profile in den sozialen Medien ja schon so, dass ich finde, die sind nicht zu freiz\u00fcgig. Trotzdem ist es mir auch schon passiert, dass ich von Unbekannten einfach mal so ein Dick Pick geschickt bekam, wo ich mich dann schon frage, was ist mit so jemandem nicht in Ordnung?<\/p>\n<p style=\"text-align: justify\"><strong>Du hast dich auch mit sechs anderen Frauen zu dem Kollektiv Women of Techno zusammengeschlossen. Welche Vorteile hat das f\u00fcr dich?<\/strong><\/p>\n<p style=\"text-align: justify\">Wir haben uns mal bei einem gemeinsamen Auftritt kennengelernt und schnell gemerkt, dass wir uns miteinander sehr wohl f\u00fchlen, und sowohl als Kollektiv als auch individuell voneinander profitieren. Es ist generell sch\u00f6n, weil man sich zugeh\u00f6rig f\u00fchlt. Man hat als Frauen untereinander auch nochmal andere Themen, wo man sich irgendwie leichter f\u00fchlt, dar\u00fcber zu reden.<\/p>\n<p style=\"text-align: justify\">Es ist ein Gesch\u00e4ft, bei dem gerade f\u00fcr Frauen Familie und Beruf besonders schwer vereinbar sind, wenn du wei\u00dft, als Freiberufler, du wirst, wenn du ein Kind haben m\u00f6chtest, deinen Job auf jeden Fall mindestens ein Jahr nicht machen k\u00f6nnen. Ein Jahr raus zu sein, keine Auftritte zu machen, keine neuen Sets zu produzieren, das ist eine lange Zeit, das kann schon der Tod f\u00fcr eine Karriere sein. Es ist schon einiges passiert in dem Bereich, aber es ist wichtig, die Sichtbarkeit dieser Themen zu erh\u00f6hen. Von Gleichberechtigung sind wir noch weit entfernt.<\/p>\n\n\n\n<hr class=\"wp-block-separator\" \/>\n\n\n\n\n\n<figure class=\"wp-block-image size-large\"><img loading=\"lazy\" decoding=\"async\" width=\"1000\" height=\"525\" src=\"https:\/\/blog.jena.de\/jenakultur\/wp-content\/uploads\/sites\/25\/2020\/04\/jenakultur-c-gesellmannmartin-gommel-1000x525.jpg\" alt=\"Christian Gesellmann\" class=\"wp-image-2137\" srcset=\"https:\/\/blog.jena.de\/jenakultur\/wp-content\/uploads\/sites\/25\/2020\/04\/jenakultur-c-gesellmannmartin-gommel-1000x525.jpg 1000w, https:\/\/blog.jena.de\/jenakultur\/wp-content\/uploads\/sites\/25\/2020\/04\/jenakultur-c-gesellmannmartin-gommel-500x263.jpg 500w, https:\/\/blog.jena.de\/jenakultur\/wp-content\/uploads\/sites\/25\/2020\/04\/jenakultur-c-gesellmannmartin-gommel-768x403.jpg 768w, https:\/\/blog.jena.de\/jenakultur\/wp-content\/uploads\/sites\/25\/2020\/04\/jenakultur-c-gesellmannmartin-gommel-1536x806.jpg 1536w, https:\/\/blog.jena.de\/jenakultur\/wp-content\/uploads\/sites\/25\/2020\/04\/jenakultur-c-gesellmannmartin-gommel-1314x690.jpg 1314w, https:\/\/blog.jena.de\/jenakultur\/wp-content\/uploads\/sites\/25\/2020\/04\/jenakultur-c-gesellmannmartin-gommel-1320x693.jpg 1320w, https:\/\/blog.jena.de\/jenakultur\/wp-content\/uploads\/sites\/25\/2020\/04\/jenakultur-c-gesellmannmartin-gommel.jpg 1920w\" sizes=\"auto, (max-width: 1000px) 100vw, 1000px\" \/><figcaption>Christian Gesellmann | \u00a9Martin Gommel<\/figcaption><\/figure>\n\n\n\n<p style=\"text-align: justify\"><em>Christian Gesellmann: Das Kassa feierte letztes Jahr seinen 30. Geburtstag! Ein Jahr lang werde ich mich als Stadtschreiber mit den Menschen treffen, die diesen einzigartigen Verein und Club gepr\u00e4gt haben, und ihre Erinnerungen aufschreiben \u2013 und nat\u00fcrlich mit Ihnen\/dir teilen, hier auf diesem Blog,<\/em> <em>auf <a href=\"https:\/\/www.facebook.com\/christian.gesellmann\" target=\"_blank\" rel=\"noreferrer noopener\">Facebook<\/a> und <a href=\"https:\/\/www.instagram.com\/christian.gesellmann\/\" target=\"_blank\" rel=\"noreferrer noopener\">Instagram<\/a>.<\/em><\/p>\n<p style=\"text-align: justify\"><em>Welche Geschichten und Erinnerungen verbinden Sie\/verbindest du mit dem Kassablanca? Haben Sie\/ hast du noch irgendwo alte Fotos von Ihnen\/dir und Ihren\/deinen Freunden im Kassa? Ich freue mich auf Post an: <u><a href=\"mailto:allesgute@kassablanca.de\" target=\"_blank\" rel=\"noopener\">allesgute@kassablanca.de<\/a><\/u><\/em><\/p>\n","protected":false},"excerpt":{"rendered":"<p>Sinah ist Resident DJ im Leipziger Westhafen und geh\u00f6rt zum Kollektiv Women of Techno. Abseits des Dancefloors hei\u00dft sie Janine Herold, ist Feinoptikerin, und gibt seit zwei Jahren\u00a0 im Kassablanca einen DJ-Workshop speziell f\u00fcr Frauen.<br \/>\nF\u00fcr das Interview in der Reihe &#8222;30 Jahre Kassablanca&#8220; trifft sie sich mit Stadtschreiber und Stipendiat Christian Gesellmann auf eine Mate im Kassa-Turm.<\/p>\n","protected":false},"author":22,"featured_media":3890,"comment_status":"open","ping_status":"closed","sticky":false,"template":"","format":"standard","meta":{"footnotes":""},"categories":[1,16,17,26],"tags":[522,700,697,698,699,508,550,507],"class_list":["post-3886","post","type-post","status-publish","format-standard","has-post-thumbnail","hentry","category-allgemein","category-kulturfoerderung","category-kulturpreise-stipendien","category-villa-rosenthal","tag-30-jahre-kassa","tag-dj-workshop","tag-djane","tag-feminismus","tag-gleichberechtigung","tag-kassa","tag-kassablanca","tag-kassablanca-jena"],"_links":{"self":[{"href":"https:\/\/blog.jena.de\/jenakultur\/wp-json\/wp\/v2\/posts\/3886","targetHints":{"allow":["GET"]}}],"collection":[{"href":"https:\/\/blog.jena.de\/jenakultur\/wp-json\/wp\/v2\/posts"}],"about":[{"href":"https:\/\/blog.jena.de\/jenakultur\/wp-json\/wp\/v2\/types\/post"}],"author":[{"embeddable":true,"href":"https:\/\/blog.jena.de\/jenakultur\/wp-json\/wp\/v2\/users\/22"}],"replies":[{"embeddable":true,"href":"https:\/\/blog.jena.de\/jenakultur\/wp-json\/wp\/v2\/comments?post=3886"}],"version-history":[{"count":18,"href":"https:\/\/blog.jena.de\/jenakultur\/wp-json\/wp\/v2\/posts\/3886\/revisions"}],"predecessor-version":[{"id":3920,"href":"https:\/\/blog.jena.de\/jenakultur\/wp-json\/wp\/v2\/posts\/3886\/revisions\/3920"}],"wp:featuredmedia":[{"embeddable":true,"href":"https:\/\/blog.jena.de\/jenakultur\/wp-json\/wp\/v2\/media\/3890"}],"wp:attachment":[{"href":"https:\/\/blog.jena.de\/jenakultur\/wp-json\/wp\/v2\/media?parent=3886"}],"wp:term":[{"taxonomy":"category","embeddable":true,"href":"https:\/\/blog.jena.de\/jenakultur\/wp-json\/wp\/v2\/categories?post=3886"},{"taxonomy":"post_tag","embeddable":true,"href":"https:\/\/blog.jena.de\/jenakultur\/wp-json\/wp\/v2\/tags?post=3886"}],"curies":[{"name":"wp","href":"https:\/\/api.w.org\/{rel}","templated":true}]}}