{"id":3413,"date":"2021-01-05T07:25:00","date_gmt":"2021-01-05T06:25:00","guid":{"rendered":"https:\/\/blog.jena.de\/jenakultur\/?p=3413"},"modified":"2021-01-04T09:10:52","modified_gmt":"2021-01-04T08:10:52","slug":"wer-steckt-hinter-dem-team-der-jena-tourist-information-wir-stellen-uns-vor","status":"publish","type":"post","link":"https:\/\/blog.jena.de\/jenakultur\/2021\/01\/05\/wer-steckt-hinter-dem-team-der-jena-tourist-information-wir-stellen-uns-vor\/","title":{"rendered":"Wer steckt hinter dem Team der Jena Tourist-Information? Wir stellen uns vor!"},"content":{"rendered":"\n\n\n<h2 class=\"wp-block-heading\">Eine neue Blog-Serie entsteht<\/h2>\n\n\n\n<p>Sie ist der zentrale Anlaufpunkt f\u00fcr Touristen, Ticketk\u00e4ufer:innen, G\u00e4ste und B\u00fcrger:innen unserer Stadt: die Jena Tourist-Information am Markt 16 \u2013 doch wer steckt eigentlich dahinter?<\/p>\n<p>Die Mitarbeiter:innen aus den Bereichen Frontoffice und Backoffice sowie unsere Teamleiterinnen stellen sich in den n\u00e4chsten Wochen und Monaten in Form von kleinen Interviews sukzessive vor und geben einen kleinen Einblick in ihre Arbeit.<br \/>Jede:r von ihnen ist so einzigartig wie ihr Aufgabengebiet, seien Sie gespannt, wie vielseitig die Arbeit in einer Tourist-Information wie unserer in Jena sein kann.<\/p>\n<p>Wir stellen Ihnen also regelm\u00e4\u00dfig ein Gesicht und ihr\/sein umfangreiches T\u00e4tigkeitsfeld hinter der Glasfassade am Markt 16 vor und in jedem Interview werden die ganz pers\u00f6nlichen Highlights und Geheimtipps eines\/einer jeden Mitarbeiter:in pr\u00e4sentiert.<\/p>\n<p>Lassen Sie sich inspirieren, denn es erwarten Sie Anregungen \u00fcber Ausflugsziele in und um Jena, egal ob alleine, mit Hund oder mit Kindern, die Mitarbeiter:innen sprechen \u00fcber ihre Lieblingspl\u00e4tze in der Stadt, geben Tipps f\u00fcr die Kaffeepause oder eine gem\u00fctliche Feierabendoase in Jena. Wer auf der Suche nach Inspiration ist, wird hier sicher f\u00fcndig!<\/p>\n<p><em><strong>Kennen Sie die Kolleg:innen der Jena Tourist-Information bereits? Dann seien Sie dennoch gespannt, einige ihrer Geheimtipps kennen Sie ganz sicher noch nicht! Vielleicht aber haben Sie Fragen an die Kolleg:innen \u2013 dann gern her damit!<\/strong><\/em><\/p>\n","protected":false},"excerpt":{"rendered":"<p>Eine neue Blog-Serie entsteht Sie ist der zentrale Anlaufpunkt f\u00fcr Touristen, Ticketk\u00e4ufer:innen, G\u00e4ste und B\u00fcrger:innen unserer Stadt: die Jena Tourist-Information am Markt 16&hellip;<\/p>\n","protected":false},"author":22,"featured_media":3414,"comment_status":"open","ping_status":"closed","sticky":false,"template":"","format":"standard","meta":{"footnotes":""},"categories":[1,14],"tags":[257,73,655,656],"class_list":["post-3413","post","type-post","status-publish","format-standard","has-post-thumbnail","hentry","category-allgemein","category-jena-tourist-information","tag-jena-tourist-information","tag-mitarbeiter","tag-team","tag-ti"],"_links":{"self":[{"href":"https:\/\/blog.jena.de\/jenakultur\/wp-json\/wp\/v2\/posts\/3413","targetHints":{"allow":["GET"]}}],"collection":[{"href":"https:\/\/blog.jena.de\/jenakultur\/wp-json\/wp\/v2\/posts"}],"about":[{"href":"https:\/\/blog.jena.de\/jenakultur\/wp-json\/wp\/v2\/types\/post"}],"author":[{"embeddable":true,"href":"https:\/\/blog.jena.de\/jenakultur\/wp-json\/wp\/v2\/users\/22"}],"replies":[{"embeddable":true,"href":"https:\/\/blog.jena.de\/jenakultur\/wp-json\/wp\/v2\/comments?post=3413"}],"version-history":[{"count":5,"href":"https:\/\/blog.jena.de\/jenakultur\/wp-json\/wp\/v2\/posts\/3413\/revisions"}],"predecessor-version":[{"id":3425,"href":"https:\/\/blog.jena.de\/jenakultur\/wp-json\/wp\/v2\/posts\/3413\/revisions\/3425"}],"wp:featuredmedia":[{"embeddable":true,"href":"https:\/\/blog.jena.de\/jenakultur\/wp-json\/wp\/v2\/media\/3414"}],"wp:attachment":[{"href":"https:\/\/blog.jena.de\/jenakultur\/wp-json\/wp\/v2\/media?parent=3413"}],"wp:term":[{"taxonomy":"category","embeddable":true,"href":"https:\/\/blog.jena.de\/jenakultur\/wp-json\/wp\/v2\/categories?post=3413"},{"taxonomy":"post_tag","embeddable":true,"href":"https:\/\/blog.jena.de\/jenakultur\/wp-json\/wp\/v2\/tags?post=3413"}],"curies":[{"name":"wp","href":"https:\/\/api.w.org\/{rel}","templated":true}]}}