{"id":291,"date":"2019-02-15T08:08:23","date_gmt":"2019-02-15T07:08:23","guid":{"rendered":"https:\/\/blog.jena.de\/jenakultur\/?p=291"},"modified":"2019-02-14T11:04:42","modified_gmt":"2019-02-14T10:04:42","slug":"wir-sagen-danke-fuer-eine-tolle-chance","status":"publish","type":"post","link":"https:\/\/blog.jena.de\/jenakultur\/2019\/02\/15\/wir-sagen-danke-fuer-eine-tolle-chance\/","title":{"rendered":"Wir sagen DANKE f\u00fcr eine tolle Chance!"},"content":{"rendered":"\n<p><em>Heute haben unsere Auszubildenden das Sagen \u2013 und wir haben ihnen den w\u00f6chentlichen Blogbeitrag \u00fcberlassen. Lesen Sie selbst, was Anna Fuhlbr\u00fcgge und Cassandra Rische daraus gemacht haben:<\/em><\/p>\n\n\n\n<p>Auch f\u00fcr uns ist das l\u00e4ngst kein Geheimnis mehr. Die heutige Arbeitswelt entwickelt sich zunehmend auf internationalerer Ebene: Unternehmen agieren \u00fcber die L\u00e4ndergrenzen hinaus und stellen sich mit ihren Produkten und Dienstleistungen global auf. Eine internationale Kompetenz, Sprachkenntnisse und Flexibilit\u00e4t sind oft gefragte F\u00e4higkeiten von Arbeitgebern. Ein Auslandspraktikum eignet sich daher perfekt als Vorbereitung auf derartige Herausforderungen! Wir sind besonders froh, dass JenaKultur allen Auszubildenden ein Auslandspraktikum anbietet und haben die Gelegenheit direkt am Schopfe gepackt! Verschiedene F\u00f6rderprogramme helfen vor allem bei der Finanzierung eines solchen Praktikums, und so wurde es uns erm\u00f6glicht, Erfahrungen zu sammeln, uns weiterzuentwickeln und optimal f\u00fcr die Arbeitswelt zu r\u00fcsten. Im heutigen Blogbeitrag m\u00f6chten wir gerne von unseren Eindr\u00fccken im Ausland berichten:<\/p>\n\n\n\n<h2 class=\"wp-block-heading\"><strong>Auslandspraktikum\nBristol (Gro\u00dfbritannien) | Cassandra Rische, Auszubildende Kauffrau f\u00fcr\nTourismus und Freizeit im 3. Lehrjahr<\/strong><\/h2>\n\n\n\n<p>Mein Auslandspraktikum habe ich mit der finanziellen Unterst\u00fctzung von Azubi-Mobil 6 Wochen lang in Bristol verbracht. Die Organisation tr\u00e4gt verschiedene Kosten, beispielsweise f\u00fcr Unterkunft und Versicherungen, was es mir \u00fcberhaupt erst m\u00f6glich gemacht hat, ins Ausland zu gehen. Dort habe ich in der Tourist-Information gearbeitet. Die Arbeit hat mir viel Spa\u00df gemacht. Ich hatte ein superliebes Team mit mehreren internationalen Praktikanten, und obwohl mein Englisch bereits gut war, hat mich der t\u00e4gliche Umgang mit den Kunden sprachlich weit vorangebracht. Auch pers\u00f6nlich habe ich viel mitnehmen k\u00f6nnen. Ich habe gelernt, meinen eigenen F\u00e4higkeiten mehr zu vertrauen, und mein Selbstbewusstsein wurde gest\u00e4rkt. Bristol als Studentenstadt ist jung und bunt. Es gibt eine Menge zu erleben, und st\u00e4ndig ist was los. Mir hat der komplette Aufenthalt sehr gut gefallen, und ich w\u00fcrde es jederzeit wiederholen.<\/p>\n\n\n\n<figure class=\"wp-block-image\"><img loading=\"lazy\" decoding=\"async\" width=\"1200\" height=\"900\" src=\"https:\/\/blog.jena.de\/jenakultur\/wp-content\/uploads\/sites\/25\/2019\/02\/07-Bristol-VieleEindr\u00fccke-CRische.jpg\" alt=\"Viele bunte Eindr\u00fccke in bristol\" class=\"wp-image-296\" \/><figcaption>Viele Eindr\u00fccke \u00a9C. Rische<\/figcaption><\/figure>\n\n\n\n<h2 class=\"wp-block-heading\"><strong>Auslandspraktikum\nAlicante (Spanien) | Anna Fuhlbr\u00fcgge, Auszubildende Veranstaltungskauffrau im\n3. Lehrjahr<\/strong><\/h2>\n\n\n\n<p>Dass ein Ausbildungsbetrieb die M\u00f6glichkeit bietet, f\u00fcr ein mehrw\u00f6chiges Auslandspraktikum freigestellt zu werden, ist nicht selbstverst\u00e4ndlich \u2013 JenaKultur tut es! Ich durfte 4 Wochen an der spanischen K\u00fcste verweilen und dort, im Rahmen meines Praktikums, Teil eines Treffpunkts f\u00fcr Kultur und Austausch werden. In der \u201eFreaks Arts Bar &amp; Gallery\u201c fanden tolle Kunstausstellungen, internationale Abende, Workshops und Kabarettshows statt, an deren Vorbereitung und Durchf\u00fchrung ich t\u00e4glich mitwirken durfte. Auch neben der beruflichen Erfahrung ist Alicante ein echter Geheimtipp, da dort f\u00fcr mich einfach alles zusammenkommt: Sonne, wundersch\u00f6ne Str\u00e4nde, viele Sportangebote, charmante Caf\u00e9s, kribbelbunte Stadtteile und eine aufregende Kultur, die unbedingt erkundet werden m\u00f6chte. Wer neugierig und offen f\u00fcr Neues ist, seine Fremdsprachenkenntnisse verbessern m\u00f6chte und gut mit der Ferne klarkommt, wird es lieben. \u00dcbrigens ist es auch mal interessant, auf sich allein gestellt zu sein und nicht die gewohnten Bezugspersonen um sich zu haben!<\/p>\n\n\n\n<figure class=\"wp-block-image\"><img loading=\"lazy\" decoding=\"async\" width=\"1200\" height=\"900\" src=\"https:\/\/blog.jena.de\/jenakultur\/wp-content\/uploads\/sites\/25\/2019\/02\/07-Alicante-VieleEindr\u00fccke-AFuhlbr\u00fcgge.jpg\" alt=\"Viele Eindr\u00fccke in Alicante\" class=\"wp-image-299\" \/><figcaption>Viele Eindr\u00fccke \u00a9A. Fuhlbr\u00fcgge<\/figcaption><\/figure>\n","protected":false},"excerpt":{"rendered":"<p>Heute haben unsere Auszubildenden das Sagen \u2013 und wir haben ihnen den w\u00f6chentlichen Blogbeitrag \u00fcberlassen. Lesen Sie selbst, was Anna Fuhlbr\u00fcgge und Cassandra&hellip;<\/p>\n","protected":false},"author":22,"featured_media":292,"comment_status":"open","ping_status":"closed","sticky":false,"template":"","format":"standard","meta":{"footnotes":""},"categories":[1,9,25],"tags":[47,46,51],"class_list":["post-291","post","type-post","status-publish","format-standard","has-post-thumbnail","hentry","category-allgemein","category-jenakultur","category-tourismus","tag-ausbildung","tag-azubis","tag-job"],"_links":{"self":[{"href":"https:\/\/blog.jena.de\/jenakultur\/wp-json\/wp\/v2\/posts\/291","targetHints":{"allow":["GET"]}}],"collection":[{"href":"https:\/\/blog.jena.de\/jenakultur\/wp-json\/wp\/v2\/posts"}],"about":[{"href":"https:\/\/blog.jena.de\/jenakultur\/wp-json\/wp\/v2\/types\/post"}],"author":[{"embeddable":true,"href":"https:\/\/blog.jena.de\/jenakultur\/wp-json\/wp\/v2\/users\/22"}],"replies":[{"embeddable":true,"href":"https:\/\/blog.jena.de\/jenakultur\/wp-json\/wp\/v2\/comments?post=291"}],"version-history":[{"count":8,"href":"https:\/\/blog.jena.de\/jenakultur\/wp-json\/wp\/v2\/posts\/291\/revisions"}],"predecessor-version":[{"id":313,"href":"https:\/\/blog.jena.de\/jenakultur\/wp-json\/wp\/v2\/posts\/291\/revisions\/313"}],"wp:featuredmedia":[{"embeddable":true,"href":"https:\/\/blog.jena.de\/jenakultur\/wp-json\/wp\/v2\/media\/292"}],"wp:attachment":[{"href":"https:\/\/blog.jena.de\/jenakultur\/wp-json\/wp\/v2\/media?parent=291"}],"wp:term":[{"taxonomy":"category","embeddable":true,"href":"https:\/\/blog.jena.de\/jenakultur\/wp-json\/wp\/v2\/categories?post=291"},{"taxonomy":"post_tag","embeddable":true,"href":"https:\/\/blog.jena.de\/jenakultur\/wp-json\/wp\/v2\/tags?post=291"}],"curies":[{"name":"wp","href":"https:\/\/api.w.org\/{rel}","templated":true}]}}