{"id":2809,"date":"2020-09-04T07:20:00","date_gmt":"2020-09-04T05:20:00","guid":{"rendered":"https:\/\/blog.jena.de\/jenakultur\/?p=2809"},"modified":"2020-09-08T08:37:01","modified_gmt":"2020-09-08T06:37:01","slug":"jonas-zipf-neuer-praesident-des-kulturrats-thueringen","status":"publish","type":"post","link":"https:\/\/blog.jena.de\/jenakultur\/2020\/09\/04\/jonas-zipf-neuer-praesident-des-kulturrats-thueringen\/","title":{"rendered":"Jonas Zipf \u2013 Neuer Pr\u00e4sident des Kulturrats Th\u00fcringen"},"content":{"rendered":"\n<p style=\"text-align: justify\">Der <a href=\"https:\/\/www.kulturrat-thueringen.de\/de\/\" target=\"_blank\" rel=\"noopener noreferrer\">Kulturrat Th\u00fcringen<\/a>, gegr\u00fcndet 2011, ist der Dachverband von nunmehr sechzehn Th\u00fcringer kulturellen Spartenverb\u00e4nden, darunter der BDK e. V. \u2013 Fachverband f\u00fcr Kunstp\u00e4dagogik (LV Th\u00fcringen), Deutscher Bibliotheksverband (LV Th\u00fcringen) e. V., Deutscher B\u00fchnenverein (LV Th\u00fcringen), IG Th\u00fcringer Kulturamtsleiterkonferenz, Heimatbund Th\u00fcringen e. V., LAG Jugendkunstschulen Th\u00fcringen e. V., LAG Soziokultur Th\u00fcringen e. V., LAG Spiel und Theater in Th\u00fcringen e. V., Landesvereinigung Kulturelle Jugendbildung Th\u00fcringen e. V., Museumsverband Th\u00fcringen e. V., Landesmusikrat Th\u00fcringen e. V., Th\u00fcringer Literaturrat e. V., Th\u00fcringer Theaterverband e. V., Verband Bildender K\u00fcnstler Th\u00fcringen e. V., Verband deutscher Archivarinnen und Archivare (LV Th\u00fcringen) und nun auch IG Th\u00fcringer Kulturamtsleiterkonferenz.<\/p>\n<p style=\"text-align: justify\">&#8222;Er verschafft der Kultur und den K\u00fcnsten im Freistaat Th\u00fcringen eine angemessene \u00f6ffentliche Geltung, f\u00f6rdert ihre Entwicklung und setzt sich aktiv f\u00fcr den Erhalt und die zukunftsf\u00e4hige Gestaltung der vielf\u00e4ltigen Kulturlandschaft des Freistaats ein&#8220;, so steht es auf der Webseite dieser wichtigen und vor allem gro\u00dfen Interessenvertretung, die zugleich ein fester Ansprechpartner der Th\u00fcringer Landesregierung ist.<\/p>\n<p style=\"text-align: justify\">Gerade in diesen Zeiten brauchen Kunst und Kultur eine starke Lobby, das hat die F\u00fchrungsmannschaft von <a href=\"https:\/\/www.jenakultur.de\/de\/startseite\/605322\" target=\"_blank\" rel=\"noopener noreferrer\">JenaKultur<\/a> in den letzten Wochen immer wieder stark betont. Deshalb freuen wir uns, dass unser Werkleiter Jonas Zipf, zugleich Mitglied in der IG Th\u00fcringer Kulturamtsleiterkonferenz und diese vertretend, am Mittwoch f\u00fcr eine dreij\u00e4hrige Amtszeit zum neuen Pr\u00e4sidenten des Kulturrats Th\u00fcringen gew\u00e4hlt wurde.<\/p>\n<p style=\"text-align: justify\">Die Wahlversammlung des Kulturrats Th\u00fcringen findet alle drei Jahre im Rahmen der Mitgliederversammlung statt. In diesem Jahr trafen nach dem Lockdown erstmals wieder pers\u00f6nlich alle Delegierten unter Einhaltung des vorgegebenen Infektionsschutzkonzepts im <a href=\"https:\/\/www.monami-weimar.de\/\" target=\"_blank\" rel=\"noopener noreferrer\">Jugend- und Kulturzentrum mon ami Weimar<\/a> zusammen.<\/p>\n<p style=\"text-align: justify\">Als Vizepr\u00e4sident*innen wurden Petra Rottschalk (LAG Soziokultur Th\u00fcringen) und Dr. Gideon Haut (Museumsverband Th\u00fcringen) gew\u00e4hlt.<\/p>\n\n\n\n<div class=\"wp-block-image is-style-default\"><figure class=\"aligncenter size-large is-resized\"><img loading=\"lazy\" decoding=\"async\" src=\"https:\/\/blog.jena.de\/jenakultur\/wp-content\/uploads\/sites\/25\/2020\/09\/jenakultur-jonas-zipf-neuer-praesident-des-kulturrats-thueringen-abschied-proflange-drunbehaun-2020.jpeg\" alt=\"\" class=\"wp-image-2811\" width=\"580\" height=\"462\" srcset=\"https:\/\/blog.jena.de\/jenakultur\/wp-content\/uploads\/sites\/25\/2020\/09\/jenakultur-jonas-zipf-neuer-praesident-des-kulturrats-thueringen-abschied-proflange-drunbehaun-2020.jpeg 603w, https:\/\/blog.jena.de\/jenakultur\/wp-content\/uploads\/sites\/25\/2020\/09\/jenakultur-jonas-zipf-neuer-praesident-des-kulturrats-thueringen-abschied-proflange-drunbehaun-2020-500x399.jpeg 500w\" sizes=\"auto, (max-width: 580px) 100vw, 580px\" \/><figcaption>Dank und Verabschiedung aus dem Pr\u00e4sidium des Kulturrats Th\u00fcringen: J\u00f6rg Dietrich, Prof. Dr. Eckart Lange, Dr. Lutz Unbehaun (v.l.n.r.) \u00a9 Kulturrat Th\u00fcringen<\/figcaption><\/figure><\/div>\n\n\n\n<p style=\"text-align: justify\">Gleichzeitig wurden im Rahmen dieser Veranstaltung die langj\u00e4hrigen Pr\u00e4sidiumsmitglieder Prof. Dr. Eckart Lange (Landesmusikrat Th\u00fcringen) und Dr. Lutz Unbehaun (Museumsverband Th\u00fcringen), die nicht mehr zur Wahl antraten, aus ihrem Amt verabschiedet.<\/p>\n<p style=\"text-align: justify\">Im Kulturrat Th\u00fcringen sprechen alle Kultursparten mit einer Stimme. Er sorgt f\u00fcr die Umsetzung und kritisch-konstruktive Begleitung aller Empfehlungen des Kulturkonzepts und des Kulturtourismuskonzepts des Freistaats Th\u00fcringen.<\/p>\n<p style=\"text-align: justify\">Jonas Zipf machte deutlich, dass er die laufende und auch immer wieder beginnende Arbeit der kreativen und kritischen Begleitung der Kulturf\u00f6rderung im Freistaat f\u00fcr alle Kultursparten in guter Kooperation mit allen Mitgliedern des Kulturrats Th\u00fcringen und in enger Zusammenarbeit mit den wieder- und neugew\u00e4hlten Mitgliedern des Pr\u00e4sidiums fortf\u00fchren wird. \u201e<i>Die Wahl zum neuen Pr\u00e4sidenten des Kulturrats bedeutet eine gro\u00dfe Ehre f\u00fcr mich. Gemeinsam mit dem neuen Pr\u00e4sidium bestehend aus Petra Rottschalk und Gideo Haut freue ich mich auf unsere Aufgabe, die Interessen der Mitgliedsverb\u00e4nde zu moderieren und im Sinne des Mottos des Kulturrats gegen\u00fcber der Landespolitik zu vertreten: Denn Th\u00fcringen braucht &#8222;eine starke Stimme f\u00fcr Kultur&#8220;, <\/i>so der frisch gebackene Pr\u00e4sident.<\/p>\n<p style=\"text-align: justify\"><em>Wir w\u00fcnschen im Sinne aller Kulturschaffenden im Freistaat von Herzen viel Erfolg.<\/em><\/p>\n","protected":false},"excerpt":{"rendered":"<p>Der Kulturrat Th\u00fcringen hat einen neuen Pr\u00e4sidenten &#8211; Jonas Zipf.<\/p>\n","protected":false},"author":22,"featured_media":2813,"comment_status":"open","ping_status":"closed","sticky":false,"template":"","format":"standard","meta":{"footnotes":""},"categories":[1,9,10],"tags":[588,348,586,587],"class_list":["post-2809","post","type-post","status-publish","format-standard","has-post-thumbnail","hentry","category-allgemein","category-jenakultur","category-kulturpolitik","tag-interessenvertretung","tag-kultur-in-jena","tag-kultur-in-thueringen","tag-kulturrat"],"_links":{"self":[{"href":"https:\/\/blog.jena.de\/jenakultur\/wp-json\/wp\/v2\/posts\/2809","targetHints":{"allow":["GET"]}}],"collection":[{"href":"https:\/\/blog.jena.de\/jenakultur\/wp-json\/wp\/v2\/posts"}],"about":[{"href":"https:\/\/blog.jena.de\/jenakultur\/wp-json\/wp\/v2\/types\/post"}],"author":[{"embeddable":true,"href":"https:\/\/blog.jena.de\/jenakultur\/wp-json\/wp\/v2\/users\/22"}],"replies":[{"embeddable":true,"href":"https:\/\/blog.jena.de\/jenakultur\/wp-json\/wp\/v2\/comments?post=2809"}],"version-history":[{"count":15,"href":"https:\/\/blog.jena.de\/jenakultur\/wp-json\/wp\/v2\/posts\/2809\/revisions"}],"predecessor-version":[{"id":2845,"href":"https:\/\/blog.jena.de\/jenakultur\/wp-json\/wp\/v2\/posts\/2809\/revisions\/2845"}],"wp:featuredmedia":[{"embeddable":true,"href":"https:\/\/blog.jena.de\/jenakultur\/wp-json\/wp\/v2\/media\/2813"}],"wp:attachment":[{"href":"https:\/\/blog.jena.de\/jenakultur\/wp-json\/wp\/v2\/media?parent=2809"}],"wp:term":[{"taxonomy":"category","embeddable":true,"href":"https:\/\/blog.jena.de\/jenakultur\/wp-json\/wp\/v2\/categories?post=2809"},{"taxonomy":"post_tag","embeddable":true,"href":"https:\/\/blog.jena.de\/jenakultur\/wp-json\/wp\/v2\/tags?post=2809"}],"curies":[{"name":"wp","href":"https:\/\/api.w.org\/{rel}","templated":true}]}}