{"id":2196,"date":"2020-05-15T07:30:00","date_gmt":"2020-05-15T05:30:00","guid":{"rendered":"https:\/\/blog.jena.de\/jenakultur\/?p=2196"},"modified":"2020-05-14T10:50:54","modified_gmt":"2020-05-14T08:50:54","slug":"50-jahre-philharmonischer-chor-jena","status":"publish","type":"post","link":"https:\/\/blog.jena.de\/jenakultur\/2020\/05\/15\/50-jahre-philharmonischer-chor-jena\/","title":{"rendered":"50 Jahre Philharmonischer Chor Jena"},"content":{"rendered":"\n<h3 class=\"wp-block-heading\">1970 \u2013 2020<\/h3>\n\n\n\n<p>Es sollte eine gro\u00dfe Feier werden und dann kam Corona. So, wie private Geburtstage im Moment eher kleine und stille Events sind, bekommen auch gro\u00dfe und wichtige Ereignisse ihren ganz eigenen Charakter. Der <a href=\"https:\/\/www.jenaer-philharmonie.de\/philharmonischer-chor.html\" target=\"_blank\" rel=\"noreferrer noopener\">Philharmonische Chor<\/a> wird 50 Jahre alt. Ein Chor, der all die gro\u00dfen chorsinfonischen Werke der Musikgeschichte vom Messias \u00fcber das Paulus-Oratorium bis zum Verdi-Requiem in Jena auf die B\u00fchne bringt, stets unter gro\u00dfem Publikumsandrang.<\/p>\n\n\n\n<p>Am kommenden Sonntag (17.05.) sollte das gro\u00dfe Jubil\u00e4umskonzert stattfinden. Das geht nun nat\u00fcrlich leider nicht, aber trotzdem oder gerade deshalb sollten wir einen kurzen Blick zur\u00fcckwerfen in die Geschichte des Chores.<\/p>\n\n\n\n<figure class=\"wp-block-image size-large\"><img loading=\"lazy\" decoding=\"async\" width=\"1000\" height=\"860\" src=\"https:\/\/blog.jena.de\/jenakultur\/wp-content\/uploads\/sites\/25\/2020\/05\/jenakultur-50-jahre-philharmonischer-chor-jena-1970-2020-zeitungsartikel-1970-1000x860.jpg\" alt=\"Zeitungsartikel 1970\" class=\"wp-image-2198\" srcset=\"https:\/\/blog.jena.de\/jenakultur\/wp-content\/uploads\/sites\/25\/2020\/05\/jenakultur-50-jahre-philharmonischer-chor-jena-1970-2020-zeitungsartikel-1970-1000x860.jpg 1000w, https:\/\/blog.jena.de\/jenakultur\/wp-content\/uploads\/sites\/25\/2020\/05\/jenakultur-50-jahre-philharmonischer-chor-jena-1970-2020-zeitungsartikel-1970-500x430.jpg 500w, https:\/\/blog.jena.de\/jenakultur\/wp-content\/uploads\/sites\/25\/2020\/05\/jenakultur-50-jahre-philharmonischer-chor-jena-1970-2020-zeitungsartikel-1970-768x660.jpg 768w, https:\/\/blog.jena.de\/jenakultur\/wp-content\/uploads\/sites\/25\/2020\/05\/jenakultur-50-jahre-philharmonischer-chor-jena-1970-2020-zeitungsartikel-1970-1536x1321.jpg 1536w, https:\/\/blog.jena.de\/jenakultur\/wp-content\/uploads\/sites\/25\/2020\/05\/jenakultur-50-jahre-philharmonischer-chor-jena-1970-2020-zeitungsartikel-1970-802x690.jpg 802w, https:\/\/blog.jena.de\/jenakultur\/wp-content\/uploads\/sites\/25\/2020\/05\/jenakultur-50-jahre-philharmonischer-chor-jena-1970-2020-zeitungsartikel-1970-1320x1135.jpg 1320w, https:\/\/blog.jena.de\/jenakultur\/wp-content\/uploads\/sites\/25\/2020\/05\/jenakultur-50-jahre-philharmonischer-chor-jena-1970-2020-zeitungsartikel-1970.jpg 1920w\" sizes=\"auto, (max-width: 1000px) 100vw, 1000px\" \/><figcaption>\u00a9Archiv<\/figcaption><\/figure>\n\n\n\n<p>Am 24.02.1970 erscheint in der Th\u00fcringer Landeszeitung der Aufruf zur Gr\u00fcndung eines neuen Chores. Die Initiative dazu geht aus vom Chefdirigenten G\u00fcnter Blumhagen, der das Jenaer Orchester seit 1967 leitet. Blumhagen ist von einer gro\u00dfen Begeisterung f\u00fcr Chorgesang getragen. Nachdem er in Jena bereits 1968 den Madrigalkreis ins Leben gerufen hatte, zielt die Gr\u00fcndung des Philharmonischen Chores nun auf eine nachhaltige St\u00e4rkung der musikalischen Kultur der Stadt. Die <a href=\"https:\/\/www.jenaer-philharmonie.de\/willkommen.html\" target=\"_blank\" rel=\"noreferrer noopener\">Jenaer Philharmonie<\/a> soll in ihren Konzerten aus eigener Kraft die gro\u00dfen Werke der Chorsinfonik zur Auff\u00fchrung bringen k\u00f6nnen.<\/p>\n\n\n\n<div class=\"wp-block-image\"><figure class=\"aligncenter size-medium\"><img loading=\"lazy\" decoding=\"async\" width=\"399\" height=\"500\" src=\"https:\/\/blog.jena.de\/jenakultur\/wp-content\/uploads\/sites\/25\/2020\/05\/jenakultur-50-jahre-philharmonischer-chor-jena-1970-2020-zeitungsartikel2-1970-399x500.jpg\" alt=\"Zeitungsartikel 1970, Teil 2\" class=\"wp-image-2199\" srcset=\"https:\/\/blog.jena.de\/jenakultur\/wp-content\/uploads\/sites\/25\/2020\/05\/jenakultur-50-jahre-philharmonischer-chor-jena-1970-2020-zeitungsartikel2-1970-399x500.jpg 399w, https:\/\/blog.jena.de\/jenakultur\/wp-content\/uploads\/sites\/25\/2020\/05\/jenakultur-50-jahre-philharmonischer-chor-jena-1970-2020-zeitungsartikel2-1970-798x1000.jpg 798w, https:\/\/blog.jena.de\/jenakultur\/wp-content\/uploads\/sites\/25\/2020\/05\/jenakultur-50-jahre-philharmonischer-chor-jena-1970-2020-zeitungsartikel2-1970-768x962.jpg 768w, https:\/\/blog.jena.de\/jenakultur\/wp-content\/uploads\/sites\/25\/2020\/05\/jenakultur-50-jahre-philharmonischer-chor-jena-1970-2020-zeitungsartikel2-1970-1226x1536.jpg 1226w, https:\/\/blog.jena.de\/jenakultur\/wp-content\/uploads\/sites\/25\/2020\/05\/jenakultur-50-jahre-philharmonischer-chor-jena-1970-2020-zeitungsartikel2-1970-551x690.jpg 551w, https:\/\/blog.jena.de\/jenakultur\/wp-content\/uploads\/sites\/25\/2020\/05\/jenakultur-50-jahre-philharmonischer-chor-jena-1970-2020-zeitungsartikel2-1970.jpg 1265w\" sizes=\"auto, (max-width: 399px) 100vw, 399px\" \/><figcaption>Zeitungsartikel 1970, \u00a9Archiv<\/figcaption><\/figure><\/div>\n\n\n\n<p>Die erste Probe im Mai 1970 \u2013 die Einladung an alle Interessenten erfolgte per Post \u2013 fand dabei im heutigen Normannenhaus statt, dem Ort, an den der Chor Anfang 2020 wieder zum Proben zur\u00fcckkehrte. Das erste Werk auf dem Programm ist gleichzeitig auch eines der meistgesungenen des Chores, Carl Orffs \u201eCarmina Burana\u201c. Das erste Konzert im April 1971 ein riesen Erfolg. Die Rezension der Zeitung k\u00f6nnte auch eine aktuelle sein:<\/p>\n\n\n\n<blockquote class=\"wp-block-quote is-layout-flow wp-block-quote-is-layout-flow\"><p><em><strong>Ein Gewinn f\u00fcr das Jenaer Konzertleben<\/strong><\/em><\/p><p><em>Das 8. Philharmonische Konzert (Reihe A) gestaltete sich zu einem H\u00f6hepunkt der Saison durch das erste Auftreten des vor einem Jahr von Musikdirektor Blumhagen gegr\u00fcndeten Philharmonischen Chores. Dieser gegenw\u00e4rtig etwa 80 S\u00e4ngerinnen und S\u00e4nger umfassende, neue Klangk\u00f6rper stellt eine Bereicherung des Jenaer Konzertlebens dar, ohne dass dadurch die anderen Ch\u00f6re der Stadt in irgendeiner Weise benachteiligt worden w\u00e4ren. (\u2026)<\/em><\/p><cite>Dr. H. Rothe, TLZ, April 1971<\/cite><\/blockquote>\n\n\n\n<p>Das Wagnis Chorgr\u00fcndung gelang nicht nur, sondern wurde zu einem gro\u00dfen Erfolg. Der Chor wuchs und z\u00e4hlt auch heute noch weit mehr als 100 Mitglieder, die regelm\u00e4\u00dfig Dienstag zu den Chorproben kommen \u2013 einem Termin, der sich in 50 Jahren nicht ge\u00e4ndert hat.<\/p>\n\n\n\n<p>Als GMD G\u00fcnter Blumenhagen 1982 den Chor abgeben muss, entsteht eine unsichere Zeit. Die heutige Struktur, einen Generalmusikdirektor f\u00fcr das Orchester und eine Chordirektorin f\u00fcr den Chor zu haben, gibt es nicht, der GMD \u00fcbernahm die Chorproben ehrenamtlich \u201enebenbei\u201c. Dieser Mangel in der Struktur wird nun offenbar, da eine Wiederbesetzung schwierig ist. Nach Jahren des mehrmaligen Chorleiterwechsels wird die Stelle als Chordirektor 1986 ausgeschrieben und an J\u00fcrgen Puschbeck vergeben (heute Professor f\u00fcr Chorleitung an der Hochschule f\u00fcr Musik Franz Liszt Weimar).<\/p>\n\n\n\n<p>Unter ihm erlebte der Chor einen neuen Aufschwung, \u00fcbersteht auch die Wendezeit. Eine schwierige Zeit, da der Chor vom Orchester losgel\u00f6st und sich an \u201ewestdeutschen\u201c Modellen orientieren sollte, also Gr\u00fcndung als gemeinn\u00fctziger Verein und bei Bedarf Einkauf des Orchesters. Nat\u00fcrlich eine v\u00f6llige Unm\u00f6glichkeit und so k\u00e4mpfte man erfolgreich f\u00fcr den Erhalt der Struktur als feste Eingliederung in die Jenaer Philharmonie. In den 90er Jahren werden auch die ersten gro\u00dfen Chorreisen m\u00f6glich. Sind es zun\u00e4chst M\u00fcnchen und Stuttgart, f\u00fchrt es den Chor anschlie\u00dfend nach Toulouse, Glasglow, Paris und Athen.<\/p>\n\n\n\n<h3 class=\"wp-block-heading\">Ein Juwel f\u00fcr Jena<\/h3>\n\n\n\n<p>Im Jahr 1997 wird J\u00fcrgen Puschbeck zum Professor f\u00fcr Chordirigieren an die Hochschule f\u00fcr Musik Franz Liszt Weimar berufen und muss den Chor 1998 abgeben. Nach einer erneuten schwierigen \u00dcbergangszeit \u00fcbernimmt <a href=\"https:\/\/www.jenaer-philharmonie.de\/chordirektorin.html\" target=\"_blank\" rel=\"noreferrer noopener\">Berit Walther<\/a>, die bisherige Assistentin Puschbecks, 2000 zun\u00e4chst als k\u00fcnstlerische Leiterin und 2001 auch als Chordirektorin die Stelle.<\/p>\n\n\n\n<div class=\"wp-block-image is-style-default\"><figure class=\"aligncenter size-medium\"><img loading=\"lazy\" decoding=\"async\" width=\"333\" height=\"500\" src=\"https:\/\/blog.jena.de\/jenakultur\/wp-content\/uploads\/sites\/25\/2020\/05\/jenakultur-50-jahre-philharmonischer-chor-jena-1970-2020-berit-walther-333x500.jpg\" alt=\"Berit Walter, Chordirektorin der Jenaer Philharmonie\" class=\"wp-image-2202\" srcset=\"https:\/\/blog.jena.de\/jenakultur\/wp-content\/uploads\/sites\/25\/2020\/05\/jenakultur-50-jahre-philharmonischer-chor-jena-1970-2020-berit-walther-333x500.jpg 333w, https:\/\/blog.jena.de\/jenakultur\/wp-content\/uploads\/sites\/25\/2020\/05\/jenakultur-50-jahre-philharmonischer-chor-jena-1970-2020-berit-walther-460x690.jpg 460w, https:\/\/blog.jena.de\/jenakultur\/wp-content\/uploads\/sites\/25\/2020\/05\/jenakultur-50-jahre-philharmonischer-chor-jena-1970-2020-berit-walther.jpg 630w\" sizes=\"auto, (max-width: 333px) 100vw, 333px\" \/><figcaption>Berit Walther, Chordirektorin der Jenaer Philharmonie \u00a9Tina Pei\u00dfker<\/figcaption><\/figure><\/div>\n\n\n\n<p>Berit Walther leitet den Chor bis heute, feiert also gemeinsam mit dem Chor nicht nur dessen 50j\u00e4hriges, sondern auch ihr 20j\u00e4hriges Jubil\u00e4um als Chorleiterin. Sie leitet \u2013 wie auch ihre Vorg\u00e4nger vor ihr \u2013 neben dem Philharmonischen Chor auch den <a href=\"https:\/\/www.jenaer-philharmonie.de\/jenaer-madrigalkreis.html\" target=\"_blank\" rel=\"noreferrer noopener\">Madrigalkreis<\/a> und den <a href=\"https:\/\/www.jenaer-philharmonie.de\/knabenchor.html\" target=\"_blank\" rel=\"noreferrer noopener\">Knabenchor<\/a>, ebenfalls Bestandteile der Jenaer Philharmonie mit langer Tradition und nicht wegzudenken aus dem kulturellen Erleben der Stadt Jena. Vor zehn Jahren, anl\u00e4sslich des 40j\u00e4hrigen Jubil\u00e4ums des Philharmonischen Chores, hat der damalige GMD Nicholas Milton die Bedeutung und das Ansehen der Chorleiterin auf den Punkt gebracht. Im Zeitungsinterview auf Berit Walther und ihre Arbeit mit den Ch\u00f6ren der Philharmonie angesprochen, antwortete er einfach: \u201eEin Juwel f\u00fcr Jena\u201c.<\/p>\n\n\n\n<p>Die Erwartungen an chorsinfonisches Arbeiten hat sich im Laufe der Jahre gewandelt. Durch moderne Medien kann jederzeit nachvollzogen werden, welche Ch\u00f6re auf der Welt welches Programm bieten. Der Anspruch muss also sein, an Spanungsfeld zwischen Tradition und Innovation zu schaffen. Chors\u00e4ngerinnen und Chors\u00e4nger sowie Publikum m\u00f6chten bekannte gro\u00dfe Werke der Musikgeschichte h\u00f6ren, aber auch Neues geboten bekommen. Sie m\u00f6chten im Konzert gebildet und gleichzeitig unterhalten und in den Proben gefordert und motiviert werden. All das schafft Berit Walther mit gro\u00dfartiger Geduld und Professionalit\u00e4t. Auch der Spagat und das Teambuilding, Menschen im Alter von 21 bis 82 (zurzeit j\u00fcngstes und \u00e4ltestes Mitglied des Chores) miteinander zu vereinen, gelingt. Bis heute bleibt der Chor, der sich von Anfang an als soziales Gef\u00fcge versteht, neugierig darauf, Neues zu entdecken.<\/p>\n\n\n\n<p>Es bleibt also kein Zweifel, dass das Jubil\u00e4umskonzert \u2013 wann immer es auch stattfinden kann \u2013 ein gro\u00dfer Meilenstein werden wird.<\/p>\n\n\n\n<p><strong>Und heute wie damals gilt: Interessierte S\u00e4ngerinnen und S\u00e4nger sind jederzeit herzlich willkommen, sich dem Chor anzuschlie\u00dfen und mitzumachen. Auch wenn zurzeit keine Proben stattfinden k\u00f6nnen, so ist die Vorfreude doch hoch, sich wieder zu sehen und gemeinsam zu singen!<\/strong><\/p>\n\n\n","protected":false},"excerpt":{"rendered":"<p>1970 \u2013 2020 Es sollte eine gro\u00dfe Feier werden und dann kam Corona. So, wie private Geburtstage im Moment eher kleine und stille&hellip;<\/p>\n","protected":false},"author":22,"featured_media":2197,"comment_status":"open","ping_status":"closed","sticky":false,"template":"","format":"standard","meta":{"footnotes":""},"categories":[1,13],"tags":[518,158,60,156],"class_list":["post-2196","post","type-post","status-publish","format-standard","has-post-thumbnail","hentry","category-allgemein","category-jenaer-philharmonie","tag-50-jahre","tag-berit-walther","tag-jubilaeum","tag-philharmonischer-chor-jena"],"_links":{"self":[{"href":"https:\/\/blog.jena.de\/jenakultur\/wp-json\/wp\/v2\/posts\/2196","targetHints":{"allow":["GET"]}}],"collection":[{"href":"https:\/\/blog.jena.de\/jenakultur\/wp-json\/wp\/v2\/posts"}],"about":[{"href":"https:\/\/blog.jena.de\/jenakultur\/wp-json\/wp\/v2\/types\/post"}],"author":[{"embeddable":true,"href":"https:\/\/blog.jena.de\/jenakultur\/wp-json\/wp\/v2\/users\/22"}],"replies":[{"embeddable":true,"href":"https:\/\/blog.jena.de\/jenakultur\/wp-json\/wp\/v2\/comments?post=2196"}],"version-history":[{"count":9,"href":"https:\/\/blog.jena.de\/jenakultur\/wp-json\/wp\/v2\/posts\/2196\/revisions"}],"predecessor-version":[{"id":2209,"href":"https:\/\/blog.jena.de\/jenakultur\/wp-json\/wp\/v2\/posts\/2196\/revisions\/2209"}],"wp:featuredmedia":[{"embeddable":true,"href":"https:\/\/blog.jena.de\/jenakultur\/wp-json\/wp\/v2\/media\/2197"}],"wp:attachment":[{"href":"https:\/\/blog.jena.de\/jenakultur\/wp-json\/wp\/v2\/media?parent=2196"}],"wp:term":[{"taxonomy":"category","embeddable":true,"href":"https:\/\/blog.jena.de\/jenakultur\/wp-json\/wp\/v2\/categories?post=2196"},{"taxonomy":"post_tag","embeddable":true,"href":"https:\/\/blog.jena.de\/jenakultur\/wp-json\/wp\/v2\/tags?post=2196"}],"curies":[{"name":"wp","href":"https:\/\/api.w.org\/{rel}","templated":true}]}}