{"id":215,"date":"2019-01-28T10:39:04","date_gmt":"2019-01-28T09:39:04","guid":{"rendered":"https:\/\/blog.jena.de\/jenakultur\/?p=215"},"modified":"2019-01-29T09:21:37","modified_gmt":"2019-01-29T08:21:37","slug":"demokratie-staerken-ein-taetiges-jubilaeum","status":"publish","type":"post","link":"https:\/\/blog.jena.de\/jenakultur\/2019\/01\/28\/demokratie-staerken-ein-taetiges-jubilaeum\/","title":{"rendered":"Demokratie st\u00e4rken. Ein t\u00e4tiges Jubil\u00e4um"},"content":{"rendered":"\n<p>\u201eDas Schicksal einer\nlebendigen demokratischen Gesellschaftsordnung h\u00e4ngt davon ab, in welchem Ma\u00dfe\ndie Menschen daf\u00fcr Sorge tragen, dass das Gemeinwesen nicht besch\u00e4digt wird, in\nwelchem Ma\u00dfe sie bereit sind, politische Verantwortung f\u00fcr das Wohlergehen des\nGanzen zu \u00fcbernehmen und vor allem: Demokratie muss gelernt werden \u2013 diese\nErfahrung bleibt \u2013 immer wieder, tagt\u00e4glich und bis ins hohe Alter hinein.\u201c\nDieses leidenschaftliche Pl\u00e4doyer f\u00fcr Demokratie \u2013 Extrakt eines grandiosen\nEssays unter dem beziehungsreichen Titel \u201eGoethes Weimar und Himmlers\nBuchenwald\u201c \u2013 stammt von Oskar Negt. Der unterdessen hochbetagte\nSozialphilosoph, der sich sein Leben lang auch in die Tagespolitik einmischt,\nzeigt eindr\u00fccklich, warum der Horror von Buchenwald eben gerade doch in der\nN\u00e4he zum Klassikerhotspot Weimar entstehen konnte und dass wir Heutigen mit dem\nBlick auf bedenkliche aktuelle Entwicklungen sensibel und wachsam bleiben\nm\u00fcssen, weil Demokratie gef\u00e4hrdet ist, wenn sich keiner mehr f\u00fcr sie zu\nengagieren bereit ist. <\/p>\n\n\n\n<p>Der Essay ist als Leitartikel zur Jahreskonferenz der Dramaturgischen Gesellschaft entstanden. Sie tagt von Donnerstag, 31. Januar 2019, an in der &#8222;Doppelstadt&#8220; Weimar und Jena. 250 Theatermacher aus dem gesamten deutschsprachigen Raum beraten \u00fcber aktuelle Entwicklungen in Politik und Gesellschaft und treffen von dort her Schlussfolgerungen f\u00fcr ihre k\u00fcnstlerische Arbeit. \u201eEine Republik der Liebe. Doing Democracy\u201c \u2013 der beziehungsreiche Titel. <\/p>\n\n\n\n<p>Die Konferenz findet nicht von ungef\u00e4hr in Th\u00fcringen statt. Der Einladung von Hasko Weber, Intendant des Deutschen Nationaltheaters, und Jonas Zipf, Werkleiter von Jenakultur, konnten sich die Verantwortlichen nicht entziehen. Zu assoziativ ist der derart entstehende Bedeutungsrahmen: vor 100 Jahren wurden hier Weimarer Republik und Staatliches Bauhaus gegr\u00fcndet, bis heute vielzitierte Fortschrittssymbole. Die Auseinandersetzung auch mit den Gr\u00fcnden des Scheiterns der ersten demokratischen Republik auf deutschem Boden verspricht reichen Erkenntnisgewinn. Die Woche der Demokratie, die am 1. Februar beginnt, bem\u00fcht sich multimedial und diskursiv, mit unterschiedlichen Formaten \u2013 Konzerten, Diskussionen, Ausstellungen, Theaterauff\u00fchrungen \u2013 bis zum 10. Februar dazu anzuregen: \u201eWir wollen diese Republik nicht von ihrem Ende im Januar 1933 begreifen, wir wollen ihren demokratischen Gr\u00fcndungsgedanken aufgreifen, unsere Gegenwart kritisch betrachten und Pl\u00e4ne f\u00fcr eine lebenswerte Zukunft entwerfen,\u201c so die Veranstalter. Wenn zur Er\u00f6ffnung \u201eWilhelm Tell\u201c \u2013 Schillers gro\u00dfes Freiheitsdrama \u2013 Premiere hat, werden zahlreiche Kulturschaffende der Berliner Initiative <a href=\"https:\/\/www.dievielen.de\">\u201eDie Vielen\u201c<\/a> beitreten. Deren Pl\u00e4doyer gilt der Freiheit der Kunst, der Vielfalt und Buntheit unserer Gesellschaft. Und es appelliert an jeden von uns, sich immer wieder einzumischen. Wann und wo? \u201eDer Ort ist hier und die Zeit ist jetzt\u201c, so Oskar Negt. Dem ist nichts hinzuzuf\u00fcgen.<\/p>\n\n\n\n<p>Woche der Demokratie: <a href=\"http:\/\/www.nationaltheater-weimar.de\/de\/index\/woche-der-demokratie.php\">www.nationaltheater-weimar.de\/de\/index\/woche-der-demokratie.php<\/a><\/p>\n\n\n\n<p>Jahreskonferenz der Dramaturgischen Gesellschaft: <a href=\"http:\/\/konferenz-2019.dramaturgische-gesellschaft.de\/\">http:\/\/konferenz-2019.dramaturgische-gesellschaft.de\/<\/a><\/p>\n","protected":false},"excerpt":{"rendered":"<p>\u201eDas Schicksal einer lebendigen demokratischen Gesellschaftsordnung h\u00e4ngt davon ab, in welchem Ma\u00dfe die Menschen daf\u00fcr Sorge tragen, dass das Gemeinwesen nicht besch\u00e4digt wird,&hellip;<\/p>\n","protected":false},"author":22,"featured_media":216,"comment_status":"open","ping_status":"closed","sticky":false,"template":"","format":"standard","meta":{"footnotes":""},"categories":[1,9,10,30],"tags":[40,41,42],"class_list":["post-215","post","type-post","status-publish","format-standard","has-post-thumbnail","hentry","category-allgemein","category-jenakultur","category-kulturpolitik","category-sonderprojekte","tag-demokratie","tag-dramaturgische-gesellschaft","tag-weimar"],"_links":{"self":[{"href":"https:\/\/blog.jena.de\/jenakultur\/wp-json\/wp\/v2\/posts\/215","targetHints":{"allow":["GET"]}}],"collection":[{"href":"https:\/\/blog.jena.de\/jenakultur\/wp-json\/wp\/v2\/posts"}],"about":[{"href":"https:\/\/blog.jena.de\/jenakultur\/wp-json\/wp\/v2\/types\/post"}],"author":[{"embeddable":true,"href":"https:\/\/blog.jena.de\/jenakultur\/wp-json\/wp\/v2\/users\/22"}],"replies":[{"embeddable":true,"href":"https:\/\/blog.jena.de\/jenakultur\/wp-json\/wp\/v2\/comments?post=215"}],"version-history":[{"count":3,"href":"https:\/\/blog.jena.de\/jenakultur\/wp-json\/wp\/v2\/posts\/215\/revisions"}],"predecessor-version":[{"id":222,"href":"https:\/\/blog.jena.de\/jenakultur\/wp-json\/wp\/v2\/posts\/215\/revisions\/222"}],"wp:featuredmedia":[{"embeddable":true,"href":"https:\/\/blog.jena.de\/jenakultur\/wp-json\/wp\/v2\/media\/216"}],"wp:attachment":[{"href":"https:\/\/blog.jena.de\/jenakultur\/wp-json\/wp\/v2\/media?parent=215"}],"wp:term":[{"taxonomy":"category","embeddable":true,"href":"https:\/\/blog.jena.de\/jenakultur\/wp-json\/wp\/v2\/categories?post=215"},{"taxonomy":"post_tag","embeddable":true,"href":"https:\/\/blog.jena.de\/jenakultur\/wp-json\/wp\/v2\/tags?post=215"}],"curies":[{"name":"wp","href":"https:\/\/api.w.org\/{rel}","templated":true}]}}