{"id":19994,"date":"2026-09-04T07:16:00","date_gmt":"2026-09-04T05:16:00","guid":{"rendered":"https:\/\/blog.jena.de\/jenakultur\/?p=19994"},"modified":"2026-09-04T08:28:48","modified_gmt":"2026-09-04T06:28:48","slug":"vielfalt-und-wandel-der-alltags-und-amateurfotografie-in-jena","status":"publish","type":"post","link":"https:\/\/blog.jena.de\/jenakultur\/2026\/09\/04\/vielfalt-und-wandel-der-alltags-und-amateurfotografie-in-jena\/","title":{"rendered":"Vielfalt und Wandel der Alltags- und Amateurfotografie in Jena"},"content":{"rendered":"\n<p class=\"wp-block-paragraph\"><em>Fotografieren geh\u00f6rt l\u00e4ngst zum Alltag: Unser Essen, unsere Familien und unsere Reisen halten wir in Bildern fest. Wir nutzen Fotos als visuelle Notizen oder teilen in sozialen Netzwerken, was uns wichtig erscheint. F\u00fcr manche ist Fotografie aber weit mehr als eine beil\u00e4ufige Alltagspraxis. Sie ist ein Hobby, dem sie mit Leidenschaft nachgehen \u2013 allein oder gemeinsam mit anderen.<\/em><\/p>\n\n\n\n<p class=\"wp-block-paragraph\"><a href=\"https:\/\/www.stadtmuseum-jena.de\/de\/\/1041194\" data-type=\"link\" data-id=\"https:\/\/www.stadtmuseum-jena.de\/de\/\/1041194\" target=\"_blank\" rel=\"noopener\">\u201eAlle fotografieren? Alltags- und Amateurfotografie in Jena\u201c<\/a> hei\u00dft die neue Sonderausstellung im Stadtmuseum Jena. Wie der Titel verr\u00e4t, ist sie der Fotografie im Alltag und dem engagierten Schaffen der Jenaer Amateur:innen gewidmet. Sie erz\u00e4hlt von der Vielfalt und dem Wandel der Fotografie \u2013 in Motiven, Techniken, Materialien und fotografischen Praktiken. Sie spannt dabei einen Bogen von den Anf\u00e4ngen der Amateurfotografie \u00fcber die Fotozirkel der DDR bis hin zu heutigen Bildpraktiken in den sozialen Medien.<\/p>\n\n\n<div class=\"wp-block-image\">\n<figure class=\"aligncenter size-large is-resized\"><img loading=\"lazy\" decoding=\"async\" width=\"1000\" height=\"792\" src=\"https:\/\/blog.jena.de\/jenakultur\/wp-content\/uploads\/sites\/25\/2026\/08\/Abb_2_Cora_Kleesiek-1000x792.jpg\" alt=\"\" class=\"wp-image-20002\" style=\"aspect-ratio:1.262631358421089;width:618px;height:auto\" srcset=\"https:\/\/blog.jena.de\/jenakultur\/wp-content\/uploads\/sites\/25\/2026\/08\/Abb_2_Cora_Kleesiek-1000x792.jpg 1000w, https:\/\/blog.jena.de\/jenakultur\/wp-content\/uploads\/sites\/25\/2026\/08\/Abb_2_Cora_Kleesiek-500x396.jpg 500w, https:\/\/blog.jena.de\/jenakultur\/wp-content\/uploads\/sites\/25\/2026\/08\/Abb_2_Cora_Kleesiek-768x608.jpg 768w, https:\/\/blog.jena.de\/jenakultur\/wp-content\/uploads\/sites\/25\/2026\/08\/Abb_2_Cora_Kleesiek-872x690.jpg 872w, https:\/\/blog.jena.de\/jenakultur\/wp-content\/uploads\/sites\/25\/2026\/08\/Abb_2_Cora_Kleesiek.jpg 1200w\" sizes=\"auto, (max-width: 1000px) 100vw, 1000px\" \/><figcaption class=\"wp-element-caption\">Cora Kleesiek beim Fotografieren | \u00a9 Teresa Thieme<\/figcaption><\/figure>\n<\/div>\n\n\n<h2 class=\"wp-block-heading\">Jena im Fokus: Eine Stadt und ihre Bilder<\/h2>\n\n\n\n<p class=\"wp-block-paragraph\">Fotografie ver\u00e4ndert sich stetig \u2013 und mit ihr die Bilder, die von Jena entstehen. Manche Motive scheinen vertraut: die D\u00e4cher der Stadt, das Panorama vom Landgrafen oder die Aussicht von einem der vielen T\u00fcrme. Solche Ansichten pr\u00e4gen unsere Vorstellungen von der Stadt. Doch wer fotografiert, wirft immer auch einen eigenen Blick darauf. So erz\u00e4hlen die Bilder von Jena in dieser Ausstellung davon, wie wir uns in der Stadt bewegen, sie wahrnehmen und anderen zeigen m\u00f6chten.<\/p>\n\n\n<div class=\"wp-block-image\">\n<figure class=\"aligncenter size-large is-resized\"><img loading=\"lazy\" decoding=\"async\" width=\"1000\" height=\"685\" src=\"https:\/\/blog.jena.de\/jenakultur\/wp-content\/uploads\/sites\/25\/2026\/08\/Abb_3_JenTower-1000x685.jpg\" alt=\"\" class=\"wp-image-20003\" style=\"aspect-ratio:1.4598668693327743;width:610px;height:auto\" srcset=\"https:\/\/blog.jena.de\/jenakultur\/wp-content\/uploads\/sites\/25\/2026\/08\/Abb_3_JenTower-1000x685.jpg 1000w, https:\/\/blog.jena.de\/jenakultur\/wp-content\/uploads\/sites\/25\/2026\/08\/Abb_3_JenTower-500x343.jpg 500w, https:\/\/blog.jena.de\/jenakultur\/wp-content\/uploads\/sites\/25\/2026\/08\/Abb_3_JenTower-768x526.jpg 768w, https:\/\/blog.jena.de\/jenakultur\/wp-content\/uploads\/sites\/25\/2026\/08\/Abb_3_JenTower-1007x690.jpg 1007w, https:\/\/blog.jena.de\/jenakultur\/wp-content\/uploads\/sites\/25\/2026\/08\/Abb_3_JenTower.jpg 1200w\" sizes=\"auto, (max-width: 1000px) 100vw, 1000px\" \/><figcaption class=\"wp-element-caption\">JenTower | \u00a9 Andreas Mund<\/figcaption><\/figure>\n<\/div>\n\n<div class=\"wp-block-image\">\n<figure class=\"aligncenter size-large is-resized\"><img loading=\"lazy\" decoding=\"async\" width=\"1000\" height=\"665\" src=\"https:\/\/blog.jena.de\/jenakultur\/wp-content\/uploads\/sites\/25\/2026\/08\/Abb_4_Kassablanca-1000x665.jpg\" alt=\"\" class=\"wp-image-20004\" style=\"aspect-ratio:1.5037457922984532;width:613px;height:auto\" srcset=\"https:\/\/blog.jena.de\/jenakultur\/wp-content\/uploads\/sites\/25\/2026\/08\/Abb_4_Kassablanca-1000x665.jpg 1000w, https:\/\/blog.jena.de\/jenakultur\/wp-content\/uploads\/sites\/25\/2026\/08\/Abb_4_Kassablanca-500x333.jpg 500w, https:\/\/blog.jena.de\/jenakultur\/wp-content\/uploads\/sites\/25\/2026\/08\/Abb_4_Kassablanca-768x511.jpg 768w, https:\/\/blog.jena.de\/jenakultur\/wp-content\/uploads\/sites\/25\/2026\/08\/Abb_4_Kassablanca-1038x690.jpg 1038w, https:\/\/blog.jena.de\/jenakultur\/wp-content\/uploads\/sites\/25\/2026\/08\/Abb_4_Kassablanca.jpg 1200w\" sizes=\"auto, (max-width: 1000px) 100vw, 1000px\" \/><figcaption class=\"wp-element-caption\">Blick zum Turm vom Kassablanca | \u00a9 G\u00fcnther K\u00fchnl<\/figcaption><\/figure>\n<\/div>\n\n\n<p class=\"wp-block-paragraph\">Viele der ausgestellten Bilder haben Amateurfotografinnen und Amateurfotografen des <a href=\"https:\/\/www.unifok-jena.de\/\" target=\"_blank\" rel=\"noopener\">Jenaer Fotoklubs <em>UNIFOK<\/em><\/a> gemacht. Manche von ihnen bewegen sich seit Jahrzehnten mit ihren Kameras durch die Stadt. Sie suchen nach neuen Perspektiven, dokumentieren, was ihnen bemerkenswert erscheint und bewahren pers\u00f6nliche Erinnerungen. So entstehen Fotografien, die zugleich individueller Ausdruck und Teil des visuellen Ged\u00e4chtnisses Jenas sind.<\/p>\n\n\n\n<div class=\"wp-block-columns is-layout-flex wp-container-core-columns-is-layout-8f761849 wp-block-columns-is-layout-flex\">\n<div class=\"wp-block-column is-layout-flow wp-block-column-is-layout-flow\">\n<figure class=\"wp-block-image size-large\"><img loading=\"lazy\" decoding=\"async\" width=\"701\" height=\"1000\" src=\"https:\/\/blog.jena.de\/jenakultur\/wp-content\/uploads\/sites\/25\/2026\/08\/Abb_5_Schaufenster-701x1000.jpg\" alt=\"\" class=\"wp-image-20005\" srcset=\"https:\/\/blog.jena.de\/jenakultur\/wp-content\/uploads\/sites\/25\/2026\/08\/Abb_5_Schaufenster-701x1000.jpg 701w, https:\/\/blog.jena.de\/jenakultur\/wp-content\/uploads\/sites\/25\/2026\/08\/Abb_5_Schaufenster-351x500.jpg 351w, https:\/\/blog.jena.de\/jenakultur\/wp-content\/uploads\/sites\/25\/2026\/08\/Abb_5_Schaufenster-768x1095.jpg 768w, https:\/\/blog.jena.de\/jenakultur\/wp-content\/uploads\/sites\/25\/2026\/08\/Abb_5_Schaufenster-1077x1536.jpg 1077w, https:\/\/blog.jena.de\/jenakultur\/wp-content\/uploads\/sites\/25\/2026\/08\/Abb_5_Schaufenster-484x690.jpg 484w, https:\/\/blog.jena.de\/jenakultur\/wp-content\/uploads\/sites\/25\/2026\/08\/Abb_5_Schaufenster.jpg 1200w\" sizes=\"auto, (max-width: 701px) 100vw, 701px\" \/><figcaption class=\"wp-element-caption\">Schaufenster | \u00a9 Archiv UNIFOK Jena e. V., Dieter Z\u00f6llner<\/figcaption><\/figure>\n<\/div>\n\n\n\n<div class=\"wp-block-column is-layout-flow wp-block-column-is-layout-flow\">\n<figure class=\"wp-block-image size-large\"><img loading=\"lazy\" decoding=\"async\" width=\"704\" height=\"1000\" src=\"https:\/\/blog.jena.de\/jenakultur\/wp-content\/uploads\/sites\/25\/2026\/08\/Abb_6_Kinderwagen-704x1000.jpg\" alt=\"\" class=\"wp-image-20006\" srcset=\"https:\/\/blog.jena.de\/jenakultur\/wp-content\/uploads\/sites\/25\/2026\/08\/Abb_6_Kinderwagen-704x1000.jpg 704w, https:\/\/blog.jena.de\/jenakultur\/wp-content\/uploads\/sites\/25\/2026\/08\/Abb_6_Kinderwagen-352x500.jpg 352w, https:\/\/blog.jena.de\/jenakultur\/wp-content\/uploads\/sites\/25\/2026\/08\/Abb_6_Kinderwagen-768x1091.jpg 768w, https:\/\/blog.jena.de\/jenakultur\/wp-content\/uploads\/sites\/25\/2026\/08\/Abb_6_Kinderwagen-1081x1536.jpg 1081w, https:\/\/blog.jena.de\/jenakultur\/wp-content\/uploads\/sites\/25\/2026\/08\/Abb_6_Kinderwagen-486x690.jpg 486w, https:\/\/blog.jena.de\/jenakultur\/wp-content\/uploads\/sites\/25\/2026\/08\/Abb_6_Kinderwagen.jpg 1200w\" sizes=\"auto, (max-width: 704px) 100vw, 704px\" \/><figcaption class=\"wp-element-caption\">Kinderwagen | \u00a9 Archiv UNIFOK Jena e. V., Dieter Z\u00f6llner<\/figcaption><\/figure>\n<\/div>\n<\/div>\n\n\n\n<p class=\"wp-block-paragraph\">Wie unterschiedlich der Blick auf Jena sein kann, zeigt auch der <a href=\"https:\/\/www.stadtmuseum-jena.de\/de\/startseite\/1041081\" target=\"_blank\" rel=\"noopener\">Fotowettbewerb des Stadtmuseums<\/a> unter dem Motto \u201eLieblingsorte und Lieblingsblicke\u201c. Die eingereichten Bilder waren bereits vorab an einer Fotoleine in den Ausstellungsr\u00e4umen zu sehen. Nun k\u00f6nnen die Besucher:innen der Ausstellung die Fotografien an einem Touchscreen betrachten und per QR-Code oder Stimmzettel bewerten.<\/p>\n\n\n\n<h2 class=\"wp-block-heading\">Einblicke in die neue Sonderausstellung<\/h2>\n\n\n\n<p class=\"wp-block-paragraph\">Die Sonderausstellung l\u00e4sst sich entlang der f\u00fcnf Themen \u201eWandel und Vielfalt\u201c, \u201eFotografinnen und Fotografen\u201c, \u201eAneignung\u201c, \u201eNachhaltigkeit\u201c sowie \u201eK\u00f6rper und Alltag\u201c erkunden. Im Mittelpunkt stehen einfache, aber weitreichende Fragen: Warum und womit fotografieren wir? Was setzen wir ins Bild? Und wer ist eigentlich \u201ewir\u201c?<\/p>\n\n\n\n\n\n<p class=\"wp-block-paragraph\">Zu sehen sind Fotografien aus den Sammlungen des Stadtmuseums, Werke lokaler Fotoklubs sowie aktuelle Arbeiten von Social-Media-Akteur:innen. Die vielf\u00e4ltigen Bilder vermitteln, wie Menschen ihre Stadt, ihr Umfeld und ihren Alltag auf unterschiedliche Weise in den Blick nehmen \u2013 ob mit Spiegelreflex- und Kleinbildkamera oder dem Alltagsbegleiter Smartphone. Vier eigens f\u00fcr die Ausstellung produzierte Filme stellen unterschiedliche Fotograf:innen vor und geben Einblicke in die Aktivit\u00e4ten des Fotoklubs UNIFOK Jena e. V.<\/p>\n\n\n\n<p class=\"wp-block-paragraph\">Ausgew\u00e4hlte Fotografien, Kameras und andere Objekte der Fototechnik, Ratgeberliteratur, Alben und Negative machen verschiedene Aspekte der Fotokultur im Wandel der Zeit sichtbar. Die Exponate zeigen, wie Fotografie zum Medium des Alltags wurde, welche Rolle sie als gemeinschaftliche Freizeitaktivit\u00e4t spielt und welche Bedeutung sie als visuelles Erbe hat.<\/p>\n\n\n\n<div class=\"wp-block-columns is-layout-flex wp-container-core-columns-is-layout-8f761849 wp-block-columns-is-layout-flex\">\n<div class=\"wp-block-column is-layout-flow wp-block-column-is-layout-flow\">\n<figure class=\"wp-block-image size-large is-resized\"><img loading=\"lazy\" decoding=\"async\" width=\"709\" height=\"1000\" src=\"https:\/\/blog.jena.de\/jenakultur\/wp-content\/uploads\/sites\/25\/2026\/08\/Abb_7_Beim_Fotografieren-709x1000.jpg\" alt=\"\" class=\"wp-image-20007\" style=\"aspect-ratio:0.7089959221177543;width:389px;height:auto\" srcset=\"https:\/\/blog.jena.de\/jenakultur\/wp-content\/uploads\/sites\/25\/2026\/08\/Abb_7_Beim_Fotografieren-709x1000.jpg 709w, https:\/\/blog.jena.de\/jenakultur\/wp-content\/uploads\/sites\/25\/2026\/08\/Abb_7_Beim_Fotografieren-354x500.jpg 354w, https:\/\/blog.jena.de\/jenakultur\/wp-content\/uploads\/sites\/25\/2026\/08\/Abb_7_Beim_Fotografieren-768x1084.jpg 768w, https:\/\/blog.jena.de\/jenakultur\/wp-content\/uploads\/sites\/25\/2026\/08\/Abb_7_Beim_Fotografieren-1089x1536.jpg 1089w, https:\/\/blog.jena.de\/jenakultur\/wp-content\/uploads\/sites\/25\/2026\/08\/Abb_7_Beim_Fotografieren-489x690.jpg 489w, https:\/\/blog.jena.de\/jenakultur\/wp-content\/uploads\/sites\/25\/2026\/08\/Abb_7_Beim_Fotografieren.jpg 1200w\" sizes=\"auto, (max-width: 709px) 100vw, 709px\" \/><figcaption class=\"wp-element-caption\">Mitglied des UNIFOK Jena beim Fotografieren | \u00a9 Archiv UNIFOK Jena e. V.<\/figcaption><\/figure>\n<\/div>\n\n\n\n<div class=\"wp-block-column is-layout-flow wp-block-column-is-layout-flow\">\n<figure class=\"wp-block-image size-large\"><img loading=\"lazy\" decoding=\"async\" width=\"734\" height=\"1000\" src=\"https:\/\/blog.jena.de\/jenakultur\/wp-content\/uploads\/sites\/25\/2026\/08\/Abb_8_Bildbetrachtung-734x1000.jpg\" alt=\"\" class=\"wp-image-20008\" srcset=\"https:\/\/blog.jena.de\/jenakultur\/wp-content\/uploads\/sites\/25\/2026\/08\/Abb_8_Bildbetrachtung-734x1000.jpg 734w, https:\/\/blog.jena.de\/jenakultur\/wp-content\/uploads\/sites\/25\/2026\/08\/Abb_8_Bildbetrachtung-367x500.jpg 367w, https:\/\/blog.jena.de\/jenakultur\/wp-content\/uploads\/sites\/25\/2026\/08\/Abb_8_Bildbetrachtung-768x1046.jpg 768w, https:\/\/blog.jena.de\/jenakultur\/wp-content\/uploads\/sites\/25\/2026\/08\/Abb_8_Bildbetrachtung-1127x1536.jpg 1127w, https:\/\/blog.jena.de\/jenakultur\/wp-content\/uploads\/sites\/25\/2026\/08\/Abb_8_Bildbetrachtung-506x690.jpg 506w, https:\/\/blog.jena.de\/jenakultur\/wp-content\/uploads\/sites\/25\/2026\/08\/Abb_8_Bildbetrachtung.jpg 1200w\" sizes=\"auto, (max-width: 734px) 100vw, 734px\" \/><figcaption class=\"wp-element-caption\">Bildbetrachtung | \u00a9 Klaus Enkelmann<\/figcaption><\/figure>\n<\/div>\n<\/div>\n\n\n\n<p class=\"wp-block-paragraph\">So fragt die Ausstellung auch danach, was mit unseren Bildern passiert: Welche Fotos bewahren wir \u2013 und wie? Denn das nachhaltige Archivieren stellt Fotografierende wie Museen gleicherma\u00dfen vor Herausforderungen. Fallbeispiele aus der Bildsammlung des Stadtmuseums Jena zeigen, wie umsichtig historische Aufnahmen datiert werden und was bei ihrer Ver\u00f6ffentlichung zu beachten ist.<\/p>\n\n\n\n<p class=\"wp-block-paragraph\">Die f\u00fcnf Kapitel regen mit offenen Fragen zum Nachdenken an. Zugleich richtet sich der Blick dabei auch nach vorn. Denn K\u00fcnstliche Intelligenz macht es heute immer einfacher, digitale Fotos zu bearbeiten oder Bilder ganz ohne Kamera entstehen zu lassen: Welche Fotografien werden unsere Gegenwart k\u00fcnftig repr\u00e4sentieren?<\/p>\n\n\n\n<h2 class=\"wp-block-heading\">Von der Forschung zur Ausstellung<\/h2>\n\n\n\n<p class=\"wp-block-paragraph\">Die Ausstellung \u201eAlle fotografieren?\u201c basiert auf dem von der Deutschen Forschungsgemeinschaft (DFG) gef\u00f6rderten Forschungsprojekt <a href=\"https:\/\/www.isgv.de\/projekte\/volkskunde\/bildsehen-bildhandeln\" target=\"_blank\" rel=\"noopener\">\u201eBildsehen \/\/ Bildhandeln. Die Freiberger Fotofreunde als Community of Visual Practice\u201c<\/a>. Von 2020 bis 2022 untersuchten Wissenschaftler:innen des <a href=\"https:\/\/www.isgv.de\/\" target=\"_blank\" rel=\"noopener\">Instituts f\u00fcr S\u00e4chsische Geschichte und Volkskunde<\/a> in Dresden und des <a href=\"https:\/\/www.uni-goettingen.de\/de\/127644.html\" target=\"_blank\" rel=\"noopener\">Instituts f\u00fcr Kulturanthropologie\/Europ\u00e4ische Ethnologie der Universit\u00e4t G\u00f6ttingen<\/a>, wie die Mitglieder des seit \u00fcber 75 Jahren bestehenden Fotoklubs <a href=\"https:\/\/www.freiberger-fotofreunde.de\/\" target=\"_blank\" rel=\"noopener\">Freiberger Fotofreunde<\/a> fotografische Arbeiten entwickeln, Erfahrungen vermitteln und Wissen teilen. Daf\u00fcr begleiteten sie den Klub, f\u00fchrten Interviews und recherchierten in Archiven.<\/p>\n\n\n<div class=\"wp-block-image\">\n<figure class=\"aligncenter size-large is-resized\"><img loading=\"lazy\" decoding=\"async\" width=\"1000\" height=\"750\" src=\"https:\/\/blog.jena.de\/jenakultur\/wp-content\/uploads\/sites\/25\/2026\/08\/Abb_9_Freiberger_Fotofreunde-1000x750.jpg\" alt=\"\" class=\"wp-image-20009\" style=\"width:635px;height:auto\" srcset=\"https:\/\/blog.jena.de\/jenakultur\/wp-content\/uploads\/sites\/25\/2026\/08\/Abb_9_Freiberger_Fotofreunde-1000x750.jpg 1000w, https:\/\/blog.jena.de\/jenakultur\/wp-content\/uploads\/sites\/25\/2026\/08\/Abb_9_Freiberger_Fotofreunde-500x375.jpg 500w, https:\/\/blog.jena.de\/jenakultur\/wp-content\/uploads\/sites\/25\/2026\/08\/Abb_9_Freiberger_Fotofreunde-768x576.jpg 768w, https:\/\/blog.jena.de\/jenakultur\/wp-content\/uploads\/sites\/25\/2026\/08\/Abb_9_Freiberger_Fotofreunde-920x690.jpg 920w, https:\/\/blog.jena.de\/jenakultur\/wp-content\/uploads\/sites\/25\/2026\/08\/Abb_9_Freiberger_Fotofreunde-1024x768.jpg 1024w, https:\/\/blog.jena.de\/jenakultur\/wp-content\/uploads\/sites\/25\/2026\/08\/Abb_9_Freiberger_Fotofreunde-790x593.jpg 790w, https:\/\/blog.jena.de\/jenakultur\/wp-content\/uploads\/sites\/25\/2026\/08\/Abb_9_Freiberger_Fotofreunde.jpg 1200w\" sizes=\"auto, (max-width: 1000px) 100vw, 1000px\" \/><figcaption class=\"wp-element-caption\">Ausflug der Freiberger Fotofreunde: Ein gemeinsames Vorhaben mit individuellem Fokus | \u00a9 Nadine Kulbe<\/figcaption><\/figure>\n<\/div>\n\n\n<p class=\"wp-block-paragraph\">An diese Forschung kn\u00fcpft \u201eAlle fotografieren?\u201c an und erweitert den Fokus auf die Alltagsfotografie. Mit der Smartphone-Fotografie und sozialen Medien werden auch weitere Formen des Wissensaustauschs und der Vergemeinschaftung untersucht. Wie fotografieren Menschen heute? Welche Bedeutung haben Fotos f\u00fcr Gemeinschaften und Orte? Wie wird fotografisches Wissen angeeignet und weitergegeben? F\u00fcr das Projekt wurde in den letzten Monaten der 1962 gegr\u00fcndete Fotoklub UNIFOK Jena e. V. begleitet und seine Mitglieder zu ihrer fotografischen Praxis und ihrer gemeinschaftlichen Arbeit befragt.<\/p>\n\n\n\n<p class=\"wp-block-paragraph\">Die Forschungsergebnisse flie\u00dfen direkt in die Museumsarbeit ein. Zusammen mit kooperierenden Fotogruppen und weiteren lokalen Akteur:innen entstehen drei Ausstellungen: Eine im <a href=\"https:\/\/www.stadtmuseum-jena.de\/de\/startseite\/677121\" target=\"_blank\" rel=\"noopener\">Stadtmuseum Jena<\/a> und in den folgenden Jahren jeweils eine weitere gemeinsam mit den <a href=\"https:\/\/tsd.de\/\" target=\"_blank\" rel=\"noopener\">Technischen Sammlungen Dresden<\/a> und dem <a href=\"https:\/\/henrichshuette.lwl.org\/de\/\" target=\"_blank\" rel=\"noopener\">LWL-Museum Henrichsh\u00fctte<\/a> in Hattingen. Das <a href=\"https:\/\/visual-history.de\/project\/kulbe-naeser-alle-fotografieren\/\" target=\"_blank\" rel=\"noopener\">Erkenntnistransferprojekt \u201eAlle fotografieren?\u201c<\/a> wird f\u00fcr drei Jahre von der DFG gef\u00f6rdert. Die Ausstellungen machen damit wissenschaftliche Erkenntnisse zug\u00e4nglich, verbinden sie mit dem Wissen und den Erfahrungen vor Ort und regen dazu an, den eigenen Umgang mit Fotografie neu zu betrachten. So wird Fotowissen nicht nur vermittelt, sondern gemeinsam weiterentwickelt.<\/p>\n\n\n\n<h2 class=\"wp-block-heading\">Entdecken, mitmachen und weiterdenken<\/h2>\n\n\n\n<p class=\"wp-block-paragraph\">Wer Jena und die Fotografie aus neuen Blickwinkeln entdecken m\u00f6chte, kann die Ausstellung ab 4. September selbst erkunden. Bis zum 30. Dezember 2026 l\u00e4dt <a href=\"https:\/\/www.stadtmuseum-jena.de\/de\/\/1041194\" target=\"_blank\" rel=\"noopener\">\u201eAlle fotografieren? Alltags- und Amateurfotografie in Jena\u201c<\/a> im Stadtmuseum Jena zum Entdecken, Staunen und Mitmachen ein \u2013 zum Beispiel, indem Besucher:innen ihre eigenen Fotos in die Ausstellung mitbringen und an einer Fotowand auf einer W\u00e4scheleine pr\u00e4sentieren.<\/p>\n\n\n<div class=\"wp-block-image\">\n<figure class=\"aligncenter size-large is-resized\"><img loading=\"lazy\" decoding=\"async\" width=\"1000\" height=\"750\" src=\"https:\/\/blog.jena.de\/jenakultur\/wp-content\/uploads\/sites\/25\/2026\/08\/Abb_10_Waescheleine-1000x750.jpg\" alt=\"\" class=\"wp-image-20010\" style=\"width:619px;height:auto\" srcset=\"https:\/\/blog.jena.de\/jenakultur\/wp-content\/uploads\/sites\/25\/2026\/08\/Abb_10_Waescheleine-1000x750.jpg 1000w, https:\/\/blog.jena.de\/jenakultur\/wp-content\/uploads\/sites\/25\/2026\/08\/Abb_10_Waescheleine-500x375.jpg 500w, https:\/\/blog.jena.de\/jenakultur\/wp-content\/uploads\/sites\/25\/2026\/08\/Abb_10_Waescheleine-768x576.jpg 768w, https:\/\/blog.jena.de\/jenakultur\/wp-content\/uploads\/sites\/25\/2026\/08\/Abb_10_Waescheleine-920x690.jpg 920w, https:\/\/blog.jena.de\/jenakultur\/wp-content\/uploads\/sites\/25\/2026\/08\/Abb_10_Waescheleine-1024x768.jpg 1024w, https:\/\/blog.jena.de\/jenakultur\/wp-content\/uploads\/sites\/25\/2026\/08\/Abb_10_Waescheleine-790x593.jpg 790w, https:\/\/blog.jena.de\/jenakultur\/wp-content\/uploads\/sites\/25\/2026\/08\/Abb_10_Waescheleine.jpg 1200w\" sizes=\"auto, (max-width: 1000px) 100vw, 1000px\" \/><figcaption class=\"wp-element-caption\">W\u00e4scheleinen-Ausstellung f\u00fcr Fotos der Besucher:innen | \u00a9 Nathalie Kn\u00f6hr<\/figcaption><\/figure>\n<\/div>\n\n\n<p class=\"wp-block-paragraph\">Sie k\u00f6nnen nicht nur \u00fcber die Beitr\u00e4ge des Fotowettbewerbs abstimmen, sondern auch erfahren, wie viel eine Plattenkamera wiegt oder wie schwierig es ist, einen Film allein mit dem Tastsinn aufzuspulen. Ein abwechslungsreiches Begleitprogramm mit Vortr\u00e4gen der Kuratorinnen, einer Bilddiskussion mit den Mitgliedern des UNIFOK Jena e. V. sowie einer Kreativwerkstatt mit Fotogrammen f\u00fcr Kinder und Familien bietet weitere M\u00f6glichkeiten, sich mit den vielf\u00e4ltigen Themen der Alltags- und Amateurfotografie Jenas zu besch\u00e4ftigen. Zur Ausstellung erscheint au\u00dferdem der <a href=\"https:\/\/www.stadtmuseum-jena.de\/de\/publikationen\/1049981\" target=\"_blank\" rel=\"noopener\">Katalog \u201eAlltagsbilder. Fotografien des UNIFOK Jena\u201c<\/a> von Teresa Thieme.<\/p>\n\n\n\n<p class=\"wp-block-paragraph\">Mehr Informationen zu Ausstellung, Katalog und Begleitprogramm: <a href=\"https:\/\/www.stadtmuseum-jena.de\/de\/1041194\">Stadtmuseum Jena<\/a><\/p>\n\n\n\n<p class=\"wp-block-paragraph\">Mehr zum Forschungs- und Ausstellungsprojekt gibt es auf dem <a href=\"https:\/\/fotografie.hypotheses.org\/\">Blog \u201eBildsehen \/ Bildhandeln\u201c<\/a> und auf Instagram: <a href=\"https:\/\/www.instagram.com\/fotografieren.isgv\/\">@fotografieren.isgv<\/a><\/p>\n\n\n\n<hr class=\"wp-block-separator has-alpha-channel-opacity\" \/>\n\n\n\n\n\n\n\n\n\n\n\n<p class=\"wp-block-paragraph\"><em>Wir danken Nathalie Kn\u00f6hr vom <a href=\"https:\/\/www.isgv.de\/\" target=\"_blank\" rel=\"noopener\">Institut f\u00fcr S\u00e4chsische Geschichte und Volkskunde<\/a> f\u00fcr diesen spannenden Blogbeitrag und die Kooperation mit dem <a href=\"https:\/\/www.stadtmuseum-jena.de\/de\/startseite\/677121\" target=\"_blank\" rel=\"noopener\">Stadtmuseum Jena<\/a>!<\/em><br><br><em>Und nun m\u00f6chten wir von Ihnen, liebe Leser:innen, wissen: Welche Motive fotografieren Sie am liebsten? Und welchen Zweck erf\u00fcllt die Fotografie f\u00fcr Sie? Erz\u00e4hlen Sie uns gern von Ihren Erfahrungen hinter der Kamera!<\/em><\/p>\n\n\n","protected":false},"excerpt":{"rendered":"<p>Fotografieren geh\u00f6rt l\u00e4ngst zum Alltag: Unser Essen, unsere Familien und unsere Reisen halten wir in Bildern fest. Wir nutzen Fotos als visuelle Notizen&hellip;<\/p>\n","protected":false},"author":22,"featured_media":20017,"comment_status":"open","ping_status":"closed","sticky":false,"template":"","format":"standard","meta":{"footnotes":""},"categories":[1,22],"tags":[287,669,1121],"class_list":["post-19994","post","type-post","status-publish","format-standard","has-post-thumbnail","hentry","category-allgemein","category-stadtmuseum","tag-ausstellung","tag-fotografie","tag-stadtmuseum-jena"],"_links":{"self":[{"href":"https:\/\/blog.jena.de\/jenakultur\/wp-json\/wp\/v2\/posts\/19994","targetHints":{"allow":["GET"]}}],"collection":[{"href":"https:\/\/blog.jena.de\/jenakultur\/wp-json\/wp\/v2\/posts"}],"about":[{"href":"https:\/\/blog.jena.de\/jenakultur\/wp-json\/wp\/v2\/types\/post"}],"author":[{"embeddable":true,"href":"https:\/\/blog.jena.de\/jenakultur\/wp-json\/wp\/v2\/users\/22"}],"replies":[{"embeddable":true,"href":"https:\/\/blog.jena.de\/jenakultur\/wp-json\/wp\/v2\/comments?post=19994"}],"version-history":[{"count":29,"href":"https:\/\/blog.jena.de\/jenakultur\/wp-json\/wp\/v2\/posts\/19994\/revisions"}],"predecessor-version":[{"id":20070,"href":"https:\/\/blog.jena.de\/jenakultur\/wp-json\/wp\/v2\/posts\/19994\/revisions\/20070"}],"wp:featuredmedia":[{"embeddable":true,"href":"https:\/\/blog.jena.de\/jenakultur\/wp-json\/wp\/v2\/media\/20017"}],"wp:attachment":[{"href":"https:\/\/blog.jena.de\/jenakultur\/wp-json\/wp\/v2\/media?parent=19994"}],"wp:term":[{"taxonomy":"category","embeddable":true,"href":"https:\/\/blog.jena.de\/jenakultur\/wp-json\/wp\/v2\/categories?post=19994"},{"taxonomy":"post_tag","embeddable":true,"href":"https:\/\/blog.jena.de\/jenakultur\/wp-json\/wp\/v2\/tags?post=19994"}],"curies":[{"name":"wp","href":"https:\/\/api.w.org\/{rel}","templated":true}]}}