{"id":18462,"date":"2026-02-13T07:30:00","date_gmt":"2026-02-13T06:30:00","guid":{"rendered":"https:\/\/blog.jena.de\/jenakultur\/?p=18462"},"modified":"2026-02-04T08:06:53","modified_gmt":"2026-02-04T07:06:53","slug":"mein-auslandspraktikum-in-aalborg-daenemark","status":"publish","type":"post","link":"https:\/\/blog.jena.de\/jenakultur\/2026\/02\/13\/mein-auslandspraktikum-in-aalborg-daenemark\/","title":{"rendered":"Mein Auslandspraktikum in Aalborg, D\u00e4nemark"},"content":{"rendered":"\n<p><em>Ein Beitrag von Pauline Gathge, Azubi <a href=\"https:\/\/www.jenakultur.de\/de\/wir_ueber_uns\/karriere\/ausbildung\/veranstaltungskaufleute\/826665\" target=\"_blank\" rel=\"noopener\">Veranstaltungskauffrau bei JenaKultur<\/a> im 3. Lehrjahr<\/em><\/p>\n\n\n\n<p>Bereits im Bewerbungsgespr\u00e4ch wurde mir die M\u00f6glichkeit angeboten, ein Praktikum im Ausland zu absolvieren. F\u00fcr mich war sofort klar, dass ich diese Chance nutzen wollte, da es schon immer ein gro\u00dfer Wunsch von mir war, internationale Erfahrungen zu sammeln. Dank der Programme <a href=\"https:\/\/www.erasmusplus.de\/\" target=\"_blank\" rel=\"noopener\">Erasmus+<\/a> und <a href=\"https:\/\/www.azubi-mobil.de\/\" target=\"_blank\" rel=\"noopener\">Azubimobil<\/a> konnte ich diesen Traum verwirklichen. Die Bewerbung war unkompliziert, und so bekam ich die Gelegenheit, vier Wochen in Aalborg, D\u00e4nemark, wertvolle Erfahrungen zu sammeln. Mein Praktikum fand an einem ganz besonderen Ort statt: <a href=\"https:\/\/www.instagram.com\/aalborgstreetfood\/?hl=de\" target=\"_blank\" rel=\"noopener\">Aalborg Streetfood<\/a>.<\/p>\n\n\n<div class=\"wp-block-image\">\n<figure class=\"aligncenter size-large is-resized\"><img loading=\"lazy\" decoding=\"async\" width=\"750\" height=\"1000\" src=\"https:\/\/blog.jena.de\/jenakultur\/wp-content\/uploads\/sites\/25\/2026\/01\/jenakultur-mein-auslandspraktikum-in-aalborg-daenemark-gastpraktikum-paulineprivat-1-750x1000.jpg\" alt=\"\" class=\"wp-image-18464\" style=\"aspect-ratio:0.7499999772483271;width:254px;height:auto\" srcset=\"https:\/\/blog.jena.de\/jenakultur\/wp-content\/uploads\/sites\/25\/2026\/01\/jenakultur-mein-auslandspraktikum-in-aalborg-daenemark-gastpraktikum-paulineprivat-1-750x1000.jpg 750w, https:\/\/blog.jena.de\/jenakultur\/wp-content\/uploads\/sites\/25\/2026\/01\/jenakultur-mein-auslandspraktikum-in-aalborg-daenemark-gastpraktikum-paulineprivat-1-375x500.jpg 375w, https:\/\/blog.jena.de\/jenakultur\/wp-content\/uploads\/sites\/25\/2026\/01\/jenakultur-mein-auslandspraktikum-in-aalborg-daenemark-gastpraktikum-paulineprivat-1-768x1024.jpg 768w, https:\/\/blog.jena.de\/jenakultur\/wp-content\/uploads\/sites\/25\/2026\/01\/jenakultur-mein-auslandspraktikum-in-aalborg-daenemark-gastpraktikum-paulineprivat-1-1152x1536.jpg 1152w, https:\/\/blog.jena.de\/jenakultur\/wp-content\/uploads\/sites\/25\/2026\/01\/jenakultur-mein-auslandspraktikum-in-aalborg-daenemark-gastpraktikum-paulineprivat-1-518x690.jpg 518w, https:\/\/blog.jena.de\/jenakultur\/wp-content\/uploads\/sites\/25\/2026\/01\/jenakultur-mein-auslandspraktikum-in-aalborg-daenemark-gastpraktikum-paulineprivat-1-1320x1760.jpg 1320w, https:\/\/blog.jena.de\/jenakultur\/wp-content\/uploads\/sites\/25\/2026\/01\/jenakultur-mein-auslandspraktikum-in-aalborg-daenemark-gastpraktikum-paulineprivat-1.jpg 1440w\" sizes=\"auto, (max-width: 750px) 100vw, 750px\" \/><figcaption class=\"wp-element-caption\">Aalborg | \u00a9privat<\/figcaption><\/figure>\n<\/div>\n\n\n<h2>Aalborg Streetfood \u2013 Ein Ort voller Vielfalt und Atmosph\u00e4re<\/h2>\n<p>Aalborg Streetfood befindet sich in einer ehemaligen Fabrikhalle direkt am Hafen. Innerhalb der Halle findet man eine bunte Mischung aus Streetfood-St\u00e4nden, die Gerichte aus aller Welt anbieten \u2013 von asiatischen Spezialit\u00e4ten \u00fcber Burger bis hin zu d\u00e4nischen Leckerbissen. Aber nicht nur kulinarisch hat der Ort viel zu bieten: Es gibt auch einen Eventbereich mit drei Veranstaltungsr\u00e4umen, eine Spielhalle mit Billard, Air Hockey und Karaoker\u00e4umen sowie einen Indoor-Spielplatz f\u00fcr Kinder. Gem\u00fctliche Sitzecken, Bars und regelm\u00e4\u00dfig stattfindende Veranstaltungen sorgen daf\u00fcr, dass immer etwas los ist. F\u00fcr mich war es der perfekte Arbeitsplatz f\u00fcr ein Praktikum: Lebendig, kreativ und jeden Tag ein bisschen anders \u2013 und das alles mit einem tollen Blick auf den Fjord.<\/p>\n\n\n\n<figure class=\"wp-block-gallery has-nested-images columns-default is-cropped wp-block-gallery-1 is-layout-flex wp-block-gallery-is-layout-flex\">\n<figure class=\"wp-block-image size-large\"><img loading=\"lazy\" decoding=\"async\" width=\"563\" height=\"1000\" data-id=\"18467\" src=\"https:\/\/blog.jena.de\/jenakultur\/wp-content\/uploads\/sites\/25\/2026\/01\/jenakultur-mein-auslandspraktikum-in-aalborg-daenemark-gastpraktikum-paulineprivat-2-563x1000.jpg\" alt=\"\" class=\"wp-image-18467\" srcset=\"https:\/\/blog.jena.de\/jenakultur\/wp-content\/uploads\/sites\/25\/2026\/01\/jenakultur-mein-auslandspraktikum-in-aalborg-daenemark-gastpraktikum-paulineprivat-2-563x1000.jpg 563w, https:\/\/blog.jena.de\/jenakultur\/wp-content\/uploads\/sites\/25\/2026\/01\/jenakultur-mein-auslandspraktikum-in-aalborg-daenemark-gastpraktikum-paulineprivat-2-281x500.jpg 281w, https:\/\/blog.jena.de\/jenakultur\/wp-content\/uploads\/sites\/25\/2026\/01\/jenakultur-mein-auslandspraktikum-in-aalborg-daenemark-gastpraktikum-paulineprivat-2-768x1365.jpg 768w, https:\/\/blog.jena.de\/jenakultur\/wp-content\/uploads\/sites\/25\/2026\/01\/jenakultur-mein-auslandspraktikum-in-aalborg-daenemark-gastpraktikum-paulineprivat-2-864x1536.jpg 864w, https:\/\/blog.jena.de\/jenakultur\/wp-content\/uploads\/sites\/25\/2026\/01\/jenakultur-mein-auslandspraktikum-in-aalborg-daenemark-gastpraktikum-paulineprivat-2-388x690.jpg 388w, https:\/\/blog.jena.de\/jenakultur\/wp-content\/uploads\/sites\/25\/2026\/01\/jenakultur-mein-auslandspraktikum-in-aalborg-daenemark-gastpraktikum-paulineprivat-2.jpg 1080w\" sizes=\"auto, (max-width: 563px) 100vw, 563px\" \/><figcaption class=\"wp-element-caption\">Aalborg Streetfood | \u00a9privat<\/figcaption><\/figure>\n\n\n\n<figure class=\"wp-block-image size-large\"><img loading=\"lazy\" decoding=\"async\" width=\"750\" height=\"1000\" data-id=\"18465\" src=\"https:\/\/blog.jena.de\/jenakultur\/wp-content\/uploads\/sites\/25\/2026\/01\/jenakultur-mein-auslandspraktikum-in-aalborg-daenemark-gastpraktikum-paulineprivat-4-750x1000.jpg\" alt=\"\" class=\"wp-image-18465\" srcset=\"https:\/\/blog.jena.de\/jenakultur\/wp-content\/uploads\/sites\/25\/2026\/01\/jenakultur-mein-auslandspraktikum-in-aalborg-daenemark-gastpraktikum-paulineprivat-4-750x1000.jpg 750w, https:\/\/blog.jena.de\/jenakultur\/wp-content\/uploads\/sites\/25\/2026\/01\/jenakultur-mein-auslandspraktikum-in-aalborg-daenemark-gastpraktikum-paulineprivat-4-375x500.jpg 375w, https:\/\/blog.jena.de\/jenakultur\/wp-content\/uploads\/sites\/25\/2026\/01\/jenakultur-mein-auslandspraktikum-in-aalborg-daenemark-gastpraktikum-paulineprivat-4-768x1024.jpg 768w, https:\/\/blog.jena.de\/jenakultur\/wp-content\/uploads\/sites\/25\/2026\/01\/jenakultur-mein-auslandspraktikum-in-aalborg-daenemark-gastpraktikum-paulineprivat-4-1152x1536.jpg 1152w, https:\/\/blog.jena.de\/jenakultur\/wp-content\/uploads\/sites\/25\/2026\/01\/jenakultur-mein-auslandspraktikum-in-aalborg-daenemark-gastpraktikum-paulineprivat-4-518x690.jpg 518w, https:\/\/blog.jena.de\/jenakultur\/wp-content\/uploads\/sites\/25\/2026\/01\/jenakultur-mein-auslandspraktikum-in-aalborg-daenemark-gastpraktikum-paulineprivat-4-1320x1760.jpg 1320w, https:\/\/blog.jena.de\/jenakultur\/wp-content\/uploads\/sites\/25\/2026\/01\/jenakultur-mein-auslandspraktikum-in-aalborg-daenemark-gastpraktikum-paulineprivat-4.jpg 1440w\" sizes=\"auto, (max-width: 750px) 100vw, 750px\" \/><figcaption class=\"wp-element-caption\">Aalborg Streetfood | \u00a9privat<\/figcaption><\/figure>\n\n\n\n<figure class=\"wp-block-image size-large\"><img loading=\"lazy\" decoding=\"async\" width=\"750\" height=\"1000\" data-id=\"18466\" src=\"https:\/\/blog.jena.de\/jenakultur\/wp-content\/uploads\/sites\/25\/2026\/01\/jenakultur-mein-auslandspraktikum-in-aalborg-daenemark-gastpraktikum-paulineprivat-6-750x1000.jpg\" alt=\"\" class=\"wp-image-18466\" srcset=\"https:\/\/blog.jena.de\/jenakultur\/wp-content\/uploads\/sites\/25\/2026\/01\/jenakultur-mein-auslandspraktikum-in-aalborg-daenemark-gastpraktikum-paulineprivat-6-750x1000.jpg 750w, https:\/\/blog.jena.de\/jenakultur\/wp-content\/uploads\/sites\/25\/2026\/01\/jenakultur-mein-auslandspraktikum-in-aalborg-daenemark-gastpraktikum-paulineprivat-6-375x500.jpg 375w, https:\/\/blog.jena.de\/jenakultur\/wp-content\/uploads\/sites\/25\/2026\/01\/jenakultur-mein-auslandspraktikum-in-aalborg-daenemark-gastpraktikum-paulineprivat-6-768x1024.jpg 768w, https:\/\/blog.jena.de\/jenakultur\/wp-content\/uploads\/sites\/25\/2026\/01\/jenakultur-mein-auslandspraktikum-in-aalborg-daenemark-gastpraktikum-paulineprivat-6-1152x1536.jpg 1152w, https:\/\/blog.jena.de\/jenakultur\/wp-content\/uploads\/sites\/25\/2026\/01\/jenakultur-mein-auslandspraktikum-in-aalborg-daenemark-gastpraktikum-paulineprivat-6-518x690.jpg 518w, https:\/\/blog.jena.de\/jenakultur\/wp-content\/uploads\/sites\/25\/2026\/01\/jenakultur-mein-auslandspraktikum-in-aalborg-daenemark-gastpraktikum-paulineprivat-6-1320x1760.jpg 1320w, https:\/\/blog.jena.de\/jenakultur\/wp-content\/uploads\/sites\/25\/2026\/01\/jenakultur-mein-auslandspraktikum-in-aalborg-daenemark-gastpraktikum-paulineprivat-6.jpg 1440w\" sizes=\"auto, (max-width: 750px) 100vw, 750px\" \/><figcaption class=\"wp-element-caption\">Aalborg Streetfood | \u00a9privat<\/figcaption><\/figure>\n<\/figure>\n\n\n\n\n\n<h2>Von Halloween bis Weihnachten \u2013 Kreative Projekte und Dekoration<\/h2>\n<p>Schon zu Beginn meines Praktikums durfte ich direkt kreativ werden. Eines meiner ersten Projekte war die Planung von Kinderveranstaltungen. Au\u00dferdem dekorierte ich mit zwei anderen Praktikanten die Foodhalle f\u00fcr Halloween, wir gestalteten eigene Dekorationen und halfen bei der Umsetzung. Kaum war Halloween vorbei, ging es direkt weiter mit der Weihnachtsdekoration. Die Halle wurde nach und nach in ein gem\u00fctliches, festliches Winterwunderland verwandelt \u2013 und auch hier durfte ich tatkr\u00e4ftig mitgestalten.<\/p>\n\n\n\n<figure class=\"wp-block-gallery has-nested-images columns-default is-cropped wp-block-gallery-2 is-layout-flex wp-block-gallery-is-layout-flex\">\n<figure class=\"wp-block-image size-large\"><img loading=\"lazy\" decoding=\"async\" width=\"844\" height=\"1000\" data-id=\"18469\" src=\"https:\/\/blog.jena.de\/jenakultur\/wp-content\/uploads\/sites\/25\/2026\/01\/jenakultur-mein-auslandspraktikum-in-aalborg-daenemark-gastpraktikum-paulineprivat-5-844x1000.jpg\" alt=\"\" class=\"wp-image-18469\" srcset=\"https:\/\/blog.jena.de\/jenakultur\/wp-content\/uploads\/sites\/25\/2026\/01\/jenakultur-mein-auslandspraktikum-in-aalborg-daenemark-gastpraktikum-paulineprivat-5-844x1000.jpg 844w, https:\/\/blog.jena.de\/jenakultur\/wp-content\/uploads\/sites\/25\/2026\/01\/jenakultur-mein-auslandspraktikum-in-aalborg-daenemark-gastpraktikum-paulineprivat-5-422x500.jpg 422w, https:\/\/blog.jena.de\/jenakultur\/wp-content\/uploads\/sites\/25\/2026\/01\/jenakultur-mein-auslandspraktikum-in-aalborg-daenemark-gastpraktikum-paulineprivat-5-768x910.jpg 768w, https:\/\/blog.jena.de\/jenakultur\/wp-content\/uploads\/sites\/25\/2026\/01\/jenakultur-mein-auslandspraktikum-in-aalborg-daenemark-gastpraktikum-paulineprivat-5-1296x1536.jpg 1296w, https:\/\/blog.jena.de\/jenakultur\/wp-content\/uploads\/sites\/25\/2026\/01\/jenakultur-mein-auslandspraktikum-in-aalborg-daenemark-gastpraktikum-paulineprivat-5-582x690.jpg 582w, https:\/\/blog.jena.de\/jenakultur\/wp-content\/uploads\/sites\/25\/2026\/01\/jenakultur-mein-auslandspraktikum-in-aalborg-daenemark-gastpraktikum-paulineprivat-5-1320x1564.jpg 1320w, https:\/\/blog.jena.de\/jenakultur\/wp-content\/uploads\/sites\/25\/2026\/01\/jenakultur-mein-auslandspraktikum-in-aalborg-daenemark-gastpraktikum-paulineprivat-5.jpg 1620w\" sizes=\"auto, (max-width: 844px) 100vw, 844px\" \/><figcaption class=\"wp-element-caption\">Halloween bei Aalborg Streetfood | \u00a9privat<\/figcaption><\/figure>\n\n\n\n<figure class=\"wp-block-image size-large\"><img loading=\"lazy\" decoding=\"async\" width=\"750\" height=\"1000\" data-id=\"18470\" src=\"https:\/\/blog.jena.de\/jenakultur\/wp-content\/uploads\/sites\/25\/2026\/01\/jenakultur-mein-auslandspraktikum-in-aalborg-daenemark-gastpraktikum-paulineprivat-13-750x1000.jpg\" alt=\"\" class=\"wp-image-18470\" srcset=\"https:\/\/blog.jena.de\/jenakultur\/wp-content\/uploads\/sites\/25\/2026\/01\/jenakultur-mein-auslandspraktikum-in-aalborg-daenemark-gastpraktikum-paulineprivat-13-750x1000.jpg 750w, https:\/\/blog.jena.de\/jenakultur\/wp-content\/uploads\/sites\/25\/2026\/01\/jenakultur-mein-auslandspraktikum-in-aalborg-daenemark-gastpraktikum-paulineprivat-13-375x500.jpg 375w, https:\/\/blog.jena.de\/jenakultur\/wp-content\/uploads\/sites\/25\/2026\/01\/jenakultur-mein-auslandspraktikum-in-aalborg-daenemark-gastpraktikum-paulineprivat-13-768x1024.jpg 768w, https:\/\/blog.jena.de\/jenakultur\/wp-content\/uploads\/sites\/25\/2026\/01\/jenakultur-mein-auslandspraktikum-in-aalborg-daenemark-gastpraktikum-paulineprivat-13-1152x1536.jpg 1152w, https:\/\/blog.jena.de\/jenakultur\/wp-content\/uploads\/sites\/25\/2026\/01\/jenakultur-mein-auslandspraktikum-in-aalborg-daenemark-gastpraktikum-paulineprivat-13-518x690.jpg 518w, https:\/\/blog.jena.de\/jenakultur\/wp-content\/uploads\/sites\/25\/2026\/01\/jenakultur-mein-auslandspraktikum-in-aalborg-daenemark-gastpraktikum-paulineprivat-13-1320x1760.jpg 1320w, https:\/\/blog.jena.de\/jenakultur\/wp-content\/uploads\/sites\/25\/2026\/01\/jenakultur-mein-auslandspraktikum-in-aalborg-daenemark-gastpraktikum-paulineprivat-13.jpg 1440w\" sizes=\"auto, (max-width: 750px) 100vw, 750px\" \/><figcaption class=\"wp-element-caption\">Halloween bei Aalborg Streetfood | \u00a9privat<\/figcaption><\/figure>\n\n\n\n<figure class=\"wp-block-image size-large\"><img loading=\"lazy\" decoding=\"async\" width=\"750\" height=\"1000\" data-id=\"18468\" src=\"https:\/\/blog.jena.de\/jenakultur\/wp-content\/uploads\/sites\/25\/2026\/01\/jenakultur-mein-auslandspraktikum-in-aalborg-daenemark-gastpraktikum-paulineprivat-14-750x1000.jpg\" alt=\"\" class=\"wp-image-18468\" srcset=\"https:\/\/blog.jena.de\/jenakultur\/wp-content\/uploads\/sites\/25\/2026\/01\/jenakultur-mein-auslandspraktikum-in-aalborg-daenemark-gastpraktikum-paulineprivat-14-750x1000.jpg 750w, https:\/\/blog.jena.de\/jenakultur\/wp-content\/uploads\/sites\/25\/2026\/01\/jenakultur-mein-auslandspraktikum-in-aalborg-daenemark-gastpraktikum-paulineprivat-14-375x500.jpg 375w, https:\/\/blog.jena.de\/jenakultur\/wp-content\/uploads\/sites\/25\/2026\/01\/jenakultur-mein-auslandspraktikum-in-aalborg-daenemark-gastpraktikum-paulineprivat-14-768x1024.jpg 768w, https:\/\/blog.jena.de\/jenakultur\/wp-content\/uploads\/sites\/25\/2026\/01\/jenakultur-mein-auslandspraktikum-in-aalborg-daenemark-gastpraktikum-paulineprivat-14-1152x1536.jpg 1152w, https:\/\/blog.jena.de\/jenakultur\/wp-content\/uploads\/sites\/25\/2026\/01\/jenakultur-mein-auslandspraktikum-in-aalborg-daenemark-gastpraktikum-paulineprivat-14-518x690.jpg 518w, https:\/\/blog.jena.de\/jenakultur\/wp-content\/uploads\/sites\/25\/2026\/01\/jenakultur-mein-auslandspraktikum-in-aalborg-daenemark-gastpraktikum-paulineprivat-14-1320x1760.jpg 1320w, https:\/\/blog.jena.de\/jenakultur\/wp-content\/uploads\/sites\/25\/2026\/01\/jenakultur-mein-auslandspraktikum-in-aalborg-daenemark-gastpraktikum-paulineprivat-14.jpg 1440w\" sizes=\"auto, (max-width: 750px) 100vw, 750px\" \/><figcaption class=\"wp-element-caption\">Weihnachten bei Aalborg Streetfood | \u00a9privat<\/figcaption><\/figure>\n<\/figure>\n\n\n\n<h2>Eventbetreuung \u2013 Von Bingo Bruvs bis J-Dag<\/h2>\n<p>Neben der Dekoration war ich auch in die Betreuung und Durchf\u00fchrung von Veranstaltungen eingebunden.<\/p>\n<p><em><strong>Bingo Bruvs<\/strong><br><\/em>Ein echtes Highlight war \u201eBingo Bruvs\u201c \u2013 ein Musik-Bingo. Es funktioniert wie das klassische Bingo, nur dass anstelle von Zahlen Songs gespielt werden. Ich half bei der Vorbereitung, begleitete den Ablauf. Die Mischung aus Musik, Unterhaltung und Bingo war eine spannende Erfahrung, die ich gleich zweimal w\u00e4hrend meines Aufenthalts miterleben durfte. Die Stimmung war ausgelassen und eine Erfahrung wert.<\/p>\n\n\n<div class=\"wp-block-image\">\n<figure class=\"aligncenter size-large is-resized\"><img loading=\"lazy\" decoding=\"async\" width=\"1000\" height=\"698\" src=\"https:\/\/blog.jena.de\/jenakultur\/wp-content\/uploads\/sites\/25\/2026\/01\/jenakultur-mein-auslandspraktikum-in-aalborg-daenemark-gastpraktikum-paulineprivat-12-1-1000x698.jpg\" alt=\"\" class=\"wp-image-18473\" style=\"aspect-ratio:1.4326663590240143;width:660px;height:auto\" srcset=\"https:\/\/blog.jena.de\/jenakultur\/wp-content\/uploads\/sites\/25\/2026\/01\/jenakultur-mein-auslandspraktikum-in-aalborg-daenemark-gastpraktikum-paulineprivat-12-1-1000x698.jpg 1000w, https:\/\/blog.jena.de\/jenakultur\/wp-content\/uploads\/sites\/25\/2026\/01\/jenakultur-mein-auslandspraktikum-in-aalborg-daenemark-gastpraktikum-paulineprivat-12-1-500x349.jpg 500w, https:\/\/blog.jena.de\/jenakultur\/wp-content\/uploads\/sites\/25\/2026\/01\/jenakultur-mein-auslandspraktikum-in-aalborg-daenemark-gastpraktikum-paulineprivat-12-1-768x536.jpg 768w, https:\/\/blog.jena.de\/jenakultur\/wp-content\/uploads\/sites\/25\/2026\/01\/jenakultur-mein-auslandspraktikum-in-aalborg-daenemark-gastpraktikum-paulineprivat-12-1-1536x1072.jpg 1536w, https:\/\/blog.jena.de\/jenakultur\/wp-content\/uploads\/sites\/25\/2026\/01\/jenakultur-mein-auslandspraktikum-in-aalborg-daenemark-gastpraktikum-paulineprivat-12-1-989x690.jpg 989w, https:\/\/blog.jena.de\/jenakultur\/wp-content\/uploads\/sites\/25\/2026\/01\/jenakultur-mein-auslandspraktikum-in-aalborg-daenemark-gastpraktikum-paulineprivat-12-1-1320x921.jpg 1320w, https:\/\/blog.jena.de\/jenakultur\/wp-content\/uploads\/sites\/25\/2026\/01\/jenakultur-mein-auslandspraktikum-in-aalborg-daenemark-gastpraktikum-paulineprivat-12-1.jpg 1920w\" sizes=\"auto, (max-width: 1000px) 100vw, 1000px\" \/><figcaption class=\"wp-element-caption\">Bingo Bruvs im Aaalborg Streetfood | \u00a9privat<\/figcaption><\/figure>\n<\/div>\n\n\n<p><em><strong>J-Dag \u2013 Ein typisch d\u00e4nisches Highlight<\/strong><br><\/em>Ein weiterer besonderer Moment war der J-Dag, der erste Freitag im November, an dem in D\u00e4nemark traditionell das Weihnachtsbier vorgestellt wird. Dieser Tag ist ein echtes Gro\u00dfereignis \u2013 vergleichbar mit dem Beginn der Gl\u00fchweinsaison bei uns, nur viel lauter und noch festlicher. An diesem Tag hatten wir gleich vier verschiedene Veranstaltungen: Einen Jazz-Abend, \u201eBingo Bruvs\u201c (J-Dag Edition), eine Weihnachtsfeier und eine Weihnachtsparty mit einem Weihnachtsmann-DJ. Ich bekam einen spannenden Einblick in die d\u00e4nische Feierkultur.<\/p>\n\n\n\n<p><em><strong>Flohm\u00e4rkte und Firmenevents<\/strong><br><\/em>Neben den gro\u00dfen Events habe ich auch kleinere Veranstaltungen wie Flohm\u00e4rkte und Firmenfeiern organisiert und betreut. Besonders spannend war die Abwechslung zwischen den unterschiedlichen Events \u2013 von der Planung \u00fcber den Auf- und Abbau bis hin zur Durchf\u00fchrung.<\/p>\n<h2><strong>Freizeit \u2013 D\u00e4nemark entdecken<\/strong><\/h2>\n<p>Nat\u00fcrlich wollte ich neben der Arbeit auch so viel wie m\u00f6glich von Nordjylland D\u00e4nemark sehen. Ich besuchte die Aalborg Pirates, den lokalen Eishockey-Verein und genoss die tolle Atmosph\u00e4re. Auch mit dem Fahrrad war ich oft unterwegs \u2013 sei es in der Stadt oder entlang des Fjords. Gemeinsam mit einer anderen Praktikantin unternahm ich St\u00e4dtetrips nach Aarhus, Skagen, Frederikshavn und Egholm. Aber auch oft verbrachten wir unsere Freizeit bei Aalborg Streetfood, spielten Billard oder Air Hockey. D\u00e4nemark hat mich mit seiner offenen Art, dem entspannten Lebensstil und der wundersch\u00f6nen Natur beeindruckt. Die Menschen dort sind herzlich und sehr nett und man konnte sich einfach nur wohlf\u00fchlen.<\/p>\n\n\n\n<figure class=\"wp-block-gallery has-nested-images columns-default is-cropped wp-block-gallery-3 is-layout-flex wp-block-gallery-is-layout-flex\">\n<figure class=\"wp-block-image size-large\"><img loading=\"lazy\" decoding=\"async\" width=\"1000\" height=\"754\" data-id=\"18475\" src=\"https:\/\/blog.jena.de\/jenakultur\/wp-content\/uploads\/sites\/25\/2026\/01\/jenakultur-mein-auslandspraktikum-in-aalborg-daenemark-gastpraktikum-paulineprivat-3-1000x754.jpg\" alt=\"\" class=\"wp-image-18475\" srcset=\"https:\/\/blog.jena.de\/jenakultur\/wp-content\/uploads\/sites\/25\/2026\/01\/jenakultur-mein-auslandspraktikum-in-aalborg-daenemark-gastpraktikum-paulineprivat-3-1000x754.jpg 1000w, https:\/\/blog.jena.de\/jenakultur\/wp-content\/uploads\/sites\/25\/2026\/01\/jenakultur-mein-auslandspraktikum-in-aalborg-daenemark-gastpraktikum-paulineprivat-3-500x377.jpg 500w, https:\/\/blog.jena.de\/jenakultur\/wp-content\/uploads\/sites\/25\/2026\/01\/jenakultur-mein-auslandspraktikum-in-aalborg-daenemark-gastpraktikum-paulineprivat-3-768x579.jpg 768w, https:\/\/blog.jena.de\/jenakultur\/wp-content\/uploads\/sites\/25\/2026\/01\/jenakultur-mein-auslandspraktikum-in-aalborg-daenemark-gastpraktikum-paulineprivat-3-1536x1158.jpg 1536w, https:\/\/blog.jena.de\/jenakultur\/wp-content\/uploads\/sites\/25\/2026\/01\/jenakultur-mein-auslandspraktikum-in-aalborg-daenemark-gastpraktikum-paulineprivat-3-916x690.jpg 916w, https:\/\/blog.jena.de\/jenakultur\/wp-content\/uploads\/sites\/25\/2026\/01\/jenakultur-mein-auslandspraktikum-in-aalborg-daenemark-gastpraktikum-paulineprivat-3-1320x995.jpg 1320w, https:\/\/blog.jena.de\/jenakultur\/wp-content\/uploads\/sites\/25\/2026\/01\/jenakultur-mein-auslandspraktikum-in-aalborg-daenemark-gastpraktikum-paulineprivat-3.jpg 1920w\" sizes=\"auto, (max-width: 1000px) 100vw, 1000px\" \/><figcaption class=\"wp-element-caption\">\u00a9privat<\/figcaption><\/figure>\n\n\n\n<figure class=\"wp-block-image size-large\"><img loading=\"lazy\" decoding=\"async\" width=\"750\" height=\"1000\" data-id=\"18479\" src=\"https:\/\/blog.jena.de\/jenakultur\/wp-content\/uploads\/sites\/25\/2026\/01\/jenakultur-mein-auslandspraktikum-in-aalborg-daenemark-gastpraktikum-paulineprivat-8-750x1000.jpg\" alt=\"\" class=\"wp-image-18479\" srcset=\"https:\/\/blog.jena.de\/jenakultur\/wp-content\/uploads\/sites\/25\/2026\/01\/jenakultur-mein-auslandspraktikum-in-aalborg-daenemark-gastpraktikum-paulineprivat-8-750x1000.jpg 750w, https:\/\/blog.jena.de\/jenakultur\/wp-content\/uploads\/sites\/25\/2026\/01\/jenakultur-mein-auslandspraktikum-in-aalborg-daenemark-gastpraktikum-paulineprivat-8-375x500.jpg 375w, https:\/\/blog.jena.de\/jenakultur\/wp-content\/uploads\/sites\/25\/2026\/01\/jenakultur-mein-auslandspraktikum-in-aalborg-daenemark-gastpraktikum-paulineprivat-8-768x1024.jpg 768w, https:\/\/blog.jena.de\/jenakultur\/wp-content\/uploads\/sites\/25\/2026\/01\/jenakultur-mein-auslandspraktikum-in-aalborg-daenemark-gastpraktikum-paulineprivat-8-1152x1536.jpg 1152w, https:\/\/blog.jena.de\/jenakultur\/wp-content\/uploads\/sites\/25\/2026\/01\/jenakultur-mein-auslandspraktikum-in-aalborg-daenemark-gastpraktikum-paulineprivat-8-518x690.jpg 518w, https:\/\/blog.jena.de\/jenakultur\/wp-content\/uploads\/sites\/25\/2026\/01\/jenakultur-mein-auslandspraktikum-in-aalborg-daenemark-gastpraktikum-paulineprivat-8-1320x1760.jpg 1320w, https:\/\/blog.jena.de\/jenakultur\/wp-content\/uploads\/sites\/25\/2026\/01\/jenakultur-mein-auslandspraktikum-in-aalborg-daenemark-gastpraktikum-paulineprivat-8.jpg 1440w\" sizes=\"auto, (max-width: 750px) 100vw, 750px\" \/><figcaption class=\"wp-element-caption\">\u00a9privat<\/figcaption><\/figure>\n\n\n\n<figure class=\"wp-block-image size-large\"><img loading=\"lazy\" decoding=\"async\" width=\"750\" height=\"1000\" data-id=\"18476\" src=\"https:\/\/blog.jena.de\/jenakultur\/wp-content\/uploads\/sites\/25\/2026\/01\/jenakultur-mein-auslandspraktikum-in-aalborg-daenemark-gastpraktikum-paulineprivat-9-750x1000.jpg\" alt=\"\" class=\"wp-image-18476\" srcset=\"https:\/\/blog.jena.de\/jenakultur\/wp-content\/uploads\/sites\/25\/2026\/01\/jenakultur-mein-auslandspraktikum-in-aalborg-daenemark-gastpraktikum-paulineprivat-9-750x1000.jpg 750w, https:\/\/blog.jena.de\/jenakultur\/wp-content\/uploads\/sites\/25\/2026\/01\/jenakultur-mein-auslandspraktikum-in-aalborg-daenemark-gastpraktikum-paulineprivat-9-375x500.jpg 375w, https:\/\/blog.jena.de\/jenakultur\/wp-content\/uploads\/sites\/25\/2026\/01\/jenakultur-mein-auslandspraktikum-in-aalborg-daenemark-gastpraktikum-paulineprivat-9-768x1024.jpg 768w, https:\/\/blog.jena.de\/jenakultur\/wp-content\/uploads\/sites\/25\/2026\/01\/jenakultur-mein-auslandspraktikum-in-aalborg-daenemark-gastpraktikum-paulineprivat-9-1152x1536.jpg 1152w, https:\/\/blog.jena.de\/jenakultur\/wp-content\/uploads\/sites\/25\/2026\/01\/jenakultur-mein-auslandspraktikum-in-aalborg-daenemark-gastpraktikum-paulineprivat-9-518x690.jpg 518w, https:\/\/blog.jena.de\/jenakultur\/wp-content\/uploads\/sites\/25\/2026\/01\/jenakultur-mein-auslandspraktikum-in-aalborg-daenemark-gastpraktikum-paulineprivat-9-1320x1760.jpg 1320w, https:\/\/blog.jena.de\/jenakultur\/wp-content\/uploads\/sites\/25\/2026\/01\/jenakultur-mein-auslandspraktikum-in-aalborg-daenemark-gastpraktikum-paulineprivat-9.jpg 1440w\" sizes=\"auto, (max-width: 750px) 100vw, 750px\" \/><figcaption class=\"wp-element-caption\">\u00a9privat<\/figcaption><\/figure>\n\n\n\n<figure class=\"wp-block-image size-large\"><img loading=\"lazy\" decoding=\"async\" width=\"750\" height=\"1000\" data-id=\"18478\" src=\"https:\/\/blog.jena.de\/jenakultur\/wp-content\/uploads\/sites\/25\/2026\/01\/jenakultur-mein-auslandspraktikum-in-aalborg-daenemark-gastpraktikum-paulineprivat-10-750x1000.jpg\" alt=\"\" class=\"wp-image-18478\" srcset=\"https:\/\/blog.jena.de\/jenakultur\/wp-content\/uploads\/sites\/25\/2026\/01\/jenakultur-mein-auslandspraktikum-in-aalborg-daenemark-gastpraktikum-paulineprivat-10-750x1000.jpg 750w, https:\/\/blog.jena.de\/jenakultur\/wp-content\/uploads\/sites\/25\/2026\/01\/jenakultur-mein-auslandspraktikum-in-aalborg-daenemark-gastpraktikum-paulineprivat-10-375x500.jpg 375w, https:\/\/blog.jena.de\/jenakultur\/wp-content\/uploads\/sites\/25\/2026\/01\/jenakultur-mein-auslandspraktikum-in-aalborg-daenemark-gastpraktikum-paulineprivat-10-768x1024.jpg 768w, https:\/\/blog.jena.de\/jenakultur\/wp-content\/uploads\/sites\/25\/2026\/01\/jenakultur-mein-auslandspraktikum-in-aalborg-daenemark-gastpraktikum-paulineprivat-10-1152x1536.jpg 1152w, https:\/\/blog.jena.de\/jenakultur\/wp-content\/uploads\/sites\/25\/2026\/01\/jenakultur-mein-auslandspraktikum-in-aalborg-daenemark-gastpraktikum-paulineprivat-10-518x690.jpg 518w, https:\/\/blog.jena.de\/jenakultur\/wp-content\/uploads\/sites\/25\/2026\/01\/jenakultur-mein-auslandspraktikum-in-aalborg-daenemark-gastpraktikum-paulineprivat-10-1320x1760.jpg 1320w, https:\/\/blog.jena.de\/jenakultur\/wp-content\/uploads\/sites\/25\/2026\/01\/jenakultur-mein-auslandspraktikum-in-aalborg-daenemark-gastpraktikum-paulineprivat-10.jpg 1440w\" sizes=\"auto, (max-width: 750px) 100vw, 750px\" \/><figcaption class=\"wp-element-caption\">\u00a9privat<\/figcaption><\/figure>\n\n\n\n<figure class=\"wp-block-image size-large\"><img loading=\"lazy\" decoding=\"async\" width=\"750\" height=\"1000\" data-id=\"18480\" src=\"https:\/\/blog.jena.de\/jenakultur\/wp-content\/uploads\/sites\/25\/2026\/01\/jenakultur-mein-auslandspraktikum-in-aalborg-daenemark-gastpraktikum-paulineprivat-11-750x1000.jpg\" alt=\"\" class=\"wp-image-18480\" srcset=\"https:\/\/blog.jena.de\/jenakultur\/wp-content\/uploads\/sites\/25\/2026\/01\/jenakultur-mein-auslandspraktikum-in-aalborg-daenemark-gastpraktikum-paulineprivat-11-750x1000.jpg 750w, https:\/\/blog.jena.de\/jenakultur\/wp-content\/uploads\/sites\/25\/2026\/01\/jenakultur-mein-auslandspraktikum-in-aalborg-daenemark-gastpraktikum-paulineprivat-11-375x500.jpg 375w, https:\/\/blog.jena.de\/jenakultur\/wp-content\/uploads\/sites\/25\/2026\/01\/jenakultur-mein-auslandspraktikum-in-aalborg-daenemark-gastpraktikum-paulineprivat-11-768x1024.jpg 768w, https:\/\/blog.jena.de\/jenakultur\/wp-content\/uploads\/sites\/25\/2026\/01\/jenakultur-mein-auslandspraktikum-in-aalborg-daenemark-gastpraktikum-paulineprivat-11-1152x1536.jpg 1152w, https:\/\/blog.jena.de\/jenakultur\/wp-content\/uploads\/sites\/25\/2026\/01\/jenakultur-mein-auslandspraktikum-in-aalborg-daenemark-gastpraktikum-paulineprivat-11-518x690.jpg 518w, https:\/\/blog.jena.de\/jenakultur\/wp-content\/uploads\/sites\/25\/2026\/01\/jenakultur-mein-auslandspraktikum-in-aalborg-daenemark-gastpraktikum-paulineprivat-11-1320x1760.jpg 1320w, https:\/\/blog.jena.de\/jenakultur\/wp-content\/uploads\/sites\/25\/2026\/01\/jenakultur-mein-auslandspraktikum-in-aalborg-daenemark-gastpraktikum-paulineprivat-11.jpg 1440w\" sizes=\"auto, (max-width: 750px) 100vw, 750px\" \/><figcaption class=\"wp-element-caption\">\u00a9privat<\/figcaption><\/figure>\n\n\n\n<figure class=\"wp-block-image size-large\"><img loading=\"lazy\" decoding=\"async\" width=\"750\" height=\"1000\" data-id=\"18477\" src=\"https:\/\/blog.jena.de\/jenakultur\/wp-content\/uploads\/sites\/25\/2026\/01\/jenakultur-mein-auslandspraktikum-in-aalborg-daenemark-gastpraktikum-paulineprivat-15-750x1000.jpg\" alt=\"\" class=\"wp-image-18477\" srcset=\"https:\/\/blog.jena.de\/jenakultur\/wp-content\/uploads\/sites\/25\/2026\/01\/jenakultur-mein-auslandspraktikum-in-aalborg-daenemark-gastpraktikum-paulineprivat-15-750x1000.jpg 750w, https:\/\/blog.jena.de\/jenakultur\/wp-content\/uploads\/sites\/25\/2026\/01\/jenakultur-mein-auslandspraktikum-in-aalborg-daenemark-gastpraktikum-paulineprivat-15-375x500.jpg 375w, https:\/\/blog.jena.de\/jenakultur\/wp-content\/uploads\/sites\/25\/2026\/01\/jenakultur-mein-auslandspraktikum-in-aalborg-daenemark-gastpraktikum-paulineprivat-15-768x1024.jpg 768w, https:\/\/blog.jena.de\/jenakultur\/wp-content\/uploads\/sites\/25\/2026\/01\/jenakultur-mein-auslandspraktikum-in-aalborg-daenemark-gastpraktikum-paulineprivat-15-1152x1536.jpg 1152w, https:\/\/blog.jena.de\/jenakultur\/wp-content\/uploads\/sites\/25\/2026\/01\/jenakultur-mein-auslandspraktikum-in-aalborg-daenemark-gastpraktikum-paulineprivat-15-518x690.jpg 518w, https:\/\/blog.jena.de\/jenakultur\/wp-content\/uploads\/sites\/25\/2026\/01\/jenakultur-mein-auslandspraktikum-in-aalborg-daenemark-gastpraktikum-paulineprivat-15-1320x1760.jpg 1320w, https:\/\/blog.jena.de\/jenakultur\/wp-content\/uploads\/sites\/25\/2026\/01\/jenakultur-mein-auslandspraktikum-in-aalborg-daenemark-gastpraktikum-paulineprivat-15.jpg 1440w\" sizes=\"auto, (max-width: 750px) 100vw, 750px\" \/><figcaption class=\"wp-element-caption\">\u00a9privat<\/figcaption><\/figure>\n<\/figure>\n\n\n\n<h2>Was ich mitnehme<\/h2>\n<p>Mein Auslandspraktikum in D\u00e4nemark war eine sehr wertvolle Erfahrung innerhalb meiner bisherigen Ausbildung. Ich konnte mich kreativ ausleben, internationale Arbeitserfahrungen sammeln und bin selbstbewusster und offener geworden. Au\u00dferdem habe ich viele neue Menschen kennengelernt und einen tiefen Einblick in eine andere Kultur erhalten.<\/p>\n<p>Ich kann allen Auszubildenden empfehlen, die diese Chance haben, diese zu nutzen!<\/p>\n\n\n\n<hr class=\"wp-block-separator has-alpha-channel-opacity\" \/>\n\n\n\n<p><em>Vielen Dank an Pauline Gathge f\u00fcr die Einblicke in ihr Auslandspraktikum! Haben Sie auch schon einmal Arbeitserfahrung im Ausland sammeln k\u00f6nnen? Erz\u00e4hlen Sie uns gern von Ihren Erfahrungen!<\/em><\/p>\n\n\n","protected":false},"excerpt":{"rendered":"<p>Ein Beitrag von Pauline Gathge, Azubi Veranstaltungskauffrau bei JenaKultur im 3. Lehrjahr Bereits im Bewerbungsgespr\u00e4ch wurde mir die M\u00f6glichkeit angeboten, ein Praktikum im&hellip;<\/p>\n","protected":false},"author":22,"featured_media":18481,"comment_status":"open","ping_status":"closed","sticky":false,"template":"","format":"standard","meta":{"footnotes":""},"categories":[1,9],"tags":[1082,46,641,993],"class_list":["post-18462","post","type-post","status-publish","format-standard","has-post-thumbnail","hentry","category-allgemein","category-jenakultur","tag-ausbildung-bei-jenakultur","tag-azubis","tag-personal-organisation","tag-veranstaltungsbereich"],"_links":{"self":[{"href":"https:\/\/blog.jena.de\/jenakultur\/wp-json\/wp\/v2\/posts\/18462","targetHints":{"allow":["GET"]}}],"collection":[{"href":"https:\/\/blog.jena.de\/jenakultur\/wp-json\/wp\/v2\/posts"}],"about":[{"href":"https:\/\/blog.jena.de\/jenakultur\/wp-json\/wp\/v2\/types\/post"}],"author":[{"embeddable":true,"href":"https:\/\/blog.jena.de\/jenakultur\/wp-json\/wp\/v2\/users\/22"}],"replies":[{"embeddable":true,"href":"https:\/\/blog.jena.de\/jenakultur\/wp-json\/wp\/v2\/comments?post=18462"}],"version-history":[{"count":8,"href":"https:\/\/blog.jena.de\/jenakultur\/wp-json\/wp\/v2\/posts\/18462\/revisions"}],"predecessor-version":[{"id":18670,"href":"https:\/\/blog.jena.de\/jenakultur\/wp-json\/wp\/v2\/posts\/18462\/revisions\/18670"}],"wp:featuredmedia":[{"embeddable":true,"href":"https:\/\/blog.jena.de\/jenakultur\/wp-json\/wp\/v2\/media\/18481"}],"wp:attachment":[{"href":"https:\/\/blog.jena.de\/jenakultur\/wp-json\/wp\/v2\/media?parent=18462"}],"wp:term":[{"taxonomy":"category","embeddable":true,"href":"https:\/\/blog.jena.de\/jenakultur\/wp-json\/wp\/v2\/categories?post=18462"},{"taxonomy":"post_tag","embeddable":true,"href":"https:\/\/blog.jena.de\/jenakultur\/wp-json\/wp\/v2\/tags?post=18462"}],"curies":[{"name":"wp","href":"https:\/\/api.w.org\/{rel}","templated":true}]}}