{"id":18131,"date":"2025-11-28T07:26:00","date_gmt":"2025-11-28T06:26:00","guid":{"rendered":"https:\/\/blog.jena.de\/jenakultur\/?p=18131"},"modified":"2025-11-28T14:43:56","modified_gmt":"2025-11-28T13:43:56","slug":"buehne-frei","status":"publish","type":"post","link":"https:\/\/blog.jena.de\/jenakultur\/2025\/11\/28\/buehne-frei\/","title":{"rendered":"B\u00fchne frei!"},"content":{"rendered":"\n\n\n<h2 class=\"wp-block-heading\"><strong>MKS-Clubkonzert im Kassablanca Jena<\/strong><\/h2>\n\n\n\n<p>Jedes Jahr verwandelt sich das <a href=\"https:\/\/www.kassablanca.de\/\" target=\"_blank\" rel=\"noopener\">Kassablanca Jena<\/a> f\u00fcr einen Abend in eine B\u00fchne f\u00fcr unsere Nachwuchsmusiker:innen der <a href=\"https:\/\/www.mks-jena.de\/de\/startseite\/548415\" target=\"_blank\" rel=\"noopener\">Musik- und Kunstschule Jena (MKS)<\/a>: beim <strong>MKS-Clubkonzert <\/strong>zeigen die Sch\u00fcler:innen der Fachrichtung <a href=\"https:\/\/www.mks-jena.de\/de\/angebote\/unterricht_instrumente_gesang\/jazzrockpop\/585686\" target=\"_blank\" rel=\"noopener\">JazzRockPop<\/a> unter Leitung von Martin Schwengner (Fachgruppenleiter), was sie gelernt haben und was in ihnen steckt.<\/p>\n<p>Mitrei\u00dfende Beats, gef\u00fchlvolle Balladen, erste Soli auf der gro\u00dfen B\u00fchne und der Stolz, gemeinsam etwas geschafft zu haben \u2013 das ist das Clubkonzert. Die j\u00e4hrliche Veranstaltung ist einer der vielen H\u00f6hepunkte im Schuljahr der MKS Jena und auch ein Beweis daf\u00fcr, was mit Engagement, Freude an Musik und starker p\u00e4dagogischer Begleitung m\u00f6glich ist.<\/p>\n<p>Wir waren mit der Kamera dabei, haben Stimmen eingefangen, G\u00e4nsehautmomente gesammelt und m\u00f6chten Sie in unserem neuen Video mitnehmen \u2013 hinter die Kulissen und mitten ins Geschehen. Unbedingt reinschauen!&nbsp;<\/p>\n\n\n\n<figure class=\"wp-block-embed is-type-video is-provider-youtube wp-block-embed-youtube wp-embed-aspect-16-9 wp-has-aspect-ratio\"><div class=\"wp-block-embed__wrapper\">\n<iframe loading=\"lazy\" title=\"MKS-Clubkonzert im Kassablanca Jena\" width=\"900\" height=\"506\" src=\"https:\/\/www.youtube.com\/embed\/-x-6uQ6esuY?feature=oembed\" frameborder=\"0\" allow=\"accelerometer; autoplay; clipboard-write; encrypted-media; gyroscope; picture-in-picture; web-share\" referrerpolicy=\"strict-origin-when-cross-origin\" allowfullscreen><\/iframe>\n<\/div><\/figure>\n\n\n\n<p>Ein gro\u00dfes Dankesch\u00f6n geht an den Erm\u00f6glicher dieses Formates, das Kassablanca Jena. F\u00fcr die Sch\u00fcler:innen und Lehrer:innen ist es etwas ganz Besonderes, einmal auf einer realen B\u00fchne zu stehen, das echte Gef\u00fchl, was das hei\u00dft, und auch \u2013 was nicht selbstverst\u00e4ndlich ist \u2013 die gleichen M\u00f6glichkeiten zu bekommen wie die richtigen Profis.<\/p>\n<p><em>Sie oder Ihre Kids wollen auch auf die B\u00fchne? Musik lernen? Im Rampenlicht stehen? Sich einmal im Leben wie ein Star f\u00fchlen? Dann ist die Musik- und Kunstschule Jena genau der richtige Ort daf\u00fcr!<\/em><\/p>\n<p>Mehr zur MKS Jena &amp; Anmeldung: <a href=\"http:\/\/www.mks-jena.de\">www.mks-jena.de<\/a><\/p>\n<p>\u00a0<\/p>\n","protected":false},"excerpt":{"rendered":"<p>MKS-Clubkonzert im Kassablanca Jena Jedes Jahr verwandelt sich das Kassablanca Jena f\u00fcr einen Abend in eine B\u00fchne f\u00fcr unsere Nachwuchsmusiker:innen der Musik- und&hellip;<\/p>\n","protected":false},"author":22,"featured_media":18130,"comment_status":"open","ping_status":"closed","sticky":false,"template":"","format":"standard","meta":{"footnotes":""},"categories":[1,706,20],"tags":[1255,550,277],"class_list":["post-18131","post","type-post","status-publish","format-standard","has-post-thumbnail","hentry","category-allgemein","category-kultur-in-jena","category-mks","tag-clubkonzert","tag-kassablanca","tag-mks"],"_links":{"self":[{"href":"https:\/\/blog.jena.de\/jenakultur\/wp-json\/wp\/v2\/posts\/18131","targetHints":{"allow":["GET"]}}],"collection":[{"href":"https:\/\/blog.jena.de\/jenakultur\/wp-json\/wp\/v2\/posts"}],"about":[{"href":"https:\/\/blog.jena.de\/jenakultur\/wp-json\/wp\/v2\/types\/post"}],"author":[{"embeddable":true,"href":"https:\/\/blog.jena.de\/jenakultur\/wp-json\/wp\/v2\/users\/22"}],"replies":[{"embeddable":true,"href":"https:\/\/blog.jena.de\/jenakultur\/wp-json\/wp\/v2\/comments?post=18131"}],"version-history":[{"count":8,"href":"https:\/\/blog.jena.de\/jenakultur\/wp-json\/wp\/v2\/posts\/18131\/revisions"}],"predecessor-version":[{"id":18150,"href":"https:\/\/blog.jena.de\/jenakultur\/wp-json\/wp\/v2\/posts\/18131\/revisions\/18150"}],"wp:featuredmedia":[{"embeddable":true,"href":"https:\/\/blog.jena.de\/jenakultur\/wp-json\/wp\/v2\/media\/18130"}],"wp:attachment":[{"href":"https:\/\/blog.jena.de\/jenakultur\/wp-json\/wp\/v2\/media?parent=18131"}],"wp:term":[{"taxonomy":"category","embeddable":true,"href":"https:\/\/blog.jena.de\/jenakultur\/wp-json\/wp\/v2\/categories?post=18131"},{"taxonomy":"post_tag","embeddable":true,"href":"https:\/\/blog.jena.de\/jenakultur\/wp-json\/wp\/v2\/tags?post=18131"}],"curies":[{"name":"wp","href":"https:\/\/api.w.org\/{rel}","templated":true}]}}