{"id":1812,"date":"2020-03-22T09:00:00","date_gmt":"2020-03-22T08:00:00","guid":{"rendered":"https:\/\/blog.jena.de\/jenakultur\/?p=1812"},"modified":"2020-04-15T08:49:45","modified_gmt":"2020-04-15T06:49:45","slug":"wir-bleiben-fuer-sie-da","status":"publish","type":"post","link":"https:\/\/blog.jena.de\/jenakultur\/2020\/03\/22\/wir-bleiben-fuer-sie-da\/","title":{"rendered":"Wir bleiben (f\u00fcr Sie) da!!"},"content":{"rendered":"\n<p>Wir erweitern unsere Online-Angebote<\/p>\n<p>Allen Interessierten an Kultur und Kultureller Bildung sei gesagt: wir von JenaKultur sind und bleiben da! Nur m\u00fcssen die Begegnungen mit Euch und Ihnen f\u00fcr eine gewisse Zeit anders erfolgen. Digital eben!<\/p>\n<p>Unsere Einrichtungen haben da bereits einiges auf den Weg gebracht. Unsere <strong>Volkshochschule<\/strong> wird ab sofort \u201eWissensh\u00e4ppchen der Woche\u201c pr\u00e4sentieren. Das werden Online-Angebote sein: Links mit Angeboten. Diese werden aus vielen Themenbereichen kommen \u2013 sozusagen \u201equerbeet\u201c: Kunst, Geschichte, Gesundheit, Sprachen, EDV \u2013 und was es sonst noch so an interessanten Themengebieten gibt. Vortr\u00e4ge, Mitmach-Angebote, die Sie bequem und kostenfrei von zu Hause aus annehmen k\u00f6nnen. Siehe: <a href=\"https:\/\/www.vhs-jena.de\" target=\"_blank\" rel=\"noopener noreferrer\">www.vhs-jena.de<\/a><\/p>\n<p>Die <strong>Jenaer Philharmonie<\/strong> stellt ab heute eine \u201eCD der Woche\u201c vor. Aus der Einrichtung hei\u00dft es dazu:\u00a0\u201eWir m\u00f6chten unser Orchester weiterhin f\u00fcr sein Publikum erlebbar machen \u2013 in digitaler Variante, in den heimischen vier W\u00e4nden. Daf\u00fcr haben wir ins CD-Regal geschaut, in dem sich viele wunderbare Aufnahmen der <a href=\"https:\/\/jenaer-philharmonie.de\" target=\"_blank\" rel=\"noopener noreferrer\">Jenaer Philharmonie<\/a> finden, die wir in den n\u00e4chsten Wochen zum Anh\u00f6ren auf unserer Homepage bereitstellen wollen. <br \/>Dieses Angebot wird kostenfrei zur Verf\u00fcgung gestellt. Wir m\u00f6chten aber an dieser Stelle auf die dramatischen finanziellen Auswirkungen aufmerksam machen, die die Corona-Krise f\u00fcr unsere freischaffenden Kollegen hat und w\u00fcrden Sie herzlich bitten, statt einer Eintrittskarte f\u00fcr dieses virtuelle \u201eKonzert\u201c der Deutschen Orchester-Stiftung eine Spende zukommen zu lassen, die eine bundesweite Spendenkampagne zugunsten freischaffender Berufsmusiker gestartet hat. Alle Informationen dazu finden Sie unter: <a href=\"https:\/\/orchesterstiftung.de\/nothilfefonds\/\" target=\"_blank\" rel=\"noopener noreferrer\">https:\/\/orchesterstiftung.de\/nothilfefonds\/<\/a><\/p>\n<p>Die <strong>Ernst-Abbe-B\u00fccherei<\/strong> hat auch ihre digitalen Angebote erweitert. Dazu muss nat\u00fcrlich der Bibliotheksausweis g\u00fcltig sein. Da die Bibliothek von 10:00 bis 15.00 Uhr einen Telefonservice eingerichtet hat, k\u00f6nnen Sie auch in dieser Zeit telefonisch Ihre Ausweise verl\u00e4ngern lassen. F\u00fcr Kinder l\u00e4dt die interaktive <em>Lese-App Tigerbooks<\/em> zu spannenden Geschichten ein.\u00a0Die <em>Brockhaus Enzyklop\u00e4die<\/em> und das <em>Brockhaus Jugendlexikon<\/em> helfen bei der Vorbereitung von Referaten und Pr\u00e4sentationen und \u00fcber <em>Brockhaus Sch\u00fclertraining<\/em> kann man interaktiv und abwechslungsreich f\u00fcr verschiedene Schulf\u00e4cher \u00fcben.\u00a0E-Medien zum Ausleihen f\u00fcr Ihre digitalen Ger\u00e4te und eBookReader finden Sie rund um die Uhr \u00fcber die Seite <em>ThueBibnet.\u00a0<\/em>Das <em>Infoportal Genios eBiB<\/em> ist ein Presseportal, mit dem Sie in Zeitungen und Zeitschriften lesen und recherchieren k\u00f6nnen.\u00a0Und ganz neu: Die <em>Video-on-Demand-Plattform Filmfriend<\/em>. Das Angebot reicht von deutschen Klassikern \u00fcber anspruchsvolle Dokumentationen bis hin zu internationalem Arthouse-Kino und Kinderserien. Der Katalog wird stetig erweitert. Filmfriend vermittelt Hintergrundinformationen zu den Filmschaffenden, den Regisseuren, Produzenten und Darstellern.<\/p>\n<p>Also auf in die Bibliothek \u2013 online! <a href=\"http:\/\/www.stadtbibliothek-jena.de\/\" target=\"_blank\" rel=\"noopener noreferrer\">www.stadtbibliothek-jena.de<\/a><\/p>\n<p>Schlie\u00dflich ist auch die <strong>Musik- und Kunstschule<\/strong> dabei, digitale Kurse zu entwickeln. Bei einem wird JenaKultur nach Kr\u00e4ften supporten. Es hei\u00dft \u201e100 Ukulelen f\u00fcr Jena\u201c und wurde initiiert von dem Musiklehrer Philipp Sch\u00e4ffler. Schauen Sie dazu unter <a href=\"https:\/\/www.youtube.com\/watch?v=PqQTVi55J2I&amp;t=85s\">https:\/\/www.youtube.com\/watch?v=PqQTVi55J2I&amp;t=85s<\/a><\/p>\n<p>Und bei einer bundesweiten Initiative einer Balkonmusikaktion nach italienischem Vorbild am Sonntag, 22. M\u00e4rz 2020, 18 Uhr, werden Musikschullehrer aus Jena mitwirken.<\/p>\n<p><strong>Bleiben Sie gesund UND uns gewogen und schauen Sie regelm\u00e4\u00dfig auf unsere Website <a href=\"https:\/\/www.jenakultur.de\" target=\"_blank\" rel=\"noopener noreferrer\">www.jenakultur.de<\/a> und unseren Blog <a href=\"https:\/\/blog.jena.de\/jenakultur\/\" target=\"_blank\" rel=\"noopener noreferrer\">https:\/\/blog.jena.de\/jenakultur\/<\/a>. Wir bem\u00fchen uns, unsere Angebote f\u00fcr Sie auf neuen Wegen zu erweitern. Diskutieren Sie gern mit uns!<\/strong><\/p>\n","protected":false},"excerpt":{"rendered":"<p>Wir erweitern unsere Online-Angebote Allen Interessierten an Kultur und Kultureller Bildung sei gesagt: wir von JenaKultur sind und bleiben da! Nur m\u00fcssen die&hellip;<\/p>\n","protected":false},"author":22,"featured_media":1815,"comment_status":"open","ping_status":"closed","sticky":false,"template":"","format":"standard","meta":{"footnotes":""},"categories":[1,9],"tags":[481,473,482,478,479],"class_list":["post-1812","post","type-post","status-publish","format-standard","has-post-thumbnail","hentry","category-allgemein","category-jenakultur","tag-cd","tag-corona","tag-digital","tag-online","tag-wissenshaeppchen"],"_links":{"self":[{"href":"https:\/\/blog.jena.de\/jenakultur\/wp-json\/wp\/v2\/posts\/1812","targetHints":{"allow":["GET"]}}],"collection":[{"href":"https:\/\/blog.jena.de\/jenakultur\/wp-json\/wp\/v2\/posts"}],"about":[{"href":"https:\/\/blog.jena.de\/jenakultur\/wp-json\/wp\/v2\/types\/post"}],"author":[{"embeddable":true,"href":"https:\/\/blog.jena.de\/jenakultur\/wp-json\/wp\/v2\/users\/22"}],"replies":[{"embeddable":true,"href":"https:\/\/blog.jena.de\/jenakultur\/wp-json\/wp\/v2\/comments?post=1812"}],"version-history":[{"count":19,"href":"https:\/\/blog.jena.de\/jenakultur\/wp-json\/wp\/v2\/posts\/1812\/revisions"}],"predecessor-version":[{"id":2034,"href":"https:\/\/blog.jena.de\/jenakultur\/wp-json\/wp\/v2\/posts\/1812\/revisions\/2034"}],"wp:featuredmedia":[{"embeddable":true,"href":"https:\/\/blog.jena.de\/jenakultur\/wp-json\/wp\/v2\/media\/1815"}],"wp:attachment":[{"href":"https:\/\/blog.jena.de\/jenakultur\/wp-json\/wp\/v2\/media?parent=1812"}],"wp:term":[{"taxonomy":"category","embeddable":true,"href":"https:\/\/blog.jena.de\/jenakultur\/wp-json\/wp\/v2\/categories?post=1812"},{"taxonomy":"post_tag","embeddable":true,"href":"https:\/\/blog.jena.de\/jenakultur\/wp-json\/wp\/v2\/tags?post=1812"}],"curies":[{"name":"wp","href":"https:\/\/api.w.org\/{rel}","templated":true}]}}