{"id":1804,"date":"2020-03-20T07:30:00","date_gmt":"2020-03-20T06:30:00","guid":{"rendered":"https:\/\/blog.jena.de\/jenakultur\/?p=1804"},"modified":"2020-03-19T16:10:27","modified_gmt":"2020-03-19T15:10:27","slug":"museumswerkstatt-in-jena-eroeffnet","status":"publish","type":"post","link":"https:\/\/blog.jena.de\/jenakultur\/2020\/03\/20\/museumswerkstatt-in-jena-eroeffnet\/","title":{"rendered":"Museumswerkstatt in Jena er\u00f6ffnet"},"content":{"rendered":"\n<p><strong>St\u00e4dtische Museen Jena er\u00f6ffnen neue Museumswerkstatt mit einem lachenden und einem weinenden Auge<br \/><br \/><\/strong>Runter vom Dachboden der G\u00f6hre ins Offene, Sichtbare \u2013 mitten in Jenas Zentrum \u2013 das ist die Devise der neuen Museumswerkstatt der <a href=\"https:\/\/www.museen-jena.de\/\" target=\"_blank\" rel=\"noopener noreferrer\">St\u00e4dtischen Museen Jena<\/a>. Er\u00f6ffnet wurde die Werkstatt vergangenen Freitag (13. M\u00e4rz 2020) in der Saalstra\u00dfe, im ehemaligen Raum der Kirchgemeinde Stadtmitte. So wird die Jenaer Museumsp\u00e4dagogik endlich sichtbar und barrierearm.<\/p>\n<p>Wir haben von der Er\u00f6ffnung mit dem Oberb\u00fcrgermeister ein kleines Video f\u00fcr Sie erstellen lassen \u2013 schauen Sie doch mal rein!<\/p>\n\n\n\n<figure class=\"wp-block-embed-youtube wp-block-embed is-type-video is-provider-youtube wp-embed-aspect-16-9 wp-has-aspect-ratio\"><div class=\"wp-block-embed__wrapper\">\n<iframe loading=\"lazy\" title=\"Neue Museumswerkstatt der St\u00e4dtischen Museen Jena\" width=\"900\" height=\"506\" src=\"https:\/\/www.youtube.com\/embed\/tmKWz4O6M7E?feature=oembed\" frameborder=\"0\" allow=\"accelerometer; autoplay; encrypted-media; gyroscope; picture-in-picture\" allowfullscreen><\/iframe>\n<\/div><\/figure>\n\n\n\n<p>Toll, wie multifunktional der kleine Raum geworden ist, oder?<\/p>\n\n\n\n<p>Doch bei aller Freude war auch ein weinendes Auge dabei. Direkt nach der Er\u00f6ffnung musste die Museumswerkstatt aufgrund der aktuellen <a href=\"https:\/\/www.jena.de\/corona\" target=\"_blank\" rel=\"noreferrer noopener\">Allgemeinverf\u00fcgung der Stadt Jena<\/a> gleich wieder geschlossen werden. Selbstverst\u00e4ndlich informieren wir, wenn die Werkstatt f\u00fcr Lesungen, Vortr\u00e4ge, Kreativit\u00e4t und vieles mehr \u00f6ffentlich zur Verf\u00fcgung steht. Aber auch daneben sieht der Direktor der St\u00e4dtischen Museen Jena, Dr. Ulf H\u00e4der, diesen Prozess mit der Werkstatt l\u00e4ngst nicht als beendet an. Wie es weiter geht? Dran bleiben, wir informieren \u2026<\/p>\n\n\n\n<p><strong>Wie immer kommen wir auch zu diesem Thema gern mit Ihnen ins Gespr\u00e4ch! Wie finden Sie die Idee? Gef\u00e4llt Ihnen das Video? Haben Ihre Kinder oder Enkel schon einmal eines der vielen museump\u00e4dagogischen Angebote genutzt oder einen Kindergeburtstag im Museum gefeiert?<\/strong><\/p>\n","protected":false},"excerpt":{"rendered":"<p>St\u00e4dtische Museen Jena er\u00f6ffnen neue Museumswerkstatt mit einem lachenden und einem weinenden Auge Runter vom Dachboden der G\u00f6hre ins Offene, Sichtbare \u2013 mitten&hellip;<\/p>\n","protected":false},"author":22,"featured_media":1805,"comment_status":"open","ping_status":"closed","sticky":false,"template":"","format":"standard","meta":{"footnotes":""},"categories":[1,9,24],"tags":[144,264,261],"class_list":["post-1804","post","type-post","status-publish","format-standard","has-post-thumbnail","hentry","category-allgemein","category-jenakultur","category-staedtische-museen","tag-museumslandschaft","tag-museumspaedagogik","tag-museumswerkstatt"],"_links":{"self":[{"href":"https:\/\/blog.jena.de\/jenakultur\/wp-json\/wp\/v2\/posts\/1804","targetHints":{"allow":["GET"]}}],"collection":[{"href":"https:\/\/blog.jena.de\/jenakultur\/wp-json\/wp\/v2\/posts"}],"about":[{"href":"https:\/\/blog.jena.de\/jenakultur\/wp-json\/wp\/v2\/types\/post"}],"author":[{"embeddable":true,"href":"https:\/\/blog.jena.de\/jenakultur\/wp-json\/wp\/v2\/users\/22"}],"replies":[{"embeddable":true,"href":"https:\/\/blog.jena.de\/jenakultur\/wp-json\/wp\/v2\/comments?post=1804"}],"version-history":[{"count":6,"href":"https:\/\/blog.jena.de\/jenakultur\/wp-json\/wp\/v2\/posts\/1804\/revisions"}],"predecessor-version":[{"id":1811,"href":"https:\/\/blog.jena.de\/jenakultur\/wp-json\/wp\/v2\/posts\/1804\/revisions\/1811"}],"wp:featuredmedia":[{"embeddable":true,"href":"https:\/\/blog.jena.de\/jenakultur\/wp-json\/wp\/v2\/media\/1805"}],"wp:attachment":[{"href":"https:\/\/blog.jena.de\/jenakultur\/wp-json\/wp\/v2\/media?parent=1804"}],"wp:term":[{"taxonomy":"category","embeddable":true,"href":"https:\/\/blog.jena.de\/jenakultur\/wp-json\/wp\/v2\/categories?post=1804"},{"taxonomy":"post_tag","embeddable":true,"href":"https:\/\/blog.jena.de\/jenakultur\/wp-json\/wp\/v2\/tags?post=1804"}],"curies":[{"name":"wp","href":"https:\/\/api.w.org\/{rel}","templated":true}]}}