{"id":16441,"date":"2025-05-06T11:23:00","date_gmt":"2025-05-06T09:23:00","guid":{"rendered":"https:\/\/blog.jena.de\/jenakultur\/?p=16441"},"modified":"2025-05-05T12:25:35","modified_gmt":"2025-05-05T10:25:35","slug":"regional-kreativ-und-genussvoll-das-sind-die-handgemacht-tage","status":"publish","type":"post","link":"https:\/\/blog.jena.de\/jenakultur\/2025\/05\/06\/regional-kreativ-und-genussvoll-das-sind-die-handgemacht-tage\/","title":{"rendered":"Regional, kreativ und genussvoll \u2013 das sind die handgemacht-Tage"},"content":{"rendered":"\n<p>Am 5. &amp; 6. April war es endlich wieder so weit: Nach rund 2 Jahren pr\u00e4sentierten sich H\u00e4ndler:innen, Kunsthandwerk-Schaffende, Food-K\u00fcnstler:innen und andere Produzentierende aus Jena und der Saale-Unstrut-Region auf dem Jenaer Marktplatz. Nachdem das Veranstaltungsformat letztes Jahr in Hof gastierte, sind\u00a0 die <a href=\"https:\/\/www.jenakultur.de\/de\/maerkte_und_stadtfeste\/handgemacht-tage\/980741\" target=\"_blank\" rel=\"noopener\">handgemacht-Tage<\/a> 2025 in die Lichtstadt zur\u00fcckgekehrt und bereichern dort auch f\u00fcr die n\u00e4chsten Jahre die Innenstadt.<\/p>\n\n\n\n<p>Wie viel Herzblut an den angebotenen Produkten h\u00e4ngt, war schnell wahrzunehmen, sobald man sich den St\u00e4nden n\u00e4herte. Die H\u00e4ndler:innen brennen f\u00fcr ihre Erzeugnisse und haben Spa\u00df, diese mit Interessierten zu teilen: Von der Trinkflaschen-Tasche, \u00fcber heimischen Cider oder Wein, Naturkosmetik bis hin zu Holzspielzeug oder Schmiedekunst. Nat\u00fcrlich gab es auch kulinarische K\u00f6stlichkeiten wie Handbrot oder leckeres Eis auf die Hand. Dar\u00fcber hinaus trug die handgemachte Musik auf der B\u00fchne im Zentrum des Marktplatzes zu einer besonderen Stimmung bei. Am ersten Aprilwochenende 2025 konnte man jede Menge sehen, erleben oder auch Kostproben erhaschen.<\/p>\n\n\n\n<p>Nat\u00fcrlich tr\u00e4gt sich so eine Veranstaltung nicht von selbst. JenaKultur hat mit dem <a href=\"https:\/\/www.saale-unstrut-tourismus.de\/\" target=\"_blank\" rel=\"noopener\">Saale-Unstrut Tourismus<\/a> mit seinem <a href=\"https:\/\/www.handgemacht-saale-unstrut.de\/\" target=\"_blank\" rel=\"noopener\">handgemacht<\/a>-Netzwerk und der <a href=\"https:\/\/www.innenstadt-jena.de\/\" target=\"_blank\" rel=\"noopener\">Initiative Innenstadt Jena<\/a> zwei starke Partner an der Seite.<\/p>\n<p>Das Blogvideo berichtet \u00fcber die Entstehung der handgemacht-Tage, wie die Veranstaltung erfolgreich geplant und umgesetzt werden konnte und gibt einen Ausblick auf das Zukunftskonzept M\u00e4rkte &amp; Stadtfeste:<\/p>\n\n\n\n<figure class=\"wp-block-embed is-type-video is-provider-youtube wp-block-embed-youtube wp-embed-aspect-16-9 wp-has-aspect-ratio\"><div class=\"wp-block-embed__wrapper\">\n<iframe loading=\"lazy\" title=\"handgemacht-Tage\" width=\"900\" height=\"506\" src=\"https:\/\/www.youtube.com\/embed\/HuU6QTCrdr0?feature=oembed\" frameborder=\"0\" allow=\"accelerometer; autoplay; clipboard-write; encrypted-media; gyroscope; picture-in-picture; web-share\" referrerpolicy=\"strict-origin-when-cross-origin\" allowfullscreen><\/iframe>\n<\/div><\/figure>\n\n\n\n<hr class=\"wp-block-separator has-alpha-channel-opacity\" \/>\n\n\n\n<p><em>Hat dieser Blogfilm Lust auf mehr Veranstaltungen dieser Art gemacht? Dann lohnt sich mit Sicherheit auch ein Besuch auf unsere weiteren Jenaer M\u00e4rkte:<\/em><\/p>\n<ul>\n<li><a href=\"https:\/\/www.jenakultur.de\/de\/maerkte_und_stadtfeste\/toepfermarkt\/605601\" target=\"_blank\" rel=\"noopener\">Jenaer T\u00f6pfermarkt<\/a> | 26. &amp; 27. Juli 2025<\/li>\n<li><a href=\"https:\/\/www.jenakultur.de\/de\/maerkte_und_stadtfeste\/weihnachtsmarkt\/605603\" target=\"_blank\" rel=\"noopener\">Jenaer Weihnachtsmarkt<\/a> | 27. November \u2013 14. Dezember 2025<\/li>\n<li><a href=\"https:\/\/www.jenakultur.de\/de\/maerkte_und_stadtfeste\/thueringer_holzmarkt\/605599\" target=\"_blank\" rel=\"noopener\">Th\u00fcringer Holzmarkt<\/a> | 11. April 2026 <span style=\"color: #ff0000\"><br><\/span><\/li>\n<\/ul>\n\n\n","protected":false},"excerpt":{"rendered":"<p>Am 5. &amp; 6. April war es endlich wieder so weit: Nach rund 2 Jahren pr\u00e4sentierten sich H\u00e4ndler:innen, Kunsthandwerk-Schaffende, Food-K\u00fcnstler:innen und andere Produzentierende&hellip;<\/p>\n","protected":false},"author":22,"featured_media":16445,"comment_status":"open","ping_status":"closed","sticky":false,"template":"","format":"standard","meta":{"footnotes":""},"categories":[1,9,706,19],"tags":[961,1215,34,6,82,348,762,234],"class_list":["post-16441","post","type-post","status-publish","format-standard","has-post-thumbnail","hentry","category-allgemein","category-jenakultur","category-kultur-in-jena","category-maerkte-stadtfeste","tag-handgemacht","tag-handgemacht-tage","tag-jena","tag-jenakultur","tag-kultur","tag-kultur-in-jena","tag-maerkte-stadtfeste","tag-veranstaltungen"],"_links":{"self":[{"href":"https:\/\/blog.jena.de\/jenakultur\/wp-json\/wp\/v2\/posts\/16441","targetHints":{"allow":["GET"]}}],"collection":[{"href":"https:\/\/blog.jena.de\/jenakultur\/wp-json\/wp\/v2\/posts"}],"about":[{"href":"https:\/\/blog.jena.de\/jenakultur\/wp-json\/wp\/v2\/types\/post"}],"author":[{"embeddable":true,"href":"https:\/\/blog.jena.de\/jenakultur\/wp-json\/wp\/v2\/users\/22"}],"replies":[{"embeddable":true,"href":"https:\/\/blog.jena.de\/jenakultur\/wp-json\/wp\/v2\/comments?post=16441"}],"version-history":[{"count":9,"href":"https:\/\/blog.jena.de\/jenakultur\/wp-json\/wp\/v2\/posts\/16441\/revisions"}],"predecessor-version":[{"id":16458,"href":"https:\/\/blog.jena.de\/jenakultur\/wp-json\/wp\/v2\/posts\/16441\/revisions\/16458"}],"wp:featuredmedia":[{"embeddable":true,"href":"https:\/\/blog.jena.de\/jenakultur\/wp-json\/wp\/v2\/media\/16445"}],"wp:attachment":[{"href":"https:\/\/blog.jena.de\/jenakultur\/wp-json\/wp\/v2\/media?parent=16441"}],"wp:term":[{"taxonomy":"category","embeddable":true,"href":"https:\/\/blog.jena.de\/jenakultur\/wp-json\/wp\/v2\/categories?post=16441"},{"taxonomy":"post_tag","embeddable":true,"href":"https:\/\/blog.jena.de\/jenakultur\/wp-json\/wp\/v2\/tags?post=16441"}],"curies":[{"name":"wp","href":"https:\/\/api.w.org\/{rel}","templated":true}]}}