{"id":16107,"date":"2025-08-08T07:30:00","date_gmt":"2025-08-08T05:30:00","guid":{"rendered":"https:\/\/blog.jena.de\/jenakultur\/?p=16107"},"modified":"2025-07-22T13:45:30","modified_gmt":"2025-07-22T11:45:30","slug":"20-fun-facts-zu-20-jahren-jenakultur","status":"publish","type":"post","link":"https:\/\/blog.jena.de\/jenakultur\/2025\/08\/08\/20-fun-facts-zu-20-jahren-jenakultur\/","title":{"rendered":"20 Jahre JenaKultur \u2013 20 (Fun)Facts"},"content":{"rendered":"\n<p><a href=\"https:\/\/www.jenakultur.de\/de\/startseite\/605322\" target=\"_blank\" rel=\"noreferrer noopener\">JenaKultur<\/a> feiert 2025 sein 20-j\u00e4hriges Bestehen! Zur Feier dieses Jubil\u00e4ums haben wir unsere Kolleg:innen nach spannenden, lustigen und \u00fcberraschenden Fakten aus den letzten zwei Jahrzehnten befragt und hier zusammengestellt. Viel Spa\u00df beim Lesen! \ud83d\ude09<\/p>\n\n\n\n<ol start=\"1\" class=\"wp-block-list\">\n<li>Publikumsliebling: Seit ihrer Gr\u00fcndung hat die <strong><a href=\"https:\/\/www.kulturarena.de\/\" target=\"_blank\" rel=\"noreferrer noopener\">Kulturarena Jena<\/a> <\/strong>rund 1,9 Millionen G\u00e4ste und \u00fcber 800 K\u00fcnstler:innen aus etwa 90 verschiedenen L\u00e4ndern begr\u00fc\u00dft.<\/li>\n\n\n\n<li>Materialschlacht: Beim Bau der neuen <strong><a href=\"https:\/\/www.stadtbibliothek-jena.de\" target=\"_blank\" rel=\"noreferrer noopener\">Ernst-Abbe-B\u00fccherei Jena<\/a><\/strong> (EAB) am Engelplatz wurden 7.500 m\u00b3 Beton und 1.500.000 kg Stahl verbaut. Die EAB erstreckt sich \u00fcber 3.800 m\u00b2, ist 21,88 m hoch und beherbergt rund 130.000 Medien.<\/li>\n\n\n\n<li>Kultur verbindet: Die Lehrer:innen der <strong><a href=\"https:\/\/www.mks-jena.de\" target=\"_blank\" rel=\"noreferrer noopener\">Musik- und Kunstschule Jena (MKS)<\/a><\/strong> stammen aus 17 verschiedenen Nationen.<\/li>\n\n\n\n<li>Kunsthistorische \u00dcberraschung: Das einzige bekannte Gem\u00e4lde von Clara Rosenthal galt lange als die &#8222;Sch\u00f6ne Prinzessin vom M\u00f6hnesee&#8220;, bis es schlie\u00dflich an seinen rechtm\u00e4\u00dfigen Platz in die <strong><a href=\"https:\/\/villa-rosenthal-jena.de\" target=\"_blank\" rel=\"noreferrer noopener\">Villa Rosenthal Jena<\/a><\/strong> zur\u00fcckkehrte.<\/li>\n\n\n\n<li>Testobjekt: Das <strong><a href=\"https:\/\/volkshaus-jena.de\" target=\"_blank\" rel=\"noreferrer noopener\">Volkshaus Jena<\/a><\/strong> diente 2020 u. a. f\u00fcr L\u00fcftungsexperimente mit Veranstaltungsnebel und Zeitmessungen, um herauszufinden, wie lange Aerosole in der Luft bleiben und Veranstaltungen so sicherer vor Corona\u00fcbertragung zu machen.<\/li>\n\n\n\n<li>Wiedervereinigung: Die <strong><a href=\"https:\/\/www.kunstsammlung-jena.de\/de\/startseite\/678376\" target=\"_blank\" rel=\"noreferrer noopener\">Kunstsammlung Jena<\/a><\/strong> war 2014 deutschlandweit in den Medien. Hintergrund war die Schenkung der Sammlung Opitz-Hoffmann mit mehr als 1.000 Werken &#8222;Westkunst&#8220; f\u00fcr eine Sammlung im Osten.<\/li>\n\n\n\n<li>Sp\u00e4ter als das Publikum: Das &#8222;Nils Petter Molv\u00e6r Quartet&#8220; traf am 07.10.2022 erst nach dem eigentlichen Konzertbeginn um 20 Uhr im <strong><a href=\"https:\/\/www.volksbad-jena.de\">Volksbad Jena <\/a><\/strong>ein \u2013 und f\u00fchrte Aufbau und Soundcheck direkt vor den gespannten Zuschauer:innen durch. (Grund f\u00fcr die Versp\u00e4tung war ein Flugausfall.)<\/li>\n\n\n\n<li class=\"has-dark-color has-text-color has-link-color wp-elements-ceb0f7b607e105ea53d08ed85c0912a9\">Rekordverd\u00e4chtig: Den Rekord f\u00fcr das schnellste ausverkaufte Konzert bei der <strong>Kulturarena <\/strong>teilen sich Die Toten Hosen, Gerhard Polt und die Well-Br\u00fcder \u2013 nach nur einer Minute waren s\u00e4mtliche Tickets vergriffen.<\/li>\n\n\n\n<li>Romantisch: Das <strong><a href=\"https:\/\/www.romantikerhaus-jena.de\/de\/startseite\/678378\" target=\"_blank\" rel=\"noreferrer noopener\">Romantikerhaus Jena<\/a><\/strong> hat nicht nur Spenden aus New York erhalten, es hat sich auch eine gro\u00dfz\u00fcgige und private Stiftung gegr\u00fcndet, um die Zukunft des Museums und das Erbe der Jenaer Fr\u00fchromantik zu f\u00f6rdern.<\/li>\n\n\n\n<li>Kulturelle Superlative: Wussten Sie, dass die <strong><a href=\"https:\/\/www.jenaer-philharmonie.de\" target=\"_blank\" rel=\"noreferrer noopener\">Jenaer Philharmonie<\/a><\/strong> das gr\u00f6\u00dfte Konzertorchester Th\u00fcringens ist? Mit ihren hochkar\u00e4tigen Auff\u00fchrungen begeistert sie j\u00e4hrlich Tausende von Besucher:innen.<\/li>\n\n\n\n<li>Breite Bildung: Die <strong><a href=\"https:\/\/www.vhs-jena.de\" target=\"_blank\" rel=\"noreferrer noopener\">vhs Jena<\/a><\/strong> bietet jedes Jahr \u00fcber 1.000 Kurse an \u2013 von Sprachkursen bis hin zu kreativen Workshops. Bildung kennt hier keine Altersgrenze!<\/li>\n\n\n\n<li>Raumwunder: Wenn Sie einmal Ruhe suchen, in der neuen <strong>EAB <\/strong>am Engelplatz k\u00f6nnen bis zu 545 Besucher:innen gleichzeitig einen Sitzplatz finden.<\/li>\n\n\n\n<li class=\"has-dark-color has-text-color has-link-color wp-elements-b0c37c07814eba09519e424b7c48890f\">Bedeutender Wandel: Aufgrund eines Urteils des Bundessozialgerichts wurden in nur wenigen Wochen in der <strong>MKS<\/strong> <strong>Jena <\/strong>\u00fcber 40 Stellen auf Honorarbasis in feste Stellen \u00fcberf\u00fchrt, um den Unterricht f\u00fcr die zahlreichen Sch\u00fcler:innen langfristig zu sichern.<\/li>\n\n\n\n<li>Marktstadt: 2024 organisierte das Team <a href=\"https:\/\/www.jenakultur.de\/de\/maerkte_und_stadtfeste\/605333\" target=\"_blank\" rel=\"noreferrer noopener\"><strong>M\u00e4rkte &amp; Stadtfeste<\/strong><\/a> 270 Markttage mit 8.044 Marktst\u00e4nden in Jena.<\/li>\n\n\n\n<li>Denk mal: JenaKultur verwaltet, betreut und pflegt unterdessen mehr als 400 Denkmal- und Kunstobjekte im \u00f6ffentlichen Raum.<\/li>\n\n\n\n<li>Bewegte Vergangenheit: Das <strong><a href=\"https:\/\/www.museen-jena.de\/de\/startseite\/679372\" target=\"_blank\" rel=\"noreferrer noopener\">Stadtmuseum und die Kunstsammlung Jena<\/a><\/strong>, oft \u201eG\u00f6hre\u201c genannt, befinden sich in einem sp\u00e4tgotischen Geb\u00e4ude, das im Laufe der Jahrhunderte als Wohnhaus, M\u00fchle und Weinrestaurant diente, bevor es zum Museum avancierte.<\/li>\n\n\n\n<li>Neue Begrifflichkeiten: Ab ca. Mitte M\u00e4rz 2020 bestimmten neue Begrifflichkeiten auch den kulturellen Alltag in <strong>Jena<\/strong>: &#8222;4-Farben-Lappen-System&#8220;, &#8222;FFP2-\/FFP3-Masken&#8220;, &#8222;ISK&#8220; (Infektionsschutzkonzept), &#8222;1,5m-Gesellschaft&#8220;, &#8222;systemrelevant&#8220; sind definitiv nicht unsere Lieblingsworte geworden (Corona hielt Einzug).<\/li>\n\n\n\n<li class=\"has-dark-color has-text-color has-link-color wp-elements-3623c28b0b69207f9f24f9379a887ddb\">Corona-Kultur: Fast 200 Infektionsschutzkonzepte wurden f\u00fcr den Eigenbetrieb <strong>JenaKultur <\/strong>in den &#8222;Corona-Jahren&#8220; erarbeitet.<\/li>\n\n\n\n<li class=\"has-dark-color has-text-color has-link-color wp-elements-b36bc4994d5c896b1e618332405c336c\">Imposante Ma\u00dfe: Die imposante Blutbuche im Garten der <strong>Villa Rosenthal Jena<\/strong> hat einen Umfang von 3,40 Metern.<\/li>\n\n\n\n<li class=\"has-dark-color has-text-color has-link-color wp-elements-e3f24aecf3da28f97615ee1effbd9632\">Kommunikation: Das hier ist der 507. Blogbeitrag von JenaKultur (est. 2019).<\/li>\n<\/ol>\n\n\n\n<p><\/p>\n\n\n\n<p><em>Haben Sie noch weitere spannende Anekdoten oder Fun Facts aus 20 Jahren JenaKultur? Teilen Sie sie gerne mit uns!<\/em><\/p>\n","protected":false},"excerpt":{"rendered":"<p>JenaKultur feiert 2025 sein 20-j\u00e4hriges Bestehen! Zur Feier dieses Jubil\u00e4ums haben wir unsere Kolleg:innen nach spannenden, lustigen und \u00fcberraschenden Fakten aus den letzten&hellip;<\/p>\n","protected":false},"author":22,"featured_media":16118,"comment_status":"open","ping_status":"closed","sticky":false,"template":"","format":"standard","meta":{"footnotes":""},"categories":[1198,1,9,30],"tags":[1199,473,548,34,6,348],"class_list":["post-16107","post","type-post","status-publish","format-standard","has-post-thumbnail","hentry","category-20-jahre-jenakultur","category-allgemein","category-jenakultur","category-sonderprojekte","tag-20-jahre","tag-corona","tag-geburtstag","tag-jena","tag-jenakultur","tag-kultur-in-jena"],"_links":{"self":[{"href":"https:\/\/blog.jena.de\/jenakultur\/wp-json\/wp\/v2\/posts\/16107","targetHints":{"allow":["GET"]}}],"collection":[{"href":"https:\/\/blog.jena.de\/jenakultur\/wp-json\/wp\/v2\/posts"}],"about":[{"href":"https:\/\/blog.jena.de\/jenakultur\/wp-json\/wp\/v2\/types\/post"}],"author":[{"embeddable":true,"href":"https:\/\/blog.jena.de\/jenakultur\/wp-json\/wp\/v2\/users\/22"}],"replies":[{"embeddable":true,"href":"https:\/\/blog.jena.de\/jenakultur\/wp-json\/wp\/v2\/comments?post=16107"}],"version-history":[{"count":31,"href":"https:\/\/blog.jena.de\/jenakultur\/wp-json\/wp\/v2\/posts\/16107\/revisions"}],"predecessor-version":[{"id":17404,"href":"https:\/\/blog.jena.de\/jenakultur\/wp-json\/wp\/v2\/posts\/16107\/revisions\/17404"}],"wp:featuredmedia":[{"embeddable":true,"href":"https:\/\/blog.jena.de\/jenakultur\/wp-json\/wp\/v2\/media\/16118"}],"wp:attachment":[{"href":"https:\/\/blog.jena.de\/jenakultur\/wp-json\/wp\/v2\/media?parent=16107"}],"wp:term":[{"taxonomy":"category","embeddable":true,"href":"https:\/\/blog.jena.de\/jenakultur\/wp-json\/wp\/v2\/categories?post=16107"},{"taxonomy":"post_tag","embeddable":true,"href":"https:\/\/blog.jena.de\/jenakultur\/wp-json\/wp\/v2\/tags?post=16107"}],"curies":[{"name":"wp","href":"https:\/\/api.w.org\/{rel}","templated":true}]}}