{"id":1598,"date":"2020-02-07T07:08:00","date_gmt":"2020-02-07T06:08:00","guid":{"rendered":"https:\/\/blog.jena.de\/jenakultur\/?p=1598"},"modified":"2020-02-06T17:22:27","modified_gmt":"2020-02-06T16:22:27","slug":"was-tut-sich-am-engelplatz","status":"publish","type":"post","link":"https:\/\/blog.jena.de\/jenakultur\/2020\/02\/07\/was-tut-sich-am-engelplatz\/","title":{"rendered":"Was tut sich am Engelplatz?"},"content":{"rendered":"\n<h2 class=\"wp-block-heading\">Der Neubau der Ernst-Abbe-B\u00fccherei Jena ist in vollem Gange<\/h2>\n\n\n\n<p style=\"text-align: justify\">Sie haben sie gewiss auch schon bemerkt: Bauz\u00e4une, Bagger, schwere Maschinen. Am Engelplatz in Jena, zwischen Theaterhaus und Karmelitenkloster, wird unerm\u00fcdlich am neuen Standort f\u00fcr die Jenaer Stadtbibliothek und den B\u00fcrgerservice gearbeitet.<br \/>Im Oktober letzten Jahres wurde der erste Spatenstich f\u00fcr das Gro\u00dfprojekt getan. Wie ist nun also der Stand?<\/p>\n<p style=\"text-align: justify\"><span class=\"st\">Karl-Hermann Kliewe, Werkleiter des st\u00e4dtischen Eigenbetriebs <a href=\"https:\/\/www.kij.de\/de\/startseite\/738966\" target=\"_blank\" rel=\"noopener noreferrer\">Kommunale Immobilien Jena<\/a> \u2013 Bauherr des Objekts \u2013, und der Werkleiter von JenaKultur Jonas Zipf haben die Baustelle gemeinsam besichtigt und ziehen Zwischenbilanz.<br \/><\/span><\/p>\n\n\n\n<figure class=\"wp-block-embed-youtube wp-block-embed is-type-video is-provider-youtube wp-embed-aspect-16-9 wp-has-aspect-ratio\"><div class=\"wp-block-embed__wrapper\">\n<iframe loading=\"lazy\" title=\"Neubau der Ernst-Abbe-B\u00fccherei Jena: Zwischenbilanz\" width=\"900\" height=\"506\" src=\"https:\/\/www.youtube.com\/embed\/xS_dOzpFIm4?feature=oembed\" frameborder=\"0\" allow=\"accelerometer; autoplay; encrypted-media; gyroscope; picture-in-picture\" allowfullscreen><\/iframe>\n<\/div><figcaption>Das geplante Geb\u00e4ude schmiegt sich in historischer Gesellschaft in die Jenaer Innenstadt ein | \u00a9 JenaKultur, Avocadofilm<\/figcaption><\/figure>\n\n\n\n<hr class=\"wp-block-separator\" \/>\n\n\n\n<h4>Wer sich zu den Bauarbeiten auf dem Laufenden halten m\u00f6chte, findet auf der eigens eingerichteten <a href=\"https:\/\/engelplatz.jena.de\/de\/startseite\/809530\" target=\"_blank\" rel=\"noopener noreferrer\">Webseite<\/a> viele Informationen zum Projektverlauf, den geplanten Einrichtungen sowie eine Webcam, die das Geschehen auf der Baustelle verfolgt.<br>Oder Sie schreiben uns \u2013 Wir freuen uns auf Ihre Kommentare!<\/h4>\n\n\n\n<hr class=\"wp-block-separator\" \/>\n","protected":false},"excerpt":{"rendered":"<p>Zwischen Theaterhaus und Karmelitenkloster wird unerm\u00fcdlich am neuen Standort f\u00fcr die Ernst-Abbe-B\u00fccherei und den B\u00fcrgerservice gearbeitet. Eine Zwischenbilanz.<\/p>\n","protected":false},"author":22,"featured_media":1626,"comment_status":"open","ping_status":"closed","sticky":false,"template":"","format":"video","meta":{"footnotes":""},"categories":[12],"tags":[170,112,55,361,459,54,8,460],"class_list":["post-1598","post","type-post","status-publish","format-video","has-post-thumbnail","hentry","category-eab","tag-bauarbeiten","tag-baustelle","tag-eab","tag-ernst-abbe-buecherei-jena","tag-kij","tag-neubau-eab","tag-werkleitung","tag-zwischenbilanz","post_format-post-format-video"],"_links":{"self":[{"href":"https:\/\/blog.jena.de\/jenakultur\/wp-json\/wp\/v2\/posts\/1598","targetHints":{"allow":["GET"]}}],"collection":[{"href":"https:\/\/blog.jena.de\/jenakultur\/wp-json\/wp\/v2\/posts"}],"about":[{"href":"https:\/\/blog.jena.de\/jenakultur\/wp-json\/wp\/v2\/types\/post"}],"author":[{"embeddable":true,"href":"https:\/\/blog.jena.de\/jenakultur\/wp-json\/wp\/v2\/users\/22"}],"replies":[{"embeddable":true,"href":"https:\/\/blog.jena.de\/jenakultur\/wp-json\/wp\/v2\/comments?post=1598"}],"version-history":[{"count":13,"href":"https:\/\/blog.jena.de\/jenakultur\/wp-json\/wp\/v2\/posts\/1598\/revisions"}],"predecessor-version":[{"id":1633,"href":"https:\/\/blog.jena.de\/jenakultur\/wp-json\/wp\/v2\/posts\/1598\/revisions\/1633"}],"wp:featuredmedia":[{"embeddable":true,"href":"https:\/\/blog.jena.de\/jenakultur\/wp-json\/wp\/v2\/media\/1626"}],"wp:attachment":[{"href":"https:\/\/blog.jena.de\/jenakultur\/wp-json\/wp\/v2\/media?parent=1598"}],"wp:term":[{"taxonomy":"category","embeddable":true,"href":"https:\/\/blog.jena.de\/jenakultur\/wp-json\/wp\/v2\/categories?post=1598"},{"taxonomy":"post_tag","embeddable":true,"href":"https:\/\/blog.jena.de\/jenakultur\/wp-json\/wp\/v2\/tags?post=1598"}],"curies":[{"name":"wp","href":"https:\/\/api.w.org\/{rel}","templated":true}]}}