{"id":15852,"date":"2025-02-21T07:19:00","date_gmt":"2025-02-21T06:19:00","guid":{"rendered":"https:\/\/blog.jena.de\/jenakultur\/?p=15852"},"modified":"2025-02-20T16:34:57","modified_gmt":"2025-02-20T15:34:57","slug":"tutti-pro-alles-fuer-die-musik-alle-wie-profis","status":"publish","type":"post","link":"https:\/\/blog.jena.de\/jenakultur\/2025\/02\/21\/tutti-pro-alles-fuer-die-musik-alle-wie-profis\/","title":{"rendered":"tutti pro \u2013 Alles f\u00fcr die Musik! Alle wie Profis!"},"content":{"rendered":"\n<p><em>Beate Bachmann, Musikvermittlung f\u00fcr die Jenaer Philharmonie, Gesang und Fr\u00fcherziehung an der Musik- und Kunstschule Jena &amp; Projektkoordination tutti pro, hat sich mit Musiker:innen der Jenaer Philharmonie und des Jugendsinfonieorchesters der Musik- und Kunstschule Jena gemeinsam getroffen und \u00fcber das f\u00fcr alle Seiten spannende und herausfordernde Projekt gesprochen. Wie f\u00fchlt es sich f\u00fcr die Profi-Musiker Weronika Tadzik und Alexander Wegelin (JP), wie f\u00fcr den Nachwuchs Sophie, Anna und Till (MKS) an? Lesen Sie selbst!<\/em><\/p>\n\n\n\n<figure class=\"wp-block-pullquote alignfull\"><blockquote><p><em>\u201eNat\u00fcrlich haben wir etwas, das uns verbindet!\u201c<\/em><\/p><cite>Anna, Violinistin im Jugendsinfonieorchester der Musik- und Kunstschule Jena<\/cite><\/blockquote><\/figure>\n\n\n\n<p>Zwei Welten treffen aufeinander. Ohne Aufprall, Explosion, Feuer, Dramatik. Zwei musikalische Welten treffen aufeinander, und die Kl\u00e4nge dabei sind zart und melancholisch, aufbrausend und gewaltig, beschwingt und t\u00e4nzerisch.<\/p>\n<p>Diese beiden Welten hei\u00dfen <a href=\"https:\/\/www.mks-jena.de\/de\/ensembles\/orchester\/585769\" target=\"_blank\" rel=\"noopener\">\u201eJugendsinfonieorchester der Musik- und Kunstschule Jena\u201c<\/a> und \u201e<a href=\"https:\/\/www.jenaer-philharmonie.de\/\" target=\"_blank\" rel=\"noopener\">Jenaer Philharmonie<\/a>\u201c. Deren Verbindung nennt sich <a href=\"https:\/\/www.jenaer-philharmonie.de\/konzert\/tutti-pro-2.html\" target=\"_blank\" rel=\"noopener\"><strong>tutti pro<\/strong><\/a> \u2013 alle wie Profis. Um genau zu sein: alle wie <em>musikalische<\/em> Profis.<\/p>\n<p>Denn beim tutti pro-Konzert an diesem Sonntag, 23. Februar 2025 sitzen die Teenager aus dem Jugendsinfonieorchester, kurz JSO, gemeinsam mit den Berufsmusiker:innen der Jenaer Philharmonie, kurz JP, auf der B\u00fchne im <a href=\"https:\/\/www.volkshaus-jena.de\/de\/startseite\/694140\" target=\"_blank\" rel=\"noopener\">Volkshaus Jena<\/a>. Vorher wird gemeinsam geprobt und zwar nach professionellem Ma\u00dfstab.<\/p>\n<p>Darauf hat sich das JSO lange vorbereitet. Seit September proben die Jugendlichen unter der Leitung von Ulrike Zinke und Katharina Hoffmann am Konzertprogramm. Ein ganzes Team aus Musikschullehrkr\u00e4ften unterst\u00fctzt dabei: das Orchester teilt sich w\u00e4hrend der Proben in Streicher- und Bl\u00e4sergruppen, oder es f\u00e4chert sich gleich in alle einzelnen Stimmgruppen in mehrere R\u00e4ume auf. Im zus\u00e4tzlichen Einzelunterricht blicken die entsprechenden Instrumentallehrer:innen mit den Jugendlichen nochmal ganz genau auf die schwierigen Stellen. Schritt f\u00fcr Schritt erobert sich das JSO die einzelnen Orchesterwerke, festigt das klangliche Grundger\u00fcst und trifft Mitte September 2024 erstmals auf die Jenaer Philharmonie.<\/p>\n\n\n\n<figure class=\"wp-block-pullquote\"><blockquote><p><em>\u201eSchlie\u00dflich \u00fcbt man nicht, um zu \u00fcben, in einem kleinen Zimmerchen, ganz allein, mit einer Kerze.\u201c<\/em><\/p><cite>Weronika Tadzik,Violinistin in der Jenaer Philharmonie<\/cite><\/blockquote><\/figure>\n\n\n\n<p>W\u00e4hrend das JSO schon intensiv probt, lassen sich engagierte Musiker:innen aus Th\u00fcringens gr\u00f6\u00dftem Konzertorchester f\u00fcr die Patenschaft des Musikschulorchesters begeistern und wollen im fortgeschrittenen Probenprozess Br\u00fccken zwischen ihren musikalischen Welten bauen.<\/p>\n\n\n\n<p>\u201e<em>Ich erinnere mich, dass ich in meiner Musikschulzeit diesen freundlichen Kontakt zum Berufsorchester nicht hatte. F\u00fcr mich waren diese Profis alle wesentlich \u00e4lter und sehr ernst. Ich h\u00e4tte mir damals einen solchen Austausch sehr gew\u00fcnscht, um mir eine Br\u00fccke in diese Welt zu erm\u00f6glichen.\u201c<\/em> Weronika Tadzik, Violinstin in der Jenaer Philharmonie<\/p>\n\n\n\n<p>In der Praxis bedeutet dieses Br\u00fccken-Erm\u00f6glichen f\u00fcr die Berufsmusiker:innen die Probenleitung mit den Stimmgruppen im JSO. So probt der Proficellist mit der Cellogruppe des JSO und die Kollegin aus den zweiten Geigen der JP \u00fcbt mit den jungen Geigerinnen der Musikschule. Es finden sich Pat:innen f\u00fcr alle Streicherstimmen, f\u00fcr die Blech- und Holzbl\u00e4sergruppen. Zum Teil kennt man sich untereinander, zum Teil ist die Begegnung mit den Jugendlichen Neuland. Neuland ist auch die ungewohnte p\u00e4dagogische Ausrichtung des Musikberufs f\u00fcr manche Pat:innen, eine Gratwanderung zwischen \u201eIch will nahbar sein\u201c und \u201eIch will auch den Inhalt effektiv vermitteln\u201c.<\/p>\n\n\n\n<p>Weronika Tadzik beschreibt:<em>&nbsp;\u201eDie MKS hat tolle P\u00e4dagoginnen und P\u00e4dagogen und die haben einen harten Job, denn sie kommen jeden Tag, jede Woche, jeden Monat und unterrichten. Ich komme einfach und springe in den Raum mit meinen frischen Ideen und springe raus \u2013 also ich habe im Vergleich bei weitem nicht eine solche Verantwortung!&#8220;<\/em><\/p>\n\n\n\n<p>Sophie, Querfl\u00f6tistin beim JSO, erg\u00e4nzt um die Perspektive aus dem JSO:<em> \u201eWenn wir mit unserem JP-Paten, Herrn Baumg\u00e4rtner, die Holzbl\u00e4serregisterprobe haben, sagt der nochmal andere Dinge, als wir sie in unseren regul\u00e4ren Proben behandeln. Man nimmt dann insgesamt mehr mit, weil man mehrere Perspektiven von unterschiedlichen Personen bekommen hat.\u201c<\/em><\/p>\n\n\n\n<figure class=\"wp-block-pullquote\"><blockquote><p><em>&nbsp;\u201eInsgesamt ist der Entwicklungsprozess doch derselbe, blo\u00df befinden wir uns auf unterschiedlichem Niveau und Erfahrung, aber wir haben doch die gleiche Grundaufgabe.\u201c<\/em> <\/p><cite>Weronika Tadzik,Violinstin in der Jenaer Philharmonie<\/cite><\/blockquote><\/figure>\n\n\n\n<p>JSO-Leiterin Ulrike Zinke und ihre Kollegin Katharina Hoffmann beobachten diese frischen Verbindungen und deren Auswirkungen auf das Jugendorchester, aber auch einen frischen Wind im Instrumentalunterricht mit ihren Musikp\u00e4dagog:innen mit Begeisterung: \u201e<em>Das Ziel war von Anfang an, zwischen den Jugendlichen und den Paten eine pers\u00f6nliche Bindung entstehen zu lassen. Zum einen lernen die Sch\u00fclerinnen und Sch\u00fcler durch die Pers\u00f6nlichkeit der Paten deren Einstellung zum Musikerberuf. A<\/em><em>uch k\u00fcnstlerisch waren die Proben wirklich gut und haben zu einer Verbesserung vor allem auch der Motivation gef\u00fchrt.<\/em>\u201c<\/p>\n\n\n\n<p>Das Besondere w\u00e4hrend dieses Vorbereitungsprozesses ist f\u00fcr die beiden MKS-Lehrerinnen die sp\u00fcrbare Wertsch\u00e4tzung zwischen Pat:innen und Jugendlichen, die tiefen Eindr\u00fccke auf das JSO und das musikalische Fruchten der Zusammenarbeit.<\/p>\n\n\n\n<figure class=\"wp-block-pullquote\"><blockquote><p><em>\u201eDie Jenaer Philharmonie ist ja kein Ausstellungsobjekt hinter einer Glaswand \u2013 da findet pausenlos ein musikalischer Br\u00fcckenbau in andere Welten statt.\u201c<\/em><\/p><cite>Beate Bachmann, Musikvermittlerin der Jenaer Philharmonie<\/cite><\/blockquote><\/figure>\n\n\n\n<p>Dann, es ist bereits Anfang Februar, steht eine besonders spannende Probe an: der Gastdirigent f\u00fcr tutti pro, <a href=\"http:\/\/www.tobiasengeli.com\/\" target=\"_blank\" rel=\"noreferrer noopener\">Tobias Engeli<\/a>, Kapellmeister an der Musikalischen Kom\u00f6die und Oper Leipzig, besucht die Musik- und Kunstschule Jena und geht direkt an die Arbeit mit dem JSO. Hier gilt es, ein gemeinsames Gesp\u00fcr f\u00fcreinander zu entwickeln, Potential und Baustellen zu eruieren und Impulse f\u00fcr die Klangentwicklung zu generieren. Man sp\u00fcrt die anf\u00e4ngliche Anspannung im JSO. Man merkt aber auch schnell, dass Tobias Engeli wohlwollend und mit viel Feingesp\u00fcr an die Jugendlichen herantritt. Das Musikschulorchester entspannt sich, die Konzentration bleibt.<\/p>\n\n\n\n<p>Ulrike Zinke ist hochmotiviert: <em>\u201eNun geht es in die zweite Phase der Patenschaft, also gemeinsam am Pult zu musizieren, im Volkshaus Jena, der Spielst\u00e4tte der JP. Das ist f\u00fcr die Jugendlichen eine gro\u00dfe Herausforderung, die sie motiviert hat, besonders intensiv zu \u00fcben, sich musikalisch zu verbessern. Sie haben nun die M\u00f6glichkeit, direkt mit und von den Profis zu lernen, wie wird im Profialltag geprobt, wie agiert ein Dirigent, wie ist das Miteinander. Da werden sie in den Proben mit gro\u00dfen Ohren und Augen alles aufnehmen. Auch der Gedanke der Jugendlichen und der Wunsch, dass die Profis sie nun in &#8218;Ihre Welt&#8216; mit hineinnehmen, wird ab der ersten Tutti-Probe Realit\u00e4t&#8220;. <\/em>Ulrike Zinke, Orchesterleiterin des JSO<\/p>\n\n\n\n<figure class=\"wp-block-pullquote\"><blockquote><p><em>\u201eIch will einfach alles aufsaugen, alles M\u00f6gliche mitnehmen, was der Musiker am Pult neben mir da machen w\u00fcrde.\u201c <\/em><\/p><cite>Till, Oboist im Jugendsinfonieorchester der Musik- und Kunstschule Jena<\/cite><\/blockquote><\/figure>\n\n\n\n<div class=\"wp-block-responsive-lightbox-gallery\"><div class=\"rl-gallery-container rl-loading\" id=\"rl-gallery-container-1\" data-gallery_id=\"15868\"> <div class=\"rl-gallery rl-basicgrid-gallery rl-hover-icon-10\" id=\"rl-gallery-1\" data-gallery_no=\"1\"> <div class=\"rl-gallery-item\"><a href=\"https:\/\/blog.jena.de\/jenakultur\/wp-content\/uploads\/sites\/25\/2025\/02\/jenakultur-monikasteinhoefel-probe-jsojp-monikasteinhoefel-probe-jsojp.jpg\" title=\"Jenaer Philharmonie\" data-rl_title=\"Jenaer Philharmonie\" class=\"rl-gallery-link\" data-rl_caption=\"\" data-rel=\"lightbox-gallery-1\"><img loading=\"lazy\" decoding=\"async\" src=\"https:\/\/blog.jena.de\/jenakultur\/wp-content\/uploads\/sites\/25\/2025\/02\/jenakultur-monikasteinhoefel-probe-jsojp-monikasteinhoefel-probe-jsojp-400x400.jpg\" width=\"400\" height=\"400\" alt=\"Patin Monika Steinh\u00f6fel beim Proben mit den Bratschen des JSO\" \/><span class=\"rl-gallery-caption\"><span class=\"rl-gallery-item-title\">Patin Monika Steinh\u00f6fel beim Proben mit den Bratschen des JSO<\/span><span class=\"rl-gallery-item-caption\">Jenaer Philharmonie<\/span><\/span><\/a><\/div><div class=\"rl-gallery-item\"><a href=\"https:\/\/blog.jena.de\/jenakultur\/wp-content\/uploads\/sites\/25\/2025\/02\/jenakultur-michelkautzsch-probe-jsojp-michelkautzsch-probe-jsojp.jpg\" title=\"Jenaer Philharmonie\" data-rl_title=\"Jenaer Philharmonie\" class=\"rl-gallery-link\" data-rl_caption=\"\" data-rel=\"lightbox-gallery-1\"><img loading=\"lazy\" decoding=\"async\" src=\"https:\/\/blog.jena.de\/jenakultur\/wp-content\/uploads\/sites\/25\/2025\/02\/jenakultur-michelkautzsch-probe-jsojp-michelkautzsch-probe-jsojp-400x400.jpg\" width=\"400\" height=\"400\" alt=\"Michel Kautzsch probt mit den Bassisten des JSO\" \/><span class=\"rl-gallery-caption\"><span class=\"rl-gallery-item-title\">Michel Kautzsch probt mit den Bassisten des JSO<\/span><span class=\"rl-gallery-item-caption\">Jenaer Philharmonie<\/span><\/span><\/a><\/div><div class=\"rl-gallery-item\"><a href=\"https:\/\/blog.jena.de\/jenakultur\/wp-content\/uploads\/sites\/25\/2025\/02\/jenakultur-martinzuckschwerdt-leitung-jso-blechblaeserjp-martinzuckschwerdt-leitung-jso-blechblaeserjp.jpg\" title=\"Jenaer Philharmonie\" data-rl_title=\"Jenaer Philharmonie\" class=\"rl-gallery-link\" data-rl_caption=\"\" data-rel=\"lightbox-gallery-1\"><img loading=\"lazy\" decoding=\"async\" src=\"https:\/\/blog.jena.de\/jenakultur\/wp-content\/uploads\/sites\/25\/2025\/02\/jenakultur-martinzuckschwerdt-leitung-jso-blechblaeserjp-martinzuckschwerdt-leitung-jso-blechblaeserjp-400x400.jpg\" width=\"400\" height=\"400\" alt=\"Martin Zuckschwerdt bei der Leitung der JSO-Blechbl\u00e4ser\" \/><span class=\"rl-gallery-caption\"><span class=\"rl-gallery-item-title\">Martin Zuckschwerdt bei der Leitung der JSO-Blechbl\u00e4ser<\/span><span class=\"rl-gallery-item-caption\">Jenaer Philharmonie<\/span><\/span><\/a><\/div><div class=\"rl-gallery-item\"><a href=\"https:\/\/blog.jena.de\/jenakultur\/wp-content\/uploads\/sites\/25\/2025\/02\/jenakultur-jso-probe-mks-2jp-jso-probe-mks-2jp.jpg\" title=\"Jenaer Philharmonie\" data-rl_title=\"Jenaer Philharmonie\" class=\"rl-gallery-link\" data-rl_caption=\"\" data-rel=\"lightbox-gallery-1\"><img loading=\"lazy\" decoding=\"async\" src=\"https:\/\/blog.jena.de\/jenakultur\/wp-content\/uploads\/sites\/25\/2025\/02\/jenakultur-jso-probe-mks-2jp-jso-probe-mks-2jp-400x400.jpg\" width=\"400\" height=\"400\" alt=\"das JSO probt im gro\u00dfen Saal der MKS Jena\" \/><span class=\"rl-gallery-caption\"><span class=\"rl-gallery-item-title\">das JSO probt im gro\u00dfen Saal der MKS Jena<\/span><span class=\"rl-gallery-item-caption\">Jenaer Philharmonie<\/span><\/span><\/a><\/div><div class=\"rl-gallery-item\"><a href=\"https:\/\/blog.jena.de\/jenakultur\/wp-content\/uploads\/sites\/25\/2025\/02\/jenakultur-ulrikezinke-tobiasengeli-austausch-jso-probejp-ulrikezinke-tobiasengeli-austausch-jso-probejp.jpg\" title=\"Jenaer Philharmonie\" data-rl_title=\"Jenaer Philharmonie\" class=\"rl-gallery-link\" data-rl_caption=\"\" data-rel=\"lightbox-gallery-1\"><img loading=\"lazy\" decoding=\"async\" src=\"https:\/\/blog.jena.de\/jenakultur\/wp-content\/uploads\/sites\/25\/2025\/02\/jenakultur-ulrikezinke-tobiasengeli-austausch-jso-probejp-ulrikezinke-tobiasengeli-austausch-jso-probejp-400x400.jpg\" width=\"400\" height=\"400\" alt=\"Ulrike Zinke und Tobias Engeli im gemeinsamen Austausch w\u00e4hrend einer JSO-Probe, im Hintergrund die Sch\u00fcler:innen\" \/><span class=\"rl-gallery-caption\"><span class=\"rl-gallery-item-title\">Ulrike Zinke und Tobias Engeli im gemeinsamen Austausch w\u00e4hrend einer JSO-Probe<\/span><span class=\"rl-gallery-item-caption\">Jenaer Philharmonie<\/span><\/span><\/a><\/div><div class=\"rl-gallery-item\"><a href=\"https:\/\/blog.jena.de\/jenakultur\/wp-content\/uploads\/sites\/25\/2025\/02\/jenakultur-jp-jso-probejp-jp-jso-probejp.jpg\" title=\"Jenaer Philharmonie\" data-rl_title=\"Jenaer Philharmonie\" class=\"rl-gallery-link\" data-rl_caption=\"\" data-rel=\"lightbox-gallery-1\"><img loading=\"lazy\" decoding=\"async\" src=\"https:\/\/blog.jena.de\/jenakultur\/wp-content\/uploads\/sites\/25\/2025\/02\/jenakultur-jp-jso-probejp-jp-jso-probejp-400x400.jpg\" width=\"400\" height=\"400\" alt=\"Musiker aus der Jenaer Philharmonie und Jugendliche aus dem JSO bei der gemeinsamen Blechbl\u00e4serprobe\" \/><span class=\"rl-gallery-caption\"><span class=\"rl-gallery-item-title\">Musiker aus der Jenaer Philharmonie und Jugendliche aus dem JSO bei der gemeinsamen Blechbl\u00e4serprobe<\/span><span class=\"rl-gallery-item-caption\">Jenaer Philharmonie<\/span><\/span><\/a><\/div><div class=\"rl-gallery-item\"><a href=\"https:\/\/blog.jena.de\/jenakultur\/wp-content\/uploads\/sites\/25\/2025\/02\/jenakultur-jso-probe-mks-1jp-jso-probe-mks-1jp.jpg\" title=\"Jenaer Philharmonie\" data-rl_title=\"Jenaer Philharmonie\" class=\"rl-gallery-link\" data-rl_caption=\"\" data-rel=\"lightbox-gallery-1\"><img loading=\"lazy\" decoding=\"async\" src=\"https:\/\/blog.jena.de\/jenakultur\/wp-content\/uploads\/sites\/25\/2025\/02\/jenakultur-jso-probe-mks-1jp-jso-probe-mks-1jp-400x400.jpg\" width=\"400\" height=\"400\" alt=\"das JSO probt im gro\u00dfen Saal der MKS Jena\" \/><span class=\"rl-gallery-caption\"><span class=\"rl-gallery-item-title\">das JSO probt im gro\u00dfen Saal der MKS Jena<\/span><span class=\"rl-gallery-item-caption\">Jenaer Philharmonie<\/span><\/span><\/a><\/div><div class=\"rl-gallery-item\"><a href=\"https:\/\/blog.jena.de\/jenakultur\/wp-content\/uploads\/sites\/25\/2025\/02\/jenakultur-schueler-pate-probe-vhjp-schueler-pate-probe-vhjp.jpg\" title=\"Jenaer Philharmonie\" data-rl_title=\"Jenaer Philharmonie\" class=\"rl-gallery-link\" data-rl_caption=\"\" data-rel=\"lightbox-gallery-1\"><img loading=\"lazy\" decoding=\"async\" src=\"https:\/\/blog.jena.de\/jenakultur\/wp-content\/uploads\/sites\/25\/2025\/02\/jenakultur-schueler-pate-probe-vhjp-schueler-pate-probe-vhjp-400x400.jpg\" width=\"400\" height=\"400\" alt=\"Sch\u00fcler und Pate nebeneinander in der ersten Probe im Volkshaus Jena, Blick von hinten\" \/><span class=\"rl-gallery-caption\"><span class=\"rl-gallery-item-title\">Sch\u00fcler und Pate nebeneinander in der ersten Probe im Volkshaus Jena<\/span><span class=\"rl-gallery-item-caption\">Jenaer Philharmonie<\/span><\/span><\/a><\/div><div class=\"rl-gallery-item\"><a href=\"https:\/\/blog.jena.de\/jenakultur\/wp-content\/uploads\/sites\/25\/2025\/02\/jenakultur-profi-schueler-gemeinsamjp-profi-schueler-gemeinsamjp.jpg\" title=\"Jenaer Philharmonie\" data-rl_title=\"Jenaer Philharmonie\" class=\"rl-gallery-link\" data-rl_caption=\"\" data-rel=\"lightbox-gallery-1\"><img loading=\"lazy\" decoding=\"async\" src=\"https:\/\/blog.jena.de\/jenakultur\/wp-content\/uploads\/sites\/25\/2025\/02\/jenakultur-profi-schueler-gemeinsamjp-profi-schueler-gemeinsamjp-400x400.jpg\" width=\"400\" height=\"400\" alt=\"Profi und Sch\u00fcler gemeinsam am Pult, Blick von oben\" \/><span class=\"rl-gallery-caption\"><span class=\"rl-gallery-item-title\">Profi und Sch\u00fcler gemeinsam am Pult<\/span><span class=\"rl-gallery-item-caption\">Jenaer Philharmonie<\/span><\/span><\/a><\/div> <\/div> <\/div><\/div>\n\n\n\n<p>Wie f\u00fchlen sich die jungen Musiker:innen aus dem JSO?<\/p>\n\n\n\n<p>\u201e<em>Ich muss sagen, ich hab &#8217;n bisschen Bammel. Ich f\u00fchle mich schon relativ sicher in den St\u00fccken, das ist nicht das Problem, aber da sitzt dann jemand neben mir, der spielt viel besser, der hat viel mehr Ahnung davon als ich. Ich mach mir dann schon mehr Gedanken dar\u00fcber, wie ich spiele. Aber ich freu&#8216; mich auch drauf!\u201c <\/em>Till, Oboist im Jugendsinfonieorchester der Musik- und Kunstschule Jena.<\/p>\n\n\n\n<p>Bei Anna aus den zweiten Violinen des JSO \u00fcberwiegt die freudige Erwartungshaltung: <em>\u201eIch freu&#8216; mich total drauf, weil ich schon immer wissen wollte, wie ein Profimusiker mit der Proben- und Konzertsituation umgeht oder die St\u00fccke interpretiert, und da ist es einfach mal sch\u00f6n, jemanden neben sich sitzen zu haben, der das vielleicht nochmal anders f\u00fchlt.&#8220;<\/em><\/p>\n\n\n\n<p>Alexander Wegelin, Cellist der Jenaer Philharmonie, best\u00e4tigt diese Vorfreude: \u201eWir<em> waren ja auch einmal in einer Art Jugendsinfonieorchester in unseren Heimaten, wir verstehen total gut, wie aufregend so ein Ersterlebnis auf der gro\u00dfen B\u00fchne ist. Und ein paar der Kinder aus dem JSO sind Kinder aus dem Kollegenkreis der JP. Diese Kinder kennen wir seit sie ganz klein sind und sehen sie jetzt auf einmal als Teenager mit ihrem Instrument bei ihren Eltern auf der Volkshausb\u00fchne, das ist doch gro\u00dfartig!\u201c<\/em><\/p>\n\n\n\n<figure class=\"wp-block-pullquote\"><blockquote><p><br><em>\u201eMir gef\u00e4llt der Gedanke, dass wir bei tutti pro \u00fcber Institutsgrenzen hinaus und unabh\u00e4ngig vom Status eine gemeinsame Musiker:innenfamilie im Geiste sind.\u201c <\/em><\/p><cite>Beate Bachmann, Musikvermittlerin der Jenaer Philharmonie<\/cite><\/blockquote><\/figure>\n\n\n\n<p>Die erste gemeinsame Probe findet im Volkshaus statt. Das JSO ist mehr als p\u00fcnktlich und sucht sich seinen Weg durch die R\u00e4ume des Jenaer Volkshauses. Die Instrumente werden ausgepackt, der neue Sitzplatz auf der B\u00fchne entdeckt. Man sieht deutliches Aufleuchten in den Gesichtern, wenn Sch\u00fcler:innen auf ihre Pat:innen treffen. Die wiederum bem\u00fchen sich um das JSO, weisen Pl\u00e4tze an, helfen mit den Instrumenten und zeigen klar und gerne: Willkommen, wie sch\u00f6n, dass ihr da seid.<\/p>\n\n\n\n<p>Die Probe beginnt, Herr Engeli tritt ans Dirigentenpult, begr\u00fc\u00dft alle herzlich, und schon geht es los mit der ersten Probe im Tutti. Bei den Streichern sitzen jeweils Profi und Jugendliche zu zweit am Pult. Bei den Bl\u00e4sern ist es ein professioneller Musiker pro Stimmgruppe, der noch dazu in dieser Probe mit einteilt, welche Solostellen von den Sch\u00fcler:innen oder vom Profi gespielt werden sollen.<\/p>\n\n\n\n<figure class=\"wp-block-pullquote\"><blockquote><p><em>\u201eDie innere Einstellung entwickelt sich von ,Das ist euer Konzert.\u00b4 zu ,Nein, das ist <strong>unser<\/strong> <strong>gemeinsames<\/strong> Konzert!\u00b4\u201c<\/em><\/p><cite>Weronika Tadzik,Violinstin in der Jenaer Philharmonie<\/cite><\/blockquote><\/figure>\n\n\n\n<p>Der Dirigent gibt immer wieder Gelegenheit f\u00fcr interne Absprachen untereinander am Pult oder innerhalb der Stimmgruppen. Ein paar Lehrkr\u00e4fte aus der MKS beobachten die Probe, f\u00fchlen mit ihren Sch\u00fcler:innen und ermutigen w\u00e4hrend der Pause: &#8222;Spielt ruhig, traut euch, das wird gut!&#8220; Tobias Engeli zeigt sich auch zufrieden, jetzt wei\u00df man, was in den kommenden Proben noch zu bearbeiten ist, denn jetzt geht es zielgerichtet aufs Konzert zu.<\/p>\n\n\n\n<p>Katharina Hoffmann schw\u00e4rmt von den offenliegenden Chancen f\u00fcr ihre Sch\u00fcler:innen: dem Schritt aus der passiven Zuschauerrolle in eine aktive Mitspielerrolle, der Genuss der Teilhabe und Mitwirkung an einem professionellen Klangk\u00f6rper, die Sensibilisierung f\u00fcr musikalische Feinheiten und dem Umgang mit einem h\u00f6heren k\u00fcnstlerischen Anspruch.<\/p>\n\n\n\n<p>In der Jenaer Philharmonie gibt es da einen Wissens- und Erfahrungsvorsprung, von dem die Jugendlichen jetzt profitieren k\u00f6nnen:<em> \u201eDas Zusammenspiel und die richtige Intonation ist bei der JP schon ab der ersten Probe da. Alle spielen ihre Stimme gut. Dann geht\u2019s in der musikalischen Arbeit um die Ausgewogenheit der Stimmen und die Interpretation des Dirigenten und Detailarbeit. Manchmal, wenn es in der Probe bei uns musikalisch auseinander geht, haben die Musikerinnen und Musiker untereinander die Situation schnell im Griff, bevor der Dirigent etwas sagen muss. Man h\u00f6rt, oh, da stimmt was nicht, und alle retten gemeinsam die Lage, ohne ein Wort zu sagen.\u201c<\/em> Weronika Tadzik, Violinstin in der Jenaer Philharmonie<\/p>\n\n\n\n<figure class=\"wp-block-pullquote\"><blockquote><p><em>\u201eEgal, wie man miteinander verbunden ist, wir sind alle Profis, und auf der B\u00fchne spielt dann au\u00dfer der Musik nichts eine Rolle.\u201c<\/em><\/p><cite>Alexander Wegelin, Cellist der Jenaer Philharmonie<\/cite><\/blockquote><\/figure>\n\n\n\n<p>F\u00fcr JP und JSO steht nun ein ereignisreicher Probensamstag mit Haupt- und Generalprobe an, und Sonntag \u2013 endlich \u2013 das gemeinsame Konzert. Die musikalische Weltenverbindung aus Jenaer Philharmonie und <a href=\"https:\/\/blog.jena.de\/jenakultur\/2024\/12\/13\/jugendaustausch-der-musik-und-kunstschule-jena-und-des-oulu-konservatorio\/\" target=\"_blank\" rel=\"noreferrer noopener\">Jugendsinfonieorchester<\/a> pr\u00e4sentiert ein abwechslungsreiches und gef\u00fchlvolles Konzertprogramm.<\/p>\n\n\n\n<p><strong>tutti pro: alle wie Profis! Die Jenaer Philharmonie und das Jugendsinfonieorchester der Musik- und Kunstschule Jena laden herzlich zum Konzert tutti pro am 23.02.2025, um 15:00 Uhr im Volkshaus Jena. Alle Beteiligten freuen sich auf zahlreiche G\u00e4ste, die erleben wollen, was alles m\u00f6glich, wenn man bereit ist, \u00fcber die eigenen Grenzen hinaus zu musizieren.<\/strong><\/p>\n\n\n\n<p><em>\u201eEs macht Spa\u00df und ist gleichzeitig auch ein bisschen verr\u00fcckt, weil es in diesem Miteinander eine ganz andere Energie ist.\u201c<\/em> Weronika Tadzik, Violinistin in der Jenaer Philharmonie<\/p>\n\n\n\n<div class=\"wp-block-buttons is-content-justification-center is-layout-flex wp-container-core-buttons-is-layout-16018d1d wp-block-buttons-is-layout-flex\">\n<div class=\"wp-block-button has-custom-font-size is-style-fill has-large-font-size\"><a class=\"wp-block-button__link has-white-color has-dark-blue-background-color has-text-color has-background has-link-color has-text-align-center wp-element-button\" href=\"https:\/\/www.jenaer-philharmonie.de\/konzert\/tutti-pro-2.html\" target=\"_blank\" rel=\"noreferrer noopener\">Programm &amp; Tickets<\/a><\/div>\n<\/div>\n\n\n\n\n\n<p>Noch sind Tickets verf\u00fcgbar, das Programm dauert 1,5 Stunden. \ud83d\ude42<\/p>\n","protected":false},"excerpt":{"rendered":"<p>Beate Bachmann, Musikvermittlung f\u00fcr die Jenaer Philharmonie, Gesang und Fr\u00fcherziehung an der Musik- und Kunstschule Jena &amp; Projektkoordination tutti pro, hat sich mit&hellip;<\/p>\n","protected":false},"author":22,"featured_media":15841,"comment_status":"open","ping_status":"closed","sticky":false,"template":"","format":"standard","meta":{"footnotes":""},"categories":[1,13,9,706,20,30],"tags":[6,150,277,1204,1203],"class_list":["post-15852","post","type-post","status-publish","format-standard","has-post-thumbnail","hentry","category-allgemein","category-jenaer-philharmonie","category-jenakultur","category-kultur-in-jena","category-mks","category-sonderprojekte","tag-jenakultur","tag-jp","tag-mks","tag-musik-verbindet","tag-tutti-pro"],"_links":{"self":[{"href":"https:\/\/blog.jena.de\/jenakultur\/wp-json\/wp\/v2\/posts\/15852","targetHints":{"allow":["GET"]}}],"collection":[{"href":"https:\/\/blog.jena.de\/jenakultur\/wp-json\/wp\/v2\/posts"}],"about":[{"href":"https:\/\/blog.jena.de\/jenakultur\/wp-json\/wp\/v2\/types\/post"}],"author":[{"embeddable":true,"href":"https:\/\/blog.jena.de\/jenakultur\/wp-json\/wp\/v2\/users\/22"}],"replies":[{"embeddable":true,"href":"https:\/\/blog.jena.de\/jenakultur\/wp-json\/wp\/v2\/comments?post=15852"}],"version-history":[{"count":35,"href":"https:\/\/blog.jena.de\/jenakultur\/wp-json\/wp\/v2\/posts\/15852\/revisions"}],"predecessor-version":[{"id":15911,"href":"https:\/\/blog.jena.de\/jenakultur\/wp-json\/wp\/v2\/posts\/15852\/revisions\/15911"}],"wp:featuredmedia":[{"embeddable":true,"href":"https:\/\/blog.jena.de\/jenakultur\/wp-json\/wp\/v2\/media\/15841"}],"wp:attachment":[{"href":"https:\/\/blog.jena.de\/jenakultur\/wp-json\/wp\/v2\/media?parent=15852"}],"wp:term":[{"taxonomy":"category","embeddable":true,"href":"https:\/\/blog.jena.de\/jenakultur\/wp-json\/wp\/v2\/categories?post=15852"},{"taxonomy":"post_tag","embeddable":true,"href":"https:\/\/blog.jena.de\/jenakultur\/wp-json\/wp\/v2\/tags?post=15852"}],"curies":[{"name":"wp","href":"https:\/\/api.w.org\/{rel}","templated":true}]}}