{"id":1581,"date":"2020-02-12T07:13:00","date_gmt":"2020-02-12T06:13:00","guid":{"rendered":"https:\/\/blog.jena.de\/jenakultur\/?p=1581"},"modified":"2020-02-18T09:37:11","modified_gmt":"2020-02-18T08:37:11","slug":"besser-lesen-schreiben-und-rechnen","status":"publish","type":"post","link":"https:\/\/blog.jena.de\/jenakultur\/2020\/02\/12\/besser-lesen-schreiben-und-rechnen\/","title":{"rendered":"Besser lesen, schreiben und rechnen"},"content":{"rendered":"\n<h2 class=\"wp-block-heading\">Alphabetisierungs- und Grundbildungskurse in der VHS Jena<\/h2>\n\n\n\n<p style=\"text-align: justify\">Bankautomaten, Busfahrpl\u00e4ne, Formulare und Antr\u00e4ge \u2013 unser Alltag wird bestimmt von Zahlen und Schrift. T\u00e4tigkeiten, die f\u00fcr die meisten von uns blo\u00dfe Nebens\u00e4chlichkeiten sind, stellen f\u00fcr andere geradezu un\u00fcberwindbare Hindernisse dar: &nbsp;<strong>Mehr als 6 Millionen Erwachsene zwischen 16 und 64 Jahren k\u00f6nnen nicht ausreichend lesen und schreiben<\/strong>.<\/p>\n<p style=\"text-align: justify\">Der sogenannte \u00bbfunktionale Analphabetismus\u00ab ist keine Frage von Herkunft oder Alter; die meisten Betroffenen haben einen Schulabschluss und sind berufst\u00e4tig. Aber ihnen bleiben viele Zug\u00e4nge zur gesellschaftlichen Teilhabe verwehrt, sie haben Schwierigkeiten im Alltag, im Familien- und Bekanntenkreis und bei der Arbeit. Hinzu kommen die Scham und die Sorge, dass ihre Probleme von anderen bemerkt werden.<\/p>\n<p>Und so fehlt oft der Mut, selbst um Hilfe zu bitten. F\u00fcr diesen gro\u00dfen Schritt wird h\u00e4ufig die Unterst\u00fctzung von Angeh\u00f6rigen oder Personen aus dem pers\u00f6nlichen Umfeld ben\u00f6tigt.<br>Kennen Sie jemanden, der betroffen ist? In Freundeskreis, Kollegium, Nachbarschaft? Es gibt Hilfe!<\/p>\n\n\n\n<h3 class=\"wp-block-heading\">Ein Weg zu neuer Lebensqualit\u00e4t<\/h3>\n\n\n\n<p style=\"text-align: justify\">Die Volkshochschulen in Th\u00fcringen bieten Kurse an, in denen Betroffene nicht nur neue Kompetenzen beim Lesen, Schreiben und Rechnen erlernen. Ihnen wird auch ein Weg zur\u00fcck in die Mitte der Gesellschaft er\u00f6ffnet, neues Selbstvertrauen, Sicherheit und Lebensqualit\u00e4t geschenkt.<br>Und nicht zuletzt lernen die Teilnehmer andere Betroffene kennen, k\u00f6nnen sich austauschen und neue Erfahrungen machen, z. B. bei einem gemeinsamen Besuch eines Museums oder einer Bibliothek. Wussten Sie, dass die Ernst-Abbe-B\u00fccherei Jena z. B. ein ganzes Regal mit Literatur in leichter Sprache, wie etwa vom <a href=\"https:\/\/einfachebuecher.de\/\" target=\"_blank\" rel=\"noopener noreferrer\">Spa\u00df am Lesen Verlag<\/a>, anbietet?<\/p>\n<p style=\"text-align: justify\">Welche M\u00f6glichkeiten eine Grundbildung bietet und wie Betroffene den Alphabetisierungskurs an der Volkshochschule erfahren haben, sehen Sie in diesem Video:<\/p>\n\n\n\n<figure class=\"wp-block-embed-youtube wp-block-embed is-type-video is-provider-youtube wp-embed-aspect-16-9 wp-has-aspect-ratio\"><div class=\"wp-block-embed__wrapper\">\n<iframe loading=\"lazy\" title=\"Besser lesen, schreiben und rechnen in Th\u00fcringen (Lang-Version)\" width=\"900\" height=\"506\" src=\"https:\/\/www.youtube.com\/embed\/zYRHMDLynjY?feature=oembed\" frameborder=\"0\" allow=\"accelerometer; autoplay; encrypted-media; gyroscope; picture-in-picture\" allowfullscreen><\/iframe>\n<\/div><figcaption> Betroffene glauben h\u00e4ufig, mit ihrem Problem allein zu sein. Aber das stimmt nicht! | \u00a9 Th\u00fcringer Hochschulverband e.V., Filmproduktion: Uwe Germar &#8211; m4medien<\/figcaption><\/figure>\n\n\n\n<h3 class=\"wp-block-heading\">Grundbildung in Jena<\/h3>\n\n\n\n<p style=\"text-align: justify\">In der <a href=\"https:\/\/www.vhs-jena.de\/de\/beratung\/alphabetisierung\/649476\" target=\"_blank\" rel=\"noopener noreferrer\">Volkshochschule Jena<\/a> findet zweimal in der Woche ein Kurs statt, in dem in einer kleinen Gruppe und mit individueller Betreuung gelernt wird \u2013 ohne Leistungsdruck, aber daf\u00fcr mit viel Kreativit\u00e4t, Leidenschaft und Engagement.<br>Ein Einstieg ist jederzeit m\u00f6glich und kann auch erst einmal in einem Schnupperkurs ausprobiert werden. Interessierte k\u00f6nnen sich gern pers\u00f6nlich vor Ort oder unter der kostenfreien Hotline 0 800 89 89 789 beraten lassen.<\/p>\n<p style=\"text-align: justify\">Auch andere hilfreiche Kurse werden im Programm angeboten, etwa <em><a href=\"https:\/\/www.vhs-jena.de\/kursauswahl\/index.php?kathaupt=11&amp;knr=20F10310&amp;kursname=Fit+in+meiner+eigenen+Finanzwelt+-+bei+finanziellen+Veraenderungen+den+UEberblick\" target=\"_blank\" rel=\"noopener noreferrer\">Fit in meiner eigenen Finanzwelt<\/a><\/em> am 12. Mai 2020. Denn sich im Dschungel der finanziellen M\u00f6glichkeiten und Angebote zurechtzufinden, ist ohne ausreichende Lese- und Rechenkompetenz geradezu unm\u00f6glich und f\u00fchrt h\u00e4ufig in die Schuldenfalle.<\/p>\n<p style=\"text-align: justify\">Au\u00dferdem wird im Rahmen des 1. Jenaer Inklusionsfestivals zum Thementag Bildung und Inklusion am 14. Mai 2020 das <a href=\"https:\/\/alfa-mobil.de\/\" target=\"_blank\" rel=\"noopener noreferrer\">ALFA-Mobil<\/a> mit Aktionen und Beratungsangeboten zu Gast sein.<\/p>\n\n\n\n<hr class=\"wp-block-separator\" \/>\n\n\n\n<h4 class=\"wp-block-heading\">Brauchen Sie Hilfe dabei, eine*n Betroffene*n anzusprechen bzw. f\u00fcr einen Kurs anzumelden? Oder m\u00f6chten Sie selbst gern teilnehmen und wollen mehr zum Thema wissen?<br>Gern k\u00f6nnen Sie sich in der VHS Jena pers\u00f6nlich oder telefonisch unter  0049 (0)3641 49-8210 melden.<\/h4>\n\n\n\n<h4 class=\"wp-block-heading\"><br>Sie m\u00f6chten Ihre Erfahrungen mit dem Thema teilen? Wir freuen uns auf Ihre Kommentare!<\/h4>\n\n\n\n<hr class=\"wp-block-separator\" \/>\n\n\n\n<figure class=\"wp-block-embed-issuu wp-block-embed is-type-rich is-provider-issuu\"><div class=\"wp-block-embed__wrapper\">\n<div data-url=\"https:\/\/issuu.com\/jenakultur\/docs\/leo2018-presseheft\" style=\"width: 900px; height: 633px;\" class=\"issuuembed\"><\/div><script type=\"text\/javascript\" src=\"\/\/e.issuu.com\/embed.js\" async=\"true\"><\/script>\n<\/div><figcaption>F\u00fcr weitere Informationen zum Thema funktionaler Analphabetismus:<br>Grotl\u00fcschen, Anke; Buddeberg, Klaus; Dutz, Gregor; Heilmann, Lisanne; Stammer, Christopher (2019): LEO 2018 \u2013 Leben mit geringer Literalit\u00e4t. Pressebrosch\u00fcre, Hamurg. Online unter <a href=\"https:\/\/leo.blogs.uni-hamburg.de\/\">https:\/\/leo.blogs.uni-hamburg.de\/<\/a><\/figcaption><\/figure>\n","protected":false},"excerpt":{"rendered":"<p>Bankautomaten, Busfahrpl\u00e4ne, Formulare und Antr\u00e4ge \u2013 F\u00fcr \u00fcber 6 Millionen Menschen sind solche allt\u00e4glichen Begleiter gro\u00dfe H\u00fcrden. Sehen Sie in diesem Video, wie Kurse an der Volkshochschule helfen k\u00f6nnen.<\/p>\n","protected":false},"author":22,"featured_media":1591,"comment_status":"open","ping_status":"closed","sticky":false,"template":"","format":"video","meta":{"footnotes":""},"categories":[29],"tags":[441,442,444,443,449,445,446,448,447,57,56],"class_list":["post-1581","post","type-post","status-publish","format-video","has-post-thumbnail","hentry","category-vhs","tag-alphabetisierung","tag-analphabetismus","tag-erwachsenenbildung","tag-grundbildung","tag-integration","tag-lebenshilfe","tag-lesenlernen","tag-rechnenlernen","tag-schreibenlernen","tag-vhs","tag-volkshochschule","post_format-post-format-video"],"_links":{"self":[{"href":"https:\/\/blog.jena.de\/jenakultur\/wp-json\/wp\/v2\/posts\/1581","targetHints":{"allow":["GET"]}}],"collection":[{"href":"https:\/\/blog.jena.de\/jenakultur\/wp-json\/wp\/v2\/posts"}],"about":[{"href":"https:\/\/blog.jena.de\/jenakultur\/wp-json\/wp\/v2\/types\/post"}],"author":[{"embeddable":true,"href":"https:\/\/blog.jena.de\/jenakultur\/wp-json\/wp\/v2\/users\/22"}],"replies":[{"embeddable":true,"href":"https:\/\/blog.jena.de\/jenakultur\/wp-json\/wp\/v2\/comments?post=1581"}],"version-history":[{"count":26,"href":"https:\/\/blog.jena.de\/jenakultur\/wp-json\/wp\/v2\/posts\/1581\/revisions"}],"predecessor-version":[{"id":1669,"href":"https:\/\/blog.jena.de\/jenakultur\/wp-json\/wp\/v2\/posts\/1581\/revisions\/1669"}],"wp:featuredmedia":[{"embeddable":true,"href":"https:\/\/blog.jena.de\/jenakultur\/wp-json\/wp\/v2\/media\/1591"}],"wp:attachment":[{"href":"https:\/\/blog.jena.de\/jenakultur\/wp-json\/wp\/v2\/media?parent=1581"}],"wp:term":[{"taxonomy":"category","embeddable":true,"href":"https:\/\/blog.jena.de\/jenakultur\/wp-json\/wp\/v2\/categories?post=1581"},{"taxonomy":"post_tag","embeddable":true,"href":"https:\/\/blog.jena.de\/jenakultur\/wp-json\/wp\/v2\/tags?post=1581"}],"curies":[{"name":"wp","href":"https:\/\/api.w.org\/{rel}","templated":true}]}}