{"id":15194,"date":"2024-12-06T07:13:00","date_gmt":"2024-12-06T06:13:00","guid":{"rendered":"https:\/\/blog.jena.de\/jenakultur\/?p=15194"},"modified":"2024-12-05T16:48:22","modified_gmt":"2024-12-05T15:48:22","slug":"eine-reise-voller-erfahrungen","status":"publish","type":"post","link":"https:\/\/blog.jena.de\/jenakultur\/2024\/12\/06\/eine-reise-voller-erfahrungen\/","title":{"rendered":"Eine Reise voller Erfahrungen"},"content":{"rendered":"\n\n\n<h2 class=\"wp-block-heading\"><strong>Mein unvergessliches Auslandspraktikum im Herzen von Malta<\/strong><\/h2>\n\n\n\n<p>*Mela.<\/p>\n\n\n\n<p>Die Idee f\u00fcr ein Auslandspraktikum wurde bereits zu Beginn meiner Ausbildung von Frau Abraham (Personalleiterin JenaKultur) angesto\u00dfen. Ich erinnere mich noch gut daran, wie begeistert ich sofort von dieser M\u00f6glichkeit war. Das Praktikum im Ausland versprach nicht nur eine Verbesserung meiner Englischkenntnisse, sondern auch die Chance, neue Kulturen kennenzulernen und wertvolle berufliche Erfahrungen zu sammeln. Gemeinsam fanden wir schnell einen geeigneten Zeitraum im dritten Ausbildungsjahr, der es mir erm\u00f6glichen sollte, w\u00e4hrend des Praktikums auch die Vorz\u00fcge des Reisens zu genie\u00dfen.<\/p>\n\n\n\n<h3 class=\"wp-block-heading\"><strong>Die Planung: Auf der Suche nach meinem Traumpraktikum<\/strong><\/h3>\n\n\n\n<p>Die eigentliche Planung begann zu Beginn des Jahres. Ich tauchte tief in die Recherche ein und betrachtete verschiedene Optionen f\u00fcr mein Praktikum. Der Ort war schnell festgelegt: Ich wollte in ein Land reisen, das ich noch nicht besucht hatte. Ein angenehmes Klima und Englisch als Landessprache waren mir wichtig. <a href=\"https:\/\/de.wikipedia.org\/wiki\/Malta\" target=\"_blank\" rel=\"noreferrer noopener\">Malta<\/a> erschien mir als das perfekte Ziel. Die Kombination aus reicher Geschichte und atemberaubender Kultur machte die Entscheidung recht einfach.<\/p>\n\n\n\n<p>Zun\u00e4chst versuchte ich, meinen Praktikumsplatz eigenst\u00e4ndig zu finden. Ich verschickte zahlreiche Bewerbungen an Unternehmen in der Veranstaltungsbranche, doch die R\u00fcckmeldungen blieben aus. Nach einigen Wochen des Wartens und der Entt\u00e4uschung entschied ich mich, den einfacheren und offizielleren Weg \u00fcber <a href=\"https:\/\/www.erasmusplus.de\/\" target=\"_blank\" rel=\"noopener\">Erasmus+<\/a> bzw. <a href=\"https:\/\/www.azubi-mobil.de\/\" target=\"_blank\" rel=\"noopener\">Azubi-Mobil<\/a> zu w\u00e4hlen, um einen Praktikumsplatz zu finden. R\u00fcckblickend kann ich sagen, dass dies die beste Entscheidung war, die ich treffen konnte.<\/p>\n\n\n\n<h3 class=\"wp-block-heading\"><strong>Der Countdown l\u00e4uft: Die Ankunft in Malta<\/strong><\/h3>\n\n\n\n<p>Nach meiner Anmeldung bei Azubi-Mobil erhielt ich schnell Unterst\u00fctzung von einer Mitarbeiterin, die all meine Fragen beantwortete und mich im Programm registrierte. Sie half mir bei der Auswahl eines geeigneten Unternehmens und k\u00fcmmerte sich um alle notwendigen Unterlagen. Zwei Wochen vor meiner Abreise bekam ich dann die Details zu meinem Praktikumsbetrieb und meiner Unterkunft. Die Vorfreude stieg, und auch eine gewisse Neugier machte sich breit.<\/p>\n\n\n\n<p>Am Samstag, den 28. September 2024, begann ich schlie\u00dflich mein Abenteuer. Nach einer sechseinhalbst\u00fcndigen Bahnfahrt in Richtung S\u00fcden erreichte ich den Flughafen Memmingen. Am Flughafen stellte ich fest, wie sehr sich hier in den letzten Jahren einiges ver\u00e4ndert hatte; vor einigen Jahren f\u00fchlte ich mich dort noch einsam. Nach einem etwa zweieinhalbst\u00fcndigen Flug landete ich schlie\u00dflich in Malta, wo ich herzlich von Alex, dem Erasmus-Verantwortlichen, empfangen wurde, der mich zu meiner Unterkunft brachte.<\/p>\n\n\n\n<h3 class=\"wp-block-heading\"><strong>Ein neues Zuhause f\u00fcr die n\u00e4chsten sechs Wochen<\/strong><\/h3>\n\n\n\n<p>Ich bezog mein Zimmer in einer F\u00fcnfer-WG in Msida, die gro\u00dfz\u00fcgig und bestens ausgestattet war. Die zentrale Lage des Apartments trug dazu bei, dass ich mich schnell wie ein Einheimischer f\u00fchlte. Mit mir im Zimmer wohnte Nils aus M\u00fcnster, der eine Ausbildung zum Pharmazeuten macht. Zu meiner Freude verstanden wir uns ausgezeichnet. Die anderen M\u00e4dels in der WG kamen aus Berlin und machten alle eine Ausbildung zur Industriekauffrau. Gemeinsam verbrachten wir viel Zeit damit, die Umgebung zu erkunden und die lokale Gastronomie auszuprobieren.<\/p>\n\n\n\n<h3 class=\"wp-block-heading\"><strong>Herausforderungen und inspirierende Erfahrungen<\/strong><\/h3>\n\n\n\n<p>W\u00e4hrend meines Praktikums hatte ich die einzigartige Gelegenheit, in der <a href=\"https:\/\/mostachurch.com\/?lang=en\" target=\"_blank\" rel=\"noreferrer noopener\">Rotunda von Mosta<\/a> zu arbeiten \u2013 einer der, wenn nicht die beeindruckendsten Kirche Maltas, auch bekannt als Kirche Mari\u00e4 Himmelfahrt oder Mosta-Dom. Mit ihrer monumentalen Kuppel, die zu den gr\u00f6\u00dften freitragenden Kuppeln weltweit geh\u00f6rt, ist dieses architektonische Meisterwerk ein herausragendes Symbol der maltesischen Kultur. Die Kirche wurde zwischen 1833 und 1860 von dem maltesischen Architekten Giorgio Grognet de Vass\u00e9 im neoklassizistischen Stil entworfen und ist stark vom Pantheon in Rom inspiriert.<\/p>\n\n\n\n<div class=\"wp-block-responsive-lightbox-gallery\"><\/div>\n\n\n\n<p>Mein erster Tag im Praktikum war sowohl herausfordernd, als auch faszinierend. Nach einer herzlichen Vorstellung durch meine neuen Kollegen, die mir freundlich begegneten, startete ich voller Elan. Ein unglaublicher Ansturm von internationalen Besucher:innen str\u00f6mte in die Kirche, neugierig darauf, die beeindruckenden architektonischen Merkmale und die besondere Atmosph\u00e4re dieses heiligen Ortes zu erleben. Ich war \u00fcberw\u00e4ltigt von der Menge und dem Trubel und versp\u00fcrte Ehrfurcht, w\u00e4hrend ich versuchte, mich in dieser dynamischen Umgebung zu orientieren.<\/p>\n\n\n\n<p>Eine meiner zentralen Aufgaben bestand darin, die Kommunikation rund um den neuen Audioguide zu gestalten, der den Besuchern:innen einen informativen Rundgang durch die Kirche erm\u00f6glichen sollte. Insbesondere bei \u00e4lteren G\u00e4sten gab es einige Herausforderungen, da viele Schwierigkeiten hatten, die Installation des Audioguides zu bew\u00e4ltigen. Da ich neben Deutsch und Englisch auch Russisch spreche, wurde ich oft am Infostand als \u00dcbersetzer eingesetzt. Diese Rolle half mir nicht nur, den G\u00e4sten in ihrer Sprache zu helfen, sondern bot mir auch die Gelegenheit, meine Sprachkenntnisse intensiv zu verbessern und inspirierende neue Kontakte zu kn\u00fcpfen.<\/p>\n\n\n\n<p>Die Rotunda von Mosta hat nicht nur eine beeindruckende Architektur, sondern auch eine bewegte Geschichte, die viele Menschen fasziniert. Am 9. April 1942 durchbrach eine deutsche Fliegerbombe das Dach der vollbesetzten Kirche, explodierte jedoch nicht \u2013 ein Ereignis, das bis heute als das \u201eWunder von Mosta\u201c gefeiert wird. Die nicht detonierte Bombe ist heute in der Kirche ausgestellt, beziehungsweise eine Nachbildung der Bombe und zieht viele Besucher:innen an, die von der au\u00dfergew\u00f6hnlichen Geschichte und dem Glauben, der mit diesem Ort verbunden ist, ber\u00fchrt werden. W\u00e4hrend meiner Zeit vor Ort hatte ich nicht nur das Gl\u00fcck, die Sch\u00f6nheit des Geb\u00e4udes zu bewundern, sondern auch hautnah zu erleben, wie bedeutend dieser Ort f\u00fcr die Menschen ist. Mein Arbeitstag ging von 9 bis 17 Uhr in verschiedenen Funktionen, darunter die Verwaltung von Tickets f\u00fcr Gruppen, um den Einlassprozess reibungslos zu gestalten. Oft wurde ich mit Fragen zu den verschiedenen Attraktionen innerhalb des Geb\u00e4udes konfrontiert und nahm mir gerne die Zeit, den G\u00e4sten die kunstvollen Details und die tiefere Bedeutung der Rotunda n\u00e4herzubringen. Zudem war ich Ansprechpartner f\u00fcr Besucherfragen und informierte \u00fcber die Rotunde, wodurch ich mein Wissen \u00fcber die Kirche und die maltesische Kultur weiter vertiefen konnte. Ein weiterer wichtiger Aufgabenbereich war die \u00dcbernahme der Anmeldungen f\u00fcr Tasting-Events im Besucherzentrum, die Einblicke in die k\u00f6stliche maltesische K\u00fcche boten. Diese Veranstaltungen waren nicht nur eine gro\u00dfartige M\u00f6glichkeit, mehr \u00fcber die maltesische Esskultur zu erfahren, sondern auch eine Gelegenheit, den G\u00e4sten eine besondere Erfahrung zu bieten.<\/p>\n\n\n\n<figure class=\"wp-block-pullquote\"><blockquote><p>Insgesamt war mein Praktikum in der Rotunda von Mosta eine bereichernde Erfahrung, die mir nicht nur neue Einblicke in die Welt der Kunst und Architektur verschaffte, sondern auch dazu beitrug, meine interkulturellen F\u00e4higkeiten auszubauen. Diese unvergesslichen Erlebnisse werden mir noch lange in Erinnerung bleiben.<\/p><\/blockquote><\/figure>\n\n\n\n<p>Ich werde die Atmosph\u00e4re der Rotunda, die Begegnungen mit internationalen G\u00e4sten und die faszinierenden Geschichten vermissen. Malta, mit seiner reichen Geschichte und Kultur sowie den herzlichen Menschen, ist f\u00fcr mich ein besonderer Ort geworden, und ich hoffe, eines Tages zur\u00fcckzukehren.<\/p>\n\n\n\n<h3 class=\"wp-block-heading\"><strong>Die Freuden der Freizeit<\/strong><\/h3>\n\n\n\n<p>In meiner Freizeit hatte ich viele M\u00f6glichkeiten, Malta zu erkunden und das Leben in vollen Z\u00fcgen zu genie\u00dfen. Ein Highlight war eine aufregende Wanderung zu den geheimnisvollen Lost Places auf <a href=\"https:\/\/de.wikipedia.org\/wiki\/Comino\" target=\"_blank\" rel=\"noreferrer noopener\">Comino<\/a>, wo die unber\u00fchrte Natur einfach atemberaubend war. Auch die Tauchg\u00e4nge in den kristallklaren Gew\u00e4ssern von <a href=\"https:\/\/de.wikipedia.org\/wiki\/Gozo\" target=\"_blank\" rel=\"noreferrer noopener\">Gozo<\/a>, bei denen ich viele faszinierende Meeresbewohner beobachten konnte, bleiben mir in guter Erinnerung.<\/p>\n\n\n\n<div class=\"wp-block-responsive-lightbox-gallery\"><div class=\"rl-gallery-container rl-loading\" id=\"rl-gallery-container-1\" data-gallery_id=\"15260\"> <div class=\"rl-gallery rl-basicgrid-gallery rl-hover-icon-10\" id=\"rl-gallery-1\" data-gallery_no=\"1\"> <div class=\"rl-gallery-item\"><a href=\"https:\/\/blog.jena.de\/jenakultur\/wp-content\/uploads\/sites\/25\/2024\/11\/jenakultur-malta-clitwinov-2jenakultur-cl-malta-clitwinov-2jenakultur-cl.jpg\" title=\"Impressionen von Malta \u00a9 JenaKultur\" data-rl_title=\"Impressionen von Malta \u00a9 JenaKultur\" class=\"rl-gallery-link\" data-rl_caption=\"Eindr\u00fccke vom Auslandspraktikum in Malta von Christoph Litwinov\" data-rel=\"lightbox-gallery-1\"><img loading=\"lazy\" decoding=\"async\" src=\"https:\/\/blog.jena.de\/jenakultur\/wp-content\/uploads\/sites\/25\/2024\/11\/jenakultur-malta-clitwinov-2jenakultur-cl-malta-clitwinov-2jenakultur-cl-400x400.jpg\" width=\"400\" height=\"400\" alt=\"ein Oldtimer-Bus in Malta direkt am Meer\" \/><span class=\"rl-gallery-caption\"><span class=\"rl-gallery-item-caption\">Impressionen von Malta \u00a9 JenaKultur<\/span><\/span><\/a><\/div><div class=\"rl-gallery-item\"><a href=\"https:\/\/blog.jena.de\/jenakultur\/wp-content\/uploads\/sites\/25\/2024\/11\/jenakultur-malta-clitwinovjenakultur-cl-malta-clitwinovjenakultur-cl.jpg\" title=\"Impressionen von Malta \u00a9 JenaKultur\" data-rl_title=\"Impressionen von Malta \u00a9 JenaKultur\" class=\"rl-gallery-link\" data-rl_caption=\"Eindr\u00fccke vom Auslandspraktikum in Malta von Christoph Litwinov\" data-rel=\"lightbox-gallery-1\"><img loading=\"lazy\" decoding=\"async\" src=\"https:\/\/blog.jena.de\/jenakultur\/wp-content\/uploads\/sites\/25\/2024\/11\/jenakultur-malta-clitwinovjenakultur-cl-malta-clitwinovjenakultur-cl-400x400.jpg\" width=\"400\" height=\"400\" alt=\"Vor einer Kirche in Malta, viele Besucher:innen: Rotunda von Mosta\" \/><span class=\"rl-gallery-caption\"><span class=\"rl-gallery-item-caption\">Impressionen von Malta \u00a9 JenaKultur<\/span><\/span><\/a><\/div><div class=\"rl-gallery-item\"><a href=\"https:\/\/blog.jena.de\/jenakultur\/wp-content\/uploads\/sites\/25\/2024\/11\/jenakultur-malta-clitwinov-10jenakultur-cl-malta-clitwinov-10jenakultur-cl.jpg\" title=\"Impressionen von Malta \u00a9 JenaKultur\" data-rl_title=\"Impressionen von Malta \u00a9 JenaKultur\" class=\"rl-gallery-link\" data-rl_caption=\"Eindr\u00fccke vom Auslandspraktikum in Malta von Christoph Litwinov\" data-rel=\"lightbox-gallery-1\"><img loading=\"lazy\" decoding=\"async\" src=\"https:\/\/blog.jena.de\/jenakultur\/wp-content\/uploads\/sites\/25\/2024\/11\/jenakultur-malta-clitwinov-10jenakultur-cl-malta-clitwinov-10jenakultur-cl-400x400.jpg\" width=\"400\" height=\"400\" alt=\"Christoph Litwinov sehr gl\u00fccklich vor dem Flugzeug mit der Aufschrift &quot;Malta&quot;\" \/><span class=\"rl-gallery-caption\"><span class=\"rl-gallery-item-caption\">Impressionen von Malta \u00a9 JenaKultur<\/span><\/span><\/a><\/div><div class=\"rl-gallery-item\"><a href=\"https:\/\/blog.jena.de\/jenakultur\/wp-content\/uploads\/sites\/25\/2024\/11\/jenakultur-malta-clitwinov-9jenakultur-cl-malta-clitwinov-9jenakultur-cl.jpg\" title=\"Impressionen von Malta \u00a9 JenaKultur\" data-rl_title=\"Impressionen von Malta \u00a9 JenaKultur\" class=\"rl-gallery-link\" data-rl_caption=\"Eindr\u00fccke vom Auslandspraktikum in Malta von Christoph Litwinov\" data-rel=\"lightbox-gallery-1\"><img loading=\"lazy\" decoding=\"async\" src=\"https:\/\/blog.jena.de\/jenakultur\/wp-content\/uploads\/sites\/25\/2024\/11\/jenakultur-malta-clitwinov-9jenakultur-cl-malta-clitwinov-9jenakultur-cl-400x400.jpg\" width=\"400\" height=\"400\" alt=\"Eine Stra\u00dfe zum Meer in Malta, die H\u00e4user haben die typischen bunten Balkone\" \/><span class=\"rl-gallery-caption\"><span class=\"rl-gallery-item-caption\">Impressionen von Malta \u00a9 JenaKultur<\/span><\/span><\/a><\/div><div class=\"rl-gallery-item\"><a href=\"https:\/\/blog.jena.de\/jenakultur\/wp-content\/uploads\/sites\/25\/2024\/11\/jenakultur-malta-clitwinov-8jenakultur-cl-malta-clitwinov-8jenakultur-cl.jpg\" title=\"Impressionen von Malta \u00a9 JenaKultur\" data-rl_title=\"Impressionen von Malta \u00a9 JenaKultur\" class=\"rl-gallery-link\" data-rl_caption=\"Eindr\u00fccke vom Auslandspraktikum in Malta von Christoph Litwinov\" data-rel=\"lightbox-gallery-1\"><img loading=\"lazy\" decoding=\"async\" src=\"https:\/\/blog.jena.de\/jenakultur\/wp-content\/uploads\/sites\/25\/2024\/11\/jenakultur-malta-clitwinov-8jenakultur-cl-malta-clitwinov-8jenakultur-cl-400x400.jpg\" width=\"400\" height=\"400\" alt=\"Eine t\u00fcrkisfarbene Bucht in Malta\" \/><span class=\"rl-gallery-caption\"><span class=\"rl-gallery-item-caption\">Impressionen von Malta \u00a9 JenaKultur<\/span><\/span><\/a><\/div><div class=\"rl-gallery-item\"><a href=\"https:\/\/blog.jena.de\/jenakultur\/wp-content\/uploads\/sites\/25\/2024\/11\/jenakultur-malta-clitwinov-7jenakultur-cl-malta-clitwinov-7jenakultur-cl.jpg\" title=\"Impressionen von Malta \u00a9 JenaKultur\" data-rl_title=\"Impressionen von Malta \u00a9 JenaKultur\" class=\"rl-gallery-link\" data-rl_caption=\"Eindr\u00fccke vom Auslandspraktikum in Malta von Christoph Litwinov\" data-rel=\"lightbox-gallery-1\"><img loading=\"lazy\" decoding=\"async\" src=\"https:\/\/blog.jena.de\/jenakultur\/wp-content\/uploads\/sites\/25\/2024\/11\/jenakultur-malta-clitwinov-7jenakultur-cl-malta-clitwinov-7jenakultur-cl-400x400.jpg\" width=\"400\" height=\"400\" alt=\"Ein Strand in Malta, das Meer ist gr\u00fcn-blau, dahinter t\u00fcrmt sich eine Stadt auf\" \/><span class=\"rl-gallery-caption\"><span class=\"rl-gallery-item-caption\">Impressionen von Malta \u00a9 JenaKultur<\/span><\/span><\/a><\/div><div class=\"rl-gallery-item\"><a href=\"https:\/\/blog.jena.de\/jenakultur\/wp-content\/uploads\/sites\/25\/2024\/11\/jenakultur-malta-clitwinov-6jenakultur-cl-malta-clitwinov-6jenakultur-cl.jpg\" title=\"Impressionen von Malta \u00a9 JenaKultur\" data-rl_title=\"Impressionen von Malta \u00a9 JenaKultur\" class=\"rl-gallery-link\" data-rl_caption=\"Eindr\u00fccke vom Auslandspraktikum in Malta von Christoph Litwinov\" data-rel=\"lightbox-gallery-1\"><img loading=\"lazy\" decoding=\"async\" src=\"https:\/\/blog.jena.de\/jenakultur\/wp-content\/uploads\/sites\/25\/2024\/11\/jenakultur-malta-clitwinov-6jenakultur-cl-malta-clitwinov-6jenakultur-cl-400x400.jpg\" width=\"400\" height=\"400\" alt=\"Ein Fu\u00dfballstadium auf Malta, ein Spiel ist im Gang, viele Zuschauer:innen\" \/><span class=\"rl-gallery-caption\"><span class=\"rl-gallery-item-caption\">Impressionen von Malta \u00a9 JenaKultur<\/span><\/span><\/a><\/div><div class=\"rl-gallery-item\"><a href=\"https:\/\/blog.jena.de\/jenakultur\/wp-content\/uploads\/sites\/25\/2024\/11\/jenakultur-malta-clitwinov-5jenakultur-cl-malta-clitwinov-5jenakultur-cl.jpg\" title=\"Impressionen von Malta \u00a9 JenaKultur\" data-rl_title=\"Impressionen von Malta \u00a9 JenaKultur\" class=\"rl-gallery-link\" data-rl_caption=\"Eindr\u00fccke vom Auslandspraktikum in Malta von Christoph Litwinov\" data-rel=\"lightbox-gallery-1\"><img loading=\"lazy\" decoding=\"async\" src=\"https:\/\/blog.jena.de\/jenakultur\/wp-content\/uploads\/sites\/25\/2024\/11\/jenakultur-malta-clitwinov-5jenakultur-cl-malta-clitwinov-5jenakultur-cl-400x400.jpg\" width=\"400\" height=\"400\" alt=\"Ein Konzert auf Malta, die B\u00fchne ist eine Halbkuppel aus einer Art Ger\u00fcst\" \/><span class=\"rl-gallery-caption\"><span class=\"rl-gallery-item-caption\">Impressionen von Malta \u00a9 JenaKultur<\/span><\/span><\/a><\/div> <\/div> <\/div><\/div>\n\n\n\n<p>Beim Padel-Tennis konnte ich eine neue Sportart ausprobieren und mit meinem Bruder duellieren, welcher mich kurzzeitig auf Malta besuchte. Ein tolles Erlebnis war der Besuch eines Techno-Raves, bei dem ich viele junge Leute aus der ganzen Welt kennenlernen durfte. Zudem besuchte ich das Stra\u00dfenfestival &#8222;Notte Bianca&#8220; in Valletta, das mir die lebendige Kultur Maltas n\u00e4herbrachte und mein nat\u00fcrliche Habitat als zuk\u00fcnftiger Veranstaltungskaufmanns ist.&nbsp;<\/p>\n\n\n\n<p>Ein weiteres Erlebnis war das Fu\u00dfball-L\u00e4nderspiel zwischen Malta und Moldawien im Nationalstadion, welches Malta in der 87. Minute durch einen Elfmeter gewann. \ud83d\ude09<\/p>\n\n\n\n<h3 class=\"wp-block-heading\"><strong>Fazit: Ein Praktikum, das alles ver\u00e4ndert hat<\/strong><\/h3>\n\n\n\n<p>R\u00fcckblickend auf mein Praktikum in Malta kann ich mit \u00dcberzeugung sagen, dass es mir nicht nur berufliche Einblicke in die Veranstaltungsbranche gegeben hat, sondern auch meine pers\u00f6nlichen Perspektiven enorm erweitert hat. Die Erfahrungen, die ich dort gesammelt habe, haben meine Englischkenntnisse verbessert und mir gezeigt, wie wichtig interkulturelle Kommunikation ist.<\/p>\n\n\n\n<p>Ich bin dem Team Personal\/Organisation von JenaKultur sehr dankbar f\u00fcr die M\u00f6glichkeit, zu diesem Abenteuer und kann jedem, der \u00fcber ein Auslandspraktikum nachdenkt, nur empfehlen, den Sprung zu wagen. Die Erinnerungen, die ich gesammelt habe, werden mich ein Leben lang begleiten, und ich bin fest entschlossen, meine neu gewonnenen Kenntnisse in meiner weiteren zuk\u00fcnftigen beruflichen Karriere zu nutzen. Und f\u00fcr alle anderen Azubis:<\/p>\n<blockquote>\n<p>Mut f\u00fcr Neues ist der Schl\u00fcssel zu gro\u00dfen M\u00f6glichkeiten.\u00a0<\/p>\n<\/blockquote>\n\n\n\n<p>I\u2019ll be back, I promise.<\/p>\n\n\n\n<pre class=\"wp-block-verse\">*Mela: Dieses Wort sagen die Malteser st\u00e4ndig. Es wird verwendet, wenn jemand beginnt, etwas zu erkl\u00e4ren. Es kann aber auch als \u201edeshalb\u201c, \u201ealso\u201c, \u201enat\u00fcrlich\u201c, \u201eok\u201c, \u201ealles klar\u201c oder \u201e\u00e4hm\u201c interpretiert werden.<\/pre>\n","protected":false},"excerpt":{"rendered":"<p>Mein unvergessliches Auslandspraktikum im Herzen von Malta *Mela. Die Idee f\u00fcr ein Auslandspraktikum wurde bereits zu Beginn meiner Ausbildung von Frau Abraham (Personalleiterin&hellip;<\/p>\n","protected":false},"author":22,"featured_media":15191,"comment_status":"open","ping_status":"closed","sticky":false,"template":"","format":"standard","meta":{"footnotes":""},"categories":[1,9],"tags":[47,627,1032,6,82,73,1182],"class_list":["post-15194","post","type-post","status-publish","format-standard","has-post-thumbnail","hentry","category-allgemein","category-jenakultur","tag-ausbildung","tag-ausland","tag-azubi","tag-jenakultur","tag-kultur","tag-mitarbeiter","tag-praktikum"],"_links":{"self":[{"href":"https:\/\/blog.jena.de\/jenakultur\/wp-json\/wp\/v2\/posts\/15194","targetHints":{"allow":["GET"]}}],"collection":[{"href":"https:\/\/blog.jena.de\/jenakultur\/wp-json\/wp\/v2\/posts"}],"about":[{"href":"https:\/\/blog.jena.de\/jenakultur\/wp-json\/wp\/v2\/types\/post"}],"author":[{"embeddable":true,"href":"https:\/\/blog.jena.de\/jenakultur\/wp-json\/wp\/v2\/users\/22"}],"replies":[{"embeddable":true,"href":"https:\/\/blog.jena.de\/jenakultur\/wp-json\/wp\/v2\/comments?post=15194"}],"version-history":[{"count":16,"href":"https:\/\/blog.jena.de\/jenakultur\/wp-json\/wp\/v2\/posts\/15194\/revisions"}],"predecessor-version":[{"id":15296,"href":"https:\/\/blog.jena.de\/jenakultur\/wp-json\/wp\/v2\/posts\/15194\/revisions\/15296"}],"wp:featuredmedia":[{"embeddable":true,"href":"https:\/\/blog.jena.de\/jenakultur\/wp-json\/wp\/v2\/media\/15191"}],"wp:attachment":[{"href":"https:\/\/blog.jena.de\/jenakultur\/wp-json\/wp\/v2\/media?parent=15194"}],"wp:term":[{"taxonomy":"category","embeddable":true,"href":"https:\/\/blog.jena.de\/jenakultur\/wp-json\/wp\/v2\/categories?post=15194"},{"taxonomy":"post_tag","embeddable":true,"href":"https:\/\/blog.jena.de\/jenakultur\/wp-json\/wp\/v2\/tags?post=15194"}],"curies":[{"name":"wp","href":"https:\/\/api.w.org\/{rel}","templated":true}]}}