{"id":14705,"date":"2024-10-18T07:30:00","date_gmt":"2024-10-18T05:30:00","guid":{"rendered":"https:\/\/blog.jena.de\/jenakultur\/?p=14705"},"modified":"2024-10-14T14:57:32","modified_gmt":"2024-10-14T12:57:32","slug":"vorgestellt-insidertipps-aus-der-jena-tourist-information-15-josephine-liesegang","status":"publish","type":"post","link":"https:\/\/blog.jena.de\/jenakultur\/2024\/10\/18\/vorgestellt-insidertipps-aus-der-jena-tourist-information-15-josephine-liesegang\/","title":{"rendered":"Vorgestellt: Insidertipps aus der Jena Tourist-Information (15): Josephine Liesegang"},"content":{"rendered":"\n<p>Hallo und herzlich willkommen bei JenaKultur, Frau Liesegang. Sch\u00f6n, dass auch Sie sich f\u00fcr ein kurzes Interview bereit erkl\u00e4rt haben!<\/p>\n\n\n\n<p><strong>Seit wann sind Sie Teil der Jena Tourist-Information? Was sind dort Ihre Aufgaben?<\/strong> <br>Seit Anfang April 2024 unterst\u00fctze ich das Team der <a href=\"https:\/\/www.visit-jena.de\/reise-planen\/jena-tourist-information\/\" target=\"_blank\" rel=\"noopener\">Jena Tourist-Information<\/a> im Backoffice Tourismus, Callcenter und im Frontoffice. Haupts\u00e4chlich bin ich aber im \u201eBackoffice\u201c t\u00e4tig.<br>Meine Hauptaufgabe ist die Organisation von Stadtf\u00fchrungen, aber auch die Beratung der G\u00e4ste zu verschiedenen Themen \u00fcber unsere Stadt, die Zimmervermittlung und auch der Verkauf von Eintrittskarten, Souvenirs und regionalen Produkten z\u00e4hlen dazu. Viele buchhalterische Aufgaben (z. B. Rechnungen schreiben) geh\u00f6ren weiterhin zu meinen Aufgaben.<br><br><strong>Was bedeutet &#8222;Backoffice&#8220;?<\/strong><br>Im \u201eBackoffice\u201c ist man \u2013 im Gegensatz zu meinen Kolleginnen und Kollegen im &#8222;Frontoffice&#8220; \u2013 im Hintergrund t\u00e4tig. Auch dieser Bereich ist ein wichtiger Teil, denn hier k\u00f6nnen wir viele Dinge bearbeiten und organisieren, die im laufenden Kundenbetrieb nicht m\u00f6glich w\u00e4ren.<br><br><strong>Sind Sie aus Jena \u2013 oder was hat Sie nach Jena verschlagen?<\/strong><br>Ich bin im Oktober 2010 wegen der Aufnahme eines Studiums an der <a href=\"https:\/\/www.uni-jena.de\/\" target=\"_blank\" rel=\"noopener\">Friedrich-Schiller-Universit\u00e4t Jena nach Jena<\/a> gekommen. Geb\u00fcrtig komme ich aus M\u00fchlhausen\/Th\u00fcringen.<br><br><strong>Jena ist ja sehr vielf\u00e4ltig, aber was antworten Sie, wenn jemand einen besonderen Tipp m\u00f6chte? Warum?<\/strong><br>Wenn man in Jena etwas Besonderes erleben m\u00f6chte, sollte man das dienst\u00e4lteste Planetarium der Welt, das <a href=\"https:\/\/www.visit-jena.de\/sehen-und-erleben\/sehenswuerdigkeiten\/zeiss-planetarium-jena-2\/\" target=\"_blank\" rel=\"noopener\">Zeiss-Planetarium Jena<\/a>, besuchen. Es gibt dort nicht nur viele Bildungsprogramme, sondern auch tolle Kinderprogramme und Musikshows, die teilweise auch dort im Haus selbst, oder in Kooperation mit anderen Planetarien, produziert werden. F\u00fcr Gro\u00df und Klein ist immer etwas zu finden.<br>Etwas ganz Besonderes finde ich das \u201eMondscheindinner\u201c. Dabei kann man einen exklusiven Abend unter der Kuppel des Zeiss-Planetariums Jena erleben, mit einem saisonalen Vier-Gang-Men\u00fc, begleitet von ausgew\u00e4hlten 360\u00b0 Kuppelprojektionen.<\/p>\n\n\n\n<figure class=\"wp-block-gallery has-nested-images columns-default is-cropped wp-block-gallery-1 is-layout-flex wp-block-gallery-is-layout-flex\">\n<figure class=\"wp-block-image size-large\"><img loading=\"lazy\" decoding=\"async\" width=\"1000\" height=\"849\" data-id=\"14703\" src=\"https:\/\/blog.jena.de\/jenakultur\/wp-content\/uploads\/sites\/25\/2024\/10\/jenakultur-jliesegang-zpj-2privat-jliesegang-zpj-2privat-1000x849.jpg\" alt=\"Josephine Liesegang vor dem Zeiss-Planetarium Jena\" class=\"wp-image-14703\" srcset=\"https:\/\/blog.jena.de\/jenakultur\/wp-content\/uploads\/sites\/25\/2024\/10\/jenakultur-jliesegang-zpj-2privat-jliesegang-zpj-2privat-1000x849.jpg 1000w, https:\/\/blog.jena.de\/jenakultur\/wp-content\/uploads\/sites\/25\/2024\/10\/jenakultur-jliesegang-zpj-2privat-jliesegang-zpj-2privat-500x425.jpg 500w, https:\/\/blog.jena.de\/jenakultur\/wp-content\/uploads\/sites\/25\/2024\/10\/jenakultur-jliesegang-zpj-2privat-jliesegang-zpj-2privat-768x652.jpg 768w, https:\/\/blog.jena.de\/jenakultur\/wp-content\/uploads\/sites\/25\/2024\/10\/jenakultur-jliesegang-zpj-2privat-jliesegang-zpj-2privat-813x690.jpg 813w, https:\/\/blog.jena.de\/jenakultur\/wp-content\/uploads\/sites\/25\/2024\/10\/jenakultur-jliesegang-zpj-2privat-jliesegang-zpj-2privat.jpg 1200w\" sizes=\"auto, (max-width: 1000px) 100vw, 1000px\" \/><figcaption class=\"wp-element-caption\">Josephine Liesegang vor dem Zeiss-Planetarium Jena \u00a9 JenaKultur<\/figcaption><\/figure>\n\n\n\n<figure class=\"wp-block-image size-large\"><img loading=\"lazy\" decoding=\"async\" width=\"881\" height=\"1000\" data-id=\"14702\" src=\"https:\/\/blog.jena.de\/jenakultur\/wp-content\/uploads\/sites\/25\/2024\/10\/jenakultur-jliesegang-zpjprivat-jliesegang-zpjprivat-881x1000.jpg\" alt=\"Josephine Liesegang in der Kuppel des Zeiss-Planetariums Jena\" class=\"wp-image-14702\" srcset=\"https:\/\/blog.jena.de\/jenakultur\/wp-content\/uploads\/sites\/25\/2024\/10\/jenakultur-jliesegang-zpjprivat-jliesegang-zpjprivat-881x1000.jpg 881w, https:\/\/blog.jena.de\/jenakultur\/wp-content\/uploads\/sites\/25\/2024\/10\/jenakultur-jliesegang-zpjprivat-jliesegang-zpjprivat-441x500.jpg 441w, https:\/\/blog.jena.de\/jenakultur\/wp-content\/uploads\/sites\/25\/2024\/10\/jenakultur-jliesegang-zpjprivat-jliesegang-zpjprivat-768x872.jpg 768w, https:\/\/blog.jena.de\/jenakultur\/wp-content\/uploads\/sites\/25\/2024\/10\/jenakultur-jliesegang-zpjprivat-jliesegang-zpjprivat-608x690.jpg 608w, https:\/\/blog.jena.de\/jenakultur\/wp-content\/uploads\/sites\/25\/2024\/10\/jenakultur-jliesegang-zpjprivat-jliesegang-zpjprivat.jpg 1200w\" sizes=\"auto, (max-width: 881px) 100vw, 881px\" \/><figcaption class=\"wp-element-caption\">Josephine Liesegang in der Kuppel des Zeiss-Planetariums Jena \u00a9JenaKultur<\/figcaption><\/figure>\n<\/figure>\n\n\n\n<p>F\u00fcr einen besonderen Ausblick \u00fcber die Stadt kann ich den <a href=\"https:\/\/www.jenakultur.de\/de\/aufgaben_und_service\/denkmal-_und_kulturfoerderung\/bismarckturm\/605884\" target=\"_blank\" rel=\"noreferrer noopener\">Bismarckturm<\/a> und den <a href=\"https:\/\/www.jenakultur.de\/de\/aufgaben_und_service\/denkmal-_und_kulturfoerderung\/kriegerdenkmal_am_forsthaus_forstturm\/605888\" target=\"_blank\" rel=\"noreferrer noopener\">Forstturm<\/a> im Jenaer Forst empfehlen. Der Aufstieg auf die beiden T\u00fcrme wird mit einem sensationellen Ausblick belohnt.<br><br>Auch eine <a href=\"https:\/\/www.visit-jena.de\/sehen-erleben\/stadtfuehrungen\/\" target=\"_blank\" rel=\"noreferrer noopener\">Stadtf\u00fchrung<\/a> ist nicht nur f\u00fcr Touristen geeignet. Auch Einheimische k\u00f6nnen durch eine Stadtf\u00fchrung immer noch etwas Neues von Jena erfahren und kennenlernen.<br><br><strong>Welche Aktivit\u00e4t k\u00f6nnen Sie G\u00e4sten (und Einheimischen) an einem regnerischen Montag empfehlen, um diesen sch\u00f6ner zu gestalten?<\/strong><br>An einem regnerischen Montag kann man die Gew\u00e4chsh\u00e4user des <a href=\"https:\/\/www.botanischergarten.uni-jena.de\/\" target=\"_blank\" rel=\"noreferrer noopener\">Botanischen Gartens<\/a> besuchen. Hier kann man immer wieder etwas Neues entdecken. Wer sich f\u00fcr Mineralien interessiert, kann in der <a href=\"https:\/\/www.minsmlg.uni-jena.de\/\" target=\"_blank\" rel=\"noreferrer noopener\">\u201eMineralogischen Sammlung\u201c<\/a> die \u00e4lteste und gr\u00f6\u00dfte deutsche Universit\u00e4tssammlung, finden.<br>Mit seinen Sinnen kann man in der \u201e<a href=\"https:\/\/imaginata.de\/\" target=\"_blank\" rel=\"noreferrer noopener\">Imaginata<\/a>\u201c auf Forschungsreise gehen. Aber auch ein Bummel durch die verschiedenen Einkaufszentren der Stadt (Goethe-Galerie, Neue Mitte und Burgau-Park) ist m\u00f6glich. Wenn man lieber einen Film sehen m\u00f6chte, kann man das im \u201eKino am Markt\u201c, \u201eKino im Schillerhof\u201c oder im \u201eCineStar\u201c erleben. Am Abend kann man alleine, zu zweit, mit Familie oder mit Freunden in einem sch\u00f6nen Restaurant oder in einer sch\u00f6nen Bar einkehren und den Abend ausklingen lassen.<br><br><strong>Die Herbstzeit ist angebrochen, haben Sie hierf\u00fcr einen aktuellen Tipp?<\/strong><br>In der Herbstzeit gehe ich gern drau\u00dfen in der Natur spazieren und genie\u00dfe die frische Herbstluft, am liebsten im Wald wie dem Jenaer Forst.<\/p>\n\n\n\n<p>Vielen Dank f\u00fcr das kurze Interview und die vielen Tipps f\u00fcr jede Wetterlage. Wir w\u00fcnschen weiterhin gutes Ankommen bei JenaKultur und viele gute Gespr\u00e4che mit den G\u00e4sten der Tourist-Info!<\/p>\n\n\n\n\n\n<p>Liebe Leser:innen des Blogs, die Tipps unserer Insider m\u00f6gen nicht immer Geheimtipps sein, daf\u00fcr aber ehrliche Tipps zur Freizeit- oder Urlaubsgestaltung. Fehlt Ihnen eine Rubrik, ein konkreter Tipp? M\u00f6chten Sie den anderen Leser:innen gern weitere Empfehlungen aussprechen? Dann freuen wir uns auf Ihren Kommentar! Danke. \ud83d\ude42<\/p>\n","protected":false},"excerpt":{"rendered":"<p>Hallo und herzlich willkommen bei JenaKultur, Frau Liesegang. Sch\u00f6n, dass auch Sie sich f\u00fcr ein kurzes Interview bereit erkl\u00e4rt haben! Seit wann sind&hellip;<\/p>\n","protected":false},"author":22,"featured_media":14704,"comment_status":"open","ping_status":"closed","sticky":false,"template":"","format":"standard","meta":{"footnotes":""},"categories":[1,14,25],"tags":[34,257,820,384],"class_list":["post-14705","post","type-post","status-publish","format-standard","has-post-thumbnail","hentry","category-allgemein","category-jena-tourist-information","category-tourismus","tag-jena","tag-jena-tourist-information","tag-mitarbeiterin-jenakultur","tag-tourismus"],"_links":{"self":[{"href":"https:\/\/blog.jena.de\/jenakultur\/wp-json\/wp\/v2\/posts\/14705","targetHints":{"allow":["GET"]}}],"collection":[{"href":"https:\/\/blog.jena.de\/jenakultur\/wp-json\/wp\/v2\/posts"}],"about":[{"href":"https:\/\/blog.jena.de\/jenakultur\/wp-json\/wp\/v2\/types\/post"}],"author":[{"embeddable":true,"href":"https:\/\/blog.jena.de\/jenakultur\/wp-json\/wp\/v2\/users\/22"}],"replies":[{"embeddable":true,"href":"https:\/\/blog.jena.de\/jenakultur\/wp-json\/wp\/v2\/comments?post=14705"}],"version-history":[{"count":9,"href":"https:\/\/blog.jena.de\/jenakultur\/wp-json\/wp\/v2\/posts\/14705\/revisions"}],"predecessor-version":[{"id":14721,"href":"https:\/\/blog.jena.de\/jenakultur\/wp-json\/wp\/v2\/posts\/14705\/revisions\/14721"}],"wp:featuredmedia":[{"embeddable":true,"href":"https:\/\/blog.jena.de\/jenakultur\/wp-json\/wp\/v2\/media\/14704"}],"wp:attachment":[{"href":"https:\/\/blog.jena.de\/jenakultur\/wp-json\/wp\/v2\/media?parent=14705"}],"wp:term":[{"taxonomy":"category","embeddable":true,"href":"https:\/\/blog.jena.de\/jenakultur\/wp-json\/wp\/v2\/categories?post=14705"},{"taxonomy":"post_tag","embeddable":true,"href":"https:\/\/blog.jena.de\/jenakultur\/wp-json\/wp\/v2\/tags?post=14705"}],"curies":[{"name":"wp","href":"https:\/\/api.w.org\/{rel}","templated":true}]}}