{"id":14299,"date":"2024-09-22T09:00:00","date_gmt":"2024-09-22T07:00:00","guid":{"rendered":"https:\/\/blog.jena.de\/jenakultur\/?p=14299"},"modified":"2024-09-19T11:23:48","modified_gmt":"2024-09-19T09:23:48","slug":"boheme-sauvage","status":"publish","type":"post","link":"https:\/\/blog.jena.de\/jenakultur\/2024\/09\/22\/boheme-sauvage\/","title":{"rendered":"Boh\u00e8me Sauvage"},"content":{"rendered":"\n\n\n<h2 class=\"wp-block-heading\"><strong>Im Volkshaus Jena werden die 1920er Jahre zelebriert<\/strong><\/h2>\n\n\n\n<p>Wir sprachen mit <a href=\"https:\/\/www.jenakultur.de\/de\/wir_ueber_uns\/eigenbetrieb\/veranstaltungsbereich\/605734\" target=\"_blank\" rel=\"noreferrer noopener\">Daniel Illing<\/a>, Leiter des Veranstaltungsbereiches bei JenaKultur, \u00fcber das neue Veranstaltungsformat in der \u201esmarten alten Lady\u201c, welches am 28. September 2024 Premiere in Jena feiert.<\/p>\n\n\n\n<figure class=\"wp-block-image size-large\"><img loading=\"lazy\" decoding=\"async\" width=\"1000\" height=\"525\" src=\"https:\/\/blog.jena.de\/jenakultur\/wp-content\/uploads\/sites\/25\/2020\/02\/jenakultur-sofa-2b-1000x525.jpg\" alt=\"Der Fachbereichsleiter Veranstaltungen bei JenaKultur, Daniel Illing, auf seinem Barocksofa\" class=\"wp-image-1681\" srcset=\"https:\/\/blog.jena.de\/jenakultur\/wp-content\/uploads\/sites\/25\/2020\/02\/jenakultur-sofa-2b-1000x525.jpg 1000w, https:\/\/blog.jena.de\/jenakultur\/wp-content\/uploads\/sites\/25\/2020\/02\/jenakultur-sofa-2b-500x263.jpg 500w, https:\/\/blog.jena.de\/jenakultur\/wp-content\/uploads\/sites\/25\/2020\/02\/jenakultur-sofa-2b-768x403.jpg 768w, https:\/\/blog.jena.de\/jenakultur\/wp-content\/uploads\/sites\/25\/2020\/02\/jenakultur-sofa-2b.jpg 1200w\" sizes=\"auto, (max-width: 1000px) 100vw, 1000px\" \/><figcaption class=\"wp-element-caption\">Daniel Illing \u00a9JenaKultur<\/figcaption><\/figure>\n\n\n\n<p><strong>Was verbirgt sich hinter dem Begriff \u201eBoh\u00e8me Sauvage\u201c?<\/strong><\/p>\n\n\n\n<p>Der Begriff steht f\u00fcr eine <a href=\"https:\/\/www.boheme-sauvage.com\/\" target=\"_blank\" rel=\"noreferrer noopener\">Hommage an das wilde Berliner Nachtleben der 1920er Jahre<\/a> und wurde 2006 von <a href=\"https:\/\/www.youtube.com\/watch?v=CFzeWc4OX64\" target=\"_blank\" rel=\"noreferrer noopener\">Else Edelstahl<\/a> ins Leben gerufen. Seitdem findet dieses Format regelm\u00e4\u00dfig in wechselnden Etablissements in Berlin (im Sommer sogar auf der Spree), Hamburg, K\u00f6ln, Wien und Z\u00fcrich statt und erfreut sich stetig wachsender Beliebtheit.<\/p>\n\n\n\n<figure class=\"wp-block-image size-large\"><img loading=\"lazy\" decoding=\"async\" width=\"1000\" height=\"583\" src=\"https:\/\/blog.jena.de\/jenakultur\/wp-content\/uploads\/sites\/25\/2024\/09\/jenakultur-else-edelstahlheinrich-von-schimmer-1000x583.jpg\" alt=\"Else Edelstahl auf einer B\u00fchne im 20er Jahre Stil\" class=\"wp-image-14307\" srcset=\"https:\/\/blog.jena.de\/jenakultur\/wp-content\/uploads\/sites\/25\/2024\/09\/jenakultur-else-edelstahlheinrich-von-schimmer-1000x583.jpg 1000w, https:\/\/blog.jena.de\/jenakultur\/wp-content\/uploads\/sites\/25\/2024\/09\/jenakultur-else-edelstahlheinrich-von-schimmer-500x291.jpg 500w, https:\/\/blog.jena.de\/jenakultur\/wp-content\/uploads\/sites\/25\/2024\/09\/jenakultur-else-edelstahlheinrich-von-schimmer-768x447.jpg 768w, https:\/\/blog.jena.de\/jenakultur\/wp-content\/uploads\/sites\/25\/2024\/09\/jenakultur-else-edelstahlheinrich-von-schimmer-1185x690.jpg 1185w, https:\/\/blog.jena.de\/jenakultur\/wp-content\/uploads\/sites\/25\/2024\/09\/jenakultur-else-edelstahlheinrich-von-schimmer.jpg 1200w\" sizes=\"auto, (max-width: 1000px) 100vw, 1000px\" \/><figcaption class=\"wp-element-caption\">Else Edelstahl \u00a9 Heinrich von Schimmer<\/figcaption><\/figure>\n\n\n\n<p>Daneben sind die 1920er Jahre in den letzten Jahren wieder vermehrt ins \u00f6ffentliche Bewusstsein ger\u00fcckt, zum Beispiel durch den S\u00e4nger Max Raabe, das Swing Dance Orchestra von Andrej Hermlin (dessen Sohn mit seinem <a href=\"https:\/\/www.kulturarena.de\/programm\/david-hermlin-trio.html\" target=\"_blank\" rel=\"noreferrer noopener\">David Hermlin Trio<\/a> \u00fcbrigens dieses Jahr im Rahmen der Kulturarena Jena im Volksbad aufgetreten ist)&nbsp;oder die Fernsehserien \u201eBabylon Berlin\u201c und \u201ePeaky Blinders\u201c.<\/p>\n\n\n\n<blockquote class=\"wp-block-quote is-layout-flow wp-block-quote-is-layout-flow\">\n<p>Auf einer Boh\u00e8me Sauvage wird parliert, genossen und getanzt vom Charleston bis zum Swing, vom Tango bis zum Step, und dies nicht nur paarweise.<\/p>\n<\/blockquote>\n\n\n\n<p>Man taucht ein in eine Welt vor \u00fcber 100 Jahren und feiert die K\u00fcnstler:innen und Am\u00fcsements der damaligen Zeit.<\/p>\n\n\n\n<p>Inspiriert durch die franz\u00f6sische Belle \u00c9poque, die Berliner Wilden Zwanziger und die Amerikanischen Swingin&#8216; Thirties, wird ein detailreiches Ambiente und ein glamour\u00f6ses B\u00fchnenprogramm geboten.<\/p>\n\n\n\n<p>Wichtig zu betonen ist, dass nicht versucht werden soll, eine vergangene Zeit im Detail &#8217;nachzuspielen&#8216; oder zu verkl\u00e4ren. Es wird kein Anspruch auf absolute Authentizit\u00e4t erhoben, sondern vielmehr auf Stil und Geschmack, der durch besagte \u00c4ra inspiriert ist. Einem jeden Gast ist es selbst \u00fcberlassen, wie weit er gehen m\u00f6chte.<\/p>\n\n\n\n<figure class=\"wp-block-gallery has-nested-images columns-default is-cropped wp-block-gallery-1 is-layout-flex wp-block-gallery-is-layout-flex\"><div class=\"wp-block-image\">\n<figure class=\"aligncenter size-large\"><img loading=\"lazy\" decoding=\"async\" width=\"1000\" height=\"1000\" data-id=\"14326\" src=\"https:\/\/blog.jena.de\/jenakultur\/wp-content\/uploads\/sites\/25\/2024\/09\/jenakultur-boheme-sauvage-collage-bohemesauvageheinrich-von-schimmer-1000x1000.jpg\" alt=\"\" class=\"wp-image-14326\" srcset=\"https:\/\/blog.jena.de\/jenakultur\/wp-content\/uploads\/sites\/25\/2024\/09\/jenakultur-boheme-sauvage-collage-bohemesauvageheinrich-von-schimmer-1000x1000.jpg 1000w, https:\/\/blog.jena.de\/jenakultur\/wp-content\/uploads\/sites\/25\/2024\/09\/jenakultur-boheme-sauvage-collage-bohemesauvageheinrich-von-schimmer-500x500.jpg 500w, https:\/\/blog.jena.de\/jenakultur\/wp-content\/uploads\/sites\/25\/2024\/09\/jenakultur-boheme-sauvage-collage-bohemesauvageheinrich-von-schimmer-400x400.jpg 400w, https:\/\/blog.jena.de\/jenakultur\/wp-content\/uploads\/sites\/25\/2024\/09\/jenakultur-boheme-sauvage-collage-bohemesauvageheinrich-von-schimmer-768x768.jpg 768w, https:\/\/blog.jena.de\/jenakultur\/wp-content\/uploads\/sites\/25\/2024\/09\/jenakultur-boheme-sauvage-collage-bohemesauvageheinrich-von-schimmer-690x690.jpg 690w, https:\/\/blog.jena.de\/jenakultur\/wp-content\/uploads\/sites\/25\/2024\/09\/jenakultur-boheme-sauvage-collage-bohemesauvageheinrich-von-schimmer.jpg 1200w\" sizes=\"auto, (max-width: 1000px) 100vw, 1000px\" \/><figcaption class=\"wp-element-caption\">\u00a9Heinrich von Schimmer<\/figcaption><\/figure>\n<\/div><\/figure>\n\n\n\n<p><strong>Wie kommt es dazu, solch ein eher ungew\u00f6hnliches Format im Jenaer Volkshaus zu pr\u00e4sentieren?<\/strong><\/p>\n\n\n\n<p>Das Jenaer Volkshaus hat mit seiner <a href=\"https:\/\/www.volkshaus-jena.de\/de\/geschichte\/hausgeschichte\/694228\" target=\"_blank\" rel=\"noreferrer noopener\">abwechslungsreichen Geschichte<\/a> viele Konzerte, Tanzveranstaltungen, Jubil\u00e4en, Feierlichkeiten, aber auch Schicksalsschl\u00e4ge erlebt. Ich gehe davon aus, dass es nicht nur, aber gerade in 1920er Jahren auch rauschende Feste im <a href=\"https:\/\/www.volkshaus-jena.de\/de\/startseite\/694140\" target=\"_blank\" rel=\"noreferrer noopener\">Volkshaus Jena<\/a> gegeben hat. Daran m\u00f6chte ich gern ankn\u00fcpfen und den G\u00e4sten in Jena wieder ein M\u00f6glichkeit geben, einen glamour\u00f6sen Abend mit Programm, Tanz und anderen Lustbarkeiten zu bieten.<\/p>\n\n\n\n<p>In Berlin hatte ich vor einigen Jahren die Gelegenheit, Gast auf einer Boh\u00e8me Sauvage sein zu d\u00fcrfen und war sofort begeistert. Als dieses Format dann auch im Rahmen des Kurt Weil Festes in Dessau sozusagen als Export erstmals 2023 mit gro\u00dfem Erfolg stattgefunden hat, habe ich kurzerhand Kontakt zu Else Edelstahl aufgenommen.<\/p>\n\n\n\n<p>Sp\u00e4testens nach dem ersten Vor-Ort-Termin war dann allen Beteiligten klar, dass eine Boh\u00e8me Sauvage auch endlich im Jenaer Volkshaus, unserer smarten alten Lady, stattfinden muss. Sowohl die <a href=\"https:\/\/www.volkshaus-jena.de\/de\/\/891931\" target=\"_blank\" rel=\"noreferrer noopener\">behutsame denkmalgerechte Sanierung des Volkshauses<\/a>, als auch das geschaffene Ambiente bed\u00fcrfen keiner gro\u00dfen Dekoration um sich in die 1920er Jahre zur\u00fcckversetzt zu f\u00fchlen.<\/p>\n\n\n\n<p>Dank meiner Kollegin und Produktionsleiterin Ina Zieger konnten wir dann Ende 2023 \/ Anfang 2024 in die Planung einsteigen und freuen uns sehr, am 28. September Premiere der Boh\u00e8me Sauvage in Jena feiern zu d\u00fcrfen.<\/p>\n\n\n\n<figure class=\"wp-block-image size-large\"><img loading=\"lazy\" decoding=\"async\" width=\"1000\" height=\"313\" src=\"https:\/\/blog.jena.de\/jenakultur\/wp-content\/uploads\/sites\/25\/2024\/09\/jenakultur-volkshaus-historischarchiv-stadtmuseum-1000x313.jpg\" alt=\"2 Historische Aufnahmen des Volkshaus Jena, Au\u00df0enaufnahme &amp; Innenaufnahme, beide in schwarz-wei\u00df\" class=\"wp-image-14305\" srcset=\"https:\/\/blog.jena.de\/jenakultur\/wp-content\/uploads\/sites\/25\/2024\/09\/jenakultur-volkshaus-historischarchiv-stadtmuseum-1000x313.jpg 1000w, https:\/\/blog.jena.de\/jenakultur\/wp-content\/uploads\/sites\/25\/2024\/09\/jenakultur-volkshaus-historischarchiv-stadtmuseum-500x156.jpg 500w, https:\/\/blog.jena.de\/jenakultur\/wp-content\/uploads\/sites\/25\/2024\/09\/jenakultur-volkshaus-historischarchiv-stadtmuseum-768x240.jpg 768w, https:\/\/blog.jena.de\/jenakultur\/wp-content\/uploads\/sites\/25\/2024\/09\/jenakultur-volkshaus-historischarchiv-stadtmuseum.jpg 1200w\" sizes=\"auto, (max-width: 1000px) 100vw, 1000px\" \/><figcaption class=\"wp-element-caption\">Volkshaus Jena in den 20er Jahren \u00a9 Stadtmuseum Jena, Archiv<\/figcaption><\/figure>\n\n\n\n<p><strong>Was erwartet die G\u00e4ste an dem Abend?<\/strong><\/p>\n\n\n\n<figure class=\"wp-block-pullquote\"><blockquote><p>Kurzum, man wird das Volkshaus betreten und sich in den 1920er Jahren befinden.<\/p><cite>Daniel Illing<\/cite><\/blockquote><\/figure>\n\n\n\n<p>Es soll nat\u00fcrlich den ganzen Abend im Ernst-Abbe-Saal wild getanzt werden, ganz egal ob solo oder als Paar. Dazu wird es zum Start einen Einf\u00fchrungskurs im Charleston geben, somit k\u00f6nnen die wichtigsten Schritte gleich auf dem Parkett angewandt werden. Eine Tanzshow sowie eine Burlesquedarbietung, die man in den Zwanzigern \u00fcbrigens noch Sch\u00f6nheitstanz nannte, wird ebenfalls zu sehen sein. Auch ein kleines Casino mit Roulette und Blackjack wird es in der Max-Reger-Halle geben. Nat\u00fcrlich wird aber nur mit Spielgeld an den Tischen gezockt. Zudem werden sowohl die Live-Band <em><a href=\"https:\/\/www.facebook.com\/LetsMisbehaveBand\/\" target=\"_blank\" rel=\"noreferrer noopener\">Let\u2019s Misbehave!<\/a><\/em> als auch ein Schallplattenunterhalter, heute w\u00fcrde man DJ sagen, f\u00fcr die richtige Songauswahl sorgen. Dank unseren lokalen Partnern <a href=\"https:\/\/feinesundzimt.de\/\" target=\"_blank\" rel=\"noreferrer noopener\">Feines &amp; Zimt<\/a> und <a href=\"https:\/\/weintanne-jena.de\/\" target=\"_blank\" rel=\"noreferrer noopener\">Weintanne Jena<\/a> wird es entsprechende Getr\u00e4nke und Cocktails aus der Zeit geben. Nat\u00fcrlich darf auch eine Absinthbar und ein Bauchladen, bei dem man alles findet, von dem man bisher noch gar nicht wusste, dass man es an dem Abend pl\u00f6tzlich dringend ben\u00f6tigt, nicht fehlen. <\/p>\n\n\n\n<figure class=\"wp-block-image size-large\"><img loading=\"lazy\" decoding=\"async\" width=\"1000\" height=\"525\" src=\"https:\/\/blog.jena.de\/jenakultur\/wp-content\/uploads\/sites\/25\/2024\/09\/jenakultur-lets-misbehaveheinrich-von-schimmer-1000x525.jpg\" alt=\"Live-Band als Gruppenfoto, alle im Stil der 20er Jahre: LET'S_MISBEHAVE!\" class=\"wp-image-14302\" srcset=\"https:\/\/blog.jena.de\/jenakultur\/wp-content\/uploads\/sites\/25\/2024\/09\/jenakultur-lets-misbehaveheinrich-von-schimmer-1000x525.jpg 1000w, https:\/\/blog.jena.de\/jenakultur\/wp-content\/uploads\/sites\/25\/2024\/09\/jenakultur-lets-misbehaveheinrich-von-schimmer-500x263.jpg 500w, https:\/\/blog.jena.de\/jenakultur\/wp-content\/uploads\/sites\/25\/2024\/09\/jenakultur-lets-misbehaveheinrich-von-schimmer-768x403.jpg 768w, https:\/\/blog.jena.de\/jenakultur\/wp-content\/uploads\/sites\/25\/2024\/09\/jenakultur-lets-misbehaveheinrich-von-schimmer.jpg 1200w\" sizes=\"auto, (max-width: 1000px) 100vw, 1000px\" \/><figcaption class=\"wp-element-caption\">Let&#8217;s Misbehave! \u00a9Heinrich von Schimmer<\/figcaption><\/figure>\n\n\n\n<p><strong>Sicherlich gibt es auch einiges als Gast an dem Abend zu beachten, oder?<\/strong><\/p>\n\n\n\n<p>Im Vordergrund steht, einen bezaubernden Abend im Stil der 1920er Jahre im Volkshaus Jena zu erleben.<\/p>\n\n\n\n<p>Dazu sollte auch die Kleidung im Chic der Zwanziger Jahre ausgew\u00e4hlt werden. Das bedeutet allerdings nicht, dass nur Originalst\u00fccke getragen werden d\u00fcrfen, vielmehr geht es darum, f\u00fcr den Abend die beste Garderobe, die der heimische Kleiderschrank aufweist, zu tragen. Was viele nicht wissen, dass gerade die 1920er Jahre viele Modestr\u00f6mungen aufgewiesen hatten, sodass sicherlich f\u00fcr jeden etwas dabei ist. Einen ganz guten \u00dcberblick dazu bietet die <a href=\"https:\/\/www.boheme-sauvage.com\/dress-code\" target=\"_blank\" rel=\"noreferrer noopener\">Webseite von Boh\u00e8me Sauvage<\/a>. Dort findet man die verschiedene Stile, unterlegt sowohl mit historischen, als auch aktuellen Aufnahmen von durchgef\u00fchrten Veranstaltungen. Auch der Gebrauch von l\u00e4ngst vergessenen Modeaccessoires wie z.\u00a0B. Gamaschen, Monokel, \u00c4rmelhalter oder Zigarettenspitzen sind gern gesehen. Der Fantasie sind kein Grenzen gesetzt.<\/p>\n\n\n\n<p>Des Weiteren d\u00fcrfen die mobilen Fernsprechapparate (neudeutsch Mobiltelefone oder Smartphones) gern zu Hause bleiben. Um dennoch fotografische Eindr\u00fccke mitzunehmen, wird es eine Fotobox mit talentierten Fotografen in der Max-Reger-Halle geben.<\/p>\n\n\n\n<p>Alles Weitere ergibt sich dann an dem Abend spontan. Erfahrungsgem\u00e4\u00df wird es eher ungewohnt sein, in der Gegenwart zu Hause wieder anzukommen.<\/p>\n\n\n\n<figure class=\"wp-block-gallery has-nested-images columns-default is-cropped wp-block-gallery-2 is-layout-flex wp-block-gallery-is-layout-flex\">\n<figure class=\"wp-block-image size-large\"><img loading=\"lazy\" decoding=\"async\" width=\"709\" height=\"1000\" data-id=\"14306\" src=\"https:\/\/blog.jena.de\/jenakultur\/wp-content\/uploads\/sites\/25\/2024\/09\/jenakultur-bohemesauvage-aufmacherbs-709x1000.jpg\" alt=\"Boh\u00e8me Sauvage Plakatmotiv, Eine Frau im edlen Chiv vor schwarz-lila-Hintergrund\" class=\"wp-image-14306\" srcset=\"https:\/\/blog.jena.de\/jenakultur\/wp-content\/uploads\/sites\/25\/2024\/09\/jenakultur-bohemesauvage-aufmacherbs-709x1000.jpg 709w, https:\/\/blog.jena.de\/jenakultur\/wp-content\/uploads\/sites\/25\/2024\/09\/jenakultur-bohemesauvage-aufmacherbs-355x500.jpg 355w, https:\/\/blog.jena.de\/jenakultur\/wp-content\/uploads\/sites\/25\/2024\/09\/jenakultur-bohemesauvage-aufmacherbs-768x1083.jpg 768w, https:\/\/blog.jena.de\/jenakultur\/wp-content\/uploads\/sites\/25\/2024\/09\/jenakultur-bohemesauvage-aufmacherbs-1089x1536.jpg 1089w, https:\/\/blog.jena.de\/jenakultur\/wp-content\/uploads\/sites\/25\/2024\/09\/jenakultur-bohemesauvage-aufmacherbs-489x690.jpg 489w, https:\/\/blog.jena.de\/jenakultur\/wp-content\/uploads\/sites\/25\/2024\/09\/jenakultur-bohemesauvage-aufmacherbs.jpg 1200w\" sizes=\"auto, (max-width: 709px) 100vw, 709px\" \/><figcaption class=\"wp-element-caption\">Boh\u00e8me Sauvage \u00a9 Boh\u00e8me Sauvage<\/figcaption><\/figure>\n\n\n\n<figure class=\"wp-block-image size-large\"><img loading=\"lazy\" decoding=\"async\" width=\"667\" height=\"1000\" data-id=\"14304\" src=\"https:\/\/blog.jena.de\/jenakultur\/wp-content\/uploads\/sites\/25\/2024\/09\/jenakultur-volkshaus-heutejenakultur-tpeissker-667x1000.jpg\" alt=\"Volkshaus Jena, Turmgeb\u00e4ude, von au\u00dfen\" class=\"wp-image-14304\" srcset=\"https:\/\/blog.jena.de\/jenakultur\/wp-content\/uploads\/sites\/25\/2024\/09\/jenakultur-volkshaus-heutejenakultur-tpeissker-667x1000.jpg 667w, https:\/\/blog.jena.de\/jenakultur\/wp-content\/uploads\/sites\/25\/2024\/09\/jenakultur-volkshaus-heutejenakultur-tpeissker-333x500.jpg 333w, https:\/\/blog.jena.de\/jenakultur\/wp-content\/uploads\/sites\/25\/2024\/09\/jenakultur-volkshaus-heutejenakultur-tpeissker-768x1152.jpg 768w, https:\/\/blog.jena.de\/jenakultur\/wp-content\/uploads\/sites\/25\/2024\/09\/jenakultur-volkshaus-heutejenakultur-tpeissker-1024x1536.jpg 1024w, https:\/\/blog.jena.de\/jenakultur\/wp-content\/uploads\/sites\/25\/2024\/09\/jenakultur-volkshaus-heutejenakultur-tpeissker-460x690.jpg 460w, https:\/\/blog.jena.de\/jenakultur\/wp-content\/uploads\/sites\/25\/2024\/09\/jenakultur-volkshaus-heutejenakultur-tpeissker.jpg 1200w\" sizes=\"auto, (max-width: 667px) 100vw, 667px\" \/><figcaption class=\"wp-element-caption\">Volkshaus Jena heute \u00a9 JenaKultur, T. Pei\u00dfker<\/figcaption><\/figure>\n<\/figure>\n\n\n\n<p><strong>Was w\u00fcnschen Sie sich f\u00fcr die Veranstaltung?<\/strong><\/p>\n\n\n\n<p>Das Wichtigste ist, dass m\u00f6glichst viele G\u00e4ste diesem neuen Veranstaltungsformat beiwohnen und einen grandiosen Abend haben werden. Des Weiteren hoffe ich, dass sich die Boh\u00e8me Sauvage in Jena etabliert und wir j\u00e4hrlich einen rauschenden Abend im Volkshaus Jena zelebrieren werden. <\/p>\n\n\n\n<p>P.S.: Ich verrate schon einmal ein kleines Geheimnis exklusiv f\u00fcr die Leser:innen dieses Blogs: F\u00fcr 2025 steht der Termin auch schon fest: 18.10.2025 \ud83d\ude09<\/p>\n\n\n\n<p><strong>Verlosung<\/strong>*<\/p>\n\n\n\n<p>Und falls Sie nun Lust auf die 20er Jahre haben und noch keine Karte ihr Eigen nennen, haben wir eine kleine Velosung f\u00fcr unsere Leser:innen! Einfach nachfolgende Frage beantworten, L\u00f6sung bis zum 25. September 2024 12 Uhr per E-Mail an pr@jena.de senden und mit etwas Gl\u00fcck gewinnen Sie 2 Eintrittskarten f\u00fcr die Boh\u00e8me Sauvage am 28. September 2024 im Volkshaus Jena.<strong><br><\/strong><\/p>\n<p><strong>Wie wurde ein DJ in den 1920er Jahren genannt?<\/strong><\/p>\n<p>Viel Gl\u00fcck!<\/p>\n<p><a href=\"https:\/\/www.jenakultur.de\/de\/1018282\" target=\"_blank\" rel=\"noopener\">*Vollst\u00e4ndige Teilnahmebedingungen<\/a><\/p>\n<p>&nbsp;<\/p>\n\n\n","protected":false},"excerpt":{"rendered":"<p>Im Volkshaus Jena werden die 1920er Jahre zelebriert Wir sprachen mit Daniel Illing, Leiter des Veranstaltungsbereiches bei JenaKultur, \u00fcber das neue Veranstaltungsformat in&hellip;<\/p>\n","protected":false},"author":22,"featured_media":14308,"comment_status":"open","ping_status":"closed","sticky":false,"template":"","format":"standard","meta":{"footnotes":""},"categories":[1,28],"tags":[1164,1163,34,1165,234,110],"class_list":["post-14299","post","type-post","status-publish","format-standard","has-post-thumbnail","hentry","category-allgemein","category-volkshaus","tag-20er-jare","tag-boheme-sauvage","tag-jena","tag-show","tag-veranstaltungen","tag-volkshaus"],"_links":{"self":[{"href":"https:\/\/blog.jena.de\/jenakultur\/wp-json\/wp\/v2\/posts\/14299","targetHints":{"allow":["GET"]}}],"collection":[{"href":"https:\/\/blog.jena.de\/jenakultur\/wp-json\/wp\/v2\/posts"}],"about":[{"href":"https:\/\/blog.jena.de\/jenakultur\/wp-json\/wp\/v2\/types\/post"}],"author":[{"embeddable":true,"href":"https:\/\/blog.jena.de\/jenakultur\/wp-json\/wp\/v2\/users\/22"}],"replies":[{"embeddable":true,"href":"https:\/\/blog.jena.de\/jenakultur\/wp-json\/wp\/v2\/comments?post=14299"}],"version-history":[{"count":9,"href":"https:\/\/blog.jena.de\/jenakultur\/wp-json\/wp\/v2\/posts\/14299\/revisions"}],"predecessor-version":[{"id":14335,"href":"https:\/\/blog.jena.de\/jenakultur\/wp-json\/wp\/v2\/posts\/14299\/revisions\/14335"}],"wp:featuredmedia":[{"embeddable":true,"href":"https:\/\/blog.jena.de\/jenakultur\/wp-json\/wp\/v2\/media\/14308"}],"wp:attachment":[{"href":"https:\/\/blog.jena.de\/jenakultur\/wp-json\/wp\/v2\/media?parent=14299"}],"wp:term":[{"taxonomy":"category","embeddable":true,"href":"https:\/\/blog.jena.de\/jenakultur\/wp-json\/wp\/v2\/categories?post=14299"},{"taxonomy":"post_tag","embeddable":true,"href":"https:\/\/blog.jena.de\/jenakultur\/wp-json\/wp\/v2\/tags?post=14299"}],"curies":[{"name":"wp","href":"https:\/\/api.w.org\/{rel}","templated":true}]}}