{"id":136,"date":"2019-01-11T09:02:11","date_gmt":"2019-01-11T08:02:11","guid":{"rendered":"https:\/\/blog.jena.de\/jenakultur\/?p=136"},"modified":"2019-01-10T10:55:24","modified_gmt":"2019-01-10T09:55:24","slug":"wer-die-wahl-hat-kulturmarathon-2019","status":"publish","type":"post","link":"https:\/\/blog.jena.de\/jenakultur\/2019\/01\/11\/wer-die-wahl-hat-kulturmarathon-2019\/","title":{"rendered":"Wer die Wahl hat\u2026 | Kulturmarathon 2019"},"content":{"rendered":"<p>Ein Blog ist kein plumpes Marketingtool, das gebetsm\u00fchlenartig wiederk\u00e4ut, was man anderswo schon beworben hat oder noch bewerben wird. Aber wir sind Kulturleute, tagein tagaus damit befasst, attraktive Freizeitangebote f\u00fcr jedermann zu schaffen. So erlauben wir uns ausnahmsweise zum Beginn des neuen Jahres einen kurzen summarischen Blick in den JenaKultur-Veranstaltungskalender 2019. Er ist prall gef\u00fcllt wie selten, weil zahlreiche, vor allem einhundertste Jubil\u00e4en ihren Tribut fordern.<\/p>\n<p>Noch im Januar, am 19. um genau zu sein, wird der <strong>Botho-Graef-Kunstpreis der Stadt Jena <\/strong>verliehen. Mehrere K\u00fcnstler waren aufgefordert worden, eine Idee f\u00fcr ein dezentrales Kunstwerk zu entwickeln, das den Juristen und Hochschullehrer <a href=\"http:\/\/www.eduard-rosenthal.de\">Eduard Rosentahl<\/a> w\u00fcrdigt, einen Mann, der die Geschicke Jenas und Th\u00fcringens am Beginn des vorigen Jahrhunderts wie kaum ein anderer gepr\u00e4gt hat, aber dann, wegen seiner j\u00fcdischen Wurzeln von den Nationalsozialisten mit gr\u00f6\u00dfter Pr\u00e4zision aus dem kollektiven Ged\u00e4chtnis gel\u00f6scht wurde. Trotz gro\u00dfer Recherchebem\u00fchungen ist es nahezu unm\u00f6glich, alle Leerstellen seines Wirkens wieder zu f\u00fcllen. Gleichwohl gilt er unbestritten als der \u201eVater der Th\u00fcringer Verfassung\u201c. Seinem Wirken gilt es, ein angemessenes Andenken zu schaffen.<\/p>\n<p>Dem 100. Jubil\u00e4um des Inkraftgesetztwerdens der Weimarer Verfassung\u00a0 ist im Rahmen der \u201eWoche der Demokratie\u201c die \u00f6ffentliche Jahreskonferenz der Dramaturgischen Gesellschaft unter dem Titel \u201eDoing Democracy: Eine Republik der Liebe\u201c gewidmet, die Weimar und Jena vom 31. Januar bis 3. Februar gemeinsam ausrichten.<\/p>\n<figure id=\"attachment_179\" aria-describedby=\"caption-attachment-179\" style=\"width: 1800px\" class=\"wp-caption alignnone\"><img loading=\"lazy\" decoding=\"async\" class=\"size-full wp-image-179\" src=\"https:\/\/blog.jena.de\/jenakultur\/wp-content\/uploads\/sites\/25\/2019\/01\/jenakultur-wer-die-wahl-hat-kulturmarathon-2019-anzeige-bauhaus-beitrag2.jpg\" alt=\"\u00dcbersicht Bahaus-Veranstaltungen Mai 2019\" width=\"1800\" height=\"1269\" \/><figcaption id=\"caption-attachment-179\" class=\"wp-caption-text\">Gestaltung: skop<\/figcaption><\/figure>\n<p>Jeweils auf Mai und November konzentrieren sich zwei kompakte Veranstaltungsbl\u00f6cke zum <strong>100. Bauhausjubil\u00e4um<\/strong>. Dazu sind separate Publikationen geplant, die alle Details mitteilen werden. Zwei Highlights seien hier illustrierend und stellvertretend herausgegriffen: der Echtzeit-Architektur-Wettbewerb <a href=\"http:\/\/72hoururbanaction.de\/\">72 Hour Urban Action<\/a> vom 2. bis 5. Mai im Stadtteil Lobeda, flankiert von zahlreichen Programmangeboten f\u00fcr Einheimische und G\u00e4ste, und die Ausstellung in der Kunstsammlung ab 31. August \u201eDas St\u00e4rkste, was Morgen heute bietet. Der Sturm in Jena. Zeichnungen, Druckgrafik und Skulpturen.\u201c Ebenso widmen die <a href=\"http:\/\/www.museen-jena.de\">St\u00e4dtischen Museen Jena<\/a> zwei Ausstellungen dem <strong>100. Todestag von Ernst Haeckel<\/strong>, vom 5. April bis 8. September das Stadtmuseum unter dem Arbeitstitel &#8222;B\u00fcrger Haeckel. Leben und Umfeld in Jena&#8220;,\u00a0 und vom 18. Mai bis 11. August korrespondierend die Kunstsammlung unter dem Motto \u201eErnst Haeckel und die Formen der Moderne\u201c.<\/p>\n<figure id=\"attachment_180\" aria-describedby=\"caption-attachment-180\" style=\"width: 1800px\" class=\"wp-caption alignnone\"><img loading=\"lazy\" decoding=\"async\" class=\"size-full wp-image-180\" src=\"https:\/\/blog.jena.de\/jenakultur\/wp-content\/uploads\/sites\/25\/2019\/01\/jenakultur-wer-die-wahl-hat-kulturmarathon-2019-beitrag-2-vhs100.jpg\" alt=\"Logo VHS100\" width=\"1800\" height=\"531\" \/><figcaption id=\"caption-attachment-180\" class=\"wp-caption-text\">VHS100<\/figcaption><\/figure>\n<p>Das ganze Jahr \u00fcber finden bundesweit au\u00dferdem W\u00fcrdigungen des <strong>100. Volkshochschuljubil\u00e4ums<\/strong> statt. Jena spielte in der Gr\u00fcndungsgeschichte dieses p\u00e4dagogischen Erfolgskonzeptes eine Schl\u00fcsselrolle. Am 7. und 8. September werden eine Podiumsdiskussion und ein Entdeckertag \u00f6ffentlichkeitswirksam erinnern.<\/p>\n<p>Ende September, vom 23. bis 27. September, erwartet die Lichtstadt an die 1.000 Soziologen zum Symposium, das das DFG-Forschungskolleg Postwachstumsgesellschaften ausrichtet. <strong>\u201eThe Great Transformation\u201c<\/strong> ist der beziehungsreiche Titel des Symposiums, das sich mit Alternativen zur derzeitigen gesellschaftlichen Gesamtentwicklung befassen wird. Fragen danach, ob und vor allem wie lange unsere Erde ein immer Weiter, immer Schneller, immer H\u00f6her, ein unentfesseltes Wachstum aush\u00e4lt, geht alle etwas an. Deshalb wird sich die wissenschaftliche Veranstaltung mit unterschiedlichen, beispielsweise k\u00fcnstlerischen Angeboten, auch dezidiert an die Stadt\u00f6ffentlichkeit wenden. Hier unterst\u00fctzt der Eigenbetrieb nach Kr\u00e4ften.<\/p>\n<p>Und sei das nicht alles schon sehr viel, gibt es auch einen interessanten Veranstaltungskomplex zum Thema \u201e30 Jahre Friedliche Revolution\u201c. Er ist f\u00fcr den\u00a0 25. Oktober bis 9. November 2019 mit zahlreichen Angeboten unterschiedlicher Partner der Stadtgesellschaft geplant, einige Termine werden aber auch diesem Terminfenster vor- bzw. nachgelagert sein. Wie bei vielen bereits genannten Vorhaben im Jahr 2019 ist auch hier ein wichtiges thematisches Bindeglied die Frage danach, wie wir zuk\u00fcnftig leben wollen, was uns die Demokratie eigentlich wert ist.<\/p>\n<figure id=\"attachment_184\" aria-describedby=\"caption-attachment-184\" style=\"width: 335px\" class=\"wp-caption alignnone\"><img loading=\"lazy\" decoding=\"async\" class=\"size-full wp-image-184\" src=\"https:\/\/blog.jena.de\/jenakultur\/wp-content\/uploads\/sites\/25\/2019\/01\/jenakultur-wer-die-wahl-hat-kulturmarathon-2019-mailbanner.jpg\" alt=\"Impulsregion\/Lange Nacht der Museen\" width=\"335\" height=\"221\" \/><figcaption id=\"caption-attachment-184\" class=\"wp-caption-text\">Lange Nacht der Museen 2019<\/figcaption><\/figure>\n<p>Last but not least stehen auch zwei Lange N\u00e4chte f\u00fcr die kulturinteressierten Nachtschw\u00e4rmer auf dem Programm: am 24. Mai die Lange Nacht der Museen und am 22. November eine Neuauflage der Langen Nacht der Wissenschaften.<\/p>\n<p>Neben all dem bleibt auch das kulturelle Tagesgesch\u00e4ft, hochkar\u00e4tige Konzerte und Sonderveranstaltungen der Jenaer Philharmonie, M\u00e4rkte und Stadtfeste, Kurse in Musik- und Kunstschule und Volkshochschule, Lesungen in der Ernst-Abbe-B\u00fccherei, Podiumsdiskussionen, Stadtf\u00fchrungen und vieles mehr.<\/p>\n<p>Da JenaKultur vielleicht zwar der gr\u00f6\u00dfte aber nat\u00fcrlich nicht einzige Kulturanbieter der Stadt ist, scheint es sinnvoll, fr\u00fchzeitig die individuelle Kulturplanung 2019 zu starten. Wir w\u00fcnschen dazu viel Vergn\u00fcgen und freuen uns auf Sie!<\/p>\n","protected":false},"excerpt":{"rendered":"<p>Ein Blog ist kein plumpes Marketingtool, das gebetsm\u00fchlenartig wiederk\u00e4ut, was man anderswo schon beworben hat oder noch bewerben wird. Aber wir sind Kulturleute,&hellip;<\/p>\n","protected":false},"author":22,"featured_media":137,"comment_status":"open","ping_status":"closed","sticky":false,"template":"","format":"standard","meta":{"footnotes":""},"categories":[1,31,32,9,30,24,29],"tags":[],"class_list":["post-136","post","type-post","status-publish","format-standard","has-post-thumbnail","hentry","category-allgemein","category-bauhaus100","category-kunstpreis","category-jenakultur","category-sonderprojekte","category-staedtische-museen","category-vhs"],"_links":{"self":[{"href":"https:\/\/blog.jena.de\/jenakultur\/wp-json\/wp\/v2\/posts\/136","targetHints":{"allow":["GET"]}}],"collection":[{"href":"https:\/\/blog.jena.de\/jenakultur\/wp-json\/wp\/v2\/posts"}],"about":[{"href":"https:\/\/blog.jena.de\/jenakultur\/wp-json\/wp\/v2\/types\/post"}],"author":[{"embeddable":true,"href":"https:\/\/blog.jena.de\/jenakultur\/wp-json\/wp\/v2\/users\/22"}],"replies":[{"embeddable":true,"href":"https:\/\/blog.jena.de\/jenakultur\/wp-json\/wp\/v2\/comments?post=136"}],"version-history":[{"count":5,"href":"https:\/\/blog.jena.de\/jenakultur\/wp-json\/wp\/v2\/posts\/136\/revisions"}],"predecessor-version":[{"id":183,"href":"https:\/\/blog.jena.de\/jenakultur\/wp-json\/wp\/v2\/posts\/136\/revisions\/183"}],"wp:featuredmedia":[{"embeddable":true,"href":"https:\/\/blog.jena.de\/jenakultur\/wp-json\/wp\/v2\/media\/137"}],"wp:attachment":[{"href":"https:\/\/blog.jena.de\/jenakultur\/wp-json\/wp\/v2\/media?parent=136"}],"wp:term":[{"taxonomy":"category","embeddable":true,"href":"https:\/\/blog.jena.de\/jenakultur\/wp-json\/wp\/v2\/categories?post=136"},{"taxonomy":"post_tag","embeddable":true,"href":"https:\/\/blog.jena.de\/jenakultur\/wp-json\/wp\/v2\/tags?post=136"}],"curies":[{"name":"wp","href":"https:\/\/api.w.org\/{rel}","templated":true}]}}