{"id":13539,"date":"2024-08-30T07:21:00","date_gmt":"2024-08-30T05:21:00","guid":{"rendered":"https:\/\/blog.jena.de\/jenakultur\/?p=13539"},"modified":"2024-08-29T16:02:48","modified_gmt":"2024-08-29T14:02:48","slug":"semesterstart-an-der-vhs-jena","status":"publish","type":"post","link":"https:\/\/blog.jena.de\/jenakultur\/2024\/08\/30\/semesterstart-an-der-vhs-jena\/","title":{"rendered":"Semesterstart an der vhs Jena \u2013 Europa meets &#8222;future skills&#8220;"},"content":{"rendered":"\n<p>Nanu! Stolpern Sie als Leser:in des JenaKultur-Blogs \u00fcber diese &#8222;denglische&#8220; \u00dcberschrift und \u00fcberlegen, was sich hinter den r\u00e4tselhaften &#8222;future skills&#8220; verbirgt?<\/p>\n<p>Nach der Lekt\u00fcre des Blogbeitrags werden Sie nicht nur wissen, welche Kompetenzen in den kommenden Jahren immer wichtiger werden, um sich in einer Welt zunehmender Globalisierung und Digitalisierung zurechtzufinden. Sie sind auch zur Semesterer\u00f6ffnung bzw. zum Tag der offenen T\u00fcr am Seminarzentrum der <a href=\"https:\/\/www.vhs-jena.de\/de\/startseite\/649270\" target=\"_blank\" rel=\"noopener\">vhs Jena<\/a> eingeladen, zu entdecken, wie sich die Volkshochschule gemeinsam mit Ihnen diesen Herausforderungen stellen m\u00f6chte.<\/p>\n\n\n\n<h2 class=\"wp-block-heading\"><strong>Europajahr 2024: Zwei Schwerpunkte und ein gemeinsames Ziel<\/strong><\/h2>\n\n\n\n<p>Mit dem Schwerpunktthema &#8222;Perspektive Europa: miteinander voneinander lernen&#8220; ist die Volkshochschule Jena im Februar in das Fr\u00fchlingssemester 2024 gestartet. Der <a href=\"https:\/\/www.volkshochschule.de\/verbandswelt\/dvv\/index.php\" target=\"_blank\" rel=\"noopener\">Deutsche Volkshochschul-Verband e. V.<\/a> hatte in Anbetracht anstehender Europa-, Kommunal- und Landtagswahlen Volkshochschulen ermutigt, Angebote zu entwickeln, die sich aus den unterschiedlichen Blickwinkeln der vhs-Programmbereiche diesem Thema widmen.<br>Auch die vhs Jena beteiligte sich, neben den Veranstaltungen des regul\u00e4ren Kursprogramms, mit einer &#8222;Europawoche&#8220; vom 03.06. \u2013 08.06.24. Aktuelle und zuk\u00fcnftige politische Ausrichtungen und daraus resultierende Herausforderungen wurden ebenso diskutiert wie kulturelle, sprachliche und kulinarische Besonderheiten einzelner EU-Mitgliedsstaaten.<\/p>\n<p>Der Themenschwerpunkt <strong>&#8222;Europ\u00e4isches Jahr der Kompetenzen&#8220;<\/strong> des Herbstsemesters 2024 kn\u00fcpft an das Fr\u00fchjahrssemester an. Die in der \u00dcberschrift des Blogbeitrags als &#8222;future skills&#8220; subsummierten F\u00e4higkeiten fassen die in Berufs- und Privatleben erforderlichen Kompetenzen zusammen, welche zuk\u00fcnftig immer wichtiger werden.<\/p>\n\n\n\n<p>Mit dem Ausspruch &#8222;Survival of the digital fittest&#8220; (dt. \u00dcbersetzung: &#8222;Nur diejenigen \u00fcberleben, die am besten Technologie nutzen&#8220;) brachte bereits 2019 das bekannte <a href=\"https:\/\/www.forbes.com\/\" target=\"_blank\" rel=\"noopener\">Forbes Magazin<\/a> zum Ausdruck, dass die klassischen Kompetenzen nur noch einen Teilbereich des Kompetenzkanons ausmachen.<br>Um sich als selbstbestimmter B\u00fcrger und B\u00fcrgerin in einer zunehmenden digitalisierten Welt zurechtzufinden, gilt es, weitere F\u00e4higkeiten zu entwickeln. Zu diesen F\u00e4higkeiten und Fertigkeiten geh\u00f6ren die in den Fachbereichen der vhs vermittelten <strong>Grundkompetenzen<\/strong> wie Sprache und (Inter-) kulturelle Kompetenz, Resilienz, L\u00f6sungsf\u00e4higkeit und Kreativit\u00e4t. Hinzugekommen sind die <strong>transformativen F\u00e4higkeiten<\/strong> (wie Dialog- und Konfliktf\u00e4higkeit, Urteilsf\u00e4higkeit) und die <strong>digitalen Schl\u00fcsselkompetenzen<\/strong>. Ohne Letztere k\u00f6nnten auch Sie diesem Blog weder folgen (&#8222;digital literacy \u2013 Digitale Alphabetisierung&#8220;) oder mit den Blogger:innen in Interaktion treten (&#8222;digital collaboration \u2013 Digitale Zusammenarbeit&#8220;). Unter den an der Spitze des future skills-Frameworks verorteten &#8222;Technologischen Kompetenzen&#8220; ist das anwendungsbereite Wissen zusammengefasst, welches im Hintergrund der technischen Anwendungen vorhanden sein muss (K\u00fcnstliche Intelligenz, Datenanalyse, Hardwareentwicklung etc.).<\/p>\n<p>Als Volkshochschule m\u00f6chten wir unseren Teilnehmenden Strategien vermitteln, um mit technischen Neuerungen Schritt zu halten. Dazu z\u00e4hlt einerseits der selbstbestimmte Umgang mit innovativer Technik: Wie k\u00f6nnen smarte Ger\u00e4te den Alltag erleichtern? Wie k\u00f6nnen Generationen untereinander \u00fcber L\u00e4nder hinweg in Kontakt bleiben? Wie funktioniert die smarte (Stadt-) Verwaltung? Dar\u00fcber hinaus sind uns auch der kritische und selbstbestimmte Umgang mit digital verbreiteten Informationen (Stichwort: Fake News) und neue Lernformate (z. B. Sprachenlernen in der &#8222;virtuell reality&#8220;) ein Hauptanliegen.<\/p>\n\n\n\n<figure class=\"wp-block-image size-large\"><img loading=\"lazy\" decoding=\"async\" width=\"1000\" height=\"525\" src=\"https:\/\/blog.jena.de\/jenakultur\/wp-content\/uploads\/sites\/25\/2024\/08\/jenakultur-vhs-digitalisierung-c-jenakultur-ahub-1000x525.jpg\" alt=\"Senior:innen in einem Kursraum der vhs Jena arbeiten an Tablets und Smartphones\" class=\"wp-image-13607\" srcset=\"https:\/\/blog.jena.de\/jenakultur\/wp-content\/uploads\/sites\/25\/2024\/08\/jenakultur-vhs-digitalisierung-c-jenakultur-ahub-1000x525.jpg 1000w, https:\/\/blog.jena.de\/jenakultur\/wp-content\/uploads\/sites\/25\/2024\/08\/jenakultur-vhs-digitalisierung-c-jenakultur-ahub-500x263.jpg 500w, https:\/\/blog.jena.de\/jenakultur\/wp-content\/uploads\/sites\/25\/2024\/08\/jenakultur-vhs-digitalisierung-c-jenakultur-ahub-768x403.jpg 768w, https:\/\/blog.jena.de\/jenakultur\/wp-content\/uploads\/sites\/25\/2024\/08\/jenakultur-vhs-digitalisierung-c-jenakultur-ahub.jpg 1200w\" sizes=\"auto, (max-width: 1000px) 100vw, 1000px\" \/><figcaption class=\"wp-element-caption\">Egal in welchem Alter, digitale Schl\u00fcsselkomptenzen geh\u00f6ren zum Alltag. \u00a9JenaKultur, A. Hub<\/figcaption><\/figure>\n\n\n\n<h2><strong>Semesterer\u00f6ffnung und Tag der offenen T\u00fcr, 07.09.2024 <\/strong><\/h2>\n<p>Am 07.09. findet in unserem Seminarzentrum <a href=\"https:\/\/kartenportal.jena.de\/?t=kartenportal_start&amp;l=WLAN-Standorte%21%2C%C3%96ffentliche%20Toiletten%21%2CWertstoffh%C3%B6fe%21%2CContainerstandorte%21%2CStandorte%20Stadtverwaltung%20und%20Eigenbetriebe%21%2CBeh%C3%B6rden%20und%20Institutionen%20%28Land%20und%20Bund%29%21%2CPolizei%20und%20Feuerwehr%21%2CFriedh%C3%B6fe%21%2CStra%C3%9Fenreinigung%20%28H%C3%A4ufigkeit%29%5B25%5D%21%2CGemarkung%21%2CFlur%21%2CFlurst%C3%BCcke%21%2CStadtteilb%C3%BCros%21%2COrtsteile%21%2CPostleitzahlgebiete%5B51%5D%21%2CWahllokale%21%2CWahlbezirke%21%2CBriefwahlbezirke%21%2CVerkehrseinschr%C3%A4nkungen%21%2CFu%C3%9F-%20und%20Radwegsperrungen%21%2CBauma%C3%9Fnahmen%20in%20Ausf%C3%BChrung%21%2CBauma%C3%9Fnahmen%20in%20Planung%21%2CWohnlage%20%28Mietspiegel%29%5B15%5D%21%2CBaulandkataster%21%2CBebauungspl%C3%A4ne%21%2CBaufelder%20Gewerbe%21%2CGewerbegebiete%21%2CFernw%C3%A4rmeversorgungsgebiete%21%2CErhaltungssatzung%21%2CF%C3%B6rdergebiete%21%2CSanierungsgebiete%21%2Cehemalige%20Sanierungsgebiete%21%2CStadtumbaugebiete%21%2CGebiete%20st%C3%A4dtebaulicher%20Entwicklung%21%2CWerbeanlagensatzung%21%2CBauordnung%20%28Zust%C3%A4ndigkeit%29%21%2CBahnh%C3%B6fe%21%2CFahrradabstellanlagen%21%2CParkplatz%21%2CParkplatz%20f%C3%BCr%20Menschen%20mit%20Behinderung%20%28Anzahl%29%21%2CBusparkplatz%21%2CParkhaus%21%2CHaltestellen%21%2CTaxistandpl%C3%A4tze%21%2CJeNah%21%2C%C3%9Cberland%21%2CStra%C3%9Fenbahnlinien%21%2CTouristinformation%21%2CDenkm%C3%A4ler%21%2CMuseen%21%2CB%C3%BChnen%21%2CVeranstaltungsorte%21%2CKinos%21%2CAussichtspunkte%21%2CB%C3%A4der%21%2CCampingplatz%21%2CRettungspunkte%20%28Stadtwald%29%21%2CInformationstafeln%20%28Stadtwald%29%21%2CBank-Patenschaften%20%28Stadtwald%29%21%2CG%C3%A4rten%20%26%20Parkanlagen%21%2CHundekott%C3%BCtenspender%21%2CSpielpl%C3%A4tze%21%2CKinder-%20und%20Jugendeinrichtungen%21%2CKirchenradweg%21%2CNapoleonradweg%21%2CSaale-Radwanderweg%21%2CTh%C3%BCringer%20M%C3%BChlenradroute%21%2CTh%C3%BCringer%20St%C3%A4dtekette%21%2CRundwanderweg%201%21%2CRundwanderweg%202%21%2CRundwanderweg%203%21%2CRundwanderweg%208%21%2CRundwanderweg%209%21%2CRundwanderweg%2010%21%2CRundwanderweg%2012%21%2CRundwanderweg%2014%21%2CFeengrotten-Kyffh%C3%A4user-Weg%21%2CLutherweg%21%2CNaturkundehain%20Closewitz%21%2CRundweg%20Winterlinge%21%2CNapoleonPfad%21%2CPfad%20der%20Ottonen%21%2CSaurierPfad%20Trixi%20Trias%21%2CWaldPfad%20Schlauer%20Ux%21%2CSaaleHorizontale%21%2C100km-Horizontale%21%2Cmtb_jenzig_kunitzburg%21%2Cmtb_cospoth_leutratal%21%2Cmtb_jenaer_forst%21%2Cmtb_fuerstenbrunnen_fuchsturm%21%2CSportanlagen%21%2CSporthallen%21%2CSportpl%C3%A4tze%21%2CLaufwege%21%2CKinderbetreuung%21%2CSchulen%21%2CBibliotheken%21%2CHochschulen%21%2CForschungsinstitute%21%2Csonstige%20Bildungseinrichtungen%21%2CKrankenh%C3%A4user%21%2CSenioreneinrichtungen%21%2CFoodsharing%21%2CBaumpflanzungen%20%28seit%2001.01.2021%29%21%2CBaumf%C3%A4llungen%20%28seit%2001.01.2022%29%21%2CB%C3%A4ume%21%2Cfl%C3%A4chiger%20Bestand%21%2CFl%C3%A4chennaturdenkmal%2FGesch%C3%BCtzer%20Landschaftsbestandteil%21%2CNaturschutzgebiet%21%2CLandschaftsschutzgebiet%21%2CEurop%C3%A4isches%20Vogelschutzgebiet%21%2CFFH-Gebiet%21%2CSolarpotential%3A%20Eignung%20der%20Teilfl%C3%A4che%21%2CStra%C3%9Fenverkehrsl%C3%A4rm%20tags%20%28lden%29%5B10%5D%21%2CStra%C3%9Fenverkehrsl%C3%A4rm%20nachts%20%28lngt%29%5B10%5D%21&amp;bl=stadtplan&amp;c=681869%2C5644827&amp;s=1953&amp;hp=kartenportal_qwc_adressen_v&amp;hf=%5B%5B%22gid%22%2C%22%3D%22%2C145601%5D%5D&amp;ht=Grietgasse%206%20%28Adresse%29\" target=\"_blank\" rel=\"noopener\">Grietgasse 6<\/a> die Semesterer\u00f6ffnung und zugleich der Tag der offenen T\u00fcr statt. Zwischen 10 und 18 Uhr haben G\u00e4ste die M\u00f6glichkeit, das Seminarzentrum kennenzulernen.<\/p>\n<p>In einem Aufenthaltsbereich laden M\u00f6bel zum <strong>Probesitzen<\/strong> ein. Die Volkshochschule soll als Dritter Ort Teilnehmende dazu einladen, neben Arbeit und Familie, auch hier gern Zeit zu verbringen. Eine Mitbestimmung bei der Auswahl der Sitzm\u00f6bel ist besonders wichtig, da Teilnehmende den Gro\u00dfteil der Unterrichtseinheiten sitzend verbringen.<\/p>\n<p>Als Auftakt der Semesterer\u00f6ffnung fungiert die feierliche <strong>Zeugnis\u00fcbergabe<\/strong> der Absolvent:innen des letzten Schuljahres. Zugleich werden die neuen Sch\u00fcler:innen der Haupt- und Realschul- sowie Abiturklassen begr\u00fc\u00dft. Dr. Thomas Nitzsche und die Schulleiter der pr\u00fcfenden Schulen werden zu diesem Termin anwesend sein, um die Leistungen zu w\u00fcrdigen. Die Teilnehmenden haben trotz Doppelbelastung mit Familie\/Arbeit, negativer Erfahrungen im Bildungssystem oder lang zur\u00fcckliegender Schulbesuche die Pr\u00fcfungen erfolgreich absolviert. F\u00fcr viele der Teilnehmenden ist dies der erste Bildungsabschluss \u00fcberhaupt und somit wichtigste Voraussetzung zur Gestaltung des beruflichen Lebensweges.<\/p>\n<p>In den weiteren Programmpunkten werden am Tag der Semesterer\u00f6ffnung <strong>Veranstaltungen und Mitmachangebote<\/strong> zu den Themen &#8222;Europa&#8220; und &#8222;future skills&#8220; kombiniert.<\/p>\n\n\n\n<figure class=\"wp-block-image size-large\"><img loading=\"lazy\" decoding=\"async\" width=\"1000\" height=\"525\" src=\"https:\/\/blog.jena.de\/jenakultur\/wp-content\/uploads\/sites\/25\/2024\/08\/jenakultur-zeugnisuebergabe-c-vhsjena-1000x525.jpg\" alt=\"Zuckert\u00fcten &quot;Made in Jena&quot; und Zeugnisse der vhs Jena\" class=\"wp-image-13608\" srcset=\"https:\/\/blog.jena.de\/jenakultur\/wp-content\/uploads\/sites\/25\/2024\/08\/jenakultur-zeugnisuebergabe-c-vhsjena-1000x525.jpg 1000w, https:\/\/blog.jena.de\/jenakultur\/wp-content\/uploads\/sites\/25\/2024\/08\/jenakultur-zeugnisuebergabe-c-vhsjena-500x263.jpg 500w, https:\/\/blog.jena.de\/jenakultur\/wp-content\/uploads\/sites\/25\/2024\/08\/jenakultur-zeugnisuebergabe-c-vhsjena-768x403.jpg 768w, https:\/\/blog.jena.de\/jenakultur\/wp-content\/uploads\/sites\/25\/2024\/08\/jenakultur-zeugnisuebergabe-c-vhsjena.jpg 1200w\" sizes=\"auto, (max-width: 1000px) 100vw, 1000px\" \/><figcaption class=\"wp-element-caption\">Auftakt des neuen Semesters: die feierliche Zeugnis\u00fcbergabe. | \u00a9vhs Jena<\/figcaption><\/figure>\n\n\n\n<h3>Digitales gemeinsam erleben\u2026<\/h3>\n<p>Auf dem Vorplatz des Seminarzentrums informieren das <strong>DigiMobil<\/strong> und der Stand des &#8222;<a href=\"https:\/\/www.vhs-jena.de\/de\/probierladen\/1010726\" target=\"_blank\" rel=\"noopener\"><strong>ProbierLadens<\/strong><\/a>&#8220; \u00fcber M\u00f6glichkeiten der digitalen Teilhabe.<\/p>\n<p>Das DigiMobil aus Niedersachsen ist an diesem Tag zu Gast an der Volkshochschule. Interessenten k\u00f6nnen sich hier zum Thema &#8222;virtual und augmented reality&#8220; informieren, spielerisch Anwendungen entdecken und Zwiegespr\u00e4che mit einem humanoiden Roboter f\u00fchren.<\/p>\n<p>Der &#8222;ProbierLaden&#8220; der vhs bietet im Rahmen der <a href=\"https:\/\/smartcity.jena.de\/smart-city-projekt\/projektbeschreibung\" target=\"_blank\" rel=\"noopener\">Smart-City-Jena-Strategie<\/a> B\u00fcrger:innen <strong>Beratung zu allen Themen digitaler Alltagsfragen<\/strong>. Zum Beispiel: Was ist ein Blog? (Sie haben diesen hier gefunden und wissen es bereits). Wie stelle ich online einen Antrag? Kann ich mir Geldm\u00fcnzen im 3D-Drucker drucken? (Eher nicht <span class=\"emoji emoji-large\">\ud83d\ude09<\/span>)<br>Im Bereich der digitalen Grundbildung verfolgt der ProbierLaden auch das Ziel, allen Personen Informationen und Hilfestellung zu grundlegenden digitalen Kompetenzen zu vermitteln. Besonders Personen ohne oder mit nur geringen Grundkenntnissen und mit Ber\u00fchrungs\u00e4ngsten sollen von den Angeboten profitieren.<\/p>\n<p>Ein Highlight dieses Tages ist der <strong>Besuch der Firma <a href=\"https:\/\/www.zeiss.de\/corporate\/home.html\" target=\"_blank\" rel=\"noopener\">ZEISS<\/a><\/strong> in unseren Seminarr\u00e4umen. Der Gr\u00fcndungsstandort Jena wird sukzessive erweitert und oberhalb des Westbahnhofs weiter ausgebaut. Mittels VR-Brillen und anderer Informationskan\u00e4le stellt die Firma ZEISS zur Semesterer\u00f6ffnung vor, wie zukunftsorientiertes Arbeiten in den Verwaltungs- und Forschungsabteilungen gestaltet sein wird. <br><br>F\u00fcr Kunst- und Technikinteressierte bietet der <strong>Workshop zum digitalen Kolorieren<\/strong> auf dem iPad die Gelegenheit, schwarz-wei\u00df Motive europ\u00e4ischer Sehensw\u00fcrdigkeiten digital nachzubearbeiten. Dies l\u00e4dt sowohl zur Reflexion \u00fcber den Umgang mit europ\u00e4ischen Kulturg\u00fctern ein, als auch zum Austausch \u00fcber Erfahrungen beim Reisen.<\/p>\n\n\n\n<h3>\u2026 auf einer Reise durch Europa<\/h3>\n<p>Kreativit\u00e4t ist bei der Gestaltung einer gro\u00dfen<strong> Europa-Collage<\/strong> gefragt: Mittels Zeitungsauschnitten, verschiedener Collagematerialien und Farben gestalten Interessierte unter Anleitung zweier Dozierenden eine Leinwand zum Thema &#8222;Europa&#8220;. Die Vielf\u00e4ltigkeit des Kontinents wird somit nicht nur durch die unterschiedlichen Assoziationen der Teilnehmenden, sondern auch durch die Buntheit des Collagematerials transportiert. Auch Kinder sind eingeladen, an der Collage mitzuwirken. Die Volkshochschule Jena wird die Collage im Anschluss in einem ihrer Geb\u00e4ude ausstellen.<\/p>\n<p>Durch die Mitmachaktionen <strong>&#8222;Volkst\u00e4nze aus Europa&#8220; und &#8222;Flamenco&#8220;<\/strong> soll ebenfalls die kulturelle Vielfalt Europas ausgedr\u00fcckt werden. Auf einer musikalischen Reise durch Europa werden L\u00e4nder von Nord nach S\u00fcd und West nach Ost durchquert.<\/p>\n<p>In Bewegung sind auch die Teilnehmenden der <strong>Stadtexkursionen<\/strong>: Mit dem Treffpunkt am Seminargeb\u00e4ude wird Jena unter dem Blickwinkel der europ\u00e4ischen Geschichte erkundet. Goethe und Schiller im europ\u00e4ischen Gesamtkontext sowie das revolution\u00e4re Jena in der Gegenwart und sein Einfluss auf Europa k\u00f6nnen die Teilnehmenden kennenlernen.<\/p>\n<p>Dem Thema <strong>Sprachen als Schl\u00fcsselkompetenz<\/strong> widmen sich drei Veranstaltungen.<br \/>Vorgestellt wird die jiddische Sprache, deren kulturellen Hintergr\u00fcnde und die Verwandtschaft zum Deutschen.<br \/>Eine neue Methode zum Sprachenlernen, insbesondere Deutsch, stellt die YouTuberin Juliane Klingenberg-Nery interessierten G\u00e4sten in zwei Workshops vor. Ein Workshop wird in englischer Sprache abgehalten.<br \/>Gute Englischkenntnisse sind ebenfalls die Voraussetzung zur Teilnahme an einer literarischen Diskussionsrunde. Der in Berlin lebende amerikanische Autor und Begr\u00fcnder des Dubrovnik Shakespeare Festivals Michael Lederer wird aus verschiedenen seiner Werke lesen. \u00dcber das Europa der Vergangenheit und Gegenwart kann anschlie\u00dfend im Blickpunkt seiner Romane und Kurzgeschichte mit dem Autor diskutiert werden.<\/p>\n<p>Basierend auf dem Film Napoleon (2023) beleuchtet ein <strong>Vortrag mit anschlie\u00dfender Diskussionsm\u00f6glichkeit<\/strong> die Figur Napoleons und seiner Rolle in der europ\u00e4ischen Geschichte.<\/p>\n<p>Abschlie\u00dfend sei noch die<strong> interaktive Finissage<\/strong> der Ausstellung &#8222;Mensch? Mensch! Menschenrechte!\u201c genannt. Die Ausstellung ist interaktiv konzipiert und kann mit einem Leitfaden und \u00dcbungen selbst erschlossen werden. Zwei Tafeln sind in Einfacher Sprache verfasst, so dass auch Besucher:innen mit Sprach- und Lernschwierigkeiten Zugang zur Ausstellung finden.<\/p>\n\n\n\n<h3>Sind Sie dabei?<\/h3>\n<p>Konnten wir Sie \u00fcberzeugen? Falls Sie noch immer unsicher sind, ob und welche Kompetenzen Sie f\u00fcr das Europa von morgen tats\u00e4chlich ben\u00f6tigen \u2013 kommen Sie doch vorbei und tauschen Sie sich mit uns aus. Nicht nur am Er\u00f6ffnungstag sondern auch w\u00e4hrend des Semesters freuen wir uns auf Ihre R\u00fcckmeldungen.<\/p>\n<p>P.S.: Falls Ihnen die Entscheidung immer noch schwer f\u00e4llt \u2026 in drei Durchg\u00e4ngen eines <strong>Pub-Quizzes<\/strong> und beim <strong>Gl\u00fccksrad<\/strong> k\u00f6nnen Sie sch\u00f6ne Preise gewinnen. Dabei stellen Sie zugleich Ihr Wissen unter Beweis.<\/p>\n\n\n\n<hr class=\"wp-block-separator has-alpha-channel-opacity\" \/>\n\n\n\n<p><em>Wir danken der vhs Jena und insbesondere Frau Nicole Bergmann f\u00fcr diesen Einblick in das neue Semester und den Tag der offenen T\u00fcr!<\/em><\/p>\n<p><em>Gibt es ein Thema in Ihrem digitalen Alltag, das Sie besch\u00e4ftigt, liebe Leser:innen? Haben Sie eine Frage zu europ\u00e4ischer Kultur, die Ihnen unter den N\u00e4geln brennt? Dann schreiben Sie uns in den Kommentaren \u2013 oder schauen Sie am 07.09.2024 im vhs-Seminarzentrum vorbei!<\/em><\/p>\n","protected":false},"excerpt":{"rendered":"<p>Nanu! Stolpern Sie als Leser:in des JenaKultur-Blogs \u00fcber diese &#8222;denglische&#8220; \u00dcberschrift und \u00fcberlegen, was sich hinter den r\u00e4tselhaften &#8222;future skills&#8220; verbirgt? Nach der&hellip;<\/p>\n","protected":false},"author":22,"featured_media":13538,"comment_status":"open","ping_status":"closed","sticky":false,"template":"","format":"standard","meta":{"footnotes":""},"categories":[1,9,29],"tags":[808,1152,1154,1130,1155,1153,977,542,1151],"class_list":["post-13539","post","type-post","status-publish","format-standard","has-post-thumbnail","hentry","category-allgemein","category-jenakultur","category-vhs","tag-digitalisierung","tag-europa","tag-globalisierung","tag-probierladen","tag-probiermobil","tag-semesterstart","tag-tag-der-offenen-tuer","tag-vhs-jena","tag-volkshochschule-jena"],"_links":{"self":[{"href":"https:\/\/blog.jena.de\/jenakultur\/wp-json\/wp\/v2\/posts\/13539","targetHints":{"allow":["GET"]}}],"collection":[{"href":"https:\/\/blog.jena.de\/jenakultur\/wp-json\/wp\/v2\/posts"}],"about":[{"href":"https:\/\/blog.jena.de\/jenakultur\/wp-json\/wp\/v2\/types\/post"}],"author":[{"embeddable":true,"href":"https:\/\/blog.jena.de\/jenakultur\/wp-json\/wp\/v2\/users\/22"}],"replies":[{"embeddable":true,"href":"https:\/\/blog.jena.de\/jenakultur\/wp-json\/wp\/v2\/comments?post=13539"}],"version-history":[{"count":15,"href":"https:\/\/blog.jena.de\/jenakultur\/wp-json\/wp\/v2\/posts\/13539\/revisions"}],"predecessor-version":[{"id":13621,"href":"https:\/\/blog.jena.de\/jenakultur\/wp-json\/wp\/v2\/posts\/13539\/revisions\/13621"}],"wp:featuredmedia":[{"embeddable":true,"href":"https:\/\/blog.jena.de\/jenakultur\/wp-json\/wp\/v2\/media\/13538"}],"wp:attachment":[{"href":"https:\/\/blog.jena.de\/jenakultur\/wp-json\/wp\/v2\/media?parent=13539"}],"wp:term":[{"taxonomy":"category","embeddable":true,"href":"https:\/\/blog.jena.de\/jenakultur\/wp-json\/wp\/v2\/categories?post=13539"},{"taxonomy":"post_tag","embeddable":true,"href":"https:\/\/blog.jena.de\/jenakultur\/wp-json\/wp\/v2\/tags?post=13539"}],"curies":[{"name":"wp","href":"https:\/\/api.w.org\/{rel}","templated":true}]}}