{"id":13463,"date":"2024-08-23T07:21:00","date_gmt":"2024-08-23T05:21:00","guid":{"rendered":"https:\/\/blog.jena.de\/jenakultur\/?p=13463"},"modified":"2024-08-21T16:48:34","modified_gmt":"2024-08-21T14:48:34","slug":"musikalische-vielfalt-farbenpracht-und-ueberraschungen","status":"publish","type":"post","link":"https:\/\/blog.jena.de\/jenakultur\/2024\/08\/23\/musikalische-vielfalt-farbenpracht-und-ueberraschungen\/","title":{"rendered":"Musikalische Vielfalt, Farbenpracht und \u00dcberraschungen"},"content":{"rendered":"\n<h2>Die neue Spielzeit 2024.2025 der Jenaer Philharmonie<\/h2>\n<p>Wenn am 1. September ihre neue Konzertsaison in Jena beginnt, sind die Musiker:innen der <a href=\"https:\/\/www.jenaer-philharmonie.de\/\" target=\"_blank\" rel=\"noopener\">Jenaer Philharmonie<\/a> bereits weit gereist. Am 13. August gastierten sie gemeinsam mit Generalmusikdirektor Simon Gaudenz und der niederl\u00e4ndischen Cellistin Ella van Poucke im ber\u00fchmten <a href=\"https:\/\/www.concertgebouw.nl\/en\" target=\"_blank\" rel=\"noopener\">Concertgebouw in Amsterdam<\/a>. Von dort ging es direkt weiter in die Schweiz zu drei Konzerten beim <a href=\"https:\/\/murtenclassics.ch\/de\/willkommen-zur-vorstellung\" target=\"_blank\" rel=\"noopener\">Festival Murten Classics<\/a>. Wie das Orchester sein Gastspiel erlebt hat, erfahren Sie aus erster Hand in der n\u00e4chsten Ausgabe des &#8222;SeitenKlang&#8220;-Magazins, nachzulesen dann auch hier im Blog.<\/p>\n\n\n\n<blockquote class=\"wp-block-quote is-layout-flow wp-block-quote-is-layout-flow\">\n<p class=\"has-small-font-size\"><em>\u201eEine ereignisreiche Woche liegt hinter uns \u2013 so viele Eindr\u00fccke, so viel Energie und Einsatz von allen Beteiligten und so viele beeindruckende musikalische Momente. Drei Programme in einer Woche, Spielst\u00e4tten, wie sie unterschiedlicher nicht sein k\u00f6nnen mit dem altehrw\u00fcrdigen Concertgebouw Amsterdam und beim Festival Murten Classics, gro\u00dfe Fahrstrecken, und immer ein bestens aufgelegtes Orchester, welches bei ausnahmslos jedem Konzert ein begeistertes Publikum hinterlassen hat. Diese Gastspielreise hat einmal mehr gezeigt, dass Jena wirklich stolz auf sein Orchester sein kann!\u201c<\/em><\/p>\n<cite>Orchesterdirektor Alexander Richter zum Gastspiel in Amsterdam und Murten<\/cite><\/blockquote>\n\n\n<div class=\"wp-block-image\">\n<figure class=\"aligncenter size-large\"><img loading=\"lazy\" decoding=\"async\" width=\"1000\" height=\"525\" src=\"https:\/\/blog.jena.de\/jenakultur\/wp-content\/uploads\/sites\/25\/2024\/08\/jenakultur-jp-gastspiel-amsterdam-c-julia-steinhoefel-1000x525.jpg\" alt=\"Die Jenaer Philharmonie im Concertgebouw in Amsterdam erh\u00e4lt Standing Ovations\" class=\"wp-image-13471\" srcset=\"https:\/\/blog.jena.de\/jenakultur\/wp-content\/uploads\/sites\/25\/2024\/08\/jenakultur-jp-gastspiel-amsterdam-c-julia-steinhoefel-1000x525.jpg 1000w, https:\/\/blog.jena.de\/jenakultur\/wp-content\/uploads\/sites\/25\/2024\/08\/jenakultur-jp-gastspiel-amsterdam-c-julia-steinhoefel-500x263.jpg 500w, https:\/\/blog.jena.de\/jenakultur\/wp-content\/uploads\/sites\/25\/2024\/08\/jenakultur-jp-gastspiel-amsterdam-c-julia-steinhoefel-768x403.jpg 768w, https:\/\/blog.jena.de\/jenakultur\/wp-content\/uploads\/sites\/25\/2024\/08\/jenakultur-jp-gastspiel-amsterdam-c-julia-steinhoefel.jpg 1200w\" sizes=\"auto, (max-width: 1000px) 100vw, 1000px\" \/><figcaption class=\"wp-element-caption\">Standing Ovations f\u00fcr die Jenaer Philharmonie im ber\u00fchmten Concertgebouw Amsterdam | \u00a9Julia Steinh\u00f6fel<\/figcaption><\/figure>\n<\/div>\n\n\n<h3>Einladung zum Saisoner\u00f6ffnungskonzert bei kostenfreiem Eintritt<\/h3>\n<p>Am <strong>Sonntag, 8. September<\/strong> \u00f6ffnet das <a href=\"https:\/\/www.volkshaus-jena.de\/de\/startseite\/694140\" target=\"_blank\" rel=\"noopener\">Volkshaus Jena<\/a> zum Tag des offenen Denkmals seine T\u00fcren, um die Geschichte des neu gestalteten Hauses zu w\u00fcrdigen, das zugleich auch Heimat und Hauptspielst\u00e4tte der Jenaer Philharmonie ist. Die nutzt auch in dieser Spielzeit den Anlass und l\u00e4dt um <strong>15 Uhr bei kostenfreiem Eintritt<\/strong> zum Besuch ihres Saisoner\u00f6ffnungskonzerts ein.<\/p>\n<p>Mit Werken von Beethoven, Prokofjew, H\u00e4ndel, Elgar u. a. geben die Musiker:innen unter der Leitung von Simon Gaudenz, der gemeinsam mit Oberb\u00fcrgermeister Dr. Thomas Nitzsche das Konzert auch moderiert, einen musikalischen Vorgeschmack auf das Konzertprogramm der neuen Spielzeit.<br>Diese wird die Besucher:innen unter dem Motto &#8222;Geheimnisse&#8220; immer wieder mit auf gemeinsame musikalische Entdeckungsreisen nehmen und das auch schon zur Saisoner\u00f6ffnung: &#8222;Die ersten Geheimnisse werden vielleicht gel\u00fcftet, ger\u00e4tselt werden wird aber auch schon hier, und \u00dcberraschungen sind nicht ausgeschlossen&#8220;, erz\u00e4hlt Simon Gaudenz.<\/p>\n<p>Kommen Sie vorbei! Der Zutritt zum Konzert, das eben auch ein Konzert der offenen T\u00fcren sein soll, ist jederzeit m\u00f6glich.<\/p>\n\n\n<div class=\"wp-block-image\">\n<figure class=\"aligncenter size-large\"><img loading=\"lazy\" decoding=\"async\" width=\"1000\" height=\"525\" src=\"https:\/\/blog.jena.de\/jenakultur\/wp-content\/uploads\/sites\/25\/2024\/08\/jenakultur-saisoneroeffnungskonzert-2023-c-jenakultur-tpeissker-1000x525.jpg\" alt=\"Saisoner\u00f6ffnungskonzert der Jenaer Philharmonie im Volkshaus Jena 2023\" class=\"wp-image-13485\" srcset=\"https:\/\/blog.jena.de\/jenakultur\/wp-content\/uploads\/sites\/25\/2024\/08\/jenakultur-saisoneroeffnungskonzert-2023-c-jenakultur-tpeissker-1000x525.jpg 1000w, https:\/\/blog.jena.de\/jenakultur\/wp-content\/uploads\/sites\/25\/2024\/08\/jenakultur-saisoneroeffnungskonzert-2023-c-jenakultur-tpeissker-500x263.jpg 500w, https:\/\/blog.jena.de\/jenakultur\/wp-content\/uploads\/sites\/25\/2024\/08\/jenakultur-saisoneroeffnungskonzert-2023-c-jenakultur-tpeissker-768x403.jpg 768w, https:\/\/blog.jena.de\/jenakultur\/wp-content\/uploads\/sites\/25\/2024\/08\/jenakultur-saisoneroeffnungskonzert-2023-c-jenakultur-tpeissker.jpg 1200w\" sizes=\"auto, (max-width: 1000px) 100vw, 1000px\" \/><figcaption class=\"wp-element-caption\">Saisoner\u00f6ffnung 2023 im Volkshaus Jena | \u00a9JenaKultur, T. Pei\u00dfker<\/figcaption><\/figure>\n<\/div>\n\n\n<h3>&#8222;Geheimnisse&#8220;<\/h3>\n<p>In der neuen Spielzeit verspricht die Jenaer Philharmonie, ihrem Publikum echte \u00dcberraschungen zu bereiten: spannend, auch einmal herausfordernd, voller neuer Klangeindr\u00fccke, extrem genussvoll und mit Sicherheit nie langweilig!<\/p>\n<p>Unter dem Motto &#8222;Geheimnisse&#8220; findet sich in sechs von <strong>Generalmusikdirektor Simon Gaudenz<\/strong> konzipierten und dirigierten Sinfoniekonzerten mindestens ein Werk, dessen Titel vorher nicht verraten wird \u2013 ein <strong>&#8222;\u00dcberraschungsst\u00fcck&#8220;<\/strong>.<br>So erklingen gleich beim <a href=\"https:\/\/www.jenaer-philharmonie.de\/konzert\/freitagskonzert-no-1-3.html\" target=\"_blank\" rel=\"noopener\">ersten Freitagskonzert am 13. September<\/a>, bevor Till Eulenspiegel in Strauss\u2018 Tondichtung seine lustigen Streiche spielen kann, vier \u00dcberraschungsst\u00fccke, mit denen die Jenaer Philharmonie die Vielfalt ihres Orchesterklangs und Repertoires feiern m\u00f6chte.<br>Gefeiert werden soll auch am 1. M\u00e4rz 2025 beim <strong>Philharmonieball<\/strong>, der nach 5-j\u00e4hriger Pause neu aufgelegt wird! Was genau das Publikum an diesem Abend im gesamten Volkshaus erwartet, ist noch ein Geheimnis, das aber schon bald St\u00fcck f\u00fcr St\u00fcck gel\u00fcftet wird.<\/p>\n\n\n\n<blockquote class=\"wp-block-quote has-small-font-size is-layout-flow wp-block-quote-is-layout-flow\">\n<p class=\"has-small-font-size\"><em>&#8222;Ich m\u00f6chte durch unsere &#8218;Geheimniskr\u00e4merei&#8216; gern eine besondere, verschworene N\u00e4he zu unseren Zuh\u00f6rer:innen erzeugen. Ich sehe das als weiteren Schritt der Arbeit an einer f\u00fcr mich ungeheuer wichtigen Sache: Jedes einzelne Konzert der Jenaer Philharmonie soll zu einem unvergesslichen, starken und einmaligen Erlebnis f\u00fcr die Musiker:innen und vor allem unser Publikum werden<\/em>.&#8220;<\/p>\n<cite>Generalmusikdirektor Simon Gaudenz<\/cite><\/blockquote>\n\n\n<div class=\"wp-block-image\">\n<figure class=\"aligncenter size-large\"><img loading=\"lazy\" decoding=\"async\" width=\"1000\" height=\"525\" src=\"https:\/\/blog.jena.de\/jenakultur\/wp-content\/uploads\/sites\/25\/2024\/08\/jenakultur-simon-gaudenz-360-konzert-c-jenakultur-cworsch-1000x525.jpg\" alt=\"Simon Gaudenz dirigiert beim 360\u00b0 Grad-Konzert der Jenaer Philharmonie\" class=\"wp-image-13469\" srcset=\"https:\/\/blog.jena.de\/jenakultur\/wp-content\/uploads\/sites\/25\/2024\/08\/jenakultur-simon-gaudenz-360-konzert-c-jenakultur-cworsch-1000x525.jpg 1000w, https:\/\/blog.jena.de\/jenakultur\/wp-content\/uploads\/sites\/25\/2024\/08\/jenakultur-simon-gaudenz-360-konzert-c-jenakultur-cworsch-500x263.jpg 500w, https:\/\/blog.jena.de\/jenakultur\/wp-content\/uploads\/sites\/25\/2024\/08\/jenakultur-simon-gaudenz-360-konzert-c-jenakultur-cworsch-768x403.jpg 768w, https:\/\/blog.jena.de\/jenakultur\/wp-content\/uploads\/sites\/25\/2024\/08\/jenakultur-simon-gaudenz-360-konzert-c-jenakultur-cworsch.jpg 1200w\" sizes=\"auto, (max-width: 1000px) 100vw, 1000px\" \/><figcaption class=\"wp-element-caption\">Simon Gaudenz dirigert ein 360\u00b0-Konzert der Jenaer Philharmonie | \u00a9JenaKultur, C. Worsch<\/figcaption><\/figure>\n<\/div>\n\n\n<h3>ARTIST IN RESIDENCE: Der Trompeter Simon H\u00f6fele<\/h3>\n<p>Der 30-j\u00e4hrige Shootingstar <a href=\"https:\/\/www.simon-hoefele.de\/\" target=\"_blank\" rel=\"noopener\">Simon H\u00f6fele<\/a> hat sich weltweit als einer der erfolgreichsten Trompeter der jungen Generation etabliert.<\/p>\n<p>Neben dem klassischen Trompetenrepertoire widmet er sich mit gro\u00dfer Begeisterung der zeitgen\u00f6ssischen Musik. Im M\u00e4rz ist sein <strong>neues Album &#8222;No Clouds in Haraz&#8220;<\/strong> mit Kaan Bulak, dem Elektronikk\u00fcnstler, Pianisten und Komponisten aus Berlin, herausgekommen. &#8222;Das war f\u00fcr mich v\u00f6lliges Neuland und hat wahnsinnig viel Spa\u00df gemacht!&#8220;, so der Trompeter, der seit einem Jahr auch Host des <a href=\"https:\/\/www1.wdr.de\/mediathek\/audio\/wdr3\/klassik-crush\/index.html\" target=\"_blank\" rel=\"noopener\">WDR3-Podcasts KLASSIK CRUSH<\/a> ist, in welchem er sich alle zwei Wochen mit anderen jungen K\u00fcnstler:innen \u00fcber Musik, ihr Leben als Musiker:innen und andere Themen unterh\u00e4lt, die sie und die junge Zielgruppe des Podcasts umtreiben.<br>Au\u00dferdem engagiert er sich neben seinen musikalischen Projekten auch kulturpolitisch und gr\u00fcndete den <strong>Verein &#8222;Kunstverlust&#8220;<\/strong>, f\u00fcr den er als Fotograf Menschen portr\u00e4tierte, die sich aktiv f\u00fcr die Erhaltung von Kunst und Kultur einsetzen. &nbsp;<\/p>\n<p>Die Jenaer Philharmonie freut sich sehr, Simon H\u00f6fele als <a href=\"https:\/\/www.jenaer-philharmonie.de\/artist-in-residence.html\" target=\"_blank\" rel=\"noopener\">ARTIST IN RESIDENCE<\/a> 2024.2025 in Jena begr\u00fc\u00dfen zu k\u00f6nnen!<br>Viermal hat das Publikum in dieser Spielzeit dann die M\u00f6glichkeit, den Trompeter mit ganz unterschiedlichen Konzertprogrammen kennenzulernen. Den Anfang macht das <a href=\"https:\/\/www.jenaer-philharmonie.de\/konzert\/samstagskonzert-no-1-2.html\" target=\"_blank\" rel=\"noopener\">Samstagskonzert am 26. Oktober<\/a> u. a. mit Mendelssohns \u201eTrompeten-Ouvert\u00fcre\u201c. Am 6. M\u00e4rz 2025 spielt er zusammen mit seinem Lehrer Reinhold Friedrich das <a href=\"https:\/\/www.jenaer-philharmonie.de\/konzert\/donnerstagskonzert-no-6-4.html\" target=\"_blank\" rel=\"noopener\">Konzert f\u00fcr zwei Trompeten<\/a> &#8222;Chute d\u2019\u00c9toiles. Hommage \u00e0 Anselm Kiefer&#8220; von Matthias Pintscher, das er im Jahr 2012 uraufgef\u00fchrt hat. Im Format <a href=\"https:\/\/www.jenaer-philharmonie.de\/konzert\/philharmonie-trifft-jazz-5.html\" target=\"_blank\" rel=\"noopener\">Philharmonie trifft Jazz<\/a> im Rahmen der Jazzmeile Th\u00fcringen am 24. April 2025 stehen dann Werke von Frank Zappa und Miles Davis auf dem Programm. H\u00f6feles Residenz endet am 16. Mai 2025 mit einem <a href=\"https:\/\/www.jenaer-philharmonie.de\/konzert\/freitagskonzert-no-6-4.html\" target=\"_blank\" rel=\"noopener\">Play and Conduct-Konzert<\/a> u. a. mit Haydns Trompetenkonzert.<\/p>\n<p>Simon H\u00f6fele ist nicht nur musikalisch unterwegs, sondern arbeitet auch als Barista. Das hat Autor Michael Dissmeier im Interview mit dem Trompeter zum Anlass genommen, nach dem Geheimnis eines guten Kaffees zu fragen. Die Antwort darauf gibt&#8217;s im <a href=\"https:\/\/www.jenaer-philharmonie.de\/publikationen.html\" target=\"_blank\" rel=\"noopener\">Saisonbuch der Jenaer Philharmonie<\/a>.<\/p>\n\n\n\n<blockquote class=\"wp-block-quote is-layout-flow wp-block-quote-is-layout-flow\">\n<p class=\"has-small-font-size\"><em>&#8222;Wenn man behauptet, den Kaffee einfach nach Gef\u00fchl gut machen zu k\u00f6nnen, ist das einigerma\u00dfen gro\u00dfer Quatsch. Ungef\u00e4hr wie bei Loriots Fr\u00fchst\u00fccksei<\/em>.&#8220;<\/p>\n<cite>ARTIST IN RESIDENCE Simon H\u00f6fele<\/cite><\/blockquote>\n\n\n<div class=\"wp-block-image\">\n<figure class=\"aligncenter size-large\"><img loading=\"lazy\" decoding=\"async\" width=\"1000\" height=\"525\" src=\"https:\/\/blog.jena.de\/jenakultur\/wp-content\/uploads\/sites\/25\/2024\/08\/jenakultur-simon-hoefele-c-marco-borggreve-1000x525.jpg\" alt=\"Simon H\u00f6fele in l\u00e4ssiger Kleidung sitzt mit seiner Trompete auf dem Boden\" class=\"wp-image-13470\" srcset=\"https:\/\/blog.jena.de\/jenakultur\/wp-content\/uploads\/sites\/25\/2024\/08\/jenakultur-simon-hoefele-c-marco-borggreve-1000x525.jpg 1000w, https:\/\/blog.jena.de\/jenakultur\/wp-content\/uploads\/sites\/25\/2024\/08\/jenakultur-simon-hoefele-c-marco-borggreve-500x263.jpg 500w, https:\/\/blog.jena.de\/jenakultur\/wp-content\/uploads\/sites\/25\/2024\/08\/jenakultur-simon-hoefele-c-marco-borggreve-768x403.jpg 768w, https:\/\/blog.jena.de\/jenakultur\/wp-content\/uploads\/sites\/25\/2024\/08\/jenakultur-simon-hoefele-c-marco-borggreve.jpg 1200w\" sizes=\"auto, (max-width: 1000px) 100vw, 1000px\" \/><figcaption class=\"wp-element-caption\">ARTIST IN RESIDENCE: Simon H\u00f6fele | \u00a9Marco Borggreve<\/figcaption><\/figure>\n<\/div>\n\n\n<h3>Das gro\u00dfe Finale des Mahler-Scartazzini-Zyklus, Abschluss des Jubil\u00e4umsjahres &#8222;90 Jahre Jenaer Philharmonie&#8220;, &#8222;55 Jahre Philharmonischer Chor Jena&#8220; und eine Krimi-Premiere<\/h3>\n<p>Vielleicht waren Sie am 8. M\u00e4rz dabei bei der umjubelten Auff\u00fchrung der gigantischen &#8222;Sinfonie der Tausend&#8220; von Gustav Mahler mit \u00fcber 400 Mitwirkenden in der Sparkassen-Arena Jena, mit der gleichzeitig auch das 90-j\u00e4hrige Jubil\u00e4um des Orchesters gefeiert wurde, oder haben unsere <a href=\"https:\/\/blog.jena.de\/jenakultur\/tag\/90-jahre-jenaer-philharmonie\/\" target=\"_blank\" rel=\"noopener\">Berichte \u00fcber das Jubil\u00e4um hier im Blog<\/a> verfolgt.<br>Der 2018 begonnene <a href=\"https:\/\/www.jenaer-philharmonie.de\/mahler-scartazzini-zyklus.html\" target=\"_blank\" rel=\"noopener\">Mahler-Scartazzini-Zyklus<\/a> erlebt nun in dieser Spielzeit mit der Auff\u00fchrung der Mahler-Sinfonien Nr. 9 (<a href=\"https:\/\/www.jenaer-philharmonie.de\/konzert\/freitagskonzert-no-4-4.html\" target=\"_blank\" rel=\"noopener\">14. Februar 2025<\/a>), Nr. 10 und aller Prologwerke von COMPOSER IN RESIDENCE Andrea Lorenzo Scartazzini (<a href=\"https:\/\/www.jenaer-philharmonie.de\/konzert\/donnerstagskonzert-no-9-2.html\" target=\"_blank\" rel=\"noopener\">5. Juni 2025<\/a>) sein gro\u00dfes Finale.<\/p>\n<p>Und zum <a href=\"https:\/\/www.jenaer-philharmonie.de\/konzert\/donnerstagskonzert-no-3-4.html\" target=\"_blank\" rel=\"noopener\">Abschluss des Jubil\u00e4umsjahres &#8222;90 Jahre Jenaer Philharmonie&#8220;<\/a> wird zum eigentlichen Gr\u00fcndungszeitraum des Orchesters (1. November 1934) ein Konzert mit Werken von Tschaikowski und Rachmaninow doppelt, am 14. und 15. November, aufgef\u00fchrt, um mit m\u00f6glichst vielen Musikfreund:innen nochmal gemeinsam zu feiern.<br>Im Rahmenprogramm wird zudem den historischen Entwicklungslinien nachgesp\u00fcrt. Mit dem 55-j\u00e4hrigen Bestehen des <a href=\"https:\/\/www.jenaer-philharmonie.de\/philharmonischer-chor.html\" target=\"_blank\" rel=\"noopener\">Philharmonischen Chores<\/a> steht ein weiteres Jubil\u00e4um bevor, das am <a href=\"https:\/\/www.jenaer-philharmonie.de\/konzert\/chorsinfonisches-konzert-5.html\" target=\"_blank\" rel=\"noopener\">24. Mai 2025<\/a> mit der Auff\u00fchrung von Mendelssohns Oratorium &#8222;Elias&#8220; unter der Leitung von Chordirektorin Berit Walther begangen wird.<\/p>\n\n\n<div class=\"wp-block-image\">\n<figure class=\"aligncenter size-large\"><img loading=\"lazy\" decoding=\"async\" width=\"1000\" height=\"525\" src=\"https:\/\/blog.jena.de\/jenakultur\/wp-content\/uploads\/sites\/25\/2024\/08\/jenakultur-philharmonischer-chor-c-jenakultur-tpeissker-1000x525.jpg\" alt=\"Philharmonischer Chor Jena singt\" class=\"wp-image-13468\" srcset=\"https:\/\/blog.jena.de\/jenakultur\/wp-content\/uploads\/sites\/25\/2024\/08\/jenakultur-philharmonischer-chor-c-jenakultur-tpeissker-1000x525.jpg 1000w, https:\/\/blog.jena.de\/jenakultur\/wp-content\/uploads\/sites\/25\/2024\/08\/jenakultur-philharmonischer-chor-c-jenakultur-tpeissker-500x263.jpg 500w, https:\/\/blog.jena.de\/jenakultur\/wp-content\/uploads\/sites\/25\/2024\/08\/jenakultur-philharmonischer-chor-c-jenakultur-tpeissker-768x403.jpg 768w, https:\/\/blog.jena.de\/jenakultur\/wp-content\/uploads\/sites\/25\/2024\/08\/jenakultur-philharmonischer-chor-c-jenakultur-tpeissker.jpg 1200w\" sizes=\"auto, (max-width: 1000px) 100vw, 1000px\" \/><figcaption class=\"wp-element-caption\">Der Philharmonische Chor Jena feiert 55. Jubil\u00e4um | \u00a9JenaKultur, T. Pei\u00dfker<\/figcaption><\/figure>\n<\/div>\n\n\n<p>Im Juli zeigte die Filmarena der <a href=\"https:\/\/www.kulturarena.de\/\" target=\"_blank\" rel=\"noopener\">Kulturarena<\/a> die f\u00fcnfte Folge des Jena-Krimis Theresa Wolff &#8222;Lost&#8220;. Nur ein halbes Jahr sp\u00e4ter folgt f\u00fcr alle Fans der Gerichtsmedizinerin am 2. Februar 2025 dann die <a href=\"https:\/\/www.jenaer-philharmonie.de\/konzert\/premiere.html\" target=\"_blank\" rel=\"noopener\">Premiere ihres sechsten Falls &#8222;Passion&#8220;<\/a> im Volkshaus Jena.<\/p>\n<p>F\u00fcr die Episode stand die Jenaer Philharmonie in der letzten Spielzeit gemeinsam mit dem Schauspieler und damaligen ARTIST IN RESIDENCE des Orchesters <strong>Stefan Kurt als Chefdirigent vor der Kamera<\/strong>. Freuen darf man sich an diesem Abend ab 19:45 Uhr auch auf einen musikalischen Auftakt mit der Jenaer Philharmonie und ein moderiertes Gespr\u00e4ch mit Cast und Crew, u. a. mit Stefan Kurt, Aurel Manthei und Franziska Brandmeier.<\/p>\n\n\n<div class=\"wp-block-image\">\n<figure class=\"alignleft size-large\"><img loading=\"lazy\" decoding=\"async\" width=\"1000\" height=\"525\" src=\"https:\/\/blog.jena.de\/jenakultur\/wp-content\/uploads\/sites\/25\/2024\/08\/jenakultur-krimi-dreh-c-jenaer-philharmonie-1000x525.jpg\" alt=\"Die Jenaer Philharmonie wird bei der Probe gefilmt, Stefan Kurt spielt den Dirigenten\" class=\"wp-image-13467\" srcset=\"https:\/\/blog.jena.de\/jenakultur\/wp-content\/uploads\/sites\/25\/2024\/08\/jenakultur-krimi-dreh-c-jenaer-philharmonie-1000x525.jpg 1000w, https:\/\/blog.jena.de\/jenakultur\/wp-content\/uploads\/sites\/25\/2024\/08\/jenakultur-krimi-dreh-c-jenaer-philharmonie-500x263.jpg 500w, https:\/\/blog.jena.de\/jenakultur\/wp-content\/uploads\/sites\/25\/2024\/08\/jenakultur-krimi-dreh-c-jenaer-philharmonie-768x403.jpg 768w, https:\/\/blog.jena.de\/jenakultur\/wp-content\/uploads\/sites\/25\/2024\/08\/jenakultur-krimi-dreh-c-jenaer-philharmonie.jpg 1200w\" sizes=\"auto, (max-width: 1000px) 100vw, 1000px\" \/><figcaption class=\"wp-element-caption\">Dreh f\u00fcr &#8222;Theresa Wolff&#8220; im Volkshaus Jena mit Stefan Kurt als Dirigent | \u00a9Jenaer Philharmonie<\/figcaption><\/figure>\n<\/div>\n\n\n<p><em>Im Saisonbuch 2024.2025, das u. a. in der <a href=\"https:\/\/www.visit-jena.de\/reise-planen\/jena-tourist-information\/\" target=\"_blank\" rel=\"noopener\">Jena Tourist-Information<\/a> und an vielen weiteren Auslagestellen zum Mitnehmen f\u00fcr Sie bereit liegt oder auch ganz bequem online auf der <a href=\"https:\/\/www.jenaer-philharmonie.de\/publikationen.html\" target=\"_blank\" rel=\"noopener\">Website der Jenaer Philharmonie in der Mediathek<\/a> durchgebl\u00e4ttert werden kann, gibt es neben dem umfangreichen Konzertprogramm auch spannende Interviews, tolle Fotostrecken und unterhaltsame wie informative Inhalte, die nicht nur zum Lesen, sondern ganz im Sinne des Saisonmottos &#8222;Geheimnisse&#8220; auch zum R\u00e4tseln einladen. So k\u00f6nnen Sie z. B. mit etwas Gl\u00fcck im &#8222;Geheimnis&#8220;-Quiz (Seite 16\/17) zwei Eintrittskarten f\u00fcr den Philharmonieball am 1. M\u00e4rz 2025 gewinnen.<\/em><\/p>\n<p><em>Tickets f\u00fcr die Konzerte der Jenaer Philharmonie sind in der Jena Tourist-Information und online unter <a href=\"https:\/\/www.jenaer-philharmonie.de\/\" target=\"_blank\" rel=\"noopener\">www.jenaer-philharmonie.de<\/a> erh\u00e4ltlich.<\/em><\/p>\n","protected":false},"excerpt":{"rendered":"<p>Die neue Spielzeit 2024.2025 der Jenaer Philharmonie Wenn am 1. September ihre neue Konzertsaison in Jena beginnt, sind die Musiker:innen der Jenaer Philharmonie&hellip;<\/p>\n","protected":false},"author":22,"featured_media":13466,"comment_status":"open","ping_status":"closed","sticky":false,"template":"","format":"standard","meta":{"footnotes":""},"categories":[1,13,9],"tags":[1043,366,124,43,1149,1148,1147,1150],"class_list":["post-13463","post","type-post","status-publish","format-standard","has-post-thumbnail","hentry","category-allgemein","category-jenaer-philharmonie","category-jenakultur","tag-artist-in-residence","tag-gastspiel","tag-jenaer-philharmonie","tag-simon-gaudenz","tag-simon-hoefele","tag-spielzeiteroeffnung","tag-spielzeitvorstellung","tag-theresa-wolff"],"_links":{"self":[{"href":"https:\/\/blog.jena.de\/jenakultur\/wp-json\/wp\/v2\/posts\/13463","targetHints":{"allow":["GET"]}}],"collection":[{"href":"https:\/\/blog.jena.de\/jenakultur\/wp-json\/wp\/v2\/posts"}],"about":[{"href":"https:\/\/blog.jena.de\/jenakultur\/wp-json\/wp\/v2\/types\/post"}],"author":[{"embeddable":true,"href":"https:\/\/blog.jena.de\/jenakultur\/wp-json\/wp\/v2\/users\/22"}],"replies":[{"embeddable":true,"href":"https:\/\/blog.jena.de\/jenakultur\/wp-json\/wp\/v2\/comments?post=13463"}],"version-history":[{"count":28,"href":"https:\/\/blog.jena.de\/jenakultur\/wp-json\/wp\/v2\/posts\/13463\/revisions"}],"predecessor-version":[{"id":13519,"href":"https:\/\/blog.jena.de\/jenakultur\/wp-json\/wp\/v2\/posts\/13463\/revisions\/13519"}],"wp:featuredmedia":[{"embeddable":true,"href":"https:\/\/blog.jena.de\/jenakultur\/wp-json\/wp\/v2\/media\/13466"}],"wp:attachment":[{"href":"https:\/\/blog.jena.de\/jenakultur\/wp-json\/wp\/v2\/media?parent=13463"}],"wp:term":[{"taxonomy":"category","embeddable":true,"href":"https:\/\/blog.jena.de\/jenakultur\/wp-json\/wp\/v2\/categories?post=13463"},{"taxonomy":"post_tag","embeddable":true,"href":"https:\/\/blog.jena.de\/jenakultur\/wp-json\/wp\/v2\/tags?post=13463"}],"curies":[{"name":"wp","href":"https:\/\/api.w.org\/{rel}","templated":true}]}}