{"id":133,"date":"2019-01-04T09:11:21","date_gmt":"2019-01-04T08:11:21","guid":{"rendered":"https:\/\/blog.jena.de\/jenakultur\/?p=133"},"modified":"2018-12-17T13:14:02","modified_gmt":"2018-12-17T12:14:02","slug":"hello-world","status":"publish","type":"post","link":"https:\/\/blog.jena.de\/jenakultur\/2019\/01\/04\/hello-world\/","title":{"rendered":"Hello World!"},"content":{"rendered":"<p>Die Werkleitung von JenaKultur hei\u00dft Sie herzlich willkommen auf dem neuen Blog des st\u00e4dtischen Eigenbetriebes f\u00fcr Kultur, Tourismus und Marketing.<\/p>\n<p>Regelm\u00e4\u00dfig wollen wir Sie an dieser Stelle mit Neuigkeiten rund um JenaKultur auf dem Laufenden halten. Dabei sollen Prozesse und Aktivit\u00e4ten in den Blick genommen werden, die sonst f\u00fcr den Kulturinteressierten nicht sichtbar waren.<\/p>\n<p>Diskutieren Sie gern mit!<\/p>\n<p><iframe loading=\"lazy\" width=\"560\" height=\"315\" src=\"https:\/\/www.youtube-nocookie.com\/embed\/yY9r5RvIhLQ\" frameborder=\"0\" allow=\"accelerometer; autoplay; encrypted-media; gyroscope; picture-in-picture\" allowfullscreen><\/iframe><\/p>\n","protected":false},"excerpt":{"rendered":"<p>Die Werkleitung von JenaKultur hei\u00dft Sie herzlich willkommen auf dem neuen Blog des st\u00e4dtischen Eigenbetriebes f\u00fcr Kultur, Tourismus und Marketing. Regelm\u00e4\u00dfig wollen wir&hellip;<\/p>\n","protected":false},"author":22,"featured_media":134,"comment_status":"open","ping_status":"closed","sticky":false,"template":"","format":"video","meta":{"footnotes":""},"categories":[1,9,10],"tags":[6,8],"class_list":["post-133","post","type-post","status-publish","format-video","has-post-thumbnail","hentry","category-allgemein","category-jenakultur","category-kulturpolitik","tag-jenakultur","tag-werkleitung","post_format-post-format-video"],"_links":{"self":[{"href":"https:\/\/blog.jena.de\/jenakultur\/wp-json\/wp\/v2\/posts\/133","targetHints":{"allow":["GET"]}}],"collection":[{"href":"https:\/\/blog.jena.de\/jenakultur\/wp-json\/wp\/v2\/posts"}],"about":[{"href":"https:\/\/blog.jena.de\/jenakultur\/wp-json\/wp\/v2\/types\/post"}],"author":[{"embeddable":true,"href":"https:\/\/blog.jena.de\/jenakultur\/wp-json\/wp\/v2\/users\/22"}],"replies":[{"embeddable":true,"href":"https:\/\/blog.jena.de\/jenakultur\/wp-json\/wp\/v2\/comments?post=133"}],"version-history":[{"count":4,"href":"https:\/\/blog.jena.de\/jenakultur\/wp-json\/wp\/v2\/posts\/133\/revisions"}],"predecessor-version":[{"id":158,"href":"https:\/\/blog.jena.de\/jenakultur\/wp-json\/wp\/v2\/posts\/133\/revisions\/158"}],"wp:featuredmedia":[{"embeddable":true,"href":"https:\/\/blog.jena.de\/jenakultur\/wp-json\/wp\/v2\/media\/134"}],"wp:attachment":[{"href":"https:\/\/blog.jena.de\/jenakultur\/wp-json\/wp\/v2\/media?parent=133"}],"wp:term":[{"taxonomy":"category","embeddable":true,"href":"https:\/\/blog.jena.de\/jenakultur\/wp-json\/wp\/v2\/categories?post=133"},{"taxonomy":"post_tag","embeddable":true,"href":"https:\/\/blog.jena.de\/jenakultur\/wp-json\/wp\/v2\/tags?post=133"}],"curies":[{"name":"wp","href":"https:\/\/api.w.org\/{rel}","templated":true}]}}