{"id":12942,"date":"2024-06-21T07:28:00","date_gmt":"2024-06-21T05:28:00","guid":{"rendered":"https:\/\/blog.jena.de\/jenakultur\/?p=12942"},"modified":"2024-06-20T17:08:50","modified_gmt":"2024-06-20T15:08:50","slug":"die-staedtischen-museen-jena","status":"publish","type":"post","link":"https:\/\/blog.jena.de\/jenakultur\/2024\/06\/21\/die-staedtischen-museen-jena\/","title":{"rendered":"Die St\u00e4dtischen Museen Jena"},"content":{"rendered":"\n<h2><strong>Die Museumskonzeption und deren Entwicklung<\/strong><\/h2>\n\n\n\n<p><em>Beim st\u00e4dtischen Eigenbetrieb<a href=\"https:\/\/www.jenakultur.de\/de\/startseite\/605322\" target=\"_blank\" rel=\"noopener\"> JenaKultur<\/a>, zu dem alle st\u00e4dtischen Kultureinrichtungen, die M\u00e4rkte und Stadtfeste, zahlreiche Veranstaltungsh\u00e4user und Sonderprojekte, die Volkshochschule Jena und der Tourismus geh\u00f6ren, sind immer wieder kleinere und gr\u00f6\u00dfere Konzeptprozesse im Gange, um an aktuellen Entwicklungen in den jeweiligen Bereichen zu bleiben. Einer dieser Prozesse, der nun auf Umsetzung in den n\u00e4chsten Jahren hofft, betrifft die St\u00e4dtischen Museen Jena.<\/em><\/p>\n<p>Zu den St\u00e4dtischen Museen Jena, einer Einrichtung des Eigenbetriebs JenaKultur, z\u00e4hlen nicht nur <a href=\"https:\/\/www.kunstsammlung-jena.de\/de\/startseite\/678376\" target=\"_blank\" rel=\"noopener\">Kunstsammlung<\/a>, <a href=\"https:\/\/www.stadtmuseum-jena.de\/de\/unsere_haeuser\/stadtmuseum\/677121\" target=\"_blank\" rel=\"noopener\">Stadtmuseum<\/a> und <a href=\"https:\/\/www.romantikerhaus-jena.de\/de\/startseite\/678378\" target=\"_blank\" rel=\"noopener\">Romantikerhaus<\/a> Jena, sondern auch noch kleinere &#8222;Satelliten&#8220;: das <a href=\"https:\/\/www.stadtmuseum-jena.de\/de\/822701\" target=\"_blank\" rel=\"noopener\">Museum 1806 in Cospeda<\/a> (im Auftrag der St\u00e4dtischen Museen durch das Institut zur milit\u00e4rgeschichtlichen Forschung Jena 1806 e. V. gef\u00fchrt), das <a href=\"https:\/\/www.stadtmuseum-jena.de\/de\/stadtmuseum\/aussenstellen\/821798\" target=\"_blank\" rel=\"noopener\">Karmelitenkloster<\/a> und die aktuell geschlossene Pelzer-Werkstatt.<\/p>\n<p>Diese Einrichtungen zeugen von einer attraktiven musealen Erlebnis- und Bildungswelt in den Bereichen Kunst, Stadt-, Literatur-, Milit\u00e4r- und Technikgeschichte. Neben den Dauerausstellungen werden regelm\u00e4\u00dfig attraktive Sonderausstellungen und Veranstaltungen angeboten. Ebenso wichtig sind jedoch jene grundlegenden Aufgaben der Museen, die sich in den Grundfunktionen der meisten Museen abbilden und dem Kanon von Sammeln, Ausstellen, Erforschen und Bewahren folgen.<\/p>\n<p>Im M\u00e4rz dieses Jahres wurde die &#8222;Zukunftskonzeption 2030&#8220; der St\u00e4dtischen Museen Jena abgeschlossen. Das ist ein Konzept, das die Entwicklung der St\u00e4dtischen Museen bis zum Jahr 2030 beschreibt und in verschiedenen Szenearien seit November 2020 entwickelt worden ist. Das Ziel war nicht nur die inhaltliche und \u00e4sthetische \u00dcberarbeitung der Dauerausstellungen, die Neubewertung der Potenziale und die St\u00e4rkung der Zukunftsf\u00e4higkeit der Museen. Die &#8222;Zukunftskonzeption 2030&#8220; der St\u00e4dtischen Museen Jena wurde im Rahmen der <a href=\"https:\/\/www.jenakultur.de\/de\/aktuelles\/1010892\" target=\"_blank\" rel=\"noopener\">Kulturkonzeption 2025-28<\/a> vom Stadtrat bewilligt, der zugleich auch der Auftraggeber der Studie war.<\/p>\n<p>Neben einem Problemraufriss in den Jenaer Museen, zwei Worldcaf\u00e9s mit Mitarbeiter:innen der Museen und externen Steakholdern, Interviews und Teamgespr\u00e4chen, einer Bedarfsabfrage der Stadtbev\u00f6lkerung und der Mitarbeit externer Beratungsfirmen formte sich nach und nach ein Konzept, das durch die Auswirkungen der Pandemie und verschiedene personelle Ver\u00e4nderungen immer wieder verz\u00f6gert wurde, dabei aber auch reifte. Das zeigte sich vor allem in den Zielstellungen und auch den Ma\u00dfnahmen, die letztlich durch die mehrfachen Unterbrechungen konzentriert und gesch\u00e4rft werden mussten. &nbsp;<\/p>\n<p><strong>Das Ergebnis der Untersuchung, die &#8222;Zukunftskonzeption 2030&#8220;, ist mit allen Anlagen auch unter jena.de im <a href=\"https:\/\/rathaus.jena.de\/de\/recherche-im-ratssitzungssystem\" target=\"_blank\" rel=\"noopener\">Ratssystem<\/a> (Suchbegriff &#8222;Museumskonzeption&#8220; \/ Berichtsvorlage 19. Juni 2024) einsehbar. Hier finden Sie f\u00fcr den schnellen Zugriff lediglich das Hauptpapier und die Ma\u00dfnahmetabelle.<br><\/strong><\/p>\n\n\n\n<p><\/p>\n\n\n\n<div data-wp-interactive=\"core\/file\" class=\"wp-block-file\"><object data-wp-bind--hidden=\"!state.hasPdfPreview\" hidden class=\"wp-block-file__embed\" data=\"https:\/\/blog.jena.de\/jenakultur\/wp-content\/uploads\/sites\/25\/2024\/06\/jenakultur-die-staedtischen-museen-jena-museumskonzeption-2024-2030.pdf\" type=\"application\/pdf\" style=\"width:100%;height:600px\" aria-label=\"Einbettung von Jenaer Museumskonzeption 2024_2030.\"><\/object><a id=\"wp-block-file--media-2809251d-8591-4fbc-8b91-4e8c1af93444\" href=\"https:\/\/blog.jena.de\/jenakultur\/wp-content\/uploads\/sites\/25\/2024\/06\/jenakultur-die-staedtischen-museen-jena-museumskonzeption-2024-2030.pdf\">Jenaer Museumskonzeption 2024_2030<\/a><a href=\"https:\/\/blog.jena.de\/jenakultur\/wp-content\/uploads\/sites\/25\/2024\/06\/jenakultur-die-staedtischen-museen-jena-museumskonzeption-2024-2030.pdf\" class=\"wp-block-file__button wp-element-button\" download aria-describedby=\"wp-block-file--media-2809251d-8591-4fbc-8b91-4e8c1af93444\">Herunterladen<\/a><\/div>\n\n\n\n<p><\/p>\n\n\n\n<div data-wp-interactive=\"core\/file\" class=\"wp-block-file\"><object data-wp-bind--hidden=\"!state.hasPdfPreview\" hidden class=\"wp-block-file__embed\" data=\"https:\/\/blog.jena.de\/jenakultur\/wp-content\/uploads\/sites\/25\/2024\/06\/jenakultur-die-staedtischen-museen-jena-austausch-der-massnahmentabellen-zur-museumskonzeption-s-54-59-20-03-24-.pdf\" type=\"application\/pdf\" style=\"width:100%;height:600px\" aria-label=\"Einbettung von Massnahmentabellen zur Jenaer Museumskonzeption.\"><\/object><a id=\"wp-block-file--media-a4607a20-7300-4878-9a51-305422b45d73\" href=\"https:\/\/blog.jena.de\/jenakultur\/wp-content\/uploads\/sites\/25\/2024\/06\/jenakultur-die-staedtischen-museen-jena-austausch-der-massnahmentabellen-zur-museumskonzeption-s-54-59-20-03-24-.pdf\">Massnahmentabellen zur Jenaer Museumskonzeption<\/a><a href=\"https:\/\/blog.jena.de\/jenakultur\/wp-content\/uploads\/sites\/25\/2024\/06\/jenakultur-die-staedtischen-museen-jena-austausch-der-massnahmentabellen-zur-museumskonzeption-s-54-59-20-03-24-.pdf\" class=\"wp-block-file__button wp-element-button\" download aria-describedby=\"wp-block-file--media-a4607a20-7300-4878-9a51-305422b45d73\">Herunterladen<\/a><\/div>\n\n\n\n<p>\u00a0<\/p>\n<p>Dieses Konzept analysiert nicht nur den Ist-Zustand, sondern listet auch jene Ma\u00dfnahmen, die zur Weiterentwicklung der Museen geboten sind. Dazu z\u00e4hlen nicht nur Klassiker wie die Suche und Einrichtung eines Kunsthauses, sondern auch die Neuaufstellung der Stadtgeschichte und des Romantikerhauses. Trotz beachtlicher Erfolge, herausragender Sammlungszuw\u00e4chse, gut verkaufter Publikationen und zahlreicher wegweisender Ausstellungen, die weit \u00fcber Jena hinaus Beachtung fanden, bleiben die Jenaer Museen weit unter ihren M\u00f6glichkeiten. Es mangelt an Raum, an konzeptionellen \u00dcberarbeitungen der Dauerausstellungen und an Lagerfl\u00e4chen. Hier m\u00fcssen die Jenaer dringend den Anschluss an eine Gegenwart finden, die rundum gelebt wird.<\/p>\n<p><em>Derzeit laufen in dem Geb\u00e4ude am Markt 7 Bauma\u00dfnahmen, \u00fcber die wir <a href=\"https:\/\/blog.jena.de\/jenakultur\/2024\/04\/12\/sanierung-der-brauch-und-loeschwasserzuleitung-in-der-goehre-und-erneute-museumsschliessung\/\" target=\"_blank\" rel=\"noopener\">hier<\/a> bereits berichtet haben. Die Dauerausstellung des Stadtmuseums Jena in der G\u00f6hre bleibt ge\u00f6ffnet. Die n\u00e4chsten <a href=\"https:\/\/www.kunstsammlung-jena.de\/de\/ausstellungen\/wechselausstellungen\/678858\" target=\"_blank\" rel=\"noopener\">Ausstel\u00adlungser\u00f6ffnungen in der Kunstsammlung Jena<\/a> sind nunmehr f\u00fcr den Herbst geplant. Das <a href=\"https:\/\/www.romantikerhaus-jena.de\/de\/startseite\/678378\" target=\"_blank\" rel=\"noreferrer noopener\" data-type=\"link\" data-id=\"https:\/\/www.romantikerhaus-jena.de\/de\/startseite\/678378\">Romantiker\u00adhaus<\/a> ist von den Bauma\u00dfnahmen nicht betroffen und steht Besucher:innen zu den gewohnten Zeiten offen. Und auch f\u00fcr alle Ferienkinder bietet das Museumsteam (wie auch viele andere Einrichtungen von JenaKultur) zahlreiche <a href=\"https:\/\/www.jenakultur.de\/de\/aufgaben_und_service\/kultur_fuer_kinder\/ferienangebote\/1010147\" target=\"_blank\" rel=\"noopener\">Veranstaltungen<\/a> an. <br \/><\/em><\/p>\n","protected":false},"excerpt":{"rendered":"<p>Die Museumskonzeption und deren Entwicklung Beim st\u00e4dtischen Eigenbetrieb JenaKultur, zu dem alle st\u00e4dtischen Kultureinrichtungen, die M\u00e4rkte und Stadtfeste, zahlreiche Veranstaltungsh\u00e4user und Sonderprojekte, die&hellip;<\/p>\n","protected":false},"author":22,"featured_media":12998,"comment_status":"open","ping_status":"closed","sticky":false,"template":"","format":"standard","meta":{"footnotes":""},"categories":[1,9,18,21,24,22],"tags":[119,74,696,1122,1120,137,1101,1121,1123],"class_list":["post-12942","post","type-post","status-publish","format-standard","has-post-thumbnail","hentry","category-allgemein","category-jenakultur","category-kunstsammlung","category-romantikerhaus","category-staedtische-museen","category-stadtmuseum","tag-karmelitenkloster","tag-konzeptentwicklung","tag-kunstsammlung-jena","tag-museum-1806","tag-museumskonzeption-jena","tag-romantikerhaus","tag-staedtische-museen-jena","tag-stadtmuseum-jena","tag-zukunftskonzeption"],"_links":{"self":[{"href":"https:\/\/blog.jena.de\/jenakultur\/wp-json\/wp\/v2\/posts\/12942","targetHints":{"allow":["GET"]}}],"collection":[{"href":"https:\/\/blog.jena.de\/jenakultur\/wp-json\/wp\/v2\/posts"}],"about":[{"href":"https:\/\/blog.jena.de\/jenakultur\/wp-json\/wp\/v2\/types\/post"}],"author":[{"embeddable":true,"href":"https:\/\/blog.jena.de\/jenakultur\/wp-json\/wp\/v2\/users\/22"}],"replies":[{"embeddable":true,"href":"https:\/\/blog.jena.de\/jenakultur\/wp-json\/wp\/v2\/comments?post=12942"}],"version-history":[{"count":14,"href":"https:\/\/blog.jena.de\/jenakultur\/wp-json\/wp\/v2\/posts\/12942\/revisions"}],"predecessor-version":[{"id":13000,"href":"https:\/\/blog.jena.de\/jenakultur\/wp-json\/wp\/v2\/posts\/12942\/revisions\/13000"}],"wp:featuredmedia":[{"embeddable":true,"href":"https:\/\/blog.jena.de\/jenakultur\/wp-json\/wp\/v2\/media\/12998"}],"wp:attachment":[{"href":"https:\/\/blog.jena.de\/jenakultur\/wp-json\/wp\/v2\/media?parent=12942"}],"wp:term":[{"taxonomy":"category","embeddable":true,"href":"https:\/\/blog.jena.de\/jenakultur\/wp-json\/wp\/v2\/categories?post=12942"},{"taxonomy":"post_tag","embeddable":true,"href":"https:\/\/blog.jena.de\/jenakultur\/wp-json\/wp\/v2\/tags?post=12942"}],"curies":[{"name":"wp","href":"https:\/\/api.w.org\/{rel}","templated":true}]}}