{"id":12843,"date":"2024-06-14T07:30:00","date_gmt":"2024-06-14T05:30:00","guid":{"rendered":"https:\/\/blog.jena.de\/jenakultur\/?p=12843"},"modified":"2024-06-11T10:24:22","modified_gmt":"2024-06-11T08:24:22","slug":"an-evening-with-james-bond","status":"publish","type":"post","link":"https:\/\/blog.jena.de\/jenakultur\/2024\/06\/14\/an-evening-with-james-bond\/","title":{"rendered":"\u201eAn Evening with James Bond\u201c"},"content":{"rendered":"\n<p><strong>Arenaouvert\u00fcre auf dem Festplatz Lobeda-West l\u00e4utet die Kulturarena-Saison ein<\/strong><\/p>\n\n\n\n<p>Sp\u00e4testens mit der Arenaouvert\u00fcre beginnt der Sommer in Jena. Zum Beginn der <a href=\"https:\/\/www.kulturarena.de\/\" target=\"_blank\" rel=\"noopener\">Kulturarena<\/a> spielt die <a href=\"https:\/\/www.jenaer-philharmonie.de\/\" target=\"_blank\" rel=\"noopener\">Jenaer Philharmonie<\/a> seit vielen Jahren an zwei Abenden ein Open-Air-Konzert auf dem Festplatz Lobeda West. Das ist mit vielen unvergesslichen Erinnerungen verbunden: Ob starbesetztes Konzert-H\u00f6rspiel, traumhaftes sinfonisches M\u00e4rchen oder Meilensteine der Rock- und Popgeschichte zum Mitsingen &#8230; Zudem gibt es, jetzt bereits im dritten Jahr, mit dem Jungen Podium ein besonderes Projekt im Rahmen der Partnerschaft der Jenaer Philharmonie und der <a href=\"https:\/\/www.mks-jena.de\/de\/startseite\/548415\" target=\"_blank\" rel=\"noopener\">Musik- und Kunstschule Jena<\/a> zu erleben. Instrumental- und Vokalensembles wie z. B. das Jugendsinfonieorchester oder das AGB-Orchester der Musik- und Kunstschule und Solist:innen zeigen hier im Vorprogramm der Arenaouvert\u00fcre ihr K\u00f6nnen mit eigenen Programmbeitr\u00e4gen \u2013 ein Highlight f\u00fcr alle Mitwirkenden und Besucher:innen!<\/p>\n<p><strong>Zwei Abende im Zeichen von Bond, James Bond<\/strong><\/p>\n<p>Unter der Leitung ihres ehemaligen Generalmusikdirektors Nicholas Milton, der von 2004 bis 2010 in Jena wirkte, widmet die Jenaer Philharmonie am <a href=\"https:\/\/www.kulturarena.de\/programm\/ouvertuere.html\" target=\"_blank\" rel=\"noopener\">Freitag, 21. Juni<\/a>,\u00a0 und <a href=\"https:\/\/www.kulturarena.de\/programm\/an-evening-with-james-bond.html\" target=\"_blank\" rel=\"noopener\">Samstag, 22. Juni,\u00a0<\/a> ein ganzes Konzert der faszinierenden Musik der James-Bond-Filmreihe, die generationen\u00fcbergreifend die Menschen begeistert. Der Abend verspricht ein breites Spektrum an ikonischen Soundtracks aus sechs Jahrzehnten, die sofort Assoziationen mit den fesselnden Filmen wecken, mit denen sie unsterblich verbunden sind: \u201eDr. No\u201c, \u201eGoldfinger\u201c, \u201eDiamonds Are Forever\u201c, \u201eLive And Let Die\u201c, \u00a0\u201eGoldenEye\u201c, \u201eThe World Is Not Enough\u201c, \u201eSkyfall\u201c und viele mehr.<\/p>\n<p>Zum Wiedersehen des Orchesters mit seinem ehemaligen Chefdirigenten nach 14 Jahren hat das Redaktionsteam des \u201eSeitenKlang\u201c, dem Orchestermagazin herausgegeben von Musiker:innen der Jenaer Philharmonie, in der gerade erschienenen <a href=\"https:\/\/blog.jena.de\/jenakultur\/wp-content\/uploads\/sites\/25\/2024\/06\/jenakultur-an-evening-with-james-bond-sk-32-mail-1.pdf\" target=\"_blank\" rel=\"noopener\">neuen Ausgabe 32<\/a> mit Nicholas Milton gesprochen, der verr\u00e4t: \u201eIch bin sehr gespannt darauf, wieder mit den wunderbaren Musiker:innen dieses au\u00dfergew\u00f6hnlichen Orchesters zusammenzuarbeiten und auch auf das unglaublich engagierte Jenaer Publikum, das seiner Philharmonie so treu verbunden ist.\u201c<\/p>\n<p><em>[Kurz vor der Sommerpause ist eben auch die neue Ausgabe, die 32., des SeitenKlang erschienen: wir f\u00fcgen Sie Ihnen unten als Download mit an, dann k\u00f6nnen Sie das gesamte Interview mit Nicholas Milton und noch vieles mehr selbst nachlesen. ]<\/em><\/p>\n<p>Mit der britischen S\u00e4ngerin Mary Carewe konnte f\u00fcr dieses au\u00dfergew\u00f6hnliche Open-Air-Konzertereignis eine international gefeierte Gastk\u00fcnstlerin gewonnen werden, die mit ihrer wandlungsf\u00e4higen Stimme ihr Publikum in der ganzen Welt begeistert. Wenn man sie Hits wie \u201eGoldfinger\u201c, \u201eDiamonds Are Forever\u201c, \u201eNobody Does It Better\u201c, \u201eLicence To Kill\u201c, \u201eGoldeneye\u201c, \u201eNo Time To Die\u201c oder \u201eSkyfall\u201c singen h\u00f6rt, glaubt man, die Originalk\u00fcnstlerinnen zu vernehmen, sei es Shirley Bassey, Adele, Tina Turner oder Billie Eilish. Gemeinsam mit dem weltber\u00fchmten Royal Philharmonic Orchestra hat sie die Bond-Songs in London eingespielt.<\/p>\n<p>\u00a0<\/p>\n\n\n\n<figure class=\"wp-block-embed is-type-video is-provider-youtube wp-block-embed-youtube wp-embed-aspect-16-9 wp-has-aspect-ratio\"><div class=\"wp-block-embed__wrapper\">\n<iframe loading=\"lazy\" title=\"Mary Carewe sings Skyfall - live\" width=\"900\" height=\"506\" src=\"https:\/\/www.youtube.com\/embed\/tIEsHrQsMXY?feature=oembed\" frameborder=\"0\" allow=\"accelerometer; autoplay; clipboard-write; encrypted-media; gyroscope; picture-in-picture; web-share\" referrerpolicy=\"strict-origin-when-cross-origin\" allowfullscreen><\/iframe>\n<\/div><figcaption class=\"wp-element-caption\">Video Mary Carewe sings Skyfall | \u00a9YouTube<\/figcaption><\/figure>\n\n\n\n<p><strong>Vorprogramm mit der Blue Beans Big Band der Musik- und Kunstschule Jena<\/strong><\/p>\n<p>Noch mehr kriminell gute Musik gibt es am Samstag im Vorprogramm mit der Blue Beans Big Band der Musik- und Kunstschule Jena unter der Leitung von Yuniet Lombida Prieto. Mit Musik aus Krimis und Actionfilmen wie \u201ePink Panther\u201c, \u201eThe Incredibles\u201c oder \u201eMission Impossible\u201c, Jazzstandards und Poptiteln er\u00f6ffnen sie den Konzertabend.<\/p>\n<p>Sie wollen dabei sein und sich einen Abend lang musikalisch in den Geheimdienst Ihrer Majest\u00e4t begeben? Wir verlosen 1 x 2 Tickets f\u00fcr die Arenaouvert\u00fcre am Samstag, 22. Juni um 19 Uhr. Mit einer E-Mail an <a href=\"mailto:kulturarena@jena.de\">kulturarena@jena.de<\/a> (bis Dienstag, 18. Juni, 23:59 Uhr) wandern Sie automatisch in den Lostopf. Die Teilnahmebedingungen finden Sie hier:<\/p>\n<p><strong>Teilnahmebedingungen Gewinnspiel<\/strong><\/p>\n<p>Mit der Teilnahme am Gewinnspiel akzeptieren Nutzer:innen\/Teilnehmer:innen die nachfolgenden Teilnahmebedingungen.<\/p>\n<p><strong>Verlost wird folgender Preis:<\/strong><\/p>\n<p><strong>1 x 2 Tickets f\u00fcr die Arenaouvert\u00fcre am Samstag, 22. Juni 2024 um 19:00 Uhr auf dem Festplatz Lobeda West (f\u00fcr eine Person + Begleitung)<\/strong><\/p>\n<ul>\n<li>Gewinnen k\u00f6nnen alle, die <strong>bis Dienstag, 18. Juni, 23:59 Uhr<\/strong>, eine E-Mail an <a href=\"mailto:kulturarena@jena.de\">kulturarena@jena.de<\/a> senden unter Angabe ihres vollst\u00e4ndigen Namens und einer Kontaktm\u00f6glichkeit (E-Mail-Adresse oder Telefonnummer).<\/li>\n<li>Die Auswahl des Gewinners \/ der Gewinnerin erfolgt nach dem Zufallsprinzip.<\/li>\n<li>Das Gewinnspiel <strong>beginnt am 14. Juni 2024 und endet am 18. Juni 2024, 23:59 Uhr<\/strong>.<\/li>\n<li>Die <strong>Auslosung<\/strong> erfolgt per Zufallsprinzip am <strong>19. Juni 2024<\/strong>.<\/li>\n<li>Der \/ die Gewinner:in wird von der Kulturarena benachrichtigt.<\/li>\n<li>Teilnahmeberechtigt sind Personen, die <strong>vollj\u00e4hrig<\/strong> sind. Minderj\u00e4hrige sind vom Gewinnspiel ausgeschlossen. Sollten sie dennoch daran teilnehmen, kann der Gewinn leider nicht ausgeh\u00e4ndigt werden.<\/li>\n<li>Eine Barauszahlung sowie der Umtausch des Gewinns sind ausgeschlossen.<\/li>\n<li>Veranstalter des Gewinnspiels ist JenaKultur, ein Eigenbetrieb der Stadt Jena.<\/li>\n<li>Die Daten der Teilnehmenden wird JenaKultur in keiner Weise weiter verwenden oder an Dritte weitergeben.<\/li>\n<li>JenaKultur-Mitarbeiter:innen sind vom Gewinnspiel ausgeschlossen.<\/li>\n<li>Der Rechtsweg ist ausgeschlossen.<br \/><br \/><br \/><\/li>\n<\/ul>\n<p>\u00a0<\/p>\n\n\n\n<div data-wp-interactive=\"core\/file\" class=\"wp-block-file\"><object data-wp-bind--hidden=\"!state.hasPdfPreview\" hidden class=\"wp-block-file__embed\" data=\"https:\/\/blog.jena.de\/jenakultur\/wp-content\/uploads\/sites\/25\/2024\/06\/jenakultur-an-evening-with-james-bond-sk-32-mail-1.pdf\" type=\"application\/pdf\" style=\"width:100%;height:600px\" aria-label=\"Einbettung von SeitenKlang 32 .\"><\/object><a id=\"wp-block-file--media-72a549b6-12bc-4ab7-a259-1341b3536253\" href=\"https:\/\/blog.jena.de\/jenakultur\/wp-content\/uploads\/sites\/25\/2024\/06\/jenakultur-an-evening-with-james-bond-sk-32-mail-1.pdf\">SeitenKlang 32 <\/a><a href=\"https:\/\/blog.jena.de\/jenakultur\/wp-content\/uploads\/sites\/25\/2024\/06\/jenakultur-an-evening-with-james-bond-sk-32-mail-1.pdf\" class=\"wp-block-file__button wp-element-button\" download aria-describedby=\"wp-block-file--media-72a549b6-12bc-4ab7-a259-1341b3536253\">Herunterladen<\/a><\/div>\n","protected":false},"excerpt":{"rendered":"<p>Mit zwei Abenden im Zeichen von James Bond beginnt der Sommer 2024 in Jena. Die Arenaouvert\u00fcre markiert seit vielen Jahren den Start in die f\u00fcnfte Jahreszeit, in die Kulturarenazeit. Freuen Sie sich auf die Jenaer Philharmonie in Kooperation mit der Musik- und Kunstschule Jena und ein Wiedersehen mit Nicholas Milton!<\/p>\n","protected":false},"author":22,"featured_media":12857,"comment_status":"open","ping_status":"closed","sticky":false,"template":"","format":"standard","meta":{"footnotes":""},"categories":[1,13,9,15,20],"tags":[720,150,173,35],"class_list":["post-12843","post","type-post","status-publish","format-standard","has-post-thumbnail","hentry","category-allgemein","category-jenaer-philharmonie","category-jenakultur","category-kulturarena","category-mks","tag-arenaouvertuere","tag-jp","tag-kulturarena","tag-lobeda"],"_links":{"self":[{"href":"https:\/\/blog.jena.de\/jenakultur\/wp-json\/wp\/v2\/posts\/12843","targetHints":{"allow":["GET"]}}],"collection":[{"href":"https:\/\/blog.jena.de\/jenakultur\/wp-json\/wp\/v2\/posts"}],"about":[{"href":"https:\/\/blog.jena.de\/jenakultur\/wp-json\/wp\/v2\/types\/post"}],"author":[{"embeddable":true,"href":"https:\/\/blog.jena.de\/jenakultur\/wp-json\/wp\/v2\/users\/22"}],"replies":[{"embeddable":true,"href":"https:\/\/blog.jena.de\/jenakultur\/wp-json\/wp\/v2\/comments?post=12843"}],"version-history":[{"count":16,"href":"https:\/\/blog.jena.de\/jenakultur\/wp-json\/wp\/v2\/posts\/12843\/revisions"}],"predecessor-version":[{"id":12874,"href":"https:\/\/blog.jena.de\/jenakultur\/wp-json\/wp\/v2\/posts\/12843\/revisions\/12874"}],"wp:featuredmedia":[{"embeddable":true,"href":"https:\/\/blog.jena.de\/jenakultur\/wp-json\/wp\/v2\/media\/12857"}],"wp:attachment":[{"href":"https:\/\/blog.jena.de\/jenakultur\/wp-json\/wp\/v2\/media?parent=12843"}],"wp:term":[{"taxonomy":"category","embeddable":true,"href":"https:\/\/blog.jena.de\/jenakultur\/wp-json\/wp\/v2\/categories?post=12843"},{"taxonomy":"post_tag","embeddable":true,"href":"https:\/\/blog.jena.de\/jenakultur\/wp-json\/wp\/v2\/tags?post=12843"}],"curies":[{"name":"wp","href":"https:\/\/api.w.org\/{rel}","templated":true}]}}