{"id":1250,"date":"2019-11-08T07:30:10","date_gmt":"2019-11-08T06:30:10","guid":{"rendered":"https:\/\/blog.jena.de\/jenakultur\/?p=1250"},"modified":"2019-11-08T12:42:39","modified_gmt":"2019-11-08T11:42:39","slug":"inklusive-ideen-gesucht","status":"publish","type":"post","link":"https:\/\/blog.jena.de\/jenakultur\/2019\/11\/08\/inklusive-ideen-gesucht\/","title":{"rendered":"Inklusive Ideen gesucht!!!"},"content":{"rendered":"\n<p>Manchmal braucht es eine Initialz\u00fcndung, ein Mit-der-Nase-Darauf-Gesto\u00dfen-Werden, um das Naheliegende wahrzunehmen und zu verstehen. Ganz in diesem Sinne soll im Jahr 2020 das Thema Inklusion besonders herausgestellt werden \u2013 vor allem durch das <a href=\"https:\/\/www.buergerstiftung-jena.de\/pressemitteilungen-details\/pressemitteilung-ideen-wettbewerb-fuer-das-1-jenaer-inklusions-festival.html\" target=\"_blank\" rel=\"noopener noreferrer\">1. Jenaer Inklusionsfestival<\/a>. Dazu hat sich eine Initiative von AkteurInnen aus der Jenaer Kultur, Verwaltung, aus karitativen Einrichtungen, Wissenschaft und Bildung gegr\u00fcndet und zusammen mit B\u00fcrgerInnen wird flei\u00dfig an verschiedensten Ideen gearbeitet, um das Abenteuer Inklusion in Jena noch erlebbarer zu machen.<\/p>\n<p>Das Festival <strong>MIT BEHINDERUNGEN IST ZU RECHNEN<\/strong> soll im kommenden Jahr vom <strong>30. April bis 17. Mai<\/strong> stattfinden. Vorgesehen sind u.a. Konzerte, Diskussionen, Ausstellungen und Workshops.<\/p>\n<p>F\u00fcr alle, die sich noch einbringen m\u00f6chten, l\u00e4uft noch <strong>bis zum 15.11.<\/strong> dieses Jahres der<strong> Ideen-Wettbewerb f\u00fcr das Festival<\/strong>. Hier k\u00f6nnen alle B\u00fcrgerInnen noch Ideen einbringen! Bereits jetzt liegen uns spannende Projekte aus den Bereichen Kultur und Sport vor, aber noch sind Einreichungen m\u00f6glich!<\/p>\n<p>Ob ihr einen Staffellauf organisiert, ein inklusives Kaffeetrinken, einen Film zeigt, einen Geb\u00e4rdendolmetsch-Wettbewerb initiiert, oder, oder, oder \u2013 Projekte aus allen Sparten sind willkommen!<\/p>\n<p>Zur Umsetzung stellen wir insgesamt 10.000 Euro zur Verf\u00fcgung, pro Projekt maximal 2.000 Euro. Wie dieses Geld verteilt wird, wer es bekommt, entscheidet eine Expertenjury mit VertreterInnen aus verschiedenen sozialen, kulturellen, wissenschaftlichen und sportlichen Einrichtungen aus Jena.<\/p>\n<p>Bewerbungen an <a href=\"mailto:christoph.schaffarzyk@web.de\">christoph.schaffarzyk@web.de<\/a><\/p>\n<p>F\u00fcr alle Menschen, denen es schwerf\u00e4llt, eine Bewerbung zu schreiben, steht Christoph Schaffarzyk auch unterst\u00fctzend zur Verf\u00fcgung. F\u00fcr R\u00fcckfragen ist er unter 0162 3215003 zu erreichen.<\/p>\n<p><a href=\"https:\/\/www.buergerstiftung-jena.de\/home.html\" target=\"_blank\" rel=\"noopener noreferrer\"><em>B\u00fcrgerstiftung Jena<\/em><\/a><\/p>\n<p><span style=\"font-family: Arial\"><em>P.S.: Um wirklich inklusiv zu sein, haben wir uns entschlossen, das Festival zur DU-Zone zu erkl\u00e4ren. Wer das nicht m\u00f6chte, melde sich bitte<\/em>.<\/span><\/p>\n\n\n\n<figure class=\"wp-block-image is-resized\"><img loading=\"lazy\" decoding=\"async\" src=\"https:\/\/blog.jena.de\/jenakultur\/wp-content\/uploads\/sites\/25\/2019\/11\/jenakultur-mit-behinderungen-ist-zu-rechnen-gr-jena-1-graphic-recording-runtergerechnet-1000x525.jpg\" alt=\"Mit Behinderungen ist zu rechnen\" class=\"wp-image-1254\" width=\"750\" height=\"394\" \/><figcaption>Inklusionsfestival<\/figcaption><\/figure>\n","protected":false},"excerpt":{"rendered":"<p>Manchmal braucht es eine Initialz\u00fcndung, ein Mit-der-Nase-Darauf-Gesto\u00dfen-Werden, um das Naheliegende wahrzunehmen und zu verstehen. Ganz in diesem Sinne soll im Jahr 2020 das&hellip;<\/p>\n","protected":false},"author":22,"featured_media":1258,"comment_status":"open","ping_status":"closed","sticky":false,"template":"","format":"standard","meta":{"footnotes":""},"categories":[1,9,30],"tags":[],"class_list":["post-1250","post","type-post","status-publish","format-standard","has-post-thumbnail","hentry","category-allgemein","category-jenakultur","category-sonderprojekte"],"_links":{"self":[{"href":"https:\/\/blog.jena.de\/jenakultur\/wp-json\/wp\/v2\/posts\/1250","targetHints":{"allow":["GET"]}}],"collection":[{"href":"https:\/\/blog.jena.de\/jenakultur\/wp-json\/wp\/v2\/posts"}],"about":[{"href":"https:\/\/blog.jena.de\/jenakultur\/wp-json\/wp\/v2\/types\/post"}],"author":[{"embeddable":true,"href":"https:\/\/blog.jena.de\/jenakultur\/wp-json\/wp\/v2\/users\/22"}],"replies":[{"embeddable":true,"href":"https:\/\/blog.jena.de\/jenakultur\/wp-json\/wp\/v2\/comments?post=1250"}],"version-history":[{"count":9,"href":"https:\/\/blog.jena.de\/jenakultur\/wp-json\/wp\/v2\/posts\/1250\/revisions"}],"predecessor-version":[{"id":1281,"href":"https:\/\/blog.jena.de\/jenakultur\/wp-json\/wp\/v2\/posts\/1250\/revisions\/1281"}],"wp:featuredmedia":[{"embeddable":true,"href":"https:\/\/blog.jena.de\/jenakultur\/wp-json\/wp\/v2\/media\/1258"}],"wp:attachment":[{"href":"https:\/\/blog.jena.de\/jenakultur\/wp-json\/wp\/v2\/media?parent=1250"}],"wp:term":[{"taxonomy":"category","embeddable":true,"href":"https:\/\/blog.jena.de\/jenakultur\/wp-json\/wp\/v2\/categories?post=1250"},{"taxonomy":"post_tag","embeddable":true,"href":"https:\/\/blog.jena.de\/jenakultur\/wp-json\/wp\/v2\/tags?post=1250"}],"curies":[{"name":"wp","href":"https:\/\/api.w.org\/{rel}","templated":true}]}}