{"id":12467,"date":"2024-04-17T07:30:00","date_gmt":"2024-04-17T05:30:00","guid":{"rendered":"https:\/\/blog.jena.de\/jenakultur\/?p=12467"},"modified":"2024-04-17T15:20:37","modified_gmt":"2024-04-17T13:20:37","slug":"mit-allen-sinnen","status":"publish","type":"post","link":"https:\/\/blog.jena.de\/jenakultur\/2024\/04\/17\/mit-allen-sinnen\/","title":{"rendered":"Mit allen Sinnen"},"content":{"rendered":"\n<h2 class=\"wp-block-heading\">Lange Nacht der Museen am 31. Mai 2024 in Jena<\/h2>\n\n\n\n<p>Wenn Geschichte hautnah zu fassen ist; wenn die Druckerschw\u00e4rze schmatzt; wenn es nach Romantik duftet; wenn Trompeten deftig schmecken; wenn es Linsen auf die Augen gibt \u2013 dann sind nicht Ihre Sinne verwirrt. Dann ist <a href=\"https:\/\/www.nachtdermuseen.com\/jena\" target=\"_blank\" rel=\"noreferrer noopener\">Lange Nacht der Museen in Jena 2024<\/a>!<\/p>\n\n\n\n<p>\u201eMit allen Sinnen\u201c \u2013 unter diesem Slogan werden wir am Freitag, dem 31. Mai 2024, eine unvergessliche Nacht erleben. Insgesamt 31 Stationen warten darauf, von gro\u00dfen und kleinen Museumsfans entdeckt zu werden.<\/p>\n\n\n\n<h2 class=\"wp-block-heading\">Was Sie erwartet<\/h2>\n\n\n\n<p>Jede Museumsnacht hat ihre bemerkenswerten Besonderheiten, aber vieles bleibt auch vertraut. Wenn sonst die T\u00fcren sp\u00e4testens 17 Uhr geschlossen werden, geht es am 31. Mai erst richtig los. Atmosph\u00e4rische Musik, packendes Theater, leuchtende Malerei, allerlei Experimente, ungew\u00f6hnliche Aussichten und faszinierendes Nischenwissen erinnern an vergangene Museumsn\u00e4chte und machen gleichzeitig Lust auf Neues.<\/p>\n\n\n\n<p>Die diesj\u00e4hrige Museumsnacht zeichnet sich n\u00e4mlich durch einige Besonderheiten aus. Seit Langem \u00f6ffnen die <a href=\"https:\/\/www.stadtkirche-jena.de\/\" target=\"_blank\" rel=\"noreferrer noopener\">Stadtkirche St. Michael zu Jena<\/a> und die <a href=\"https:\/\/www.structures.uni-jena.de\/tektonische-sammlung\" target=\"_blank\" rel=\"noreferrer noopener\">Tektonische Sammlung<\/a> wieder ihre T\u00fcren zur Langen Nacht. Das <a href=\"https:\/\/www.phyletisches-museum.de\/ausstellung-informationen.html\" target=\"_blank\" rel=\"noreferrer noopener\">Phyletische Museum<\/a> pr\u00e4sentiert seine neu er\u00f6ffnete Bernstein-Ausstellung, w\u00e4hrend Sie im <a href=\"https:\/\/www.wissenschaftsgeschichte.uni-jena.de\/ernst-haeckel-haus\" target=\"_blank\" rel=\"noreferrer noopener\">Ernst-Haeckel-Haus<\/a> an einer neuen Ausstellung sogar mitwirken k\u00f6nnen. Au\u00dferdem gastiert das <a href=\"https:\/\/deutsches-optisches-museum.de\/\" target=\"_blank\" rel=\"noreferrer noopener\">Deutsche Optische Museum<\/a> aufgrund von Bauarbeiten bei der <a href=\"https:\/\/www.minsmlg.uni-jena.de\/\" target=\"_blank\" rel=\"noreferrer noopener\">Mineralogischen Sammlung<\/a> und das <a href=\"https:\/\/www.stadtmuseum-jena.de\/de\/stadtmuseum\/aussenstellen\/karmelitenkloster\/821798\" target=\"_blank\" rel=\"noreferrer noopener\">Karmelitenkloster<\/a> darf seine Wiederer\u00f6ffnung feiern.<\/p>\n\n\n\n<p>Sie sehen also: Durch die Museumsnacht erf\u00e4hrt das Jenaer Volk geb\u00fcndelt, welch vielf\u00e4ltige Museums- und Sammlungslandschaft die Stadt bietet. Und das Beste an alledem ist: Die Jenaer Museumsnacht gibt es wieder jedes Jahr!<\/p>\n\n\n\n<p><\/p>\n\n\n<div class=\"wp-block-image\">\n<figure class=\"aligncenter size-large\"><img loading=\"lazy\" decoding=\"async\" width=\"1000\" height=\"344\" src=\"https:\/\/blog.jena.de\/jenakultur\/wp-content\/uploads\/sites\/25\/2024\/04\/jenakultur-logo-lndm2024-1000x344.png\" alt=\"Grafik Lange Nacht der Museen 2024, orange Schrift und eine Eule auf dunkelblauem Grund\" class=\"wp-image-12466\" srcset=\"https:\/\/blog.jena.de\/jenakultur\/wp-content\/uploads\/sites\/25\/2024\/04\/jenakultur-logo-lndm2024-1000x344.png 1000w, https:\/\/blog.jena.de\/jenakultur\/wp-content\/uploads\/sites\/25\/2024\/04\/jenakultur-logo-lndm2024-500x172.png 500w, https:\/\/blog.jena.de\/jenakultur\/wp-content\/uploads\/sites\/25\/2024\/04\/jenakultur-logo-lndm2024-768x264.png 768w, https:\/\/blog.jena.de\/jenakultur\/wp-content\/uploads\/sites\/25\/2024\/04\/jenakultur-logo-lndm2024.png 1200w\" sizes=\"auto, (max-width: 1000px) 100vw, 1000px\" \/><\/figure>\n<\/div>\n\n\n<h2 class=\"wp-block-heading\">Angebote f\u00fcr die ganze Familie<\/h2>\n\n\n\n<p>F\u00fcr die Kleinen kann der Abend ebenso feurig beginnen wie f\u00fcr die Gro\u00dfen: Und zwar beim Figurentheater \u201eRumpelstilzchen\u201c im Romantikerhaus. Auf dem Markt finden die Kinder Freude am Zinngie\u00dfen, wonach nicht weit entfernt im Stadtmuseum mehrere Spiel- und Gewinnm\u00f6glichkeiten die Kleinen erwarten. F\u00fcr Kinder ab zehn Jahren h\u00e4lt das Institut f\u00fcr Altorientalistik einen Grundkurs in akkadischer Keilschrift bereit, wohingegen die Kleineren auf Schatzsuche in der Mineralogischen Sammlung gehen k\u00f6nnen. Zum Abschluss k\u00f6nnen die kleinen Nachteulen entweder einer Gute-Nacht-Geschichte in der Bohlenstube lauschen oder eine gruselige Taschenlampenf\u00fchrung \u00fcber den Johannisfriedhof mitmachen.<\/p>\n\n\n\n<p>Vielleicht m\u00f6gen Sie sich ja auch an dem Rallye-Quiz beteiligen? Gehen Sie daf\u00fcr auf die Jagd nach versteckten Fakten und gewinnen Sie kleine Preise!<\/p>\n\n\n\n<h2 class=\"wp-block-heading\">Lange N\u00e4chte der Museen in der Impulsregion<\/h2>\n\n\n\n<p>Seit 2022 hat die Museumsnacht in Mittelth\u00fcringen mit der Museumseule einen unschlagbaren Wiedererkennungswert. Das ist der finanziellen Unterst\u00fctzung des <a href=\"https:\/\/www.impulsregion.de\/startseite\/\" target=\"_blank\" rel=\"noreferrer noopener\">Impulsregion-Verbundes<\/a> zu verdanken, zu welchem Erfurt, Weimar, Weimarer Land und Jena geh\u00f6ren. Im Sommer letzten Jahres begann die gemeinsame Planung, die sich stets als effektiv erwies. Auch die Impulsregion-Partner werden im Mai geschmackvolle und besuchenswerte Museumsn\u00e4chste veranstalten. Weimar setzt am 11. Mai den Startschuss, gefolgt von Erfurt am 24. und dem Weimarer Land am 25. Mai. \u00a0<\/p>\n\n\n\n<h2 class=\"wp-block-heading\">Alle Infos auf einen Blick<\/h2>\n\n\n\n<figure class=\"wp-block-table is-style-stripes has-small-font-size\"><table class=\"has-dark-color has-light-grey-background-color has-text-color has-background has-link-color\"><tbody><tr><td><strong>Vorverkauf<\/strong><\/td><td>&nbsp;<\/td><\/tr><tr><td>Stadtmuseum Jena:<\/td><td>Dienstag \u2013 Sonntag: 10-17 Uhr<\/td><\/tr><tr><td>Jena Tourist-Information:<\/td><td>Montag \u2013 Freitag: 11-17 Uhr<br>Samstag: 10-14 Uhr<\/td><\/tr><tr><td><strong>\u00a0Zus\u00e4tzliche Abendkassen am 31. Mai<\/strong> <strong>2024<\/strong><\/td><td><\/td><\/tr><tr><td>Romantikerhaus Jena:<\/td><td>\u00a0Ab 16 Uhr<\/td><\/tr><tr><td>Phyletisches Museum:<\/td><td>Ab 18 Uhr<\/td><\/tr><\/tbody><\/table><\/figure>\n\n\n\n<p>Die Ticketpreise f\u00fcr die Lange Nacht bleiben auch dieses Jahr stabil, um so vielen Interessierten wie m\u00f6glich einen Besuch zu erm\u00f6glichen. Wie gewohnt ist der Besuch aller Veranstaltungen der Museumsnacht f\u00fcr Kinder und Sch\u00fcler bis einschlie\u00dflich 16 Jahre kostenlos. Im Vorverkauf kann das regul\u00e4re Ticket f\u00fcr 8 Euro (Abendkasse 10 Euro) erworben werden, Erm\u00e4\u00dfigungsberechtigte zahlen nur 5 Euro (Abendkasse 7 Euro).<\/p>\n\n\n\n<p>Alle Infos \u2013 auch der anderen St\u00e4dte \u2013 finden Sie jetzt schon unter: <a href=\"http:\/\/nachtdermuseen.com\/jena\" data-type=\"link\" data-id=\"nachtdermuseen.com\/jena\" target=\"_blank\" rel=\"noreferrer noopener\">nachtdermuseen.com\/jena<\/a><\/p>\n\n\n\n<figure class=\"wp-block-audio\"><audio controls src=\"https:\/\/blog.jena.de\/jenakultur\/wp-content\/uploads\/sites\/25\/2024\/04\/jenakultur-mit-allen-sinnen-lange-nacht-der-museen-jena.mp3\"><\/audio><\/figure>\n\n\n\n<p><em>Liebe Leser:innen, ganz bestimmt kennen Sie das Format der Langen Nacht der Museen. Sind Sie Fan davon? Werden Sie in diesem Jahr dabei sein?<\/em><\/p>\n","protected":false},"excerpt":{"rendered":"<p>Lange Nacht der Museen am 31. Mai 2024 in Jena Wenn Geschichte hautnah zu fassen ist; wenn die Druckerschw\u00e4rze schmatzt; wenn es nach&hellip;<\/p>\n","protected":false},"author":22,"featured_media":12465,"comment_status":"open","ping_status":"closed","sticky":false,"template":"","format":"standard","meta":{"footnotes":""},"categories":[1,9,706,18,1100,21,30,24],"tags":[149,134,866,1101],"class_list":["post-12467","post","type-post","status-publish","format-standard","has-post-thumbnail","hentry","category-allgemein","category-jenakultur","category-kultur-in-jena","category-kunstsammlung","category-lndm","category-romantikerhaus","category-sonderprojekte","category-staedtische-museen","tag-lange-nacht-der-museen","tag-lndm","tag-museumsnacht","tag-staedtische-museen-jena"],"_links":{"self":[{"href":"https:\/\/blog.jena.de\/jenakultur\/wp-json\/wp\/v2\/posts\/12467","targetHints":{"allow":["GET"]}}],"collection":[{"href":"https:\/\/blog.jena.de\/jenakultur\/wp-json\/wp\/v2\/posts"}],"about":[{"href":"https:\/\/blog.jena.de\/jenakultur\/wp-json\/wp\/v2\/types\/post"}],"author":[{"embeddable":true,"href":"https:\/\/blog.jena.de\/jenakultur\/wp-json\/wp\/v2\/users\/22"}],"replies":[{"embeddable":true,"href":"https:\/\/blog.jena.de\/jenakultur\/wp-json\/wp\/v2\/comments?post=12467"}],"version-history":[{"count":2,"href":"https:\/\/blog.jena.de\/jenakultur\/wp-json\/wp\/v2\/posts\/12467\/revisions"}],"predecessor-version":[{"id":12471,"href":"https:\/\/blog.jena.de\/jenakultur\/wp-json\/wp\/v2\/posts\/12467\/revisions\/12471"}],"wp:featuredmedia":[{"embeddable":true,"href":"https:\/\/blog.jena.de\/jenakultur\/wp-json\/wp\/v2\/media\/12465"}],"wp:attachment":[{"href":"https:\/\/blog.jena.de\/jenakultur\/wp-json\/wp\/v2\/media?parent=12467"}],"wp:term":[{"taxonomy":"category","embeddable":true,"href":"https:\/\/blog.jena.de\/jenakultur\/wp-json\/wp\/v2\/categories?post=12467"},{"taxonomy":"post_tag","embeddable":true,"href":"https:\/\/blog.jena.de\/jenakultur\/wp-json\/wp\/v2\/tags?post=12467"}],"curies":[{"name":"wp","href":"https:\/\/api.w.org\/{rel}","templated":true}]}}