{"id":12318,"date":"2024-04-05T07:30:00","date_gmt":"2024-04-05T05:30:00","guid":{"rendered":"https:\/\/blog.jena.de\/jenakultur\/?p=12318"},"modified":"2024-04-04T13:02:59","modified_gmt":"2024-04-04T11:02:59","slug":"ein-neues-kapitel","status":"publish","type":"post","link":"https:\/\/blog.jena.de\/jenakultur\/2024\/04\/05\/ein-neues-kapitel\/","title":{"rendered":"Ein neues Kapitel"},"content":{"rendered":"\n<h2>Die \u00fcber 128-j\u00e4hrige Geschichte der Ernst-Abbe-B\u00fccherei Jena wird fulminant in die Moderne fortgeschrieben<\/h2>\n\n\n\n<p>Am Karfreitag haben wir einen <a href=\"https:\/\/blog.jena.de\/jenakultur\/2024\/03\/29\/ein-once-in-a-lifetime-moment\/\" target=\"_blank\" rel=\"noopener\">ersten R\u00fcckblick<\/a> auf ein ganz besonderes Highlight des diesj\u00e4hrigen JenaKulturJahres, die Er\u00f6ffnung der neuen <a href=\"https:\/\/www.stadtbibliothek-jena.de\/de\/startseite\/700073\" target=\"_blank\" rel=\"noopener\">Ernst-Abbe-B\u00fccherei Jena<\/a>, gegeben. \u00dcber die Ostertage ist nun auch unser Video fertig geworden, das die kleine Bewegtbild-Dokumentationsserie zum Neubau abschlie\u00dft.<\/p>\n<p>Also lehnen Sie sich zur\u00fcck, genie\u00dfen Sie die Einblicke in unser neues Bibliotheksgeb\u00e4ude und begleiten Sie uns noch einmal zu diesem gro\u00dfen Moment f\u00fcr die Jenaer Stadtgesellschaft:<\/p>\n<p>&nbsp;<\/p>\n\n\n\n<figure class=\"wp-block-embed is-type-video is-provider-youtube wp-block-embed-youtube wp-embed-aspect-16-9 wp-has-aspect-ratio\"><div class=\"wp-block-embed__wrapper\">\n<iframe loading=\"lazy\" title=\"Neuer\u00f6ffnung Ernst-Abbe-B\u00fccherei Jena\" width=\"900\" height=\"506\" src=\"https:\/\/www.youtube.com\/embed\/kCbyZ8speJ4?feature=oembed\" frameborder=\"0\" allow=\"accelerometer; autoplay; clipboard-write; encrypted-media; gyroscope; picture-in-picture; web-share\" referrerpolicy=\"strict-origin-when-cross-origin\" allowfullscreen><\/iframe>\n<\/div><figcaption class=\"wp-element-caption\">Feierliche \u00dcbergabe des Neubaus am Engelplatz an die beiden Nutzer B\u00fcrgerdienste Jena und Ernst-Abbe-B\u00fccherei am 22. M\u00e4rz 2024 | \u00a9JenaKultur, Avocadofilm<\/figcaption><\/figure>\n\n\n\n<h2>R\u00fcckblick in die Baugeschichte<\/h2>\n<p>Gr\u00f6\u00dfe des Baufelds: ca. 3.700 m\u00b2 | Nutzfl\u00e4che B\u00fccherei: ca. 3.800 m\u00b2<\/p>\n<p><strong>Juni 2016:<\/strong> Stadtratsbeschluss und fachdienst\u00fcbergreifende Workshops zur Erarbeitung des Raumprogramms und zu den Inhalten der Auslobung\u00a0 eines europaweiten Wettbewerbs<br \/><strong>M\u00e4rz \u2013 November 2017: <\/strong>2-phasiger Ideen-und Realisierungswettbewerb zum Neubau Bibliothek und B\u00fcrgerdienste Jena | Europaweite Auslobung des St\u00e4dtebau- und Architekturwettbewerbs am 22.03.2017 | Wettbewerbssieger: Architekturb\u00fcro pbr Planungsb\u00fcro Rohling AG Niederlassung Jena, federf\u00fchrend planendes B\u00fcro<strong><br \/>M\u00e4rz 2018: <\/strong>Stadtratsbeschluss zur Errichtung eines Neubaus f\u00fcr die Ernst-Abbe-B\u00fccherei und die B\u00fcrgerdienste | Vertragsabschluss zwischen pbr und KIJ zur Planung des Neubaus f\u00fcr Bibliothek und B\u00fcrgerdienste<strong><br \/>Juli \u2013 Dezember 2018: <\/strong>Beantragung der F\u00f6rdermittel und Erarbeitung der daf\u00fcr notwendigen Planungsunterlagen<strong><br \/>April 2019:<\/strong> Beginn der arch\u00e4ologischen Voruntersuchungen und Grabungen auf dem k\u00fcnftigen Baufeld durch das Th\u00fcringer Landesamt f\u00fcr Denkmalpflege<strong><br \/>Mai 2019:\u00a0 <\/strong>F\u00f6rdermittelzusage durch das Th\u00fcringer Landesverwaltungsamt<br \/>Einreichung des Bauantrags f\u00fcr das Gesamtvorhaben<strong><br \/>Oktober \u2013 November 2019: <\/strong>Erteilung der Baugenehmigung | Einrichtung der Baustelle<strong><br \/>November 2019 \u2013 April 2020: <\/strong>Herstellung der Baugrube (Ferigstellung am 24.04.2020) und Beendigung der Leitungsarbeiten<strong><br \/>Juni 2020 \u2013 Ende 2021: <\/strong>Errichtung des Rohbaus und Richtfest am 14.10.2021<strong><br \/>ab Anfang 2022: <\/strong>Ausbauarbeiten und Gestaltung der Freianlagen<strong><br \/>Herbst 2023 &#8211; M\u00e4rz 2024: <\/strong>M\u00f6blierung, Inbetriebnahme der technischen Anlagen |<br \/>22.03.2024 \u00dcbergabe des Neubaus durch den Bauherrn Kommunale Immobilien Jena KIJ an die neuen Nutzer Ernst-Abbe-B\u00fccherei und B\u00fcrgerdienste Jena | 25.03.2024 Erster \u00d6ffnungstag der B\u00fccherei f\u00fcr das Publikum<\/p>\n<p style=\"text-align: right\">(Quelle: <a href=\"https:\/\/www.kij.de\/de\/startseite\/738966\" target=\"_blank\" rel=\"noopener\">Kommunale Immobilien Jena<\/a>)<\/p>\n<p>\u00a0<\/p>\n<p>Noch mehr Einblicke, Zahlen und Daten finden Sie auf der Projekt-Website <a href=\"https:\/\/engelplatz.jena.de\/de\/startseite\/809530\" target=\"_blank\" rel=\"noopener\">Engelplatz Jena<\/a>.<\/p>\n<p><strong>Nun sind Sie dran, liebe Leser:innen. Schreiben Sie die Geschichte der Ernst-Abbe-B\u00fccherei Jena mit uns fort, indem Sie vom neuen Geb\u00e4ude Besitz ergreifen und ihm Leben einhauchen. Wir freuen uns auf Sie!<\/strong><\/p>\n<p>Im Folgenden k\u00f6nnen Sie unsere Blogvideo-Reihe zur Baugeschichte noch einmal Revue passieren lassen:<\/p>\n\n\n\n<figure class=\"wp-block-embed is-type-video is-provider-youtube wp-block-embed-youtube wp-embed-aspect-16-9 wp-has-aspect-ratio\"><div class=\"wp-block-embed__wrapper\">\n<iframe loading=\"lazy\" title=\"Neue Perspektiven f\u00fcr die Ernst-Abbe-B\u00fccherei Jena!?\" width=\"900\" height=\"506\" src=\"https:\/\/www.youtube.com\/embed\/iEc8W6h2kew?feature=oembed\" frameborder=\"0\" allow=\"accelerometer; autoplay; clipboard-write; encrypted-media; gyroscope; picture-in-picture; web-share\" referrerpolicy=\"strict-origin-when-cross-origin\" allowfullscreen><\/iframe>\n<\/div><figcaption class=\"wp-element-caption\">Neue Perspektiven f\u00fcr die Ernst-Abbe-B\u00fccherei Jena!? \u2013 22. Februar 2019. \u00a9JenaKultur, JenaTV<\/figcaption><\/figure>\n\n\n\n<figure class=\"wp-block-embed is-type-video is-provider-youtube wp-block-embed-youtube wp-embed-aspect-16-9 wp-has-aspect-ratio\"><div class=\"wp-block-embed__wrapper\">\n<iframe loading=\"lazy\" title=\"Ernst-Abbe-B\u00fccherei Jena - Neuer Standort\" width=\"900\" height=\"506\" src=\"https:\/\/www.youtube.com\/embed\/vVUyCKgOamM?feature=oembed\" frameborder=\"0\" allow=\"accelerometer; autoplay; clipboard-write; encrypted-media; gyroscope; picture-in-picture; web-share\" referrerpolicy=\"strict-origin-when-cross-origin\" allowfullscreen><\/iframe>\n<\/div><figcaption class=\"wp-element-caption\">Neuer Standort \u2013 18. April 2019. \u00a9JenaKultur, JenaTV<\/figcaption><\/figure>\n\n\n\n<figure class=\"wp-block-embed is-type-video is-provider-youtube wp-block-embed-youtube wp-embed-aspect-16-9 wp-has-aspect-ratio\"><div class=\"wp-block-embed__wrapper\">\n<iframe loading=\"lazy\" title=\"Ein Zwischenquartier f\u00fcr die Ernst-Abbe-B\u00fccherei Jena\" width=\"900\" height=\"506\" src=\"https:\/\/www.youtube.com\/embed\/ImYDuv8PGO4?list=PLpRL7uPqtlWT5Dzl67K94XPKSIm0FD6o_\" frameborder=\"0\" allow=\"accelerometer; autoplay; clipboard-write; encrypted-media; gyroscope; picture-in-picture; web-share\" referrerpolicy=\"strict-origin-when-cross-origin\" allowfullscreen><\/iframe>\n<\/div><figcaption class=\"wp-element-caption\">Ein Zwischenquartier f\u00fcr die Ernst-Abbe-B\u00fccherei Jena \u2013 14. Juni 2019. \u00a9JenaKultur, JenaTV<\/figcaption><\/figure>\n\n\n\n<figure class=\"wp-block-embed is-type-video is-provider-youtube wp-block-embed-youtube wp-embed-aspect-16-9 wp-has-aspect-ratio\"><div class=\"wp-block-embed__wrapper\">\n<iframe loading=\"lazy\" title=\"Ernst-Abbe-B\u00fccherei Jena: Einzug ins \u00dcbergangsdomizil\" width=\"900\" height=\"506\" src=\"https:\/\/www.youtube.com\/embed\/zSbvdS09xsU?list=PLpRL7uPqtlWT5Dzl67K94XPKSIm0FD6o_\" frameborder=\"0\" allow=\"accelerometer; autoplay; clipboard-write; encrypted-media; gyroscope; picture-in-picture; web-share\" referrerpolicy=\"strict-origin-when-cross-origin\" allowfullscreen><\/iframe>\n<\/div><figcaption class=\"wp-element-caption\">Ernst-Abbe-B\u00fccherei Jena: Einzug ins \u00dcbergangsdomizil \u2013 16. August 2019. \u00a9JenaKultur, JenaTV<\/figcaption><\/figure>\n\n\n\n<figure class=\"wp-block-embed is-type-video is-provider-youtube wp-block-embed-youtube wp-embed-aspect-16-9 wp-has-aspect-ratio\"><div class=\"wp-block-embed__wrapper\">\n<iframe loading=\"lazy\" title=\"Ernst-Abbe-B\u00fccherei Jena am Carl-Zeiss-Platz 10: Was gibt&#039;s Neues?\" width=\"900\" height=\"506\" src=\"https:\/\/www.youtube.com\/embed\/3WAVHOUx9zg?list=PLpRL7uPqtlWT5Dzl67K94XPKSIm0FD6o_\" frameborder=\"0\" allow=\"accelerometer; autoplay; clipboard-write; encrypted-media; gyroscope; picture-in-picture; web-share\" referrerpolicy=\"strict-origin-when-cross-origin\" allowfullscreen><\/iframe>\n<\/div><figcaption class=\"wp-element-caption\">Ernst-Abbe-B\u00fccherei Jena am Carl-Zeiss-Platz 10: Was gibt&#8217;s Neues? \u2013 23. Oktober 2019. \u00a9JenaKultur, JenaTV<\/figcaption><\/figure>\n\n\n\n<figure class=\"wp-block-embed is-type-video is-provider-youtube wp-block-embed-youtube wp-embed-aspect-16-9 wp-has-aspect-ratio\"><div class=\"wp-block-embed__wrapper\">\n<iframe loading=\"lazy\" title=\"Der neue Kinder- und Jugendbereich der Ernst-Abbe-B\u00fccherei Jena\" width=\"900\" height=\"506\" src=\"https:\/\/www.youtube.com\/embed\/K-wYATxcomg?feature=oembed\" frameborder=\"0\" allow=\"accelerometer; autoplay; clipboard-write; encrypted-media; gyroscope; picture-in-picture; web-share\" referrerpolicy=\"strict-origin-when-cross-origin\" allowfullscreen><\/iframe>\n<\/div><figcaption class=\"wp-element-caption\">Der neue Kinder- und Jugendbereich der Ernst-Abbe-B\u00fccherei Jena \u2013 13. Dezember 2019. \u00a9JenaKultur, JenaTV<\/figcaption><\/figure>\n\n\n\n<figure class=\"wp-block-embed is-type-video is-provider-youtube wp-block-embed-youtube wp-embed-aspect-16-9 wp-has-aspect-ratio\"><div class=\"wp-block-embed__wrapper\">\n<iframe loading=\"lazy\" title=\"Neubau der Ernst-Abbe-B\u00fccherei Jena: Zwischenbilanz\" width=\"900\" height=\"506\" src=\"https:\/\/www.youtube.com\/embed\/xS_dOzpFIm4?list=PLpRL7uPqtlWT5Dzl67K94XPKSIm0FD6o_\" frameborder=\"0\" allow=\"accelerometer; autoplay; clipboard-write; encrypted-media; gyroscope; picture-in-picture; web-share\" referrerpolicy=\"strict-origin-when-cross-origin\" allowfullscreen><\/iframe>\n<\/div><figcaption class=\"wp-element-caption\">Neubau der Ernst-Abbe-B\u00fccherei Jena: Zwischenbilanz \u2013 7. Februar 2020. \u00a9JenaKultur, Avocadofilm<\/figcaption><\/figure>\n\n\n\n<figure class=\"wp-block-embed is-type-video is-provider-youtube wp-block-embed-youtube wp-embed-aspect-16-9 wp-has-aspect-ratio\"><div class=\"wp-block-embed__wrapper\">\n<iframe loading=\"lazy\" title=\"Ernst-Abbe-B\u00fccherei Jena: Moderner Kinder- und Jugendbereich f\u00fcr den Neubau am Engelplatz\" width=\"900\" height=\"506\" src=\"https:\/\/www.youtube.com\/embed\/Tk-ri89jiXk?feature=oembed\" frameborder=\"0\" allow=\"accelerometer; autoplay; clipboard-write; encrypted-media; gyroscope; picture-in-picture; web-share\" referrerpolicy=\"strict-origin-when-cross-origin\" allowfullscreen><\/iframe>\n<\/div><figcaption class=\"wp-element-caption\">Ernst-Abbe-B\u00fccherei Jena: Moderner Kinder- und Jugendbereich f\u00fcr den Neubau am Engelplatz \u2013 4. Dezember 2020. \u00a9JenaKultur, Avocadofilm<\/figcaption><\/figure>\n\n\n\n<figure class=\"wp-block-embed is-type-video is-provider-youtube wp-block-embed-youtube wp-embed-aspect-16-9 wp-has-aspect-ratio\"><div class=\"wp-block-embed__wrapper\">\n<iframe loading=\"lazy\" title=\"Ernst-Abbe-B\u00fccherei Jena: Der Neubau nimmt Gestalt an\" width=\"900\" height=\"506\" src=\"https:\/\/www.youtube.com\/embed\/82z0iSwuSIQ?list=PLpRL7uPqtlWT5Dzl67K94XPKSIm0FD6o_\" frameborder=\"0\" allow=\"accelerometer; autoplay; clipboard-write; encrypted-media; gyroscope; picture-in-picture; web-share\" referrerpolicy=\"strict-origin-when-cross-origin\" allowfullscreen><\/iframe>\n<\/div><figcaption class=\"wp-element-caption\">Ernst-Abbe-B\u00fccherei Jena: Der Neubau nimmt Gestalt an \u2013 25. Juni 2021. \u00a9JenaKultur, Avocadofilm<\/figcaption><\/figure>\n\n\n\n<figure class=\"wp-block-embed is-type-video is-provider-youtube wp-block-embed-youtube wp-embed-aspect-16-9 wp-has-aspect-ratio\"><div class=\"wp-block-embed__wrapper\">\n<iframe loading=\"lazy\" title=\"Ernst-Abbe-B\u00fccherei Jena: Ein Raumschiff f\u00fcr den Kinderbereich\" width=\"900\" height=\"506\" src=\"https:\/\/www.youtube.com\/embed\/bLHcUvdXSqI?list=PLpRL7uPqtlWT5Dzl67K94XPKSIm0FD6o_\" frameborder=\"0\" allow=\"accelerometer; autoplay; clipboard-write; encrypted-media; gyroscope; picture-in-picture; web-share\" referrerpolicy=\"strict-origin-when-cross-origin\" allowfullscreen><\/iframe>\n<\/div><figcaption class=\"wp-element-caption\">Ernst-Abbe-B\u00fccherei Jena: Ein Raumschiff f\u00fcr den Kinderbereich \u2013 27. August 2021. \u00a9JenaKultur, Avocadofilm<\/figcaption><\/figure>\n\n\n\n<figure class=\"wp-block-embed is-type-video is-provider-youtube wp-block-embed-youtube wp-embed-aspect-16-9 wp-has-aspect-ratio\"><div class=\"wp-block-embed__wrapper\">\n<iframe loading=\"lazy\" title=\"Richtfest am Engelplatz\" width=\"900\" height=\"506\" src=\"https:\/\/www.youtube.com\/embed\/PEp4Pz8ekEk?list=PLpRL7uPqtlWT5Dzl67K94XPKSIm0FD6o_\" frameborder=\"0\" allow=\"accelerometer; autoplay; clipboard-write; encrypted-media; gyroscope; picture-in-picture; web-share\" referrerpolicy=\"strict-origin-when-cross-origin\" allowfullscreen><\/iframe>\n<\/div><figcaption class=\"wp-element-caption\">Richtfest am Engelplatz \u2013 27. Oktober 2021. \u00a9JenaKultur, JenaTV<\/figcaption><\/figure>\n\n\n\n<figure class=\"wp-block-embed is-type-video is-provider-youtube wp-block-embed-youtube wp-embed-aspect-16-9 wp-has-aspect-ratio\"><div class=\"wp-block-embed__wrapper\">\n<iframe loading=\"lazy\" title=\"125 Jahre Ernst-Abbe-B\u00fccherei Jena\" width=\"900\" height=\"506\" src=\"https:\/\/www.youtube.com\/embed\/D_aa9Kneloc?list=PLpRL7uPqtlWT5Dzl67K94XPKSIm0FD6o_\" frameborder=\"0\" allow=\"accelerometer; autoplay; clipboard-write; encrypted-media; gyroscope; picture-in-picture; web-share\" referrerpolicy=\"strict-origin-when-cross-origin\" allowfullscreen><\/iframe>\n<\/div><figcaption class=\"wp-element-caption\">125 Jahre Ernst-Abbe-B\u00fccherei Jena \u2013 12. November 2021. \u00a9JenaKultur, Avocadofilm<\/figcaption><\/figure>\n\n\n\n<figure class=\"wp-block-embed is-type-video is-provider-youtube wp-block-embed-youtube wp-embed-aspect-16-9 wp-has-aspect-ratio\"><div class=\"wp-block-embed__wrapper\">\n<iframe loading=\"lazy\" title=\"Ernst-Abbe-B\u00fccherei Jena: Modernes Raumkonzept f\u00fcr den Jugendbereich\" width=\"900\" height=\"506\" src=\"https:\/\/www.youtube.com\/embed\/VMRIPzUONtQ?feature=oembed\" frameborder=\"0\" allow=\"accelerometer; autoplay; clipboard-write; encrypted-media; gyroscope; picture-in-picture; web-share\" referrerpolicy=\"strict-origin-when-cross-origin\" allowfullscreen><\/iframe>\n<\/div><figcaption class=\"wp-element-caption\">Ernst-Abbe-B\u00fccherei Jena: Modernes Raumkonzept f\u00fcr den Jugendbereich \u2013 17. Juni 2022. \u00a9JenaKultur, Avocadofilm<\/figcaption><\/figure>\n\n\n\n<figure class=\"wp-block-embed is-type-video is-provider-youtube wp-block-embed-youtube wp-embed-aspect-16-9 wp-has-aspect-ratio\"><div class=\"wp-block-embed__wrapper\">\n<iframe loading=\"lazy\" title=\"Technikbildung in der Ernst-Abbe-B\u00fccherei Jena\" width=\"900\" height=\"506\" src=\"https:\/\/www.youtube.com\/embed\/3jk7mN7CGrI?feature=oembed\" frameborder=\"0\" allow=\"accelerometer; autoplay; clipboard-write; encrypted-media; gyroscope; picture-in-picture; web-share\" referrerpolicy=\"strict-origin-when-cross-origin\" allowfullscreen><\/iframe>\n<\/div><figcaption class=\"wp-element-caption\">Technikbildung in der Ernst-Abbe-B\u00fccherei Jena \u2013 11. November 2022 \u00a9JenaKultur, Avocadofilm<\/figcaption><\/figure>\n\n\n\n<figure class=\"wp-block-embed is-type-video is-provider-youtube wp-block-embed-youtube wp-embed-aspect-16-9 wp-has-aspect-ratio\"><div class=\"wp-block-embed__wrapper\">\n<iframe loading=\"lazy\" title=\"Baufortschritte in der neuen Ernst-Abbe-B\u00fccherei Jena\" width=\"900\" height=\"506\" src=\"https:\/\/www.youtube.com\/embed\/3lamBJ0f630?feature=oembed\" frameborder=\"0\" allow=\"accelerometer; autoplay; clipboard-write; encrypted-media; gyroscope; picture-in-picture; web-share\" referrerpolicy=\"strict-origin-when-cross-origin\" allowfullscreen><\/iframe>\n<\/div><figcaption class=\"wp-element-caption\">Baufortschritte in der neuen Ernst-Abbe-B\u00fccherei Jena \u2013 21. Juli 2023 \u00a9JenaKultur, Avocadofilm<\/figcaption><\/figure>\n","protected":false},"excerpt":{"rendered":"<p>\u00dcber die Ostertage ist unser Video zur Er\u00f6ffnung der Ernst-Abbe-B\u00fccherei am neuen Standort fertig geworden, das die kleine Bewegtbild-Dokumentationsserie zum Neubau abschlie\u00dft. Schauen Sie selbst, was da in den letzten Jahren Gro\u00dfartiges entstanden ist.<\/p>\n","protected":false},"author":22,"featured_media":12347,"comment_status":"open","ping_status":"closed","sticky":false,"template":"","format":"standard","meta":{"footnotes":""},"categories":[1,12,9,706],"tags":[746,55,1094,34,459],"class_list":["post-12318","post","type-post","status-publish","format-standard","has-post-thumbnail","hentry","category-allgemein","category-eab","category-jenakultur","category-kultur-in-jena","tag-buergerservice","tag-eab","tag-engelplatz","tag-jena","tag-kij"],"_links":{"self":[{"href":"https:\/\/blog.jena.de\/jenakultur\/wp-json\/wp\/v2\/posts\/12318","targetHints":{"allow":["GET"]}}],"collection":[{"href":"https:\/\/blog.jena.de\/jenakultur\/wp-json\/wp\/v2\/posts"}],"about":[{"href":"https:\/\/blog.jena.de\/jenakultur\/wp-json\/wp\/v2\/types\/post"}],"author":[{"embeddable":true,"href":"https:\/\/blog.jena.de\/jenakultur\/wp-json\/wp\/v2\/users\/22"}],"replies":[{"embeddable":true,"href":"https:\/\/blog.jena.de\/jenakultur\/wp-json\/wp\/v2\/comments?post=12318"}],"version-history":[{"count":30,"href":"https:\/\/blog.jena.de\/jenakultur\/wp-json\/wp\/v2\/posts\/12318\/revisions"}],"predecessor-version":[{"id":12389,"href":"https:\/\/blog.jena.de\/jenakultur\/wp-json\/wp\/v2\/posts\/12318\/revisions\/12389"}],"wp:featuredmedia":[{"embeddable":true,"href":"https:\/\/blog.jena.de\/jenakultur\/wp-json\/wp\/v2\/media\/12347"}],"wp:attachment":[{"href":"https:\/\/blog.jena.de\/jenakultur\/wp-json\/wp\/v2\/media?parent=12318"}],"wp:term":[{"taxonomy":"category","embeddable":true,"href":"https:\/\/blog.jena.de\/jenakultur\/wp-json\/wp\/v2\/categories?post=12318"},{"taxonomy":"post_tag","embeddable":true,"href":"https:\/\/blog.jena.de\/jenakultur\/wp-json\/wp\/v2\/tags?post=12318"}],"curies":[{"name":"wp","href":"https:\/\/api.w.org\/{rel}","templated":true}]}}