{"id":11953,"date":"2024-03-01T07:30:00","date_gmt":"2024-03-01T06:30:00","guid":{"rendered":"https:\/\/blog.jena.de\/jenakultur\/?p=11953"},"modified":"2024-05-29T14:10:03","modified_gmt":"2024-05-29T12:10:03","slug":"neustart-walter-dexel-ehrung-der-stadt-jena","status":"publish","type":"post","link":"https:\/\/blog.jena.de\/jenakultur\/2024\/03\/01\/neustart-walter-dexel-ehrung-der-stadt-jena\/","title":{"rendered":"Neustart: Walter-Dexel-Ehrung der Stadt Jena"},"content":{"rendered":"\n<p>2022 erhielt <a href=\"https:\/\/timhelbig.de\/index.php\/about\/\" target=\"_blank\" rel=\"noopener\">Tim Helbig<\/a> als sechundzwanzigster und vorerst letzter Preistr\u00e4ger das Walter-Dexel-Stipendium der Stadt Jena. Es war 1997 erstmals verliehen worden mit dem Ziel, etwas f\u00fcr regionale K\u00fcnstler:innen zu tun.<\/p>\n<p>In einem ausf\u00fchrlichen Diskussionsprozess galt es nach so vielen Jahren, sich mit der Walter-Dexel-Ehrung der Stadt Jena einmal vertiefter zu besch\u00e4ftigen und zu \u00fcberlegen, ob und wie sie weitergehen sollte.<\/p>\n<p>Schnell entstand der Konsens, dass diese W\u00fcrdigung eine L\u00fccke in der F\u00f6rderkulisse schlie\u00dft, da es f\u00fcr \u201eEinzelk\u00e4mpfer:innen\u201c nach wie vor nicht so ganz einfach ist, Unterst\u00fctzung f\u00fcr Kunst- oder Kulturschaffen zu bekommen. Gleichwohl war auch klar, dass es nach so langer Zeit sinnvoll w\u00e4re, die Grunds\u00e4tze zu \u00fcberpr\u00fcfen und gegebenenfalls zu sch\u00e4rfen. Hin und wieder gab es ja bereits in deren Auslegung divergierende Auffassungen: F\u00f6rdert man nur junge Leute? Wie alt darf man sein, um als junger Mensch zu gelten? Kann auch ein Lebenswerk honoriert werden? Was ist mit denjenigen, die eher als \u201eM\u00f6glichmacher\u201c agieren? Bleiben sie au\u00dfen vor? Welches Einzugsgebiet betrachten wir eigentlich? Wer ist vorschlagsberechtigt?<\/p>\n<p>All diese Fragen sind nunmehr beantwortet, und so soll die beste Nachricht am Anfang dieses Beitrags stehen: es wird weiterhin eine Walter-Dexel-Ehrung der Stadt Jena geben! Wie sieht sie aus?<\/p>\n<p>Im Wesentlichen wird sie k\u00fcnftig j\u00e4hrlich alternierend in einem <strong>Walter-Dexel-Preis<\/strong> und einer <strong>Goldenen Kulturkarte<\/strong> bestehen.<\/p>\n\n\n\n<p><strong>Walter-Dexel-Preis der Stadt Jena<\/strong><\/p>\n<p>Der Walter-Dexel-Preis hei\u00dft nicht mehr Walter-Dexel-Stipendium, da bereits die bisherige Praxis immer f\u00fcr Irritationen sorgte, denn im Grunde bestand das sogenannte Stipendium ja von Anfang an in einer Einmalzahlung, war also gar kein wirkliches Stipendium.<\/p>\n<p>Was wurde noch pr\u00e4zisiert? Hierzu sei aus den neuen Grunds\u00e4tzen zitiert:<\/p>\n<p>\u00a0<\/p>\n\n\n\n<blockquote class=\"wp-block-quote is-layout-flow wp-block-quote-is-layout-flow\">\n<p>\u201eDer Preis dient der Unterst\u00fctzung vorzugsweise j\u00fcngerer K\u00fcnstler:innen (bis 45 Jahre), die sich durch die eigene k\u00fcnstlerische T\u00e4tigkeit nachhaltig, d.h. mindestens 3 Jahre, um die Entwicklung des k\u00fcnstlerisch-kulturellen Lebens Jenas verdient gemacht haben und mit einem professionellen k\u00fcnstlerischem Anspruch arbeiten, so \u00fcberregionale Wirkung erzielen und auch nationalem Vergleich standhalten.\u201c<\/p>\n<\/blockquote>\n\n\n\n<p>Und weiter:<\/p>\n\n\n\n<blockquote class=\"wp-block-quote is-layout-flow wp-block-quote-is-layout-flow\">\n<p>\u201eDer Preis, der herausragende k\u00fcnstlerischen Leistungen mit \u00fcberregionaler Strahlkraft w\u00fcrdigt, kann in allen k\u00fcnstlerischen Genres vergeben werden, beispielsweise Literatur, bildende Kunst, Musik, Theater, Tanz, Architektur, neue Medien, Design, Fotografie, Film. Das Genre sollte in der Regel wechseln.\u201c<\/p>\n<\/blockquote>\n\n\n\n<p>Es bleibt auch das Preisgeld in H\u00f6he von 5.000 Euro nebst einer w\u00fcrdigen Festveranstaltung. Auch wird daran festgehalten, dass die \u00d6ffentlichkeit Vorschl\u00e4ge einreichen kann.<\/p>\n\n\n\n<p>Die Jury, die diese Vorschl\u00e4ge ber\u00fccksichtigen soll und zugleich eigene einbringen darf, besteht k\u00fcnftig aus:<\/p>\n\n\n\n<ul class=\"wp-block-list\">\n<li>Oberb\u00fcrgermeister:in \/ Kulturdezernent:in der Stadt Jena<\/li>\n\n\n\n<li>Vorsitzende:r des Kulturausschusses des Jenaer Stadtrates<\/li>\n\n\n\n<li>Werkleiter:in des Eigenbetriebes JenaKultur<\/li>\n\n\n\n<li>Vormalige:r Preistr\u00e4ger:in<\/li>\n\n\n\n<li>und \u2013 fakultativ \u2013 zu\u00e4tzlich ein:e jeweils wechselnde:r externe:r Kultur- und Kunstexpert:in, die die\/der Oberb\u00fcrgermeister:in bestellt.<\/li>\n<\/ul>\n\n\n\n<p>Die erste Vergabe soll noch 2024 erfolgen. Und die schriftlich zu begr\u00fcndenden Vorschl\u00e4ge von mindestens einer Seite Umfang (bis maximal drei) sollen bis <strong>16. Juni<\/strong> <strong>2024<\/strong>, also bis kurz vor dem Beginn der Sommerferien, bei <a href=\"https:\/\/www.jenakultur.de\/de\/startseite\/605322\" data-type=\"link\" data-id=\"https:\/\/www.jenakultur.de\/de\/startseite\/605322\" target=\"_blank\" rel=\"noreferrer noopener\">JenaK<\/a><a href=\"https:\/\/www.jenakultur.de\/de\/startseite\/605322\" data-type=\"link\" data-id=\"https:\/\/www.jenakultur.de\/de\/startseite\/605322\">ultur<\/a> eingereicht sein, entweder auf dem Postweg (JenaKultur, Knebelstra\u00dfe 10, 07743 Jena) oder auch per E-Mail an <a href=\"mailto:jenakulltur@jena.de\" target=\"_blank\" rel=\"noreferrer noopener\">jenakultur@jena.de<\/a><\/p>\n\n\n\n<p><strong>Und die Goldene Kulturkarte der Stadt Jena?<\/strong><\/p>\n\n\n\n<p>Mit ihr k\u00f6nnen k\u00fcnftig, beginnend 2025, vor allem Lebensleistungen eine:r\/s K\u00fcnstler:in, Kulturschaffenden, \u201eKulturerm\u00f6glicher:in\u201c gew\u00fcrdigt werden, die\/der in und f\u00fcr die Stadt Jena lebt und gewirkt haben muss. Die Entscheidung \u00fcber die Vergabe der Goldenen Kulturcard erfolgt durch den Werkausschuss von JenaKultur, wobei dieser vom Kulturausschuss beraten werden soll.<\/p>\n\n\n\n<p>Sie wird befristet f\u00fcr zwei Jahre vergeben und danach symbolisch weiter gereicht. Sie erm\u00f6glicht kostenfreien Eintritt zu folgenden JenaKultur-Veranstaltungsformaten: Konzerten, Lesungen, Ausstellungen.<\/p>\n\n\n\n<p>Die exakte Formulierung der dann daf\u00fcr g\u00fcltigen Grunds\u00e4tze erfolgt bis Anfang 2025 und wird wiederum rechtzeitig bekannt gegeben, da auch hier Vorschl\u00e4ge aus der \u00d6ffentlichkeit m\u00f6glich sein sollen.<\/p>\n\n\n\n<p>F\u00fcr beide Ehrungen wird JenaKultur das Handling in bew\u00e4hrter Weise \u00fcbernehmen und auch die notwendige Budgets einplanen.<\/p>\n\n\n\n<p>So bleibt zu hoffen, dass die imposante Liste der bislang Geehrten in etwas abgewandelter Form w\u00fcrdig fortgeschrieben werden kann.<\/p>\n\n\n\n<p><strong>Zum Namensgeber:<\/strong><br><em><a href=\"https:\/\/de.wikipedia.org\/wiki\/Walter_Dexel\" data-type=\"link\" data-id=\"https:\/\/de.wikipedia.org\/wiki\/Walter_Dexel\" target=\"_blank\" rel=\"noreferrer noopener\">Walter Dexel<\/a> (*7. Februar 1890 in M\u00fcnchen \u2013 \u2020 9. Juni 1973 in Braunschweig), deutscher Maler, Werbegrafiker, Designer, Verkehrsplaner, Kunsthistoriker und Museumsleiter<\/em><br>Das Wirken Walter Dexels in der Stadt Jena mit \u00dcbernahme der Ausstellungsleitung des Jenaer Kunstvereins im Jahre 1916 hatte gro\u00dfen Einfluss auf das Kulturleben in der Saalestadt. F\u00fcr Dexel war ein neuer ganzheitlicher Ansatz in der Kunst von enormer Bedeutung. So organisierte er nicht nur aufsehenerregende Ausstellungen von Expressionisten, Mitgliedern des Bauhauses, Realisten, Konstruktivisten oder Dada-K\u00fcnstlern, sondern forderte zugleich, dass Architektur, Raumgestaltung, Kunstgewerbe, vorbildliche industrielle und handwerkliche Erzeugnisse des Alltags wesentlich mehr im Fokus der Kunst stehen m\u00fcssten. Nicht mehr das Bild an der Wand, sondern die Durchformung der Umgebung sei von Interesse. Deshalb lag sein Augenmerk neben Ausstellungen bildender K\u00fcnstler auf Expositionen von guter Typographie und Reklame, sachlicher M\u00f6bel und Gebrauchsgegenst\u00e4nde, von Wohnung, Siedlung und St\u00e4dtebau. Walter Dexel ging es um die Durchsetzung guten Geschmacks und \u00e4sthetischer Prinzipien in der Alltagsgestaltung, ob als Werbegrafiker, P\u00e4dagoge oder Museumsleiter.<\/p>\n\n\n\n<p>An dieser Maxime orientiert sich auch der Walter-Dexel-Ehrung der Stadt Jena.<\/p>\n\n\n\n<p><strong>Liste der Walter-Dexel-Stipendiat:innen der Stadt Jena 1997 bis 2022<\/strong><br>1997 Einhard Hopfe<br>1998 Ines Eck<br>1999 Klaus Wegener<br>2000 Anne G\u00fcnther<br>2001 Manuela Schwarz<br>2002 Martin Neubert<br>2003 Jan Volker R\u00f6hnert<br>2004 Uwe Germar<br>2005 Sarah Jasinszczak<br>2006 Gerlinde B\u00f6hnisch-Metzmacher<br>2007 Martin Stiebert<br>2008 Robert Seidel<br>2009 Amira Shemeis<br>2010 Jana Gunstheimer<br>2011 Robert Krainh\u00f6fner<br>2012 Romina Voigt und Moritz Gause<br>2013 Friedemann Ziepert<br>2014 Sebastian Jung<br>2015 Thomas Sperling<br>2016 Antje Horn<br>2017 Thomas Eckardt<br>2018 Maximilian L\u00f6rzer<br>2019 David Cebulla<br><a href=\"https:\/\/blog.jena.de\/jenakultur\/2020\/11\/25\/doppel-wuerdigung-fuer-ralf-kleist-und-philipp-schaeffler\/\" data-type=\"link\" data-id=\"https:\/\/blog.jena.de\/jenakultur\/2020\/11\/25\/doppel-wuerdigung-fuer-ralf-kleist-und-philipp-schaeffler\/\" target=\"_blank\" rel=\"noreferrer noopener\">2020 Ralf Kleist und Philipp Sch\u00e4ffler<\/a><br>2021 Kathrin Gro\u00df-Striffler<br><a href=\"https:\/\/blog.jena.de\/jenakultur\/2023\/02\/24\/verliehen-tim-helbig-freut-sich-ueber-das-walter-dexel-stipendium-2022\/\" data-type=\"link\" data-id=\"https:\/\/blog.jena.de\/jenakultur\/2023\/02\/24\/verliehen-tim-helbig-freut-sich-ueber-das-walter-dexel-stipendium-2022\/\" target=\"_blank\" rel=\"noreferrer noopener\">2022 Tim Helbig<\/a><\/p>\n","protected":false},"excerpt":{"rendered":"<p>Seit 1997 hat die Stadt Jena jedes Jahr das Walter-Dexel-Stipendium an besonders Jenaer K\u00fcnstler und Kulturschaffende verliehen. Nunmehr wurden die Grunds\u00e4tze \u00fcberarbeitet. K\u00fcnftig wechseln sich der Walter-Dexel-Preis und die Goldene Kulturkarte j\u00e4hrlich ab und ehren Jenaer K\u00fcnstler:innen bzw. Lebensleistungen. <\/p>\n","protected":false},"author":22,"featured_media":11966,"comment_status":"open","ping_status":"closed","sticky":false,"template":"","format":"standard","meta":{"footnotes":""},"categories":[1,9,17],"tags":[1087,252,1086,1088,637],"class_list":["post-11953","post","type-post","status-publish","format-standard","has-post-thumbnail","hentry","category-allgemein","category-jenakultur","category-kulturpreise-stipendien","tag-goldene-kulturkarte","tag-walter-dexel","tag-walter-dexel-ehrung","tag-walter-dexel-preis","tag-walter-dexel-stipendium"],"_links":{"self":[{"href":"https:\/\/blog.jena.de\/jenakultur\/wp-json\/wp\/v2\/posts\/11953","targetHints":{"allow":["GET"]}}],"collection":[{"href":"https:\/\/blog.jena.de\/jenakultur\/wp-json\/wp\/v2\/posts"}],"about":[{"href":"https:\/\/blog.jena.de\/jenakultur\/wp-json\/wp\/v2\/types\/post"}],"author":[{"embeddable":true,"href":"https:\/\/blog.jena.de\/jenakultur\/wp-json\/wp\/v2\/users\/22"}],"replies":[{"embeddable":true,"href":"https:\/\/blog.jena.de\/jenakultur\/wp-json\/wp\/v2\/comments?post=11953"}],"version-history":[{"count":9,"href":"https:\/\/blog.jena.de\/jenakultur\/wp-json\/wp\/v2\/posts\/11953\/revisions"}],"predecessor-version":[{"id":12798,"href":"https:\/\/blog.jena.de\/jenakultur\/wp-json\/wp\/v2\/posts\/11953\/revisions\/12798"}],"wp:featuredmedia":[{"embeddable":true,"href":"https:\/\/blog.jena.de\/jenakultur\/wp-json\/wp\/v2\/media\/11966"}],"wp:attachment":[{"href":"https:\/\/blog.jena.de\/jenakultur\/wp-json\/wp\/v2\/media?parent=11953"}],"wp:term":[{"taxonomy":"category","embeddable":true,"href":"https:\/\/blog.jena.de\/jenakultur\/wp-json\/wp\/v2\/categories?post=11953"},{"taxonomy":"post_tag","embeddable":true,"href":"https:\/\/blog.jena.de\/jenakultur\/wp-json\/wp\/v2\/tags?post=11953"}],"curies":[{"name":"wp","href":"https:\/\/api.w.org\/{rel}","templated":true}]}}