{"id":11632,"date":"2024-02-14T07:30:00","date_gmt":"2024-02-14T06:30:00","guid":{"rendered":"https:\/\/blog.jena.de\/jenakultur\/?p=11632"},"modified":"2024-02-14T17:11:22","modified_gmt":"2024-02-14T16:11:22","slug":"jenakultur-2023-zwischen-kosolidierung-und-neuprofilierung","status":"publish","type":"post","link":"https:\/\/blog.jena.de\/jenakultur\/2024\/02\/14\/jenakultur-2023-zwischen-kosolidierung-und-neuprofilierung\/","title":{"rendered":"JenaKultur 2023: Zwischen Konsolidierung und Neuprofilierung"},"content":{"rendered":"\n<p><em>Das Jahr 2023 stand f\u00fcr den <a href=\"https:\/\/www.jenakultur.de\/de\/startseite\/605322\" target=\"_blank\" rel=\"noopener\">Eigenbetrieb JenaKultur<\/a> erfreulicherweise ganz im Zeichen der R\u00fcckkehr in die Normalit\u00e4t. Unsere Besucher:innen, Nutzer:innen und G\u00e4ste sind nach der Corona-Pandemie zu uns zur\u00fcckgekommen, wof\u00fcr wir sehr dankbar sind; zahlreiche Angebote waren hervorragend nachgefragt oder sogar ausgebucht.<\/em><\/p>\n<p><em>Au\u00dferdem ist seit Oktober auch unsere <a href=\"https:\/\/www.jenakultur.de\/de\/wir_ueber_uns\/eigenbetrieb\/werkleitung\/731505\" target=\"_blank\" rel=\"noopener\">Werkleitung<\/a> endlich wieder komplett. Friedrun Vollmer als Werkleiterin f\u00fcr Kulturelle Bildung und Kulturentwicklung steht nun Carsten M\u00fcller, dem Werkleiter f\u00fcr Zentrales Management, zur Seite. Beide sorgen im Verbund mit der Kaufm\u00e4nnischen Leiterin Jana Gr\u00fcndig daf\u00fcr, dass der immer komplexer werdende Eigenbetrieb gut f\u00fcr die Zukunft aufgestellt wird. <\/em><br><em>Hier in unserem <a href=\"https:\/\/blog.jena.de\/jenakultur\/2024\/01\/05\/auswertung-2023-ausblick-2024\/\" target=\"_blank\" rel=\"noopener\">Blog<\/a> finden Sie auch das Credo unserer F\u00fchrungsspitze in Bezug auf das Jahr 2024ff.<\/em><\/p>\n<p><em>Hier sei nun noch einmal kurz inne gehalten und der Blick ins vergangene Jahr gewendet. Was waren die wichtigsten Herausforderungen und H\u00f6hepunkte in den einzelnen Bereichen und Einrichtungen?<\/em><\/p>\n<p><em>Wenn hier auch nicht der Raum ist, jenen Teil des Wirkens von JenaKultur detailliert zu betrachten, der eher in die Stadtgesellschaft ausgreift und sozusagen Kultur in Jena repr\u00e4sentiert, so soll wenigstens noch ein kurzer Gedanke hierzu erlaubt sein. Im Budget von JenaKultur sind n\u00e4mlich auch Mittel f\u00fcr wichtige Kulturakteure der Stadt, die weitgehend autonom arbeiten, inkludiert, etwa \u00fcber die <a href=\"https:\/\/www.jenakultur.de\/de\/789495\" target=\"_blank\" rel=\"noopener\">Allgemeine Kulturf\u00f6rderung<\/a>. Dar\u00fcber werden Projekte, Vereine und Institutionen nachhaltig unterst\u00fctzt, die wichtige, unverzichtbare Akzente in der Jenaer Kulturlandschaft setzen, etwa <a href=\"https:\/\/www.kassablanca.de\/\" target=\"_blank\" rel=\"noopener\">Kassablanca<\/a>, <a href=\"https:\/\/www.10000volt.de\/\" target=\"_blank\" rel=\"noopener\">Ins Netz e.V.<\/a>, <a href=\"https:\/\/www.lesezeichen-ev.de\/\" target=\"_blank\" rel=\"noopener\">Lese-Zeichen e.V.<\/a>, <a href=\"https:\/\/www.momolo.de\/\" target=\"_blank\" rel=\"noopener\">Circus MoMoLo<\/a>, und das <a href=\"https:\/\/www.theaterhaus-jena.de\/\" target=\"_blank\" rel=\"noopener\">Theaterhaus Jena<\/a> aber auch Projekte wie die <a href=\"https:\/\/www.uni-jena.de\/universitaet\/zentrale-einrichtungen\/musikalischer-bereich\/hofoper\" target=\"_blank\" rel=\"noopener\">Hofoper<\/a>, das <a href=\"https:\/\/cellulart.de\/\" target=\"_blank\" rel=\"noopener\">cellu l\u2019art \u2013 Kurzfilmfestival<\/a> oder Konzerte der <a href=\"https:\/\/capella-jenensis.de\/\" target=\"_blank\" rel=\"noopener\">Capella Jenensis<\/a>.<\/em><\/p>\n<p><em>Gerade das Theaterhaus konnte im Jahr 2023 mit respektablen Erfolgen in der \u00fcberregionalen Wahrnehmung punkten. Die Produktion &#8222;Die Hundekot-Attacke&#8220; ist als eine von zehn &#8222;bemerkenswerten&#8220; Inszenierungen zum Theatertreffen 2024 eingeladen worden! Au\u00dferdem hat das Theaterhaus Jena den Theaterpreis des Bundes in der Kategorie Stadttheater und Landesb\u00fchnen gewonnen.<\/em><\/p>\n<p><em>Nun wollen wir aber den Blick auf die Erfolge unserer JenaKultur-Einrichtungen und -Bereiche richten, denn auch hier k\u00f6nnen wir gro\u00dfe und wichtige Meilensteine verzeichnen, auf die unsere Kolleg:innen zurecht stolz sein d\u00fcrfen.<\/em><\/p>\n\n\n\n<h2><a id=\"Uebersicht\"><\/a>\u00dcbersicht:<\/h2>\n\n\n\n<div class=\"wp-block-columns is-layout-flex wp-container-core-columns-is-layout-9d6595d7 wp-block-columns-is-layout-flex\">\n<div class=\"wp-block-column is-layout-flow wp-block-column-is-layout-flow\">\n<ul>\n<li><a href=\"#Tourismus\">Tourismus\/Convention<\/a><\/li>\n<li><a href=\"#Veranstaltungen\">Veranstaltungen<\/a><\/li>\n<li><a href=\"#Personal\">Personal und Organisation<\/a><\/li>\n<li><a href=\"#Philharmonie\">Jenaer Philharmonie<\/a><\/li>\n<li><a href=\"#MKS\">Musik- und Kunstschule Jena<\/a><\/li>\n<li><a href=\"#Kulturfoerderung\">Kulturf\u00f6rderung<\/a><\/li>\n<li><a href=\"#Controlling\">Controlling<\/a><\/li>\n<\/ul>\n<\/div>\n\n\n\n<div class=\"wp-block-column is-layout-flow wp-block-column-is-layout-flow\">\n<ul>\n<li><a href=\"#UK\">Unternehmenskommunikation<\/a><\/li>\n<li><a href=\"#Marketing\">Marketing<\/a><\/li>\n<li><a href=\"#Kunst-Denkmale\">Kunstf\u00f6rderung\/Denkmale<\/a><\/li>\n<li><a href=\"#EAB\">Ernst-Abbe-B\u00fccherei<\/a><\/li>\n<li><a href=\"#vhs\">Volkshochschule Jena<\/a><\/li>\n<li><a href=\"#Museen\">St\u00e4dtische Museen Jena<\/a><\/li>\n<\/ul>\n<\/div>\n<\/div>\n\n\n\n<h2 id=\"tour\" class=\"wp-block-heading\"><a id=\"Tourismus\"><\/a>Tourismus\/Convention<\/h2>\n<p>Der Bereich Tourismus\/Convention, der bei der positiven \u00fcberregionalen Wahrnehmung der <a href=\"https:\/\/startseite.jena.de\/\" target=\"_blank\" rel=\"noopener\">Lichtstadt Jena<\/a> mithilft, gewann mit dem Imagevideo &#8222;<a href=\"https:\/\/www.youtube.com\/watch?v=MM1FrawwBrA\" target=\"_blank\" rel=\"noopener\">Jena uncovered<\/a>&#8220; Triple Gold bei den German Stevie Awards.<br>Drei Bundeskongresse, u. a. der Digitalgipfel der Bundesregierung, haben in Jena stattgefunden: im smarten Kultur- und Kongresszentrum <a href=\"https:\/\/www.volkshaus-jena.de\/de\/startseite\/694140\" target=\"_blank\" rel=\"noopener\">Volkshaus Jena<\/a>.<br>Die <a href=\"https:\/\/www.natura-jenensis.de\/saalehorizontale\" target=\"_blank\" rel=\"noopener\">SaaleHorizontale<\/a> wurde zu Deutschlands sch\u00f6nstem Wanderweg 2023 in der Kategorie Mehrtagestouren gew\u00e4hlt. Die \u00d6ffnungszeiten der <a href=\"https:\/\/www.visit-jena.de\/reise-planen\/jena-tourist-information\/\" target=\"_blank\" rel=\"noopener\">Jena Tourist-Information<\/a> konnten wieder verl\u00e4ngert werden.<br>Und die <a href=\"https:\/\/www.saale-unstrut-tourismus.de\/\" target=\"_blank\" rel=\"noopener\">Saale-Unstrut Tourismus GmbH<\/a>, in der die Stadt Jena Gesellschafter ist, hat ihre Arbeit aufgenommen.<\/p>\n<p><a href=\"#Uebersicht\">[zur\u00fcck zur \u00dcbersicht]<\/a><\/p>\n\n\n\n<figure class=\"wp-block-embed is-type-video is-provider-youtube wp-block-embed-youtube wp-embed-aspect-16-9 wp-has-aspect-ratio\"><div class=\"wp-block-embed__wrapper\">\n<iframe loading=\"lazy\" title=\"Jena Tourist Information\" width=\"900\" height=\"506\" src=\"https:\/\/www.youtube.com\/embed\/Sk-aSnSnY3c?feature=oembed\" frameborder=\"0\" allow=\"accelerometer; autoplay; clipboard-write; encrypted-media; gyroscope; picture-in-picture; web-share\" allowfullscreen><\/iframe>\n<\/div><figcaption class=\"wp-element-caption\">Unser Blog-Video im Juni stellte die Jena Tourist-Information vor \u2013 mehr als Stadtplan und Souvenirs! \u00a9JenaKultur, Avocadofilm<\/figcaption><\/figure>\n\n\n\n<h2 id=\"Veranstaltungen\" class=\"wp-block-heading\"><a id=\"Veranstaltungen\"><\/a>Veranstaltungen<\/h2>\n<p>Der Bereich Veranstaltungen, zu dem zahlreiche Veranstaltungsh\u00e4user (<a href=\"https:\/\/www.villa-rosenthal-jena.de\/de\/startseite\/682774\" target=\"_blank\" rel=\"noopener\">Villa Rosenthal<\/a>, <a href=\"https:\/\/www.lisa-jena.de\/de\/startseite\/662242\" target=\"_blank\" rel=\"noopener\">Stadtteilzentrum LISA<\/a>, <a href=\"https:\/\/www.volkshaus-jena.de\/de\/startseite\/694140\" target=\"_blank\" rel=\"noopener\">Volkshaus<\/a> und <a href=\"https:\/\/www.volksbad-jena.de\/de\/startseite\/648524\" target=\"_blank\" rel=\"noopener\">Volksbad Jena<\/a>) und die <a href=\"https:\/\/www.jenakultur.de\/de\/maerkte_und_stadtfeste\/605333\" target=\"_blank\" rel=\"noopener\">M\u00e4rkte und Stadtfeste<\/a> geh\u00f6ren, der auch Sonderprojekte wie die <a href=\"https:\/\/www.kulturarena.de\/\" target=\"_blank\" rel=\"noopener\">KulturArena<\/a>, aber ebenso die <a href=\"https:\/\/www.lndw-jena.de\/\" target=\"_blank\" rel=\"noopener\">Lange Nacht der Wissenschaften<\/a> oder <a href=\"https:\/\/www.jenakultur.de\/de\/projekte_und_festivals\/dein_tag_im_paradies\/718245\" target=\"_blank\" rel=\"noopener\">Dein Tag im Paradies<\/a> verantwortet, konnte wieder zahlreiche erfolgreiche Veranstaltungen durchf\u00fchren. Schlaglichtartig seien hier genannt: 20. Th\u00fcringer Holzmarkt, LISA Gartenfest (25 Jahre LISA), Dein Tag im Paradies, Fr\u00fchlingsmarkt, T\u00f6pfermarkt, KulturArena in all ihren Facetten mit ArenaOuvert\u00fcre, Theater-, Film- und KinderArena etc., Altstadtfest, Weihnachtsmarkt, daneben Veranstaltungen unterschiedlichster Couleur in Volksbad und Volkshaus Jena.<\/p>\n<p>Besonders erfreulich stellt sich die erste <a href=\"https:\/\/blog.jena.de\/jenakultur\/2023\/11\/24\/doppelgeburtstag-im-kultur-und-kongresszentrum\/\" target=\"_blank\" rel=\"noopener\">Jahresbilanz<\/a> f\u00fcr die &#8222;smarte alte Lady&#8220; Volkshaus Jena nach einem Jahr seit Wiederer\u00f6ffnung als Kultur- und Kongresszentrum im September 2022 dar. Durchweg positiv ist hier die Resonanz aus allen Bereichen (Kultur, Tagungen &amp; Kongresse). Das Haus wird gut nachgefragt und hat seine Bew\u00e4hrungsprobe f\u00fcr Tagungen und Kongresse \u2013 darunter wie gesagt drei Bundeskongresse \u2013 bravour\u00f6s bestanden.<br>Auch alle anderen H\u00e4user (Volksbad, Villa Rosenthal, Historisches Rathaus &amp; LISA) sind konstant in der Vermietung und waren dar\u00fcber hinaus Gastgeber f\u00fcr zahlreiche eigene und externe kulturelle Veranstaltungen. Hervorhebenswert sind dabei die Jugendtanzveranstaltungen &#8222;Paradise Punch&#8220; &amp; &#8222;Neon Paradise&#8220;.<\/p>\n<p>Das neue Format <a href=\"https:\/\/www.jenakultur.de\/de\/maerkte_und_stadtfeste\/handgemacht-tage\/980741\" target=\"_blank\" rel=\"noopener\">handgemacht-Tage<\/a> parallel zum Holzmarkt auf dem Marktplatz in Jena ist erfolgreich gestartet, und der Bereich hat beim erfolgreichen &#8222;<a href=\"https:\/\/www.schrankenlos-jena.de\/de\" target=\"_blank\" rel=\"noopener\">Schranken Los!-Kulturfestival f\u00fcr jedermensch<\/a>&#8220; tatkr\u00e4ftig unterst\u00fctzt.<\/p>\n<p><a href=\"#Uebersicht\">[zur\u00fcck zur \u00dcbersicht]<\/a><\/p>\n\n\n\n<h2><a id=\"Personal\"><\/a>Personal und Organisation<\/h2>\n<p>Ein gro\u00dfer Vorzug von JenaKultur ist die eigene Personalhoheit, die garantiert, dass pass- und zielgenau Personal gesucht und akquiriert werden kann. 2023 gab es eine extrem enge und herausfordernde Dichte und Qualit\u00e4t an Bewerbungsverfahren: 56 Auswahlverfahren haben stattgefunden, knapp 900 Bewerbungen mussten bearbeitet werden.<\/p>\n<p>Da sich der Bereich aber nicht nur in besonderer Weise f\u00fcr Personalrecruting, sondern auch Personalbindung in der Verantwortung sieht, wurde der Implementierung des zuvor mit Unterst\u00fctzung der <a href=\"https:\/\/www.eah-jena.de\/\" target=\"_blank\" rel=\"noopener\">Ernst-Abbe-Hochschule Jena<\/a> erarbeiteten BGM-Konzepts viel Aufmerksamkeit gewidmet. Es entstand ein bereichs\u00fcbergreifendes Team <a href=\"https:\/\/www.jenakultur.de\/de\/wir_ueber_uns\/karriere\/gesunde_arbeit\/978705\" target=\"_blank\" rel=\"noopener\">Gesunde Arbeit bei JenaKultur<\/a>, und erste Ma\u00dfnahmen wurden umgesetzt.<\/p>\n<p>Aus dem <a href=\"https:\/\/engelplatz.jena.de\/de\/startseite\/809530\" target=\"_blank\" rel=\"noopener\">Neubau<\/a> f\u00fcr B\u00fcrgerservice und Ernst-Abbe-B\u00fccherei Jena resultierten herausfordernde Entwicklungen in der EAB: Das g\u00e4nzlich neue Bibliothekskonzept f\u00fcr die Schaffung eines sogenannten &#8222;Dritten Ortes&#8220; bedurfte der Vorbereitung einer neuen Struktur, was Teamgr\u00fcndungen und Stellenneuprofilierungen mit entsprechenden Auswahlverfahren bedeutete.<br \/>In der <a href=\"https:\/\/www.mks-jena.de\/de\/startseite\/548415\" target=\"_blank\" rel=\"noopener\">Musik- und Kunstschule Jena<\/a> galt es, in Umsetzung des neuen Th\u00fcringer Musik- und Jugendkunstschulgesetzes Honorarstellen in feste Stellen umzuwandeln und auch hier die entsprechenden Besetzungsverfahren durchzuf\u00fchren.<\/p>\n<p>Wie in allen \u00fcbrigen Bereichen von JenaKultur m\u00fcssen wichtige Digitalisierungsprozesse gemeistert werden. Die Implementierung der digitalen Lohn- und Gehaltsabrechnung LOGA mit zahlreichen Einzeltools wie Urlaubsbeantragung und Einf\u00fchrung der Zeitwirtschaft banden Kr\u00e4fte. Und all das fand unter erschwerten Rahmenbedingungen wegen langer Nichtbesetzung von einem Drittel Personalressource statt; sodass die Abteilung deshalb umso stolzer auf die Erreichung der o.g. Zielstellungen ist.<\/p>\n<p><a href=\"#Uebersicht\">[zur\u00fcck zur \u00dcbersicht]<\/a><\/p>\n\n\n\n<figure class=\"wp-block-embed is-type-video is-provider-youtube wp-block-embed-youtube wp-embed-aspect-16-9 wp-has-aspect-ratio\"><div class=\"wp-block-embed__wrapper\">\n<iframe loading=\"lazy\" title=\"Vorgestellt: Ausbildung bei JenaKultur\" width=\"900\" height=\"506\" src=\"https:\/\/www.youtube.com\/embed\/C0QYD1rHICM?feature=oembed\" frameborder=\"0\" allow=\"accelerometer; autoplay; clipboard-write; encrypted-media; gyroscope; picture-in-picture; web-share\" allowfullscreen><\/iframe>\n<\/div><figcaption class=\"wp-element-caption\">Auch die Suche und Betreuung des JenaKultur-Nachwuchses l\u00e4uft in unserem Team Personal\/Organisation \u2013 unser Blog-Video im Februar 2023. \u00a9JenaKultur, Avocadofilm<\/figcaption><\/figure>\n\n\n\n<h2><a id=\"Philharmonie\"><\/a>Jenaer Philharmonie<\/h2>\n<p>Die <a href=\"https:\/\/www.jenaer-philharmonie.de\/\" target=\"_blank\" rel=\"noopener\">Jenaer Philharmonie<\/a> hat gleicherma\u00dfen auf Bew\u00e4hrtes und auch Neues gesetzt. So kann res\u00fcmiert werden, dass die Einf\u00fchrung des extrem gut nachgefragten Formats des <a href=\"https:\/\/www.jenaer-philharmonie.de\/samstagskonzerte.html\" target=\"_blank\" rel=\"noopener\">Samstagskonzerts<\/a> in der aktuellen Spielzeit schon jetzt als Erfolgsgeschichte angesehen werden kann. Daneben wurde der vielbeachtete <a href=\"https:\/\/www.jenaer-philharmonie.de\/mahler-scartazzini-zyklus.html\" target=\"_blank\" rel=\"noopener\">Mahler-Scartazzini-Zyklus<\/a> der Jenaer Philharmonie und ihres Generalmusikdirektors Simon Gaudenz mit der 6. und 7. Sinfonie Gustav Mahlers und Urauff\u00fchrung der zugeh\u00f6rigen Scartazzini-Prologe im Fr\u00fchjahr fortgesetzt. Zudem erschien am 17. M\u00e4rz das <a href=\"https:\/\/www.jenaer-philharmonie.de\/diskographie.html\" target=\"_blank\" rel=\"noopener\">erste Doppelalbum des Zyklus<\/a>, herausgegeben vom renommierten Plattenlabel Odradek, bei dem bis 2025 der gesamte Zyklus auf CD ver\u00f6ffentlicht wird.<\/p>\n<p>Unter dem Motto &#8222;Wandel mit Musik&#8220; bot der KLANG VON JENA im Juni einen unterhaltsamen Tag f\u00fcr die ganze Familie: Ein Wandelkonzert samt Fahrrad-Performance, gestaltet gemeinsam mit verschiedenen Jenaer Ensembles, lockte das Publikum nach drau\u00dfen und f\u00fchrte auf den Spuren von Carl Zeiss durch die Stadt zum Volkshaus Jena, wo schlie\u00dflich im Sinfonischen Nachmittagskonzert der Jenaer Philharmonie die Br\u00fccke geschlagen wurde zwischen Kunst und der mehr als 175-j\u00e4hrigen Unternehmensgeschichte der <a href=\"https:\/\/www.zeiss.de\/corporate\/home.html\" target=\"_blank\" rel=\"noopener\">Carl Zeiss AG<\/a>.<\/p>\n<p>F\u00fcr den sechsten Fall von <a href=\"https:\/\/de.wikipedia.org\/wiki\/Theresa_Wolff_%E2%80%93_Der_Th%C3%BCringenkrimi\" target=\"_blank\" rel=\"noopener\">Theresa Wolff<\/a> \u2013 &#8222;Passion&#8220; \u2013 stand das Orchester gemeinsam mit Schauspieler Stefan Kurt als Chefdirigent Anfang September zum Spielzeitauftakt f\u00fcr den ZDF-Krimi vor der Kamera. Ausgestrahlt wird die Folge voraussichtlich 2025. Als <a href=\"https:\/\/www.jenaer-philharmonie.de\/artist-in-residence.html\" target=\"_blank\" rel=\"noopener\">Artist in Residence<\/a> der Jenaer Philharmonie ist Stefan Kurt 2024 noch zweimal in Jena zu erleben.<\/p>\n<p><a href=\"#Uebersicht\">[zur\u00fcck zur \u00dcbersicht]<\/a><\/p>\n\n\n\n<figure class=\"wp-block-embed is-type-video is-provider-youtube wp-block-embed-youtube wp-embed-aspect-16-9 wp-has-aspect-ratio\"><div class=\"wp-block-embed__wrapper\">\n<iframe loading=\"lazy\" title=\"Der Knabenchor der Jenaer Philharmonie\" width=\"900\" height=\"506\" src=\"https:\/\/www.youtube.com\/embed\/Z8_fQWQHd0o?feature=oembed\" frameborder=\"0\" allow=\"accelerometer; autoplay; clipboard-write; encrypted-media; gyroscope; picture-in-picture; web-share\" allowfullscreen><\/iframe>\n<\/div><figcaption class=\"wp-element-caption\">F\u00fcr unser Blog-Video im Mai haben wir den Knabenchor der Jenaer Philharmonie besucht. \u00a9JenaKultur, Avocadofilm<\/figcaption><\/figure>\n\n\n\n<h2 id=\"Musik\" class=\"wp-block-heading\"><a id=\"MKS\"><\/a>Musik- und Kunstschule Jena<\/h2>\n<p>Das Jahr 2023 stand ganz im Zeichen des <a href=\"https:\/\/blog.jena.de\/jenakultur\/2023\/09\/01\/hoch-soll-sie-leben\/\" target=\"_blank\" rel=\"noopener\">75. Musikschuljubil\u00e4ums<\/a>. Mit gro\u00dfen Konzertformaten aller Fachbereiche, einem Auftaktkonzert mit den Preistr\u00e4ger:innen des Landeswettbewerbes Jugend musiziert und Ausklang mit dem Kollegium der <a href=\"https:\/\/www.mks-jena.de\/de\/startseite\/548415\" target=\"_blank\" rel=\"noopener\">Musik- und Kunstschule Jena (MKS)<\/a> wurde das breite Portfolio und die hohe Qualit\u00e4t des Hauses einer breiten \u00d6ffentlichkeit pr\u00e4sentiert.<\/p>\n<p>Neu war die eigens f\u00fcr das Jubil\u00e4um organisierte <a href=\"https:\/\/blog.jena.de\/jenakultur\/2023\/05\/05\/von-musik-der-ritter-und-edelfraeuleins-bis-hin-zum-holzblasinstrumentenbau\/\" target=\"_blank\" rel=\"noopener\">Projektwoche<\/a>, mit Exkursionen und fach\u00fcbergreifenden Workshops, die Abwechslung und Zusammenk\u00fcnfte mit anderen Sch\u00fcler:innen erm\u00f6glichten.<\/p>\n<p>Als ganz besonderes Geburtstagsgeschenk wurde das neue Musik- und Jugendkunstschulgesetz Th\u00fcringen wahrgenommen. Trotz der gro\u00dfen Herausforderungen bei der Umsetzung herrscht Freude dar\u00fcber, dass nunmehr 11 weitere festangestellte Lehrkr\u00e4fte begr\u00fc\u00dft werden konnten. An der MKS unterrichten seit dem Schuljahr 23\/24 43 festangestellte Musik- und Kunstp\u00e4dagog:innen und nur noch 46 Honorarkr\u00e4fte.<br>Die F\u00f6rdermittelmittel wurden dar\u00fcber hinaus in zahlreiche Instrumente und in die Ausstattung der Fachr\u00e4ume investiert. Dadurch konnte der Standort weiter als attraktiven Unterrichtsort, aber auch Arbeitsplatz ausgebaut werden.<\/p>\n<p>In den kommenden Jahren wird die Raumknappheit an der MKS eine gro\u00dfe Herausforderung bleiben, dennoch bleibt das gesamte Team optimistisch und hofft, dass vor allem f\u00fcr die Ch\u00f6re, \u00fcbrigens auch die der Jenaer Philharmonie geeignete Probenr\u00e4ume gefunden werden.<\/p>\n<p><a href=\"#Uebersicht\">[zur\u00fcck zur \u00dcbersicht]<\/a><\/p>\n\n\n\n<h2><a id=\"Kulturfoerderung\"><\/a>Kulturf\u00f6rderung<\/h2>\n<p>JenaKultur nimmt auch einige hoheitliche Aufgaben f\u00fcr die Stadt Jena wahr. Eine davon betrifft die Betreuung, Bearbeitung und Abrechnung der <a href=\"https:\/\/www.jenakultur.de\/de\/aufgaben_und_service\/kulturfoerderung\/789494\" target=\"_blank\" rel=\"noopener\">Kulturf\u00f6rderantr\u00e4ge<\/a>. Selbige werden \u2013 nicht selten nach Beratung der Antragsteller:innen \u2013 angenommen, erfasst, den politischen Entscheidungstr\u00e4gern vorgelegt, und nach deren Bewilligung ausgezahlt und abgerechnet u.s.w.<\/p>\n<p><strong>Bewilligte Zuwendungen:<\/strong><\/p>\n<ul>\n<li>6 Optionsf\u00f6rderungen\/mehrj\u00e4hrige F\u00f6rdervereinbarungen (Volumen: 1.748.428 \u20ac)<\/li>\n<li>10 institutionelle F\u00f6rderungen (Volumen: 242.000 \u20ac)<\/li>\n<li>27 Projektf\u00f6rderungen (Volumen: 113.138), dabei liegt die Anzahl der eigereichten Projekte noch immer deutlich unter dem Niveau vor der Coronazeit.<\/li>\n<\/ul>\n<p>Eine Besonderheit ist die im November im Stadtrat beschlossene Verl\u00e4ngerung der gemeinsamen Vereinbarung zur Finanzierung der Theaterhaus Jena gGmbH f\u00fcr die Jahre 2025 bis 2032. In der Pr\u00e4ambel der inzwischen geschlossenen Vereinbarung hei\u00dft es: &#8222;Der Freistaat Th\u00fcringen und die Stadt Jena stimmen darin \u00fcberein, dass in Jena auch k\u00fcnftig ein Sprechtheaterangebot durch die Theaterhaus Jena gGmbH gew\u00e4hrleistet wird. Die Vertragsparteien setzen auf Verl\u00e4sslichkeit und halten am Ziel einer tarifgerechten Verg\u00fctung fest. Die Finanzierungspartner stimmen darin \u00fcberein, dass sich das Theaterhaus Jena auch k\u00fcnftig schwerpunktm\u00e4\u00dfig der Entwicklung des professionellen Theaternachwuchses, der Entwicklung neuer Dramatik und der Erprobung neuer Theaterformen widmet und dass es mit seinem Angebot der besonderen sozialen Struktur in der Universit\u00e4tsstadt Jena Rechnung tr\u00e4gt.&#8220;<\/p>\n<p><a href=\"#Uebersicht\">[zur\u00fcck zur \u00dcbersicht]<\/a><\/p>\n\n\n\n<h2 id=\"Controlling\" class=\"wp-block-heading\"><a id=\"Controlling\"><\/a>Controlling<\/h2>\n<p>Insgesamt haben wir 58 Vergaben mit einem Wert \u00fcber 10.000 \u20ac \u00fcber die e-Vergabeplattform ausgeschrieben. Davon mussten 6 Ausschreibungen (meist aufgrund fehlender Angebote) aufgehoben und erneut durchgef\u00fchrt werden.<\/p>\n<figure class=\"wp-block-table\">\n<table style=\"width: 100%;height: 327px\">\n<tbody>\n<tr style=\"height: 30px\">\n<td style=\"height: 30px\"><strong>&nbsp;<\/strong> <strong>Bereich<\/strong><\/td>\n<td style=\"height: 30px\"><strong>Anzahl Vergaben<\/strong><\/td>\n<\/tr>\n<tr style=\"height: 27px\">\n<td style=\"height: 27px\">Ernst-Abbe-B\u00fccherei Jena<\/td>\n<td style=\"height: 27px\">20<\/td>\n<\/tr>\n<tr style=\"height: 30px\">\n<td style=\"height: 30px\">Bereich Veranstaltungen<\/td>\n<td style=\"height: 30px\">15<\/td>\n<\/tr>\n<tr style=\"height: 30px\">\n<td style=\"height: 30px\">JenaKultur \u00fcbergreifend<\/td>\n<td style=\"height: 30px\">7<\/td>\n<\/tr>\n<tr style=\"height: 30px\">\n<td style=\"height: 30px\">Jenaer Philharmonie<\/td>\n<td style=\"height: 30px\">4<\/td>\n<\/tr>\n<tr style=\"height: 30px\">\n<td style=\"height: 30px\">Musik- und Kunstschule Jena<\/td>\n<td style=\"height: 30px\">3<\/td>\n<\/tr>\n<tr style=\"height: 30px\">\n<td style=\"height: 30px\">Tourismus\/Convention<\/td>\n<td style=\"height: 30px\">3<\/td>\n<\/tr>\n<tr style=\"height: 30px\">\n<td style=\"height: 30px\">Marketing<\/td>\n<td style=\"height: 30px\">2<\/td>\n<\/tr>\n<tr style=\"height: 30px\">\n<td style=\"height: 30px\">St\u00e4dtische Museen Jena<\/td>\n<td style=\"height: 30px\">2<\/td>\n<\/tr>\n<tr style=\"height: 30px\">\n<td style=\"height: 30px\">vhs Jena<\/td>\n<td style=\"height: 30px\">2<\/td>\n<\/tr>\n<tr style=\"height: 30px\">\n<td style=\"height: 30px\"><strong>Gesamt<\/strong><\/td>\n<td style=\"height: 30px\"><strong>58<\/strong><\/td>\n<\/tr>\n<\/tbody>\n<\/table>\n<p><a href=\"#Uebersicht\">[zur\u00fcck zur \u00dcbersicht]<\/a><\/p>\n<\/figure>\n\n\n\n<h2 id=\"UK\" class=\"wp-block-heading\"><a id=\"UK\"><\/a>Unternehmenskommunikation<\/h2>\n<p>Neben 40 Mitarbeiter-Infos, zahlreichen Gespr\u00e4chen mit neuen Mitarbeiter:innen und dem Start f\u00fcr die Neuprofilierung der Walter-Dexel-Ehrung, die das <a href=\"https:\/\/www.jenakultur.de\/de\/aufgaben_und_service\/kulturpreise_und_stipendien\/walter-dexel-stipendium_der_stadt_jena\/744506\" target=\"_blank\" rel=\"noopener\">Walter-Dexel-Stipendium<\/a> abl\u00f6sen und k\u00fcnftig alternierend einen Walter-Dexel-Preis und eine Goldene Kulturkarte vergeben wird, begann auch in enger Zusammenarbeit mit dem Theaterhaus Jena der Wettbewerb um den <a href=\"https:\/\/www.jenakultur.de\/de\/aufgaben_und_service\/kulturpreise_und_stipendien\/jakob-michael-reinhold-lenz-preis_der_stadt_jena\/819186\" target=\"_blank\" rel=\"noopener\">JMR-Lenz-Preis<\/a> f\u00fcr Dramatik der Stadt Jena 2024.<\/p>\n<p>Au\u00dferdem arbeiten Unternehmenskommunikation und Marketing eng zusammen. Gemeinsam entstanden 71 Blogbeitr\u00e4ge. Und der sehr aufwendige Prozess des Relaunches des JenaKultur-CD wurde erfolgreich abgeschlossen.<strong><br><\/strong><\/p>\n<p><a href=\"#Uebersicht\">[zur\u00fcck zur \u00dcbersicht]<\/a><\/p>\n\n\n\n<h2><a id=\"Marketing\"><\/a>Marketing<\/h2>\n<p>Diesen CD-Relaunchprozess steuerte ma\u00dfgeblich das Team Marketing. Die Umsetzung und Implementierung erfolgt seit Jahresende schrittweise, z. B. in unserem neuen <a href=\"https:\/\/styleguide.jenakultur.de\/\" target=\"_blank\" rel=\"noopener\">Styleguide<\/a>.<\/p>\n<p>Neben allen anderen wichtigen Marketingprozessen und Werbema\u00dfnahmen k\u00fcmmerte sich das Team auch um die Vermarktung des neuen Projekts &#8222;Schranken Los!&#8220;.<\/p>\n<p>Gleichzeitig wurde stetig am <a href=\"https:\/\/www.jena-veranstaltungen.de\/\" target=\"_blank\" rel=\"noopener\">Veranstaltungskalender Jena<\/a> gearbeitet, dessen Angebotsvielfalt und Reichweite weiter steigt. Hierf\u00fcr und f\u00fcr zahlreiche andere Online-Tools bot das Team regelm\u00e4\u00dfige interne und externe Schulungen an.<\/p>\n<p><a href=\"#Uebersicht\">[zur\u00fcck zur \u00dcbersicht]<\/a><\/p>\n\n\n\n<figure class=\"wp-block-embed is-type-video is-provider-youtube wp-block-embed-youtube wp-embed-aspect-16-9 wp-has-aspect-ratio\"><div class=\"wp-block-embed__wrapper\">\n<iframe loading=\"lazy\" title=\"SCHRANKEN LOS JENA 2023\" width=\"900\" height=\"506\" src=\"https:\/\/www.youtube.com\/embed\/4IJjgz3uRDM?feature=oembed\" frameborder=\"0\" allow=\"accelerometer; autoplay; clipboard-write; encrypted-media; gyroscope; picture-in-picture; web-share\" allowfullscreen><\/iframe>\n<\/div><figcaption class=\"wp-element-caption\">Ein besonderes Veranstaltungshighlight 2023 war das &#8222;Schranken Los!&#8220;-Kulturfestival f\u00fcr jedermensch, an dem sich viele unserer Einrichtungen beteiligt haben. Wir waren f\u00fcr den Blog dabei! \u00a9JenaKultur, Avocadofilm<\/figcaption><\/figure>\n\n\n\n<h2><a id=\"Kunst-Denkmale\"><\/a>Kunstf\u00f6rderung \/ Denkmale<\/h2>\n<p>Am 11. April 2023 wurde neben dem Angergymnasium in der Karl-Liebknecht-Stra\u00dfe in Jena-Ost auf Initiative des Arbeitskreises &#8222;Sprechende Vergangenheit&#8220; eine neue Gedenkstele in Erinnerung an den Todesmarsch von \u00fcber 4.000 H\u00e4ftlingen aus dem KZ Buchenwald im April 1945 eingeweiht. Die Stele widmet sich insbesondere dem Holocaust-\u00dcberlebenden Robert B\u00fcchler, der als 16-J\u00e4hriger den Marsch durchleben musste, bei Eisenberg fliehen konnte und nach Israel auswanderte.<\/p>\n<p>Am 19. Oktober 2023 wurden ebenfalls in Kooperation mit dem AK &#8222;Sprechende Vergangenheit&#8220; vor der ehemaligen Kinderklinik in der Kochstra\u00dfe 7 neue Stolpersteine und 1 erkl\u00e4render Kopfstein gesetzt, die an das Schicksal ermordeter kranker Kinder in der NS-Zeit erinnern.<\/p>\n<p>An den Kunstobjekten im \u00f6ffentlichen Raum in Lobeda-Ost und Lobeda-West wurde eine einheitliche Messingbeschilderung angebracht. Die einheitliche Beschilderung wird in 2024 im Stadtzentrum fortgesetzt.<\/p>\n<p>Das Kriegerdenkmal in Cospeda wurde grundhaft instand gesetzt.<\/p>\n<p>Die <a href=\"https:\/\/www.jenakultur.de\/de\/aufgaben_und_service\/denkmal-_und_kulturfoerderung\/lobdeburg\/605875\" target=\"_blank\" rel=\"noopener\">Lobdeburg<\/a> erhielt eine im Stil der <a href=\"https:\/\/www.natura-jenensis.de\/\" target=\"_blank\" rel=\"noopener\">natura jenensis<\/a> entwickelte Tafel mit Informationen, Pl\u00e4nen und Fotos zur Geschichte und baulichen Entwicklung der Burgruine.<\/p>\n<p>Die 2022 mit dem <a href=\"https:\/\/www.jenakultur.de\/de\/aufgaben_und_service\/denkmal-_und_kulturfoerderung\/johannistor_und_pulverturm\/605872\" target=\"_blank\" rel=\"noopener\">Stadtmauerensemble Johannistor und Pulverturm<\/a> sowie dem <a href=\"https:\/\/www.jenakultur.de\/de\/aufgaben_und_service\/denkmal-_und_kulturfoerderung\/ernst-abbe-denkmal\/605861\" target=\"_blank\" rel=\"noopener\">Ernst-Abbe-Denkmal<\/a> begonnene Reihe einheitlicher Faltbl\u00e4tter zu Geschichte und baulicher Bedeutung von st\u00e4dtischen Baudenkmalen wurde mit einer neuen Auflage zur Lobdeburg fortgesetzt.<\/p>\n<p>Zum Tag des offenen Denkmals am 10. September waren das Ernst-Abbe-Denkmal sowie das Stadtmauerensemble mit Johannistor und Pulverturm im Rahmen einer Sonder\u00f6ffnung kostenfrei f\u00fcr die Bev\u00f6lkerung zug\u00e4nglich. Zum Weihnachtsmarkt \u00f6ffneten die beiden T\u00fcrme des Stadtmauerensembles jeweils am Wochenende gegen eine kleine Geb\u00fchr zum Erhalt der Bauwerke.<\/p>\n<p><a href=\"#Uebersicht\">[zur\u00fcck zur \u00dcbersicht]<\/a><\/p>\n\n\n\n<h2 id=\"Ernst\" class=\"wp-block-heading\"><a id=\"EAB\"><\/a>Ernst-Abbe-B\u00fccherei Jena<\/h2>\n<p>Die <a href=\"https:\/\/www.stadtbibliothek-jena.de\/de\/startseite\/700073\" target=\"_blank\" rel=\"noopener\">Ernst-Abbe-B\u00fccherei Jena<\/a> war neben der Absicherung des Alltagsgesch\u00e4fts mit diversen Vorbereitungs- und Konzeptprozessen im Kontext des bevorstehenden Einzugs in das neue Domizil am Engelplatz befasst. Dazu geh\u00f6rten zahlreiche Ausschreibungen, etwa f\u00fcr M\u00f6bel, Technik und das Leit- und Orientierungssystem in der ersten Jahresh\u00e4lfte, ab Herbst begannen Montage und Einbau. Im Mai leuchtete zum ersten Mal der neue Schriftzug auf dem Dach.<\/p>\n<p>Au\u00dferdem wurden ein neues Leitbild sowie eine Entwicklungskonzeption f\u00fcr die Jahre 2024 bis 2028 gemeinsam mit dem ganzen Team erarbeitet.<\/p>\n<p>Auch neue Satzung, Geb\u00fchrensatzung und Hausordnung mussten erarbeitet und von den politischen Gremien best\u00e4tigt werden. Herausfordernd war die Umsetzung der neuen Teamstruktur (Organigramm) nach einem mehrj\u00e4hrigen Planungsprozess (Teams: Bestandsmanagement, Benutzungsservice, Bibliothekssp\u00e4dagogik\/Kulturelle Bildung, Zweigbibliothek Lobeda, \u00d6ffentlichkeitsarbeit, Verwaltung mit Teamleitern).<\/p>\n<p>Im Mai erhielt die Einrichtung aus den H\u00e4nden des Oberb\u00fcrgermeisters das <a href=\"https:\/\/www.stadtbibliothek-jena.de\/de\/aktuelles\/987740\" target=\"_blank\" rel=\"noopener\">&#8222;G\u00fctesiegel interkulturell orientierte Einrichtung&#8220;.<\/a><\/p>\n<p>Viel Aufregung brachte der Absturz der Zwischendecke im Erdgeschoss des Zwischenquartiers der Augenklinik, der eine reichliche Woche Schlie\u00dfzeit nach sich zog.<\/p>\n<p>Veranstaltungsseitig gab es \u00fcbers Jahr folgende <strong>Highlights<\/strong>:<\/p>\n\n\n\n<div class=\"wp-block-columns is-layout-flex wp-container-core-columns-is-layout-9d6595d7 wp-block-columns-is-layout-flex\">\n<div class=\"wp-block-column is-layout-flow wp-block-column-is-layout-flow\">\n<p><strong>M\u00e4rz<\/strong><\/p>\n<ul>\n<li>Auftakt zur Sternenlese 2023 mit Vera Weidenbach und Nils Westerboer<\/li>\n<\/ul>\n<p><strong>April<\/strong><\/p>\n<ul>\n<li><a href=\"https:\/\/www.stadtbibliothek-jena.de\/de\/aktuelles\/980438\" target=\"_blank\" rel=\"noopener\">Lesefr\u00fchling<\/a>, u. a. mit Christine Westermann, Theresa Pleitner, Anne<\/li>\n<\/ul>\n<p><strong>Juni<\/strong><\/p>\n<ul>\n<li>Lesung und Gespr\u00e4ch mit Dirk Oschmann, Katrin G\u00f6ring-Eckardt, Margit Franz und Friedrich Herrmann<\/li>\n<\/ul>\n<p><strong>August<\/strong><\/p>\n<ul>\n<li>Verschiedene Programme in den Sommerferien: Bibokidsmagazin Nr. 3, XXL-Spielenachmittag, B\u00fccherturmlesen, usw.<\/li>\n<li>Start der Projektphase <a href=\"https:\/\/smartcity.jena.de\/node\/6\" target=\"_blank\" rel=\"noopener\">Smart City<\/a> \u2013 Teilnahme im Handlungsfeld 3: Bildung, Kultur und Soziales, Teilprojekt &#8222;Lernr\u00e4ume der Zukunft&#8220; mit dem Konzept &#8222;Weiterentwicklung der Ernst-Abbe-B\u00fccherei zu einer smarten, inklusiven Bibliothek f\u00fcr alle&#8220;<\/li>\n<\/ul>\n<p><strong>September<\/strong><\/p>\n<ul>\n<li>Aktionstag zum Weltalzheimertag mit Demenz-Parcour und Lesung<\/li>\n<\/ul>\n<\/div>\n\n\n\n<div class=\"wp-block-column is-layout-flow wp-block-column-is-layout-flow\">\n<p><strong>Oktober<\/strong><\/p>\n<ul>\n<li>Veranstaltung zum German-American-Friendship-Day am 6. Oktober mit den Jenaer Oberb\u00fcrgermeister, dem Amerikanischen Konsul Crosby, der Autorin Tracy Fuad und Jugendlichen mit einem Workshop &#8222;Creative Writing&#8220;<\/li>\n<\/ul>\n<p><strong>November<\/strong><\/p>\n<ul>\n<li>Abschlussfest der Mitmachaktion &#8222;B\u00fccherturmlesen&#8220; \u2013 Challenge: Kinder lesen so viele B\u00fccher, dass diese gestapelt die H\u00f6he der neuen Bibliothek mit 16,4 m ergeben. Fest mit Lesung (Hubert Schirneck) \u2013 122 Kinder haben insgesamt knapp 30 Meter hohen B\u00fccherturm erlesen<\/li>\n<li>Leset\u00fcten\u00fcbergaben an alle Jenaer Grundschulen durch EAB-Team<\/li>\n<li>Ausverkaufte Sternenlese mit Mark Waschke<\/li>\n<li>Ausverkaufte Sternenlese mit Astronaut Matthias Maurer<\/li>\n<\/ul>\n<p><strong>Dezember<\/strong><\/p>\n<ul>\n<li>Er\u00f6ffnungstermin des Neubaus am 25. M\u00e4rz wird ver\u00f6ffentlichtAusverkaufte Kinder-Sternenlese mit Torben Kuhlmann<\/li>\n<\/ul>\n<\/div>\n<\/div>\n\n\n\n<p><a href=\"#Uebersicht\">[zur\u00fcck zur \u00dcbersicht]<\/a><\/p>\n\n\n\n<figure class=\"wp-block-embed is-type-video is-provider-youtube wp-block-embed-youtube wp-embed-aspect-16-9 wp-has-aspect-ratio\"><div class=\"wp-block-embed__wrapper\">\n<iframe loading=\"lazy\" title=\"Baufortschritte in der neuen Ernst-Abbe-B\u00fccherei Jena\" width=\"900\" height=\"506\" src=\"https:\/\/www.youtube.com\/embed\/3lamBJ0f630?feature=oembed\" frameborder=\"0\" allow=\"accelerometer; autoplay; clipboard-write; encrypted-media; gyroscope; picture-in-picture; web-share\" allowfullscreen><\/iframe>\n<\/div><figcaption class=\"wp-element-caption\">In unserer Blodvideo-Reihe begleiten wir den Neubau der Ernst-Abbe-B\u00fccherei Jena von Beginn an. So auch im Juli 2023 beim Interview und Gang durch die Baustelle. \u00a9JenaKultur, Avocadofilm<\/figcaption><\/figure>\n\n\n\n<h2><a id=\"vhs\"><\/a>Volkshochschule Jena<\/h2>\n<p>Die <a href=\"https:\/\/www.vhs-jena.de\/de\/startseite\/649270\" target=\"_blank\" rel=\"noopener\">Volkshochschule Jena<\/a> hat in 2023 in besonderer Weise damit begonnen, das in 2022 angemietete vhs-Seminarzentrum in der Grietgasse 6 umfangreich mit Seminaren\/Kursen zu belegen. Die Ausstattung aller R\u00e4ume mit Smartboards, St\u00fchlen und Tischen konnte ebenfalls realisiert werden. Damit konnten sich die vielen Vorteile der explizit f\u00fcr die vhs angemieteten Seminarr\u00e4ume in 2023 erstmals entfalten und neue Formate und Kurszeiten eingef\u00fchrt werden.<\/p>\n<p>Mit Bewilligung in 2023 kann nun eines der gr\u00f6\u00dften und langfristigsten Projekte der vhs Jena gestartet werden: der Probierladen, ein Projekt im Rahmen der Smart City-Initiative f\u00fcr die Information, Beratung und Fortbildung bzgl. digitaler Grundkompetenzen der B\u00fcrger:innen der Stadt Jena. Das Projekt hat eine Laufzeit bis August 2027, wird drei Mitarbeitende besch\u00e4ftigen und umfasst eine F\u00f6rdersumme von rund 1,2 Mio. Euro. Es ist damit eines der gr\u00f6\u00dften Einzelprojekte in der gesamten Smart City-Initiative der Stadt Jena.<\/p>\n<p>Dar\u00fcber hinaus wurden Landesmittel f\u00fcr die Ausgestaltung einer Stelle im Bereich der politischen Bildung bis Ende 2024 genehmigt. Hierbei engagiert sich die vhs Jena insbesondere in der Kooperation mit schulischen Einrichtungen und damit in der Zielgruppe im Alter ab 16 Jahren bis ins hohe Erwachsenenalter. Dabei stehen politische Bildung und Demokratieteilhabe im Vordergrund. Im Rahmen dessen wurden auch Vorbereitungen getroffen f\u00fcr eine Umsetzung des vom Stadtrat beschlossenen NS-Gedenkkonzeptes in Federf\u00fchrung der vhs Jena.<\/p>\n<p>Eine besondere Herausforderung f\u00fcr die vhs lag darin, der rasant anwachsenden Nachfrage nach der M\u00f6glichkeit eines nachholenden Schulabschlusses gerecht zu werden. Mit historischem H\u00f6chststand wurden vier Abschlussklassen (Haupt- und Realschule, Abitur) er\u00f6ffnet.<\/p>\n<p>Im November 2023 fand im Volkshaus Jena die Bundesfachkonferenz Sprachen des Deutschen Volkshochschulverbandes statt. Es war der vhs Jena gelungen, diese Tagung nach Jena zu holen, sich ma\u00dfgeblich an der Organisation, Finanzierung und Durchf\u00fchrung zu beteiligen. Die R\u00fcckmeldungen waren durchgehend positiv und gereichten der Stadt Jena zu allen Ehren.<\/p>\n<p>Im Mai 2023 erfolgte die <a href=\"https:\/\/blog.jena.de\/jenakultur\/2023\/05\/31\/die-volkshochschule-jubiliert\/\" target=\"_blank\" rel=\"noopener\">Retestierung<\/a> durch IWIS. Damit weist die vhs Jena ein Qualit\u00e4tsmanagementsystem nach, das f\u00fcr die Anerkennung als \u00f6ffentlich gef\u00f6rderte Einrichtung der Erwachsenenbildung essentiell ist.<\/p>\n<p>Im Juni 2023 ging die vhs Jena mit einem <a href=\"https:\/\/www.instagram.com\/vhs.jena\/\" target=\"_blank\" rel=\"noopener\">Instagram-Profil<\/a> an den Start und hat damit einen weiteren und sehr wichtigen Kanal zur Wahrnehmungsst\u00e4rkung und Werbung in eigener Sache. Gleichzeitig wurde dies zum Anlass genommen, die \u00d6ffentlichkeitsarbeit der vhs Jena strategisch, inhaltlich und in Bezug auf die Verantwortlichkeiten neu zu regeln.<\/p>\n<p>Im September holte die vhs Jena das Digi-Mobil des vhs-Landesverbandes Niedersachsen nach Jena und machte einen Tag lang auf die digitalen Angebote der vhs Jena aufmerksam. Dabei entstand auch ein sehr sch\u00f6ner Beitrag von <a href=\"https:\/\/www.jenatv.de\/mediathek\/73659\/Digitalisierung_im_Fokus_In_der_Innenstadt_praesentierte_die_vhs_den_Roboter_Pepper.html\" target=\"_blank\" rel=\"noopener\">JenaTV<\/a>.<\/p>\n<p><a href=\"#Uebersicht\">[zur\u00fcck zur \u00dcbersicht]<\/a><\/p>\n\n\n\n<h2><a id=\"Museen\"><\/a>St\u00e4dtische Museen Jena<\/h2>\n<p>Das Jahr begann mit den bereits im Herbst bzw. zu Jahresende 2022 er\u00f6ffneten Wechselausstellungen:<\/p>\n<ul>\n<li>Athen an der Saale. Laufende Hunde, Akanthusbl\u00e4tter und andere antike Motive in Jena. (<a href=\"https:\/\/www.stadtmuseum-jena.de\/de\/startseite\/677121\" target=\"_blank\" rel=\"noopener\">Stadtmuseum Jena<\/a>)<\/li>\n<li>Frank Siewert. Meister, Monteure, Praktikanten. Zeichnungen und Erg\u00e4nzungen. (<a href=\"https:\/\/www.romantikerhaus-jena.de\/de\/startseite\/678378\" target=\"_blank\" rel=\"noopener\">Romantikerhaus<\/a>)<\/li>\n<li>Sven Johne. Vom Verschwinden. Videos und Fotografie. (<a href=\"https:\/\/www.kunstsammlung-jena.de\/de\/startseite\/678376\" target=\"_blank\" rel=\"noopener\">Kunstsammlung Jena<\/a>)<\/li>\n<li>Vinyl-Ikonen. 60 Jahre Plattencover. (Kunstsammlung Jena)<\/li>\n<\/ul>\n<p>Insgesamt konnten wir im Verlauf des Jahres 2023 drei neue Ausstellungen im Romantikerhaus er\u00f6ffnen:<\/p>\n<ul>\n<li>Frank Hoffmann \u2013 Buffo transzendental. Malerei, Arbeiten auf Papier und Objekte.<\/li>\n<li>Im Zeichen der Palme. 30 Jahre Literaturzeitschrift PALMBAUM.<\/li>\n<li>Romantik schwarz-wei\u00df? Franz\u00f6sische Druckgrafik des 19. Jahrhunderts.<\/li>\n<\/ul>\n<p>Sowie drei neue Wechselausstellungen im Stadtmuseum:<\/p>\n<ul>\n<li>Doppelausstellung Fotografie aus Jena: &#8222;Mut.Wut.Hoffnung.&#8220; und &#8222;Jena 1989 \u2013 Vor der Wende.&#8220;<\/li>\n<li>Ich wollte immer nur spielen. Das Lebenswerk der Keramikerin Ulli Wittich-Gro\u00dfkurth.<\/li>\n<li>Geschichte aus Gruben und Scherben. Grabungen im Gebiet der Altstadt von Jena.<\/li>\n<\/ul>\n<p>Und f\u00fcnf neue Austellungen in der Kunstsammlung:<\/p>\n<ul>\n<li>Charles Fr\u00e9ger. Wilder Mann. Fotografien.<\/li>\n<li>Harald Reiner Gratz. Abendland. Malerei.<\/li>\n<li>Der gro\u00dfe Schwof. Feste Feiern im Osten. Fotografien.<\/li>\n<li>Frida Mentz-Kessel. Malerei. Zeichungen. Druckgrafik. Keramik.<\/li>\n<li>Muliples. Sammlung Opitz-Hoffmann.<\/li>\n<\/ul>\n<p>Es gab \u00fcber das Jahr auch wieder ein vielf\u00e4ltiges Veranstaltungsprogramm. Neben vielen \u00f6ffentlichen F\u00fchrungen in den Ausstellungen gab es K\u00fcnstler:innengespr\u00e4che, Lesungen, Podiumsdiskussionen und Filmvorf\u00fchrungen. Besonders gefreut haben wir uns \u00fcber den Besuch von Andrea Wulf, die ihre &#8222;Fabelhaften Rebellen&#8220; in einer Kooperationsveranstaltung mit dem <a href=\"https:\/\/planetarium-jena.de\/\" target=\"_blank\" rel=\"noopener\">Zeiss-Plantarium Jena<\/a> vorstellte, sowie \u00fcber die Lesung von Dirk Oschmann &#8222;Der Osten: Eine westdeutsche Erfrindung&#8220;.<\/p>\n<p>F\u00fcr Kinder konnten wir in 2023 regelm\u00e4\u00dfig einen Kreativnachmittag in unserer <a href=\"https:\/\/www.museen-jena.de\/de\/museumspaedagogik\/museumswerkstatt\/898237\" target=\"_blank\" rel=\"noopener\">Museumswerkstatt<\/a> anbieten. Die &#8222;Offene Museumswerkstatt&#8220; hat sich \u00fcber das Jahr gut etabliert. Daneben gab es aber auch Workshops, Ferienprogramme und spezielle Familienf\u00fchrungen sowie besondere Angebote bei Dein Tag im Paradies, am Internationalen Museumstag, zum &#8222;Schranken Los!&#8220;-Kulturfestival und zum Kindertag. Das Angebot &#8222;Advent mit dem Nussknacker&#8220; im weihnachtlich geschm\u00fcckten Salon des Romantikerhauses war sehr gefragt.<\/p>\n<p>Die Zahl der Besucher:innen ist gegen\u00fcber 2022 deutlich gestiegen. Das betraf sowohl die Ausstellungen selbst als auch die einzelnen Veranstaltungen.<\/p>\n<p>In 2023 wurde zum neunten Mal der <a href=\"https:\/\/www.romantikerhaus-jena.de\/de\/unser_haus\/caroline-schlegel-preis\/678521\" target=\"_blank\" rel=\"noopener\">Caroline-Schlegel-Preis<\/a> im Romantikerhaus verliehen. Die Hauptpreistr\u00e4gerin Frau Sandra Gugi\u0107 und der F\u00f6rderpreistr\u00e4ger Herr Maurus Jacobs wurden aus \u00fcber 250 Einsendungen durch eine Jury bestehend aus Dr. Hannes H\u00f6fer, Dr. Sandra Kerschbaumer und Manuel Niedermeier ausgew\u00e4hlt und die Preise in einer Festveranstaltung zum 260. Geburtstag von Carline Schlegel am 02.09.2023 verliehen.<\/p>\n<p>2023 erschienen im Verlag St\u00e4dtische Museen Jena zahlreiche <a href=\"https:\/\/www.museen-jena.de\/de\/publikationen\/679446\" target=\"_blank\" rel=\"noopener\">Publikationen<\/a>. Darunter die Ausstellungskataloge &#8222;Frank Hoffmann. Buffo Transzendental&#8220;, &#8222;Romantik schwarz-wei\u00df?&#8220;, &#8222;Ein lebenslanges Staunen. Zum fotografischen Schaffen von Guntard Linde&#8220;, &#8222;Arch\u00e4ologie in der Altstadt von Jena&#8220; sowie &#8222;Harald Reiner Gratz. Abendland&#8220;, &#8222;Der gro\u00dfe Schwof \u2013 Feste feiern im Osten&#8220; und &#8222;Multiples&#8220;. Dabei entstand \u00fcber den Sommer eine sehr gro\u00dfe Nachfrage nach dem <a href=\"https:\/\/www.kunstsammlung-jena.de\/de\/publikationen\/989919\" target=\"_blank\" rel=\"noopener\">Ausstellungskatalog &#8222;Schwof&#8220;<\/a>, was uns zeitweise an unsere Grenzen f\u00fchrte und der zwischenzeitlich auch restlos ausverkauft ist. Mit finanzieller Unterst\u00fctzung von <a href=\"https:\/\/www.stadtwerke-jena.de\/wohnen.html\" target=\"_blank\" rel=\"noopener\">jenawohnen<\/a> konnte auch wieder eine Ausgabe des <a href=\"https:\/\/www.stadtmuseum-jena.de\/de\/publikationen\/992500\" target=\"_blank\" rel=\"noopener\">Jenaer Wochenkalenders<\/a> erscheinen, der ebenfalls zu Jahresende ausverkauft war. In 2024 zeigt der Kalender, der bereits seit 1998 erscheint, Fotografien zum Thema &#8222;Brunnen in Jena&#8220;.<\/p>\n<p>Eine Vielzahl von technischen und baulichen Ma\u00dfnahmen hat uns in 2023 besch\u00e4ftigt. So gab es im Vorfeld der Bauma\u00dfnahme &#8222;Sanierung Feuerl\u00f6schanlage und Trinkwassernetz&#8220; unseres Vermieters <a href=\"https:\/\/www.kij.de\/de\/startseite\/738966\" target=\"_blank\" rel=\"noopener\">KIJ<\/a> in der G\u00f6hre am Markt 7 bereits mehrere kleinere Havarien. Im Herbst begannen unsere Arbeiten zur Schaffung der notwendigen Baufreiheit, bevor dann im November mit Aufnahme der Bauarbeiten die G\u00f6hre ihren Besucherbetrieb f\u00fcr fast sieben Wochen einstellen musste. Der erste Bauabschnitt konnte in 2023 nicht vollst\u00e4ndig abgeschlossen werden, wir waren aber in der Lage, kurz vor Jahreswechsel f\u00fcr die Besucher:innen wieder zu \u00f6ffnen. Die technische Ausstattung der Museumswerkstatt wurde komplettiert und durch entsprechende Umr\u00fcstung der Schlie\u00dfanlage ist nun auch eine Nutzung separat vom Museum insgesamt m\u00f6glich.<\/p>\n<p>Im Fr\u00fchjahr ging der <a href=\"https:\/\/www.instagram.com\/romantikerhausjena\/\" target=\"_blank\" rel=\"noopener\">Instagram-Account<\/a> des Romantikerhauses an den Start und erfreut sich seitdem einer wachsenden Zahl von Followern. Der Prozess zur Erarbeitung der Museumskonzeption wurde wieder aufgenommen und konnte 2023, wenn auch nicht abgeschlossen, doch gut vorangebracht werden. Das Museumsfoyer wurde mit neuen M\u00f6beln f\u00fcr die Besucher:innen ausgestattet. Mit der erstmaligen Einstellung eines Museumsp\u00e4dagogen f\u00fcr das Romantikerhaus und nach einigen personellen Wechseln in diesem Jahr ist unser museumsp\u00e4dagogisches Team seit Jahresende komplett.<\/p>\n<p><a href=\"#Uebersicht\">[zur\u00fcck zur \u00dcbersicht]<\/a><\/p>\n\n\n\n<p><em>Nun h\u00e4lt uns bereits 2024 im Bann. Zahlreiche Herausforderungen stehen vor uns, aber auch vieles, worauf wir uns freuen k\u00f6nnen, etwa die Er\u00f6ffnung der neuen Ernst-Abbe-B\u00fccherei am Engelplatz. Verfolgen Sie unsere Geschicke auf unseren Webseiten, in den Medien, aber auch gern hier im Blog, mit dem wir auch immer wieder mal einen besonderen Blick hinter die Kulissen werfen! Wir freuen uns auf Ihre Meinungen, Feedbacks und Anregungen.<\/em><\/p>\n","protected":false},"excerpt":{"rendered":"<p>Das Jahr 2023 stand f\u00fcr den Eigenbetrieb JenaKultur erfreulicherweise ganz im Zeichen der R\u00fcckkehr in die Normalit\u00e4t. Unsere Besucher:innen, Nutzer:innen und G\u00e4ste sind nach der Corona-Pandemie zu uns zur\u00fcckgekommen, wof\u00fcr wir sehr dankbar sind; zahlreiche Angebote waren hervorragend nachgefragt oder sogar ausgebucht. Wir wollen auf die einzelnen Bereiche blicken und noch einmal res\u00fcmieren, was im zur\u00fcckliegenden Jahr alles erreicht wurde.<\/p>\n","protected":false},"author":22,"featured_media":10968,"comment_status":"open","ping_status":"closed","sticky":false,"template":"","format":"standard","meta":{"footnotes":""},"categories":[1,323,11,12,14,13,9,706,15,16,10,17,18,19,20,21,30,24,22,23,25,26,27,28,29],"tags":[930,1011,430],"class_list":["post-11632","post","type-post","status-publish","format-standard","has-post-thumbnail","hentry","category-allgemein","category-mice","category-denkmale","category-eab","category-jena-tourist-information","category-jenaer-philharmonie","category-jenakultur","category-kultur-in-jena","category-kulturarena","category-kulturfoerderung","category-kulturpolitik","category-kulturpreise-stipendien","category-kunstsammlung","category-maerkte-stadtfeste","category-mks","category-romantikerhaus","category-sonderprojekte","category-staedtische-museen","category-stadtmuseum","category-stadtteilzentrum","category-tourismus","category-villa-rosenthal","category-volksbad","category-volkshaus","category-vhs","tag-930","tag-bilanz","tag-jahresrueckblick"],"_links":{"self":[{"href":"https:\/\/blog.jena.de\/jenakultur\/wp-json\/wp\/v2\/posts\/11632","targetHints":{"allow":["GET"]}}],"collection":[{"href":"https:\/\/blog.jena.de\/jenakultur\/wp-json\/wp\/v2\/posts"}],"about":[{"href":"https:\/\/blog.jena.de\/jenakultur\/wp-json\/wp\/v2\/types\/post"}],"author":[{"embeddable":true,"href":"https:\/\/blog.jena.de\/jenakultur\/wp-json\/wp\/v2\/users\/22"}],"replies":[{"embeddable":true,"href":"https:\/\/blog.jena.de\/jenakultur\/wp-json\/wp\/v2\/comments?post=11632"}],"version-history":[{"count":94,"href":"https:\/\/blog.jena.de\/jenakultur\/wp-json\/wp\/v2\/posts\/11632\/revisions"}],"predecessor-version":[{"id":11842,"href":"https:\/\/blog.jena.de\/jenakultur\/wp-json\/wp\/v2\/posts\/11632\/revisions\/11842"}],"wp:featuredmedia":[{"embeddable":true,"href":"https:\/\/blog.jena.de\/jenakultur\/wp-json\/wp\/v2\/media\/10968"}],"wp:attachment":[{"href":"https:\/\/blog.jena.de\/jenakultur\/wp-json\/wp\/v2\/media?parent=11632"}],"wp:term":[{"taxonomy":"category","embeddable":true,"href":"https:\/\/blog.jena.de\/jenakultur\/wp-json\/wp\/v2\/categories?post=11632"},{"taxonomy":"post_tag","embeddable":true,"href":"https:\/\/blog.jena.de\/jenakultur\/wp-json\/wp\/v2\/tags?post=11632"}],"curies":[{"name":"wp","href":"https:\/\/api.w.org\/{rel}","templated":true}]}}