{"id":11577,"date":"2024-02-09T07:26:00","date_gmt":"2024-02-09T06:26:00","guid":{"rendered":"https:\/\/blog.jena.de\/jenakultur\/?p=11577"},"modified":"2024-02-07T14:37:58","modified_gmt":"2024-02-07T13:37:58","slug":"deine-ausbildung-bei-jenakultur","status":"publish","type":"post","link":"https:\/\/blog.jena.de\/jenakultur\/2024\/02\/09\/deine-ausbildung-bei-jenakultur\/","title":{"rendered":"Deine Ausbildung bei JenaKultur"},"content":{"rendered":"\n<p><em><a href=\"https:\/\/www.jenakultur.de\/de\/startseite\/605322\" target=\"_blank\" rel=\"noopener\">JenaKultur,<\/a> st\u00e4dtischer Eigenbetrieb f\u00fcr Kultur, Kulturelle Bildung, Marketing und Tourismus, ist nicht nur in dem, was er tut, unglaublich vielf\u00e4ltig, sondern er hat folgerichtig auch eine Belegschaft mit sehr vielen unterschiedlichen Berufs- und Aufgabenfeldern. Im <a href=\"https:\/\/blog.jena.de\/jenakultur\/2023\/10\/27\/wir-begruessen-unsere-neuen-azubis\/\" target=\"_blank\" rel=\"noopener\">Blogbeitrag vom 27.10.2023<\/a> haben wir unsere Auszubildende Pauline Gathge vorgestellt. Es geh\u00f6rt zu einer sch\u00f6nen Tradition, dass Azubis bei JenaKultur auch \u00fcber den Tellerrand ihres gew\u00e4hlten Berufsbildes hinausschauen sollen und deshalb in viele Bereiche hineinschnuppern d\u00fcrfen. Seit Anfang Januar unterst\u00fctzt Pauline erneut den Bereich Personal\/Organisation und wurde diesmal u.a. mit einer besonderen Aufgabe betraut: der Erfassung eingehender Azubi-Bewerbungen.<\/em><\/p>\n<p><em>Wir haben sie gebeten, euch, liebe junge Menschen, die ihr in der beruflichen Orientierung steckt, oder auch Ihnen, liebe Eltern, die Sie Ihren Sohn oder Ihre Tochter dabei unterst\u00fctzen m\u00f6chten, ihren Platz im Arbeitsleben zu finden,\u00a0 einen kleinen Einblick, sowie Tipps und Hinweise rund um die Bewerbung f\u00fcr einen <a href=\"https:\/\/www.jenakultur.de\/de\/wir_ueber_uns\/karriere\/ausbildung\/636443\" target=\"_blank\" rel=\"noopener\">Ausbildungsplatz<\/a> zu geben.\u00a0<\/em><\/p>\n<p>\u00a0<\/p>\n<p><span style=\"font-family: Arial\">Liebe Sch\u00fcler:in, liebe Studierende und Interessierte, <br \/>suchst du eine attraktive Ausbildung mit Entwicklungsm\u00f6glichkeiten? Dann bewirb dich bei JenaKultur.<br \/><\/span><\/p>\n<p>Nachdem ich meine Bewerbung im Februar 2023 abgeschickt hatte, dauerte es einige Wochen, bis ich eine R\u00fcckmeldung erhalten habe. Dies hing damit zusammen, dass die Bewerbungsfrist recht lang war und erst nach Ende dieser Frist eine Bewerbersichtung durch JenaKultur (Team Personal\/Organisation gemeinsam mit den zust\u00e4ndigen Ausbilder:innen und Einrichtungsleiter:innen) erfolgt ist.<\/p>\n<p>Deshalb: wundert euch nicht, wenn ihr nicht innerhalb weniger Tage eine Nachricht erhaltet \u2013 es wird abgewartet, bis alle Bewerbungen innerhalb dieser Frist, aktuell <strong>bis zum 19. Februar 2024<\/strong>, eingegangen sind.<\/p>\n<p>Das ist \u00fcbrigens auch gerade meine Aufgabe: die fortlaufende Bewerbererfassung. Ich pr\u00fcfe alle Bewerbungen auf Vollst\u00e4ndigkeit und trage die Bewerberdaten in eine Liste ein. Fehlende Unterlagen werden dann nachgefordert.<\/p>\n<p>Wenn deine Bewerbung \u00fcberzeugt hat, wirst du zum Vorstellungsgespr\u00e4ch eingeladen. Das war bei mir erst Anfang Mai 2023, werde also nicht ungeduldig, wenn du nicht gleich etwas von uns h\u00f6rst. Erschrick dich auch nicht, wenn dir dann viele Personen im Gespr\u00e4ch gegen\u00fcber sitzen. Bei mir waren es die Leiterin des Teams Personal\/Organisation, die Ausbildungsleitung, die Einrichtungsleitung sowie ein Mitglied der JAV (Jugend-Auszubildenden-Vertretung).<\/p>\n<p>Hier ein paar Tipps, wie du dich auf dein Vorstellungsgespr\u00e4ch vorbereiten solltest:<\/p>\n<ul>\n<li>Informiere dich \u00fcber den Eigenbetrieb und den Bereich, der zu deiner Ausbildung geh\u00f6rt.<\/li>\n<li>Es ist \u00fcberhaupt nicht schlimm, aufgeregt oder nerv\u00f6s zu sein! Sei einfach du selbst!<\/li>\n<li>\u00dcberleg dir Fragen, die du beantwortet haben m\u00f6chtest, oder hake nach, wenn du etwas nicht verstanden hast.<\/li>\n<\/ul>\n<p>Ich war nach dem Gespr\u00e4ch immer noch total aufgeregt und dachte, es ist nicht so gut gelaufen, wie ich es mir erhofft hatte, aber siehe da: jetzt sitze ich hier und schreibe diesen Blogbeitrag. Also lass dich nicht entmutigen, wenn du denkst, du seist nicht \u00fcberzeugend gewesen.<\/p>\n<p>Nach den Gespr\u00e4chen wird eine Entscheidung getroffen. Da wir im \u00f6ffentlichen Dienst sind, muss hier aber auch der Personalrat mit einbezogen werden, und auch dieses Verfahren nimmt wieder etwas Zeit ein, aber ihr erhaltet <u>in jedem Fall<\/u> eine R\u00fcckmeldung von uns.<\/p>\n<p>Kurz und gut: Habt keine Scheu vor der Bewerbung \u2013 wir freuen uns \u00fcber jede einzelne!<\/p>\n<p style=\"text-align: right\">Pauline Gathge <br \/>1. Ausbildungsjahr in der Ausbildung zur Veransatltungskauffrau<\/p>\n<p>\u00a0<\/p>\n<p><em>So, nun hei\u00dft es flott sein, denn am 19. Februar ist Bewerbungsschluss.<br \/><\/em><em>Zum Ausbildungsbeginn am 1. September 2024 bieten wir Ausbildungspl\u00e4tze in drei spannenden und abwechslungsreichen Berufen:<\/em><\/p>\n<p><strong>Kaufmann\/-frau f\u00fcr Tourismus und Freizeit (m\/w\/d)<\/strong><\/p>\n<p><strong>Fachkraft f\u00fcr Veranstaltungstechnik (m\/w\/d)<\/strong><\/p>\n<p><strong>Fachangestellte:r f\u00fcr Medien und Informationsdienste (m\/w\/d)<\/strong><\/p>\n<div class=\"content-inner-right\">\n<div class=\"content-inner-right-area-left col-md-9\">\n<p><em>Weitere Infos finden sich auf unserer <a href=\"https:\/\/www.jenakultur.de\/de\/wir_ueber_uns\/karriere\/ausbildung\/636443\" target=\"_blank\" rel=\"noopener\">Webseite<\/a>!\u00a0 Wir w\u00fcnschen viel Erfolg!<\/em><\/p>\n<p>\u00a0<\/p>\n<\/div>\n<\/div>\n\n\n<div class=\"wp-block-image\">\n<figure class=\"aligncenter size-large\"><img loading=\"lazy\" decoding=\"async\" width=\"1000\" height=\"525\" src=\"https:\/\/blog.jena.de\/jenakultur\/wp-content\/uploads\/sites\/25\/2024\/02\/jenakultur-ihk-wir-bilden-aus-siegel-2024-1000x525.jpg\" alt=\"Siegel der IHK-Kampagne &quot;Wir bilden aus 2024. Jetzt #K\u00f6nnenlernen&quot;\" class=\"wp-image-11594\" srcset=\"https:\/\/blog.jena.de\/jenakultur\/wp-content\/uploads\/sites\/25\/2024\/02\/jenakultur-ihk-wir-bilden-aus-siegel-2024-1000x525.jpg 1000w, https:\/\/blog.jena.de\/jenakultur\/wp-content\/uploads\/sites\/25\/2024\/02\/jenakultur-ihk-wir-bilden-aus-siegel-2024-500x263.jpg 500w, https:\/\/blog.jena.de\/jenakultur\/wp-content\/uploads\/sites\/25\/2024\/02\/jenakultur-ihk-wir-bilden-aus-siegel-2024-768x403.jpg 768w, https:\/\/blog.jena.de\/jenakultur\/wp-content\/uploads\/sites\/25\/2024\/02\/jenakultur-ihk-wir-bilden-aus-siegel-2024.jpg 1200w\" sizes=\"auto, (max-width: 1000px) 100vw, 1000px\" \/><figcaption class=\"wp-element-caption\">Wir unterst\u00fctzen die Ausbildungskampagne der IHK: Jetzt #K\u00d6NNENLERNEN im JenaKulturParadies! \u00a9IHK<\/figcaption><\/figure>\n<\/div>","protected":false},"excerpt":{"rendered":"<p>Suchst Du noch einen Ausbildungsplatz? Dann bewirb Dich bei JenaKultur, dem st\u00e4dtischen Eigenbetrieb f\u00fcr Kultur, Kulturelle Bildung, Marketing und Tourismus. Bei uns findest du interessante Berufsbilder, hast Entwicklungsm\u00f6glichkeiten und genie\u00dft die Voz\u00fcge des \u00f6ffentlichen Dienstes. Wir freuen uns auf deine Bewerbung, die bis zum 19. Februar bei uns sein muss!<\/p>\n","protected":false},"author":22,"featured_media":11611,"comment_status":"open","ping_status":"closed","sticky":false,"template":"","format":"standard","meta":{"footnotes":""},"categories":[9],"tags":[47,1082,46,641],"class_list":["post-11577","post","type-post","status-publish","format-standard","has-post-thumbnail","hentry","category-jenakultur","tag-ausbildung","tag-ausbildung-bei-jenakultur","tag-azubis","tag-personal-organisation"],"_links":{"self":[{"href":"https:\/\/blog.jena.de\/jenakultur\/wp-json\/wp\/v2\/posts\/11577","targetHints":{"allow":["GET"]}}],"collection":[{"href":"https:\/\/blog.jena.de\/jenakultur\/wp-json\/wp\/v2\/posts"}],"about":[{"href":"https:\/\/blog.jena.de\/jenakultur\/wp-json\/wp\/v2\/types\/post"}],"author":[{"embeddable":true,"href":"https:\/\/blog.jena.de\/jenakultur\/wp-json\/wp\/v2\/users\/22"}],"replies":[{"embeddable":true,"href":"https:\/\/blog.jena.de\/jenakultur\/wp-json\/wp\/v2\/comments?post=11577"}],"version-history":[{"count":15,"href":"https:\/\/blog.jena.de\/jenakultur\/wp-json\/wp\/v2\/posts\/11577\/revisions"}],"predecessor-version":[{"id":11620,"href":"https:\/\/blog.jena.de\/jenakultur\/wp-json\/wp\/v2\/posts\/11577\/revisions\/11620"}],"wp:featuredmedia":[{"embeddable":true,"href":"https:\/\/blog.jena.de\/jenakultur\/wp-json\/wp\/v2\/media\/11611"}],"wp:attachment":[{"href":"https:\/\/blog.jena.de\/jenakultur\/wp-json\/wp\/v2\/media?parent=11577"}],"wp:term":[{"taxonomy":"category","embeddable":true,"href":"https:\/\/blog.jena.de\/jenakultur\/wp-json\/wp\/v2\/categories?post=11577"},{"taxonomy":"post_tag","embeddable":true,"href":"https:\/\/blog.jena.de\/jenakultur\/wp-json\/wp\/v2\/tags?post=11577"}],"curies":[{"name":"wp","href":"https:\/\/api.w.org\/{rel}","templated":true}]}}