{"id":11270,"date":"2024-01-12T07:30:00","date_gmt":"2024-01-12T06:30:00","guid":{"rendered":"https:\/\/blog.jena.de\/jenakultur\/?p=11270"},"modified":"2024-01-11T08:18:42","modified_gmt":"2024-01-11T07:18:42","slug":"frida-mentz-kessel","status":"publish","type":"post","link":"https:\/\/blog.jena.de\/jenakultur\/2024\/01\/12\/frida-mentz-kessel\/","title":{"rendered":"Frida Mentz-Kessel"},"content":{"rendered":"\n<h2>Eine K\u00fcnstlerin aus Jena &#8211; neu entdeckt<\/h2>\n<p>\u00a0<\/p>\n\n\n\n<p>Die <a href=\"https:\/\/www.kunstsammlung-jena.de\/de\/startseite\/678376\" data-type=\"link\" data-id=\"https:\/\/www.kunstsammlung-jena.de\/de\/startseite\/678376\" target=\"_blank\" rel=\"noreferrer noopener\">Kunstsammlung Jena<\/a> besitzt eine kleine, aber feine, Kollektion an Werken der K\u00fcnstlerin <a href=\"https:\/\/de.wikipedia.org\/wiki\/Frida_Mentz-Kessel\" target=\"_blank\" rel=\"noreferrer noopener\">Frida Mentz-Kessel<\/a>, die bis 1969 in Jena gelebt hat und einigen \u00e4lteren Mitb\u00fcrger:innen noch bekannt ist. F\u00fcr diese Art nachdr\u00fccklicher Erinnerungen hat das \u201eMalweib\u201c selbst gesorgt, war sie doch oft mit Staffelei und auff\u00e4lligem Sonnenschutz unterwegs, nicht nur in Ahrenshoop, sondern auch hier in Jena: \u201eIch k\u00f6nnte nicht auskommen ohne meine Arbeit und so von Herzen ich meinen Jorg (Georg) liebhab, so bin ich doch ebenso stark ein \u00fcberzeugtes Malweib, vielleicht ist\u2019s ein Ungl\u00fcck und es wird aus keinem was rechtes, aber es ist so wie ich sage.\u201c (1908).<\/p>\n\n\n\n<p>Im Kunstbesitz der Stadt gibt es vor allem Holzschnitte, deren Motive dem direkten Lebens\u00adumfeld der K\u00fcnstlerin entlehnt sind. Einige dieser Arbeiten waren gelegentlich ausgestellt, zuletzt 2017 in der Ged\u00e4chtnisausstellung f\u00fcr Botho Graef, den Spiritus Rector jener Jahre, als Jena vor rund 100 Jahren zu den bedeutenden Schaupl\u00e4tzen der modernen Kunst geworden ist. Die Idee zu dieser Ausstellung entstand erst durch den Kontakt zur Sammlung Hilber in M\u00fcnchen, die den Nachlass der K\u00fcnstlerin verwaltet. Erst durch die Bereitstellung dieser (und einiger anderer) Leihgaben wurde unsere Ausstellung \u00fcberhaupt denkbar und gewann an Kontur. Denn bei Mentz-Kessel gilt wie \u00fcberall: Erst die Kenntnis \u00fcber das Werk erlauben Einsch\u00e4tzung und Wertung. In jedem Falle m\u00f6chten wir mit der Ausstellung dazu beitragen, dass das Werk der K\u00fcnstlerin einen Platz in der Kunstgeschichte bekommt und hoffentlich auch beh\u00e4lt.<\/p>\n\n\n\n<p><\/p>\n\n\n\n<figure class=\"wp-block-gallery has-nested-images columns-default is-cropped wp-block-gallery-1 is-layout-flex wp-block-gallery-is-layout-flex\">\n<figure class=\"wp-block-image size-large\"><img loading=\"lazy\" decoding=\"async\" width=\"663\" height=\"1000\" data-id=\"11282\" src=\"https:\/\/blog.jena.de\/jenakultur\/wp-content\/uploads\/sites\/25\/2024\/01\/jenakultur-frida-mentz-kessel-blog-7-mentzkessel-familienbild1937-663x1000.jpg\" alt=\"Frida Mentz-Kessel Meine Familie, 1931\" class=\"wp-image-11282\" srcset=\"https:\/\/blog.jena.de\/jenakultur\/wp-content\/uploads\/sites\/25\/2024\/01\/jenakultur-frida-mentz-kessel-blog-7-mentzkessel-familienbild1937-663x1000.jpg 663w, https:\/\/blog.jena.de\/jenakultur\/wp-content\/uploads\/sites\/25\/2024\/01\/jenakultur-frida-mentz-kessel-blog-7-mentzkessel-familienbild1937-331x500.jpg 331w, https:\/\/blog.jena.de\/jenakultur\/wp-content\/uploads\/sites\/25\/2024\/01\/jenakultur-frida-mentz-kessel-blog-7-mentzkessel-familienbild1937-768x1159.jpg 768w, https:\/\/blog.jena.de\/jenakultur\/wp-content\/uploads\/sites\/25\/2024\/01\/jenakultur-frida-mentz-kessel-blog-7-mentzkessel-familienbild1937-1018x1536.jpg 1018w, https:\/\/blog.jena.de\/jenakultur\/wp-content\/uploads\/sites\/25\/2024\/01\/jenakultur-frida-mentz-kessel-blog-7-mentzkessel-familienbild1937-457x690.jpg 457w, https:\/\/blog.jena.de\/jenakultur\/wp-content\/uploads\/sites\/25\/2024\/01\/jenakultur-frida-mentz-kessel-blog-7-mentzkessel-familienbild1937.jpg 1200w\" sizes=\"auto, (max-width: 663px) 100vw, 663px\" \/><figcaption class=\"wp-element-caption\">Meine Familie, 1931\n\u00d6l auf Leinwand\n171,5 x 114,5 x 2,5 cm\nsign. und dat. o. r.: F\/Mentz-Kessel\/ 1931.\nKunstsammlung Jena, Inv. Nr. VI, 2231\nSchenkung Dr. Tilman Hilber 2022\n<\/figcaption><\/figure>\n\n\n\n<figure class=\"wp-block-image size-large\"><img loading=\"lazy\" decoding=\"async\" width=\"741\" height=\"1000\" data-id=\"11284\" src=\"https:\/\/blog.jena.de\/jenakultur\/wp-content\/uploads\/sites\/25\/2024\/01\/jenakultur-frida-mentz-kessel-blog-4--neu-mentz-kessel-frida-der-jenzig-oj-iii-576-batik-kopie-741x1000.jpg\" alt=\"Frida Mentz-Kessel: Der Jenzig, o.J.\" class=\"wp-image-11284\" srcset=\"https:\/\/blog.jena.de\/jenakultur\/wp-content\/uploads\/sites\/25\/2024\/01\/jenakultur-frida-mentz-kessel-blog-4--neu-mentz-kessel-frida-der-jenzig-oj-iii-576-batik-kopie-741x1000.jpg 741w, https:\/\/blog.jena.de\/jenakultur\/wp-content\/uploads\/sites\/25\/2024\/01\/jenakultur-frida-mentz-kessel-blog-4--neu-mentz-kessel-frida-der-jenzig-oj-iii-576-batik-kopie-370x500.jpg 370w, https:\/\/blog.jena.de\/jenakultur\/wp-content\/uploads\/sites\/25\/2024\/01\/jenakultur-frida-mentz-kessel-blog-4--neu-mentz-kessel-frida-der-jenzig-oj-iii-576-batik-kopie-768x1037.jpg 768w, https:\/\/blog.jena.de\/jenakultur\/wp-content\/uploads\/sites\/25\/2024\/01\/jenakultur-frida-mentz-kessel-blog-4--neu-mentz-kessel-frida-der-jenzig-oj-iii-576-batik-kopie-1138x1536.jpg 1138w, https:\/\/blog.jena.de\/jenakultur\/wp-content\/uploads\/sites\/25\/2024\/01\/jenakultur-frida-mentz-kessel-blog-4--neu-mentz-kessel-frida-der-jenzig-oj-iii-576-batik-kopie-511x690.jpg 511w, https:\/\/blog.jena.de\/jenakultur\/wp-content\/uploads\/sites\/25\/2024\/01\/jenakultur-frida-mentz-kessel-blog-4--neu-mentz-kessel-frida-der-jenzig-oj-iii-576-batik-kopie-1320x1782.jpg 1320w, https:\/\/blog.jena.de\/jenakultur\/wp-content\/uploads\/sites\/25\/2024\/01\/jenakultur-frida-mentz-kessel-blog-4--neu-mentz-kessel-frida-der-jenzig-oj-iii-576-batik-kopie.jpg 1422w\" sizes=\"auto, (max-width: 741px) 100vw, 741px\" \/><figcaption class=\"wp-element-caption\">Frida Mentz Kessel: VI\/2\nDer Jenzig, o. J.\nWachsbatik, Wandbehang aus Linon\n93 x 68 cm\nmonogr. u. r.: FMK\nKunstsammlung Jena, Inv. Nr. III, 576\n<\/figcaption><\/figure>\n\n\n\n<figure class=\"wp-block-image size-large\"><img loading=\"lazy\" decoding=\"async\" width=\"1000\" height=\"902\" data-id=\"11285\" src=\"https:\/\/blog.jena.de\/jenakultur\/wp-content\/uploads\/sites\/25\/2024\/01\/jenakultur-frida-mentz-kessel-blog-5-mentz-kessel-frida-der-umgang-um1905-holzschnitt-1-1000x902.jpg\" alt=\"Frida Mentz-Kessel: Der Umgang\" class=\"wp-image-11285\" srcset=\"https:\/\/blog.jena.de\/jenakultur\/wp-content\/uploads\/sites\/25\/2024\/01\/jenakultur-frida-mentz-kessel-blog-5-mentz-kessel-frida-der-umgang-um1905-holzschnitt-1-1000x902.jpg 1000w, https:\/\/blog.jena.de\/jenakultur\/wp-content\/uploads\/sites\/25\/2024\/01\/jenakultur-frida-mentz-kessel-blog-5-mentz-kessel-frida-der-umgang-um1905-holzschnitt-1-500x451.jpg 500w, https:\/\/blog.jena.de\/jenakultur\/wp-content\/uploads\/sites\/25\/2024\/01\/jenakultur-frida-mentz-kessel-blog-5-mentz-kessel-frida-der-umgang-um1905-holzschnitt-1-768x692.jpg 768w, https:\/\/blog.jena.de\/jenakultur\/wp-content\/uploads\/sites\/25\/2024\/01\/jenakultur-frida-mentz-kessel-blog-5-mentz-kessel-frida-der-umgang-um1905-holzschnitt-1-765x690.jpg 765w, https:\/\/blog.jena.de\/jenakultur\/wp-content\/uploads\/sites\/25\/2024\/01\/jenakultur-frida-mentz-kessel-blog-5-mentz-kessel-frida-der-umgang-um1905-holzschnitt-1.jpg 1200w\" sizes=\"auto, (max-width: 1000px) 100vw, 1000px\" \/><figcaption class=\"wp-element-caption\">Frida Mentz-Kessel: Der Umgang, um 1905-Holzschnitt<\/figcaption><\/figure>\n\n\n\n<figure class=\"wp-block-image size-large\"><img loading=\"lazy\" decoding=\"async\" width=\"1000\" height=\"943\" data-id=\"11286\" src=\"https:\/\/blog.jena.de\/jenakultur\/wp-content\/uploads\/sites\/25\/2024\/01\/jenakultur-frida-mentz-kessel-blog-1-mentzkessel-frieda-inv-24139-1000x943.jpg\" alt=\"Frida Mentz-Kessel: \nZirkus,\" class=\"wp-image-11286\" srcset=\"https:\/\/blog.jena.de\/jenakultur\/wp-content\/uploads\/sites\/25\/2024\/01\/jenakultur-frida-mentz-kessel-blog-1-mentzkessel-frieda-inv-24139-1000x943.jpg 1000w, https:\/\/blog.jena.de\/jenakultur\/wp-content\/uploads\/sites\/25\/2024\/01\/jenakultur-frida-mentz-kessel-blog-1-mentzkessel-frieda-inv-24139-500x472.jpg 500w, https:\/\/blog.jena.de\/jenakultur\/wp-content\/uploads\/sites\/25\/2024\/01\/jenakultur-frida-mentz-kessel-blog-1-mentzkessel-frieda-inv-24139-768x724.jpg 768w, https:\/\/blog.jena.de\/jenakultur\/wp-content\/uploads\/sites\/25\/2024\/01\/jenakultur-frida-mentz-kessel-blog-1-mentzkessel-frieda-inv-24139-731x690.jpg 731w, https:\/\/blog.jena.de\/jenakultur\/wp-content\/uploads\/sites\/25\/2024\/01\/jenakultur-frida-mentz-kessel-blog-1-mentzkessel-frieda-inv-24139.jpg 1200w\" sizes=\"auto, (max-width: 1000px) 100vw, 1000px\" \/><figcaption class=\"wp-element-caption\">Frida Mentz-Kessel: \nZirkus, um 1925\nFarblinolschnitt\n55,6 x 60 cm\/ 61,8 x 66,3 cm\nsign. u. r.: FMentzKessel\nbez. u. l.: Handdruck\nKunstsammlung Jena, Inv. Nr. 24 139\n<\/figcaption><\/figure>\n<\/figure>\n\n\n\n<p>Frida Kessel wurde 1878 in Graz geboren und kam 1885 nach Jena, nachdem ihr Vater, Johannes Kessel, als Professor f\u00fcr Ohrenheilkunde an die <a href=\"https:\/\/www.uni-jena.de\/\" target=\"_blank\" rel=\"noreferrer noopener\">Jenaer Universit\u00e4t<\/a> berufen worden war. Ihren ersten Zeichenunterricht erhielt sie schon w\u00e4hrend ihrer Schulzeit bei Berta Froriep und Prof. Otto Rasch in Weimar. Bereits fr\u00fch war sie entschlossen, Malerin zu werden und strebte nach geistiger und materieller Unabh\u00e4ngigkeit. Im Januar 1909 konnte sie ihren Wunsch durchsetzen und begann die Ausbildung an einer privaten Zeichenschule in Prag: \u201eIch bin so aufrichtig gl\u00fccklich, da\u00df mein Geschick mich nach Prag verschlagen hat. \u2026 Nur nach langem Bitten bin ich ,auf kurzen Besuch\u2018 hingelassen worden, um dann in einer Befreiung, die nur ein gefangener Vogel empfinden kann, wenn er fliegt, jeden Tag arbeiten zu d\u00fcrfen!\u201c 1903 durfte sie ihr Studium in M\u00fcnchen an der renommierten Damenakademie der Akademie f\u00fcr Bildende Kunst bei Max Feldbauer fortf\u00fchren. Hier hatten auch Gabriele M\u00fcnter und K\u00e4the Kollwitz zeitweilig studiert. Frida Kessel absolvierte eine strenge, traditionelle Ausbildung, die sie 1910 abschloss.<\/p>\n\n\n\n<p>Geschult an den Grafiken von Thomas Theodor Heine und Olaf Gulbransson, den bekannten Zeichnern der <a href=\"https:\/\/de.wikipedia.org\/wiki\/Simplicissimus\" target=\"_blank\" rel=\"noreferrer noopener\">Satirezeitschrift \u201eSimplicissimus\u201c<\/a>, entwickelte sie eine Vorliebe f\u00fcr eine einfache, reduzierte Formensprache, mit der sie sich bewusst vom Jugendstil absetzte. Ihr bevorzugtes Medium war der Holzschnitt. Bereits in M\u00fcnchen arbeitete sie auch in Ton und vervollkommnete diese Technik ab 1904 in B\u00fcrgel und Mei\u00dfen. Jedoch blieb der Holzschnitt f\u00fcr sie ein wichtiges, das vielleicht wichtigste, Ausdrucksmittel. \u201eIch bin jetzt endlich wiedermal flei\u00dfig und schneide Holz, da\u00df die Sp\u00e4ne fliegen. Das ist ein so fr\u00f6hliche Arbeit f\u00fcr mich, eigentlich gar keine Arbeit, es macht mich immer lustig.\u201c schreibt die K\u00fcnstlerin 1912. Hier konnte sie Abstraktionen wagen und emanzipierte sich von der akademi\u00adschen Kunst des 19. Jahrhunderts. Sie nutzt den Holzschnitt f\u00fcr die Darstellung von Wirklichkeits\u00adausschnitten und f\u00fcr freundlich-sp\u00f6ttische Schilderungen und Charakteri\u00adsierungen ihrer Zeitgenossen. Dabei grenzen sich ihre Arbeiten klar von Karikaturen ab, denn Hauptinhalt ist stets ein malerischer Wirklichkeits\u00adausschnitt. Die Elemente heiterer, nie bissiger Komik sind eher beil\u00e4ufig.<\/p>\n\n\n\n<p>1910 heiratete sie den Historiker Georg Mentz, zog mit ihm endg\u00fcltig nach Jena und wurde Mutter zweier T\u00f6chter. Sie unterhielt Kontakte zum Umfeld des Jenaer Kunst\u00advereins und geh\u00f6rte 1924 zu jenen Jenaer Intellektuellen, die sich f\u00fcr den Erhalt des Bauhauses in Weimar einsetzten. In den 1920er Jahren fertigte sie Farbentw\u00fcrfe f\u00fcr die Apoldaer Stickerei, wirkte an der Ausstattung der Universit\u00e4tskinderklinik mit und war an Ausstellungen in M\u00fcnchen, Prag, Leipzig und Dresden beteiligt. In den 1950er Jahren experimentierte sie mit der Technik der Batik. Sie starb 1969 im Alter von fast 91 Jahren in Jena.<\/p>\n\n\n\n<p>In Jena war Frida Mentz-Kessel mehrfach an den Kollektivausstellungen der Jenaer K\u00fcnstler und K\u00fcnstlerinnen beteiligt. 1912 waren ihre Werke in der internationalen K\u00fcnstlerinnen-Ausstellung zu sehen. Mit Blick auf das neue Jahr schrieb sie: \u201eIm Januar wollen wir in dem immer halb sterbenden hiesigen <a href=\"https:\/\/www.jenaer-kunstverein.de\/wir-ueber-uns\/\" target=\"_blank\" rel=\"noreferrer noopener\">Kunstverein<\/a> ausstellen. Da Botho Graef, der Arch\u00e4ologe aus der Berliner Malerfamilie stammend, die Kritik schreiben wird, kanns ganz lustig werden.\u201c<\/p>\n\n\n\n<p>Die Antwort <a href=\"https:\/\/de.wikipedia.org\/wiki\/Botho_Graef\" target=\"_blank\" rel=\"noreferrer noopener\">Botho Graefs<\/a> in der Jenaischen Zeitung vom 21. Januar 1912 lautet folgenderma\u00dfen: \u201eFrau Frida Mentz-Kessel hat eine Reihe von Holzschnitten ausgestellt, die in Farbe und Bewegung gleich fesselnd sind. Das Portr\u00e4t &#8218;Im alten Seidenkleid&#8216; geh\u00f6rt wohl zu den besten Arbeiten der Ausstellung: das blaugraue Kleid ist au\u00dferordentlich fein und die wenigen warmen T\u00f6ne, die dagegen stehen, heben die Wirkung in vorz\u00fcglicher Weise, und das alles l\u00e4sst den lebendigen Kopf durchaus zur Geltung kommen. Noch interessanter als malerische Leistung ist vielleicht das Portr\u00e4t ihres Gatten in der vollen B\u00e4ndigung der Farben Gelb, Grau und Gr\u00fcn zu einem einheitlichen und besonders luftigen Ton, und bei aller Breite der Behandlung ist es \u00e4hnlich und charakteristisch.\u201c<\/p>\n\n\n\n<p>Die Kunstsammlung Jena w\u00fcrdigt mit dieser Ausstellung eine weitestgehend unbekannte K\u00fcnstlerin und pr\u00e4sentiert der \u00d6ffentlichkeit ein Werk, das heiter und beschwingt daher\u00adkommt, aber gleichzeitig von gro\u00dfem K\u00f6nnen zeugt. Gezeigt wird ein Querschnitt aus ihrem Schaffen \u2013 eine Retrospektive, die angesichts ihres wenig gezeigten Werkes mehr als \u00fcberf\u00e4llig ist.<\/p>\n\n\n\n<p>Das Hauptwerk der Ausstellung ist auch das zugleich gr\u00f6\u00dfte Gem\u00e4lde der Schau: \u201eMeine Familie\u201c aus dem Jahre 1931. Hier verschr\u00e4nken sich Alltag, Familie und Kunst in einem redenden Werk, dass die Mutter im Zentrum der h\u00e4uslichen Situation zeigt. Der Mann, ganz Wissenschaftler, liest ein Buch, den Mittelpunkt aber bildet die Mutter in einem neutralgrauen Kleid. Links oben ist das 1929 errichtete Anwesen der Familie zu sehen, ein modernes Wohnhaus, auf das man sicher zu Recht stolz sein konnte. Dieses f\u00fcr die Jenaer Kunstgeschichte wichtige Gem\u00e4lde wurde der Kunstsammlung Jena im vergangenen Jahr von Dr. Tilman Hilber geschenkt.<\/p>\n\n\n\n<p><\/p>\n\n\n\n<figure class=\"wp-block-image size-large\"><img loading=\"lazy\" decoding=\"async\" width=\"749\" height=\"1000\" src=\"https:\/\/blog.jena.de\/jenakultur\/wp-content\/uploads\/sites\/25\/2024\/01\/jenakultur-frida-mentz-kessel-blog-3-fmk-1955.-foto-gerhard-vetter-749x1000.jpg\" alt=\"Frida Mentz-Kessel, 1955. Foto: Gerhard Vetter\" class=\"wp-image-11289\" srcset=\"https:\/\/blog.jena.de\/jenakultur\/wp-content\/uploads\/sites\/25\/2024\/01\/jenakultur-frida-mentz-kessel-blog-3-fmk-1955.-foto-gerhard-vetter-749x1000.jpg 749w, https:\/\/blog.jena.de\/jenakultur\/wp-content\/uploads\/sites\/25\/2024\/01\/jenakultur-frida-mentz-kessel-blog-3-fmk-1955.-foto-gerhard-vetter-375x500.jpg 375w, https:\/\/blog.jena.de\/jenakultur\/wp-content\/uploads\/sites\/25\/2024\/01\/jenakultur-frida-mentz-kessel-blog-3-fmk-1955.-foto-gerhard-vetter-768x1025.jpg 768w, https:\/\/blog.jena.de\/jenakultur\/wp-content\/uploads\/sites\/25\/2024\/01\/jenakultur-frida-mentz-kessel-blog-3-fmk-1955.-foto-gerhard-vetter-1151x1536.jpg 1151w, https:\/\/blog.jena.de\/jenakultur\/wp-content\/uploads\/sites\/25\/2024\/01\/jenakultur-frida-mentz-kessel-blog-3-fmk-1955.-foto-gerhard-vetter-517x690.jpg 517w, https:\/\/blog.jena.de\/jenakultur\/wp-content\/uploads\/sites\/25\/2024\/01\/jenakultur-frida-mentz-kessel-blog-3-fmk-1955.-foto-gerhard-vetter.jpg 1200w\" sizes=\"auto, (max-width: 749px) 100vw, 749px\" \/><figcaption class=\"wp-element-caption\">Frida Mentz-Kessel, 1955. Foto: Gerhard Vetter<\/figcaption><\/figure>\n\n\n\n<p><em>Entdecken Sie eine Frida Mentz-Kessel, eine K\u00fcnstlerin aus Jena, von der bislang kaum jemand etwas wusste. Wir freuen uns auf Ihren Besuch.<\/em><\/p>\n\n\n\n<p><\/p>\n\n\n\n<p>Bis 17. M\u00e4rz 2024<br>Kunstsammlung Jena, Markt 7, Di bis So von 10 bis 17 Uhr<br><strong>Frida Mentz-Kessel: Malerei, Druckgrafik, Zeichnung, Batik, Keramik<\/strong><\/p>\n","protected":false},"excerpt":{"rendered":"<p>Die Kunstsammlung Jena bietet noch bis zum 17. M\u00e4rz 2023 eine Retrospektive auf das Werk von Frida Mentz-Kessel, die 1969 mit fast 91 Jahren in Jena starb und vielen weitgehend unbekannt ist. Zu unrecht. Denn ihr Werk, das heiter und beschwingt daher kommt, zeugt von gro\u00dfem K\u00f6nnen.<\/p>\n","protected":false},"author":22,"featured_media":11273,"comment_status":"open","ping_status":"closed","sticky":false,"template":"","format":"standard","meta":{"footnotes":""},"categories":[1,18],"tags":[287,671,34,38,1073],"class_list":["post-11270","post","type-post","status-publish","format-standard","has-post-thumbnail","hentry","category-allgemein","category-kunstsammlung","tag-ausstellung","tag-erik-stephan","tag-jena","tag-kunst","tag-menzt-kessel"],"_links":{"self":[{"href":"https:\/\/blog.jena.de\/jenakultur\/wp-json\/wp\/v2\/posts\/11270","targetHints":{"allow":["GET"]}}],"collection":[{"href":"https:\/\/blog.jena.de\/jenakultur\/wp-json\/wp\/v2\/posts"}],"about":[{"href":"https:\/\/blog.jena.de\/jenakultur\/wp-json\/wp\/v2\/types\/post"}],"author":[{"embeddable":true,"href":"https:\/\/blog.jena.de\/jenakultur\/wp-json\/wp\/v2\/users\/22"}],"replies":[{"embeddable":true,"href":"https:\/\/blog.jena.de\/jenakultur\/wp-json\/wp\/v2\/comments?post=11270"}],"version-history":[{"count":10,"href":"https:\/\/blog.jena.de\/jenakultur\/wp-json\/wp\/v2\/posts\/11270\/revisions"}],"predecessor-version":[{"id":11472,"href":"https:\/\/blog.jena.de\/jenakultur\/wp-json\/wp\/v2\/posts\/11270\/revisions\/11472"}],"wp:featuredmedia":[{"embeddable":true,"href":"https:\/\/blog.jena.de\/jenakultur\/wp-json\/wp\/v2\/media\/11273"}],"wp:attachment":[{"href":"https:\/\/blog.jena.de\/jenakultur\/wp-json\/wp\/v2\/media?parent=11270"}],"wp:term":[{"taxonomy":"category","embeddable":true,"href":"https:\/\/blog.jena.de\/jenakultur\/wp-json\/wp\/v2\/categories?post=11270"},{"taxonomy":"post_tag","embeddable":true,"href":"https:\/\/blog.jena.de\/jenakultur\/wp-json\/wp\/v2\/tags?post=11270"}],"curies":[{"name":"wp","href":"https:\/\/api.w.org\/{rel}","templated":true}]}}