{"id":1107,"date":"2019-10-01T07:20:47","date_gmt":"2019-10-01T05:20:47","guid":{"rendered":"https:\/\/blog.jena.de\/jenakultur\/?p=1107"},"modified":"2019-10-01T07:39:15","modified_gmt":"2019-10-01T05:39:15","slug":"89-89-wegbruch-umbruch-aufbruch","status":"publish","type":"post","link":"https:\/\/blog.jena.de\/jenakultur\/2019\/10\/01\/89-89-wegbruch-umbruch-aufbruch\/","title":{"rendered":"89\/\/19: Wegbruch \u2013 Umbruch \u2013 Aufbruch"},"content":{"rendered":"\n<p><strong>Jena und die Revolution(en) von 1989<\/strong><\/p>\n<p>Das Ende der Blockkonfrontation 1989\/90 leitet den \u00dcbergang zu einer neuen Weltordnung ein. Der Z\u00e4surcharakter des Herbstes 1989 zeigt sich in der DDR in der \u201esich \u00fcberschlagenden Wucht und Beschleunigung des historischen Ereignisstroms, der in Monate, Tage, manchmal Stunden zusammenballte, was vordem auf Jahrzehnte unverr\u00fcckbar festgef\u00fcgt schien\u201c, wie es der Zeithistoriker Martin Sabrow formuliert. <br \/>Die Vielschichtigkeit dieses Bruchs greift ein breites Angebot von Veranstaltungen auf, das kirchliche, kulturelle, zivilgesellschaftliche und universit\u00e4re Initiativen in diesem Herbst gemeinsam in Jena anbieten: <a href=\"https:\/\/www.jenakultur.de\/de\/projekte_und_festivals\/30_jahre_friedliche_revolution\/857873\" target=\"_blank\" rel=\"noopener noreferrer\">\u201e89\/\/19: Wegbruch \u2013 Umbruch \u2013 Aufbruch. Jena und die Revolution(en) von 1989\u201c.<\/a><\/p>\n<p><br \/>Der Wegbruch vermeintlich unver\u00e4nderlicher, festgef\u00fcgter Strukturen in Wirtschaft, Politik und Gesellschaft auf dem Gebiet der ehemaligen DDR stand neben Um- und Aufbr\u00fcchen an Schulen, in Betrieben und Beh\u00f6rden. Im Aufbruch befand sich 1989 auch die Gesellschaft der DDR: Viele Menschen stimmten mit den F\u00fc\u00dfen ab durch Ausreise und Flucht in den Westen. Andere fanden den Mut, ihre Unzufriedenheit \u00f6ffentlich zu artikulieren, bei den Kommunalwahlen im Mai 1989 eine \u201eNein\u201c-Stimme gegen den Wahlvorschlag der Nationalen Front abzugeben, an Kundgebungen und Demonstrationen gegen das SED-Regime teilzunehmen, sich den neu entstehenden B\u00fcrgerbewegungen und Parteien anzuschlie\u00dfen, Mitbestimmungsm\u00f6glichkeiten und die Einhaltung grundlegender demokratischer Rechte einzufordern.<\/p>\n<p><br \/>Im Vordergrund des Veranstaltungsprogramms stehen vor allem die lokalen Ereignisse in Jena. Der <a href=\"https:\/\/www.jena-veranstaltungen.de\/veranstaltungen\/26-10-2019-9-tag-der-stadtgeschichte-jena-89-eine-stadt-im-ausnahmezustand-1\" target=\"_blank\" rel=\"noopener noreferrer\">Tag der Stadtgeschichte<\/a> beleuchtet am 26. Oktober unter dem Motto \u201eJena `89: Eine Stadt im Ausnahmezustand\u201c die Auswirkungen der gesellschaftlichen, politischen und wirtschaftlichen Krise auf die Stadt Jena und fragt in Gespr\u00e4chen mit Zeitzeug*innen u. a. danach, wie am Arbeitsplatz mit dem Verlust von ausgereisten oder gefl\u00fcchteten KollegInnen umgegangen wurde. Nicht nur die Entstehung lokaler Ableger der B\u00fcrgerbewegungen Neues Forum, Demokratischer Aufbruch und Demokratie Jetzt und die Massenproteste in Jena werden thematisiert, sondern auch die Vorbereitungen der lokalen Sicherheitsorgane auf eine m\u00f6gliche Niederschlagung der Proteste. <br \/>Auch die Rolle der Kirchen f\u00fcr die Entwicklung der Friedlichen Revolution in Jena bildet einen Themenschwerpunkt. So kommen in einem vom Evangelisch-Lutherischen Kirchenkreis Jena organisierten Zeitzeugenforum am 17. Oktober (ehemalige) PfarrerInnen zu Wort, die sich f\u00fcr \u201eFrieden, Gerechtigkeit und die Bewahrung der Sch\u00f6pfung\u201c einsetzten und damit die Ziele der \u00d6kumenischen Versammlung von 1988\/89 in die Reformforderungen der B\u00fcrgerbewegten und Demonstrierenden einbrachten. Die \u00d6kumenische Versammlung und ihre Impulse f\u00fcr die Friedliche Revolution stehen auch im Fokus einer \u201e<a href=\"https:\/\/www.jena-veranstaltungen.de\/veranstaltungen\/17-10-2019-zeitzeugenforum-wir-sehen-das-anders-herr-pfarrer-kirche-in-jena-19892019-im-anschluss-konzert-mit-stephan-krawczyk\" target=\"_blank\" rel=\"noopener noreferrer\">performativen Zeitreise<\/a>\u201c, zu der die Freie B\u00fchne e. V. am 25. Oktober einl\u00e4dt. Interaktiv k\u00f6nnen sich die G\u00e4ste am Jahrestag der ersten Herbstdemonstration in Jena in das Jahr 1989 zur\u00fcckversetzen lassen.<\/p>\n<figure id=\"attachment_1110\" aria-describedby=\"caption-attachment-1110\" style=\"width: 900px\" class=\"wp-caption aligncenter\"><img loading=\"lazy\" decoding=\"async\" class=\"wp-image-1110 size-large\" src=\"https:\/\/blog.jena.de\/jenakultur\/wp-content\/uploads\/sites\/25\/2019\/09\/jenakultur-89-89-wegbruch-umbruch-aufbruch-friedlicherevolution-jenathueraz-joergauweiler-sign-f-aj-012.03-1000x525.jpg\" alt=\"Ortsausgangsschild Jena 1989, umgeschrieben\" width=\"900\" height=\"473\" srcset=\"https:\/\/blog.jena.de\/jenakultur\/wp-content\/uploads\/sites\/25\/2019\/09\/jenakultur-89-89-wegbruch-umbruch-aufbruch-friedlicherevolution-jenathueraz-joergauweiler-sign-f-aj-012.03-1000x525.jpg 1000w, https:\/\/blog.jena.de\/jenakultur\/wp-content\/uploads\/sites\/25\/2019\/09\/jenakultur-89-89-wegbruch-umbruch-aufbruch-friedlicherevolution-jenathueraz-joergauweiler-sign-f-aj-012.03-500x263.jpg 500w, https:\/\/blog.jena.de\/jenakultur\/wp-content\/uploads\/sites\/25\/2019\/09\/jenakultur-89-89-wegbruch-umbruch-aufbruch-friedlicherevolution-jenathueraz-joergauweiler-sign-f-aj-012.03-768x403.jpg 768w, https:\/\/blog.jena.de\/jenakultur\/wp-content\/uploads\/sites\/25\/2019\/09\/jenakultur-89-89-wegbruch-umbruch-aufbruch-friedlicherevolution-jenathueraz-joergauweiler-sign-f-aj-012.03.jpg 1200w\" sizes=\"auto, (max-width: 900px) 100vw, 900px\" \/><figcaption id=\"caption-attachment-1110\" class=\"wp-caption-text\">Th\u00fcrAZ, J\u00f6rg Auweiler<\/figcaption><\/figure>\n<p><br \/>Individuelle Weg-, Um- und Aufbr\u00fcche, die aus den Transformationen von 1989\/90 f\u00fcr die Menschen auf dem Gebiet der ehemaligen DDR resultierten, sollen ebenfalls Teil der Diskussionen sein. Bis heute wirken sich die tiefgreifenden politischen, \u00f6konomischen und sozialen Ver\u00e4nderungen besonders auf die Bev\u00f6lkerung in den neuen Bundesl\u00e4ndern aus. Eine Parit\u00e4t der L\u00f6hne in den alten und neuen L\u00e4ndern ist noch nicht erreicht. Vor allem in Ostdeutschland sind viele unzufrieden mit dem Funktionieren der Demokratie: nur knapp \u00fcber 35 Prozent der Befragten gaben in einer aktuellen Studie der Friedrich-Ebert-Stiftung an, damit zufrieden zu sein. Die Autorin Jana Hensel und der Soziologe Wolfgang Engler f\u00fchren dies besonders darauf zur\u00fcck, dass die Lebensleistung vieler Ostdeutscher nach der \u201eWende\u201c nicht gen\u00fcgend W\u00fcrdigung erfuhr und ein Diskurs \u00fcber Alltagserfahrungen in der DDR im wiedervereinigten Deutschland keinen Raum fand. <br \/>Zwei Gespr\u00e4che thematisieren die Frage nach den Folgen der weitreichenden Ver\u00e4nderungen, nach der Erf\u00fcllung von Hoffnungen, aber auch dem Verfehlen von Zielvorstellungen der Friedlichen Revolution: Am 20. November im Kino im Schillerhof unter dem Motto <a href=\"https:\/\/www.jena-veranstaltungen.de\/veranstaltungen\/20-11-2019-film-und-gesprach-30-jahre-friedliche-revolution-kein-offentliches-interesse\" target=\"_blank\" rel=\"noopener noreferrer\">\u201e30 Jahre Friedliche Revolution! Kein \u00f6ffentliches Interesse?\u201c<\/a> und am 18. Dezember im Paradiescaf\u00e9, u. a. mit dem ehemaligen Bundestagspr\u00e4sidenten Dr. Wolfgang Thierse: <a href=\"https:\/\/www.jena-veranstaltungen.de\/veranstaltungen\/18-12-2019-podiumsgesprach-freiheit-als-herausforderung-30-jahre-friedliche-revolution\" target=\"_blank\" rel=\"noopener noreferrer\">\u201eFreiheit als Herausforderung: 30 Jahre Friedliche Revolution\u201c<\/a>.<\/p>\n<figure id=\"attachment_1114\" aria-describedby=\"caption-attachment-1114\" style=\"width: 900px\" class=\"wp-caption aligncenter\"><img loading=\"lazy\" decoding=\"async\" class=\"wp-image-1114 size-large\" src=\"https:\/\/blog.jena.de\/jenakultur\/wp-content\/uploads\/sites\/25\/2019\/09\/jenakultur-89-89-wegbruch-umbruch-aufbruch-friedlicherevolution-jenathueraz-joergauweiler-sign-f-aj-012.04-1000x525.jpg\" alt=\"Friedliche Revolution in Jena, Eichplatz-Demo\" width=\"900\" height=\"473\" srcset=\"https:\/\/blog.jena.de\/jenakultur\/wp-content\/uploads\/sites\/25\/2019\/09\/jenakultur-89-89-wegbruch-umbruch-aufbruch-friedlicherevolution-jenathueraz-joergauweiler-sign-f-aj-012.04-1000x525.jpg 1000w, https:\/\/blog.jena.de\/jenakultur\/wp-content\/uploads\/sites\/25\/2019\/09\/jenakultur-89-89-wegbruch-umbruch-aufbruch-friedlicherevolution-jenathueraz-joergauweiler-sign-f-aj-012.04-500x263.jpg 500w, https:\/\/blog.jena.de\/jenakultur\/wp-content\/uploads\/sites\/25\/2019\/09\/jenakultur-89-89-wegbruch-umbruch-aufbruch-friedlicherevolution-jenathueraz-joergauweiler-sign-f-aj-012.04-768x403.jpg 768w, https:\/\/blog.jena.de\/jenakultur\/wp-content\/uploads\/sites\/25\/2019\/09\/jenakultur-89-89-wegbruch-umbruch-aufbruch-friedlicherevolution-jenathueraz-joergauweiler-sign-f-aj-012.04.jpg 1200w\" sizes=\"auto, (max-width: 900px) 100vw, 900px\" \/><figcaption id=\"caption-attachment-1114\" class=\"wp-caption-text\">Th\u00fcrAZ, J\u00f6rg Auweiler<\/figcaption><\/figure>\n<p><br \/>Im Programmtitel ist von \u201eRevolution(en)\u201c im Plural die Rede. Nicht in allen Staaten des Ostblocks verlief der Zusammenbruch des Kommunismus friedlich. Das Programm greift die Umbr\u00fcche in Rum\u00e4nien heraus, wo Teile des Ceau\u015fescu-Regimes die Proteste im Dezember 1989 gewaltsam zu unterdr\u00fccken versuchten. Studierende der Volkskunde und der Rum\u00e4nistik der Uni Jena haben auf Grundlage einer Forschungsreise nach Rum\u00e4nien und in die Ukraine eine Ausstellung konzipiert, die sich u. a. mit der Rezeption der Ereignisse von 1989 durch die dort lebenden deutschsprachigen Minderheiten befasst. Die Ausstellung \u201eWir wohnen Wort an Wort\u201c war vom 8. April bis 10. Mai im Unihauptgeb\u00e4ude zu sehen und wird dort im Januar 2020 noch einmal gezeigt.<\/p>\n\n\n\n<p><strong>Erinnern Sie sich an den Herbst &#8217;89?<\/strong><\/p>\n","protected":false},"excerpt":{"rendered":"<p>Jena und die Revolution(en) von 1989 Das Ende der Blockkonfrontation 1989\/90 leitet den \u00dcbergang zu einer neuen Weltordnung ein. Der Z\u00e4surcharakter des Herbstes&hellip;<\/p>\n","protected":false},"author":22,"featured_media":1108,"comment_status":"open","ping_status":"closed","sticky":false,"template":"","format":"standard","meta":{"footnotes":""},"categories":[1,9,30],"tags":[339,340,338,336,34,337],"class_list":["post-1107","post","type-post","status-publish","format-standard","has-post-thumbnail","hentry","category-allgemein","category-jenakultur","category-sonderprojekte","tag-339","tag-89-19","tag-aufbrauch","tag-friedliche-revolution","tag-jena","tag-revolutionen"],"_links":{"self":[{"href":"https:\/\/blog.jena.de\/jenakultur\/wp-json\/wp\/v2\/posts\/1107","targetHints":{"allow":["GET"]}}],"collection":[{"href":"https:\/\/blog.jena.de\/jenakultur\/wp-json\/wp\/v2\/posts"}],"about":[{"href":"https:\/\/blog.jena.de\/jenakultur\/wp-json\/wp\/v2\/types\/post"}],"author":[{"embeddable":true,"href":"https:\/\/blog.jena.de\/jenakultur\/wp-json\/wp\/v2\/users\/22"}],"replies":[{"embeddable":true,"href":"https:\/\/blog.jena.de\/jenakultur\/wp-json\/wp\/v2\/comments?post=1107"}],"version-history":[{"count":8,"href":"https:\/\/blog.jena.de\/jenakultur\/wp-json\/wp\/v2\/posts\/1107\/revisions"}],"predecessor-version":[{"id":1122,"href":"https:\/\/blog.jena.de\/jenakultur\/wp-json\/wp\/v2\/posts\/1107\/revisions\/1122"}],"wp:featuredmedia":[{"embeddable":true,"href":"https:\/\/blog.jena.de\/jenakultur\/wp-json\/wp\/v2\/media\/1108"}],"wp:attachment":[{"href":"https:\/\/blog.jena.de\/jenakultur\/wp-json\/wp\/v2\/media?parent=1107"}],"wp:term":[{"taxonomy":"category","embeddable":true,"href":"https:\/\/blog.jena.de\/jenakultur\/wp-json\/wp\/v2\/categories?post=1107"},{"taxonomy":"post_tag","embeddable":true,"href":"https:\/\/blog.jena.de\/jenakultur\/wp-json\/wp\/v2\/tags?post=1107"}],"curies":[{"name":"wp","href":"https:\/\/api.w.org\/{rel}","templated":true}]}}