{"id":10388,"date":"2023-10-13T07:30:00","date_gmt":"2023-10-13T05:30:00","guid":{"rendered":"https:\/\/blog.jena.de\/jenakultur\/?p=10388"},"modified":"2023-10-12T16:31:35","modified_gmt":"2023-10-12T14:31:35","slug":"applaus-ist-mir-schon-wichtig-aber-ich-lebe-nicht-dafuer","status":"publish","type":"post","link":"https:\/\/blog.jena.de\/jenakultur\/2023\/10\/13\/applaus-ist-mir-schon-wichtig-aber-ich-lebe-nicht-dafuer\/","title":{"rendered":"\u201eApplaus ist mir schon wichtig, aber ich lebe nicht daf\u00fcr.\u201c"},"content":{"rendered":"\n<h2>Der neue SeitenKlang stellt den Artist in Residence der <a href=\"https:\/\/www.jenaer-philharmonie.de\/\" target=\"_blank\" rel=\"noopener\">Jenaer Philharmonie<\/a>, Stefan Kurt, vor.<\/h2>\n\n\n\n<p>Ja, liebe Leser:innen, schon wieder ist ein Quartal vor\u00fcber. Unsere Musiker:innen sind l\u00e4ngst aus den Orchesterferien zur\u00fcck und haben die neue Spielzeiter\u00f6ffnung hinter sich.<br>Worauf Sie sich programmatisch freuen k\u00f6nnen, haben wir <a rel=\"noreferrer noopener\" href=\"https:\/\/blog.jena.de\/jenakultur\/2023\/08\/25\/wir-feiern-90-jahre-jenaer-philharmonie\/\" data-type=\"link\" data-id=\"https:\/\/blog.jena.de\/jenakultur\/2023\/08\/25\/wir-feiern-90-jahre-jenaer-philharmonie\/\" target=\"_blank\">hier<\/a> bereits vorgestellt. Und was sich hinter den Kulissen des Orchesters tut, dem widmet sich in bew\u00e4hrter hintergr\u00fcndig-lockerer Manier das Musikermagazin SeitenKlang. <\/p>\n\n\n\n<p>In der aktuellen Nummer wird der Artist in Residence, kein geringerer als der Schauspieler <a rel=\"noreferrer noopener\" href=\"https:\/\/de.wikipedia.org\/wiki\/Stefan_Kurt\" target=\"_blank\">Stefan Kurt<\/a>, im Interview vorgestellt. Man darf echt gespannt sein, welche interessanten Effekte in der Symbiose aus Musik- und Schauspielkunst entstehen werden.<\/p>\n\n\n\n<p>Zu erleben ist Stefan Kurt \u00fcbrigens in der kommenden Woche gleich zweimal: im <a rel=\"noreferrer noopener\" href=\"https:\/\/www.jenaer-philharmonie.de\/konzert\/donnerstagskonzert-no-2-3.html\" target=\"_blank\">Donnerstagskonzert <\/a>Nr. 2, 19. Oktober 2023, 20 Uhr, und im <a rel=\"noreferrer noopener\" href=\"https:\/\/www.jenaer-philharmonie.de\/konzert\/kammerkonzert-no-2-3.html\" target=\"_blank\">Kammerkonzert<\/a> am Sonntag. 22. Oktober 2023, 11 Uhr, jeweils im Volkshaus. Das Donnerstagskonzert steht unter der \u00dcberschrift &#8222;Stefan Kurt liest Daniil Charms&#8220; und verbindet Texte aus Charms\u2019 facettenreichem \u0152uvre mit Musik u. a. von Dmitri Kabalewski, Igor Strawinski, Dmitri Schostakowitsch, Sergei Prokofjew, Paul Hindemith, Mauricio Kagel und J\u00f6rg Widmann zu einer spannenden literarisch-musikalischen Collage. Am Sonntag steht Igor Strawinskis &#8222;Die Geschichte vom Soldaten&#8220; auf dem Programm, in der Stefan Kurt in alle Rollen des St\u00fcckes schl\u00fcpfen wird. Musikalisch unterst\u00fctzt wird er dabei von einem Ensemble (Klarinette, Fagott, Trompete, Posaune, Violine, Kontrabass und Schlagzeug) aus Erstem Konzertmeister und den Soloinstrumentalisten der Jenaer Philharmonie.<\/p>\n\n\n\n<p>Wir finden, dass unser Klangk\u00f6rper viele unbekannte Pfade beschreitet, indem immer neue Formate und Orte ausprobiert werden. Wunsch ist es, neue Zielgruppen zu erreichen. (Dazu geh\u00f6rt \u00fcbrigens auch die Beteiligung am <a rel=\"noreferrer noopener\" href=\"https:\/\/www.jenakultur.de\/de\/aufgaben_und_service\/kulturticket\/892122\" data-type=\"link\" data-id=\"https:\/\/www.jenakultur.de\/de\/aufgaben_und_service\/kulturticket\/892122\" target=\"_blank\">Kulturticket f\u00fcr Studierende<\/a>, eine Art Kulturflatrate, bei der im Semesterticket ein symbolischer Kulturobolus inkludiert ist, der den kostenfreien Konzertbesuch erm\u00f6glicht. Bald startet das Herbstsemester und bringt hoffentlich auch wieder viele junge Leute in den Konzertsaal).<\/p>\n\n\n\n<p>Der SeitenKlang jedenfalls flankiert das Konzertgeschehen mit wichtigen Insiderinformationen. Wie wird man ein begnadeter Trompeter? Das beantwortet Aleksei Shust. Oder wie kommt ein Hornist zur M\u00f6belrestauration? Das erz\u00e4hlt Eberhard Sykora. Und k\u00f6nnen Musiker:innen bis ins fortgeschrittenere Alter ohne Berufsleiden musizieren? <\/p>\n\n\n\n<p>Wenn Sie all das und noch mehr wissen wollen, dann lesen Sie doch den SeitenKlang 29, den wir Ihnen hier bequem als Download zu Verf\u00fcgung stellen d\u00fcrfen, wof\u00fcr wir dem Redaktionsteam um Monika Steinh\u00f6fel abermals herzlich danken.<\/p>\n\n\n\n<p>Wir freuen uns, wenn Sie uns nach der Lekt\u00fcre mitteilen, was Sie schon immer einmal in puncto Konzert, Orchester, Musikerberuf wissen wollten. Wir reichen Ihre Fragen gern an unsere Kolleg:innen der Jenaer Philharmonie weiter. Vielleicht werden sie dann in einem der n\u00e4chsten SeitenKl\u00e4nge beantwortet?&nbsp; <\/p>\n\n\n\n<div data-wp-interactive=\"core\/file\" class=\"wp-block-file\"><object data-wp-bind--hidden=\"!state.hasPdfPreview\" hidden class=\"wp-block-file__embed\" data=\"https:\/\/blog.jena.de\/jenakultur\/wp-content\/uploads\/sites\/25\/2023\/10\/jenakultur-applaus-ist-mir-schon-wichtig-aber-ich-lebe-nicht-dafuer-jp-seitenklang-29-1.pdf\" type=\"application\/pdf\" style=\"width:100%;height:600px\" aria-label=\"Einbettung von JP_Seitenklang_29.\"><\/object><a id=\"wp-block-file--media-3ab7392c-7e18-48a0-b248-0f329d506492\" href=\"https:\/\/blog.jena.de\/jenakultur\/wp-content\/uploads\/sites\/25\/2023\/10\/jenakultur-applaus-ist-mir-schon-wichtig-aber-ich-lebe-nicht-dafuer-jp-seitenklang-29-1.pdf\">JP_Seitenklang_29<\/a><a href=\"https:\/\/blog.jena.de\/jenakultur\/wp-content\/uploads\/sites\/25\/2023\/10\/jenakultur-applaus-ist-mir-schon-wichtig-aber-ich-lebe-nicht-dafuer-jp-seitenklang-29-1.pdf\" class=\"wp-block-file__button wp-element-button\" download aria-describedby=\"wp-block-file--media-3ab7392c-7e18-48a0-b248-0f329d506492\">Herunterladen<\/a><\/div>\n","protected":false},"excerpt":{"rendered":"<p>Die Zeit rennt, und schon wieder hat das Redaktionsteam aus Musiker:innen der Jenaer Philharmonie eine neue Nummer des SeitenKlang-Magazins, die nun schon 29te, vorgelegt. Dort wird der Artist in Residence, Stefan Kurt, genauer vorgestellt, aber daneben sind die 12 Seiten auch wieder mit wirklich interessanten Einblicken in das Orchester- und Konzertleben gespickt. Lesen Sie selbst!<\/p>\n","protected":false},"author":22,"featured_media":10399,"comment_status":"open","ping_status":"closed","sticky":false,"template":"","format":"standard","meta":{"footnotes":""},"categories":[1,13,9],"tags":[1043,896,927,926,811,1042],"class_list":["post-10388","post","type-post","status-publish","format-standard","has-post-thumbnail","hentry","category-allgemein","category-jenaer-philharmonie","category-jenakultur","tag-artist-in-residence","tag-magazin","tag-magazin-der-jenaer-philharmonie","tag-magazin-seitenklang","tag-seitenklang","tag-stefan-kurt"],"_links":{"self":[{"href":"https:\/\/blog.jena.de\/jenakultur\/wp-json\/wp\/v2\/posts\/10388","targetHints":{"allow":["GET"]}}],"collection":[{"href":"https:\/\/blog.jena.de\/jenakultur\/wp-json\/wp\/v2\/posts"}],"about":[{"href":"https:\/\/blog.jena.de\/jenakultur\/wp-json\/wp\/v2\/types\/post"}],"author":[{"embeddable":true,"href":"https:\/\/blog.jena.de\/jenakultur\/wp-json\/wp\/v2\/users\/22"}],"replies":[{"embeddable":true,"href":"https:\/\/blog.jena.de\/jenakultur\/wp-json\/wp\/v2\/comments?post=10388"}],"version-history":[{"count":12,"href":"https:\/\/blog.jena.de\/jenakultur\/wp-json\/wp\/v2\/posts\/10388\/revisions"}],"predecessor-version":[{"id":10417,"href":"https:\/\/blog.jena.de\/jenakultur\/wp-json\/wp\/v2\/posts\/10388\/revisions\/10417"}],"wp:featuredmedia":[{"embeddable":true,"href":"https:\/\/blog.jena.de\/jenakultur\/wp-json\/wp\/v2\/media\/10399"}],"wp:attachment":[{"href":"https:\/\/blog.jena.de\/jenakultur\/wp-json\/wp\/v2\/media?parent=10388"}],"wp:term":[{"taxonomy":"category","embeddable":true,"href":"https:\/\/blog.jena.de\/jenakultur\/wp-json\/wp\/v2\/categories?post=10388"},{"taxonomy":"post_tag","embeddable":true,"href":"https:\/\/blog.jena.de\/jenakultur\/wp-json\/wp\/v2\/tags?post=10388"}],"curies":[{"name":"wp","href":"https:\/\/api.w.org\/{rel}","templated":true}]}}