{"id":10261,"date":"2023-09-28T07:48:00","date_gmt":"2023-09-28T05:48:00","guid":{"rendered":"https:\/\/blog.jena.de\/jenakultur\/?p=10261"},"modified":"2023-09-27T16:20:59","modified_gmt":"2023-09-27T14:20:59","slug":"der-herbst-steht-auf-der-leiter","status":"publish","type":"post","link":"https:\/\/blog.jena.de\/jenakultur\/2023\/09\/28\/der-herbst-steht-auf-der-leiter\/","title":{"rendered":"&#8222;Der Herbst steht auf der Leiter&#8230;&#8220;"},"content":{"rendered":"\n<h2>JenaKultur-Herbstferienangebote f\u00fcr gro\u00dfe und kleine Kids<\/h2>\n\n\n\n\n\n<p><em>Noch herrschen drau\u00dfen hochsommerliche Temperaturen, aber die Bl\u00e4tter an den B\u00e4umen beginnen sich bereits zu f\u00e4rben, morgens ist es schon ein wenig frisch, und nicht selten steigt fr\u00fch und abends Nebel von der Saale auf. HERBSTFERIENZEIT. Wir haben alle JenaKultur-Angebote f\u00fcr gro\u00dfe und kleine Ferienkids hier noch einmal auf einen Blick zusammengestellt. Leider ist manches schon ausgebucht, und bei manchem Angebot muss man jetzt ganz schnell sein. <\/em><em>Wie auch immer: wir w\u00fcnschen sch\u00f6ne Ferientage mit tollen Erlebnissen, wo und wie und mit wem auch immer.<\/em><\/p>\n<h2><strong>Veranstaltungen<\/strong><\/h2>\n<p><strong>30. September 2023 <\/strong>| 20 Uhr<br \/>Einlass 19 Uhr, sozusagen als Start in die Ferien f\u00fcr alle 14- bis 21-J\u00e4hrigen<br \/><a href=\"https:\/\/www.volksbad-jena.de\/de\/kultur_erleben\/994471?template_id=6007\" target=\"_blank\" rel=\"noopener\">Neon Paradise<\/a> <br \/><strong>Ort:<\/strong> Volksbad Jena<\/p>\n<p><br \/><strong>15. Oktober 2023 <\/strong>| 14:30 Uhr<br \/><a href=\"https:\/\/www.volksbad-jena.de\/de\/kultur_erleben\/992387?template_id=6007\" target=\"_blank\" rel=\"noopener\">Wirbel.Wind.Konzert: Im irischen Elfenreich<\/a><br \/>f\u00fcr Kinder ab 3 Jahren<br \/><strong>Ort:<\/strong> Volksbad Jena<\/p>\n\n\n\n<h2 class=\"wp-block-heading\"><strong>St\u00e4dtischen Museen Jena<\/strong><\/h2>\n\n\n\n<p><strong><a rel=\"noreferrer noopener\" href=\"https:\/\/www.stadtmuseum-jena.de\/de\/startseite\/677121\" target=\"_blank\">Stadtmuseum<\/a><\/strong><br><strong>12. Oktober 2023 <\/strong>| 14-15 Uhr<br><strong>\u00d6ffentliche Kinderf\u00fchrung <\/strong>zur <br><strong>Wechselausstellung \u201eGeschichte aus Gruben und Scherben\u201c <\/strong><br>In unserer Kinderf\u00fchrung zu arch\u00e4ologischen Grabungen in Jena erkunden wir spielerisch und interaktiv die Stadtgeschichte Jenas. Fundst\u00fccke wie Koch- und Tafelgeschirr, Ger\u00e4tschaften und Textilien aber auch spektakul\u00e4re Funde aus der Zeit des Mittelalters geben uns hierbei Einblick in das allt\u00e4gliche Leben der Jenaer Bev\u00f6lkerung. Kommt mit uns auf eine Entdeckungsreise in die Jenaer Stadtgeschichte!<br><strong>Gruppengr\u00f6\u00dfe: <\/strong>bis 15 Kinder | <strong>Eintritt: <\/strong>Kinder 1 \u20ac , Begleitperson 3 \u20ac <br><strong>Ort:<\/strong> Markt 7<\/p>\n\n\n\n<p><\/p>\n\n\n\n<p><strong>15. Oktober 2023 <\/strong>| 10:45-11:45 Uhr <br><strong>\u00d6ffentliche Kinderf\u00fchrung<\/strong> (f\u00fcr Kinder von 4-6 Jahren) <br><strong>\u201eMuseumsmaus erz\u00e4hlt Geschichten vom Dachboden\u201c<\/strong><br>Auf dem Dachboden im Stadtmuseum gibt es viele alte Dinge zu entdecken. Dort wohnt auch die Museumsmaus, und sie kennt viele spannende Geschichten \u00fcber bleischwere Pl\u00e4tteisen, steife W\u00e4scheklammern und pechschwarze Schiefert\u00e4felchen.<br><strong>Gruppengr\u00f6\u00dfe: <\/strong>bis 15 Kinder | <strong>Eintritt: <\/strong>Kinder 1 \u20ac , Begleitperson 3 \u20ac <br><strong>Ort: <\/strong>Markt 7<\/p>\n\n\n\n<p><\/p>\n\n\n\n<p><strong><a rel=\"noreferrer noopener\" href=\"https:\/\/www.jenakultur.de\/de\/einrichtungen\/romantikerhaus\/605383\" target=\"_blank\">Romantikerhaus<\/a><\/strong><br><strong>6. und 13. Oktober 2023<\/strong> | 10-11:30 Uhr<br><strong>M\u00e4rchenstunde<\/strong> (f\u00fcr Kinder ab 4 Jahren) <br><strong>\u201eEs war einmal\u2026\u201c<\/strong>  \u2013 aus den Grimmschen M\u00e4rchen bekannt und in der Kindheit allseits geliebt. Jene Formel, die den Einstieg in eine sagenhafte und verzauberte Welt verspricht. F\u00fcr unsere kleinen Besucher:innen bietet das Romantikerhaus an, in die Welt der M\u00e4rchen mithilfe k\u00fcnstlerischer Elemente einzutauchen. Objekte aus dem Museum, Schattentheater und der Salon des Hauses garantieren ein romantisches Erlebnis!<br><strong>Gruppengr\u00f6\u00dfe: <\/strong>bis 15 Kinder | <strong>Eintritt: <\/strong>Kinder 1 \u20ac , Begleitperson 3 \u20ac <br><strong>Ort: <\/strong>Unterm Markt 12a<\/p>\n\n\n\n<p><strong><a rel=\"noreferrer noopener\" href=\"https:\/\/www.kunstsammlung-jena.de\/de\/startseite\/678376\" target=\"_blank\">Kunstsammlung<\/a><\/strong><br><strong>14. Oktober 2023 <\/strong>| 14 Uhr<br><strong>Offene Museumswerkstatt<\/strong> (f\u00fcr Kinder ab 6 Jahren)  <br><strong>&#8222;Freundeslinien&#8220; \u2013 Workshop unter Leitung des K\u00fcnstlers Ekkehard C. Engelmann, Jena<\/strong><br>Beim Blick auf das Gro\u00dfe und Ganze \u00fcbersehen wir zu oft die kleinen Welten, die zwischen den Strichen versteckt sind. Mit dem Zeichenstift k\u00f6nnen wir sie aber hervorholen und werden feststellen, dass die Welt im Kleinen nicht minder verlockend und reich ist. Unsere Entdeckungsreise beginnt in einer Pralinenschachtel, um dann durch das Rohr eines Mikroskops zu Kristallen und in zauberische Weihnachtsbaumkugeln vorzudringen.<br>Das Angebot ist <strong>kostenfrei.<\/strong><br><strong>Ort: <\/strong>Markt 7<\/p>\n\n\n\n<p><\/p>\n\n\n\n<figure class=\"wp-block-image size-large is-resized\"><img loading=\"lazy\" decoding=\"async\" src=\"https:\/\/blog.jena.de\/jenakultur\/wp-content\/uploads\/sites\/25\/2023\/09\/jenakultur-der-herbst-steht-auf-der-leiter-museumsmaus-liegend-1000x853.jpg\" alt=\"Die Museumsmaus\" class=\"wp-image-10281\" style=\"width:833px;height:711px\" width=\"833\" height=\"711\" srcset=\"https:\/\/blog.jena.de\/jenakultur\/wp-content\/uploads\/sites\/25\/2023\/09\/jenakultur-der-herbst-steht-auf-der-leiter-museumsmaus-liegend-1000x853.jpg 1000w, https:\/\/blog.jena.de\/jenakultur\/wp-content\/uploads\/sites\/25\/2023\/09\/jenakultur-der-herbst-steht-auf-der-leiter-museumsmaus-liegend-500x426.jpg 500w, https:\/\/blog.jena.de\/jenakultur\/wp-content\/uploads\/sites\/25\/2023\/09\/jenakultur-der-herbst-steht-auf-der-leiter-museumsmaus-liegend-768x655.jpg 768w, https:\/\/blog.jena.de\/jenakultur\/wp-content\/uploads\/sites\/25\/2023\/09\/jenakultur-der-herbst-steht-auf-der-leiter-museumsmaus-liegend-809x690.jpg 809w, https:\/\/blog.jena.de\/jenakultur\/wp-content\/uploads\/sites\/25\/2023\/09\/jenakultur-der-herbst-steht-auf-der-leiter-museumsmaus-liegend.jpg 1200w\" sizes=\"auto, (max-width: 833px) 100vw, 833px\" \/><figcaption class=\"wp-element-caption\">Die Museumsmaus w\u00fcnscht sch\u00f6ne Ferien | \u00a9St\u00e4dtische Museen Jena<\/figcaption><\/figure>\n\n\n\n<h2 class=\"wp-block-heading\"><strong><a rel=\"noreferrer noopener\" href=\"https:\/\/www.mks-jena.de\/de\/startseite\/548415\" target=\"_blank\">Musik- und Kunstschule Jena<\/a><\/strong><\/h2>\n\n\n\n<p><strong>2.-5. Oktober 2023 <\/strong>| jeweils von 10-14 Uhr<br><strong>Herbstferien \u2013 Aquarellmalerei Einf\u00fchrungskurs<\/strong> (f\u00fcr Kinder ab 8 Jahren)<br>Der Aquarell Einf\u00fchrungskurs richtet sich an Kinder, die noch keine\u00a0Erfahrungen mit Aquarellmalerei haben. Er ist ideal f\u00fcr ein erstes Reinschnuppern und Kennenlernen der Aquarellmalerei. Hier werden die Grundtechniken erlernt und ge\u00fcbt. Es werden jede Menge spielerische Experimente mit Farbe und Wasser durchgef\u00fchrt und am Ende des Kurses nimmt jedes Kind einen Schwung eigener Bilder und die Lust weiter zu malen mit nach Hause.<br><strong>Kursleitung:<\/strong> Eva Schimek (Jenaer K\u00fcnstlerin &#8211; Malerei, Holzschnitt, Film)<br><strong>Ort:<\/strong> MKS, Ziegenhainer Stra\u00dfe 52, 07749 Jena<br><strong>Dieser Kurs ist leider bereits ausgebucht.<\/strong><\/p>\n\n\n\n<p><em>Vorschau auf die (\u00fcber)n\u00e4chsten Ferien:<\/em><br><strong><strong>12.-15. Februar 2024<\/strong><\/strong> | jeweils 10-14 Uhr<br><strong>Winterferien \u2013 Textilbilder fertigen<\/strong> (f\u00fcr Kinder ab 8 Jahren)<br>Aus bunten Stoffen n\u00e4hen wir Landschaften, Tiere oder Phantasiemotive. Euren Ideen sind keine Grenzen gesetzt und viele bunte Stoffe warten auf euch. Eigene Stoffreste, Kn\u00f6pfe oder ausrangierte Lieblingspullis k\u00f6nnen mitgebracht und verarbeitet werden.<br><strong>Kursleitung: <\/strong>Eva Schimek (Jenaer K\u00fcnstlerin &#8211; Malerei, Holzschnitt, Film)<br><strong>Ort:<\/strong> MKS, Ziegenhainer Str. 5<br><strong>Teilnehmerzahl: mindestens 6, maximal 10<br>Kursgeb\u00fchr: <\/strong>75 \u20ac zzgl. 7 \u20ac Materialkosten pro Teilnehmer<br><strong>Anmeldeschluss: <\/strong>2. Februar 2024<\/p>\n\n\n\n<h2 class=\"wp-block-heading\"><strong><a href=\"https:\/\/www.stadtbibliothek-jena.de\/de\/startseite\/700073\">E<\/a><a rel=\"noreferrer noopener\" href=\"https:\/\/www.stadtbibliothek-jena.de\/de\/startseite\/700073\" target=\"_blank\">rnst-Abbe-B\u00fccherei<\/a><\/strong><\/h2>\n\n\n\n<p><strong>Dienstag bis Freitag<\/strong>,  jeweils 10-19 Uhr, und <strong>Samstag <\/strong>10-13 Uhr<br><strong>Wieso? Weshalb? Warum? \u2013 Rallye&#8220; <\/strong>(f\u00fcr Kinder ab 4 Jahren)<br>Die beliebte &#8222;Wieso? Weshalb? Warum&#8220;-Reihe feiert 25. Geburtstag und ihr k\u00f6nnt mitfeiern! L\u00f6st 8 Aufgaben auf einer spannenden Entdeckertour durch die Kinderbibliothek und holt euch dann eure Belohnung ab! <br><strong>Ort: <\/strong>EAB Stadtmitte<\/p>\n\n\n\n<h2 class=\"wp-block-heading\"><strong><a rel=\"noreferrer noopener\" href=\"https:\/\/www.vhs-jena.de\/de\/startseite\/649270\" target=\"_blank\">Volkshochschule Jena<\/a><\/strong><\/h2>\n\n\n\n<p><strong>9.-13. Oktober 2023<\/strong> | jeweils 9-13 Uhr<br><strong>Englischkurs <\/strong>(f\u00fcr Kinder von 9 bis 11 Jahren)<br>M\u00f6chtest du dein Englisch im Unterricht verbessern, damit du im neuen Schuljahr &#8222;die Show rockst&#8220;?\u00a0<br>Wie w\u00e4re es, auf Englisch \u00fcber deine Lieblingsband oder Freizeitaktivit\u00e4ten zu sprechen, Musik zu h\u00f6ren, mehr \u00fcber die Kultur englischsprachiger L\u00e4nder zu erfahren und dabei gleichzeitig stressfrei und mit Spa\u00df f\u00fcr dich und die Schule zu \u00fcben? Finde es heraus! In diesem Kurs erweitern wir dein Wissen, \u00fcben die Sprache und gestalten kleine Projekte gemeinsam. Wie genau? Je nach Alter und Klassenstufe fassen wir Grammatik-Themen zusammen. Wir sprechen mit dir auch \u00fcber Themen, die du wiederholen oder besser verstehen m\u00f6chtest. Dabei verkn\u00fcpfen wir Konversation, Lesen, freies Sprechen und Schreiben in Mit-Mach-Aktivit\u00e4ten. Am Ende des Kurses wirst du in der Lage sein, deinen Lernerfolg objektiv festzuhalten, um ihn sp\u00e4ter wieder abrufen zu k\u00f6nnen. Au\u00dferdem wirst du n\u00fctzliche Lerntipps und Strategien erhalten, um selbstst\u00e4ndig weiterlernen zu k\u00f6nnen. Wenn du m\u00f6chtest, kannst du auch Freunde motivieren, sich ebenfalls f\u00fcr den Kurs anzumelden, um gemeinsam zu lernen.<br>(Sie k\u00f6nnen uns gern inhaltliche W\u00fcnsche oder Interessengebiete Ihres Kindes mitteilen. So kann sich der Dozent im Vorfeld noch besser auf den Kurs einstellen.)<br><strong>Ort:<\/strong> vhs-Geb\u00e4ude, Grietgasse 17a, Walter-Dexel-Raum<br><strong>ACHTUNG: Anmeldeschluss ist bereits morgen, 29. September 2023 12 Uhr<\/strong><br><strong>Kursentgelt: <\/strong>108 \u20ac (Hinweis: Das ist bereits ein erm\u00e4\u00dfigtes Entgelt!)<br><strong>Zur <a rel=\"noreferrer noopener\" href=\"https:\/\/www.vhs-jena.de\/kursauswahl\/index.php?kathaupt=11&amp;knr=23H406090&amp;kursname=Englisch+fuer+Kinder+im+Alter+von+9-11+Jahren+-+Ferienkurs&amp;katid=150\" target=\"_blank\">Kursanmeldung<\/a><\/strong><\/p>\n\n\n\n<p><strong>9.-13. Oktober 2023 <\/strong>| jeweils von 9-13 Uhr<br><strong>Franz\u00f6sischkurs <\/strong>(f\u00fcr Kinder von 9 bis 11 Jahren)<br>M\u00f6chtest du Franz\u00f6sisch lernen und einiges \u00fcber die Kulturen der franz\u00f6sischsprachigen L\u00e4nder erfahren? Hast du dich jemals gefragt, wie Menschen in deinem Alter dort leben? Das und vieles mehr wirst du in diesem Kurs lernen. Du wirst nicht nur einige Informationen \u00fcber dich teilen, sondern auch in einfacher Form auf Franz\u00f6sisch sprechen k\u00f6nnen. Themen wie, Selbstvorstellung, das Alphabet, Zahlen sowie das Mitteilen deiner Hobbys und Interessen stehen auf dem Programm.<br>(Sie k\u00f6nnen uns gern inhaltliche W\u00fcnsche oder Interessengebiete Ihres Kindes mitteilen. So kann sich der Dozent im Vorfeld noch besser auf den Kurs einstellen.)<br><strong>Ort:<\/strong> vhs-Geb\u00e4ude, Grietgasse 17a, Kreativraum<br><strong>ACHTUNG: Anmeldeschluss ist bereits morgen, 29. September 2023 12 Uhr<\/strong><br><strong>Kursentgelt: <\/strong>108 \u20ac (Hinweis: Das ist bereits ein erm\u00e4\u00dfigtes Entgelt!)<strong><br>Zur <a rel=\"noreferrer noopener\" href=\"https:\/\/www.vhs-jena.de\/kursauswahl\/index.php?kathaupt=11&amp;knr=23H408092&amp;kursname=Franzoesisch+fuer+Kinder+im+Alter+von+9-11+Jahren+-+Ferienkurs&amp;katid=150\" target=\"_blank\">Kursanmeldung<\/a><\/strong><\/p>\n\n\n\n<p><strong>9.-13. Oktober 2023 <\/strong>| jeweils 9-14:30 Uhr<br><strong>10-Finger-Schreiben am PC<\/strong>  (f\u00fcr Kinder von 10 bis 13 Jahren bzw. Klassenstufe 5-7)<br><span style=\",sans-serif\">M\u00f6chtest Du das Schreiben mit 10 Fingern auf der PC-Tastatur erlernen? Dieser Kurs bietet Dir die M\u00f6glichkeit, auf spannende Art und Weise die 10-Finger-Schreibweise zu trainieren. Anhand von Musik und Geschichten wird Dir nach dieser Woche die Nutzung der Tastatur wie das Essen mit Messer und Gabel vorkommen. Aber auch der Spa\u00df, das Spiel und die Entspannung sollen in diesem Ferien-Ganztagesangebot nicht zu kurz kommen. Lass Dich \u00fcberraschen!<\/span><br><span style=\",sans-serif\">Lehrmaterial wird zur Verf\u00fcgung gestellt und ist bereits im Kursentgelt enthalten.<\/span><span style=\",sans-serif\"><\/span> <br><strong>Ort:<\/strong> vhs-Geb\u00e4ude, Volksbad PC-Raum<br><strong>ACHTUNG: Anmeldeschluss ist bereits heute, 28. September 2023 23:59 Uhr<\/strong><br><strong>Kursentgelt: <\/strong>99,50 \u20ac (Hinweis: Das ist bereits ein erm\u00e4\u00dfigtes Entgelt!<strong>)<\/strong><br><strong>Zur <a rel=\"noreferrer noopener\" href=\"https:\/\/www.vhs-jena.de\/kursauswahl\/index.php?kathaupt=11&amp;knr=23H50410&amp;kursname=Tastschreiben+aktiv+-+Sicher+und+einfach+schreiben+lernen+Ferien&amp;katid=150\" target=\"_blank\">Kursanmeldung<\/a><\/strong><\/p>\n\n\n\n<p><em>Nun seid Ihr bzw. sind Sie an der Reihe und habt\/haben die Qual der Wahl.<\/em> <em>Wie immer freuen wir uns \u00fcber Feedback. Welche Angebote habt Ihr\/haben Sie besucht \u2013 bzw. Ihre Kinder? Wie fandet Ihr\/fanden Sie es? Welche W\u00fcnsche habt Ihr\/haben Sie f\u00fcr die n\u00e4chsten JenaKultur-Ferienangebote??<\/em><\/p>\n\n\n\n<p><\/p>\n","protected":false},"excerpt":{"rendered":"<p>Noch herrschen drau\u00dfen hochsommerliche Temperaturen, aber die Bl\u00e4tter an den B\u00e4umen beginnen sich bereits zu f\u00e4rben, morgens ist es schon ein wenig frisch, und nicht selten steigt fr\u00fch und abends Nebel von der Saale auf. HERBSTFERIENZEIT. Wir haben alle JenaKultur-Angebote f\u00fcr gro\u00dfe und kleine Ferienkids hier noch einmal auf einen Blick zusammengestellt. Leider ist manches schon ausgebucht, und bei manchem Angebot muss man jetzt ganz schnell sein. Wie auch immer: wir w\u00fcnschen sch\u00f6ne Ferientage mit tollen Erlebnissen, wo und wie auch immer.<\/p>\n","protected":false},"author":22,"featured_media":10284,"comment_status":"open","ping_status":"closed","sticky":false,"template":"","format":"standard","meta":{"footnotes":""},"categories":[1,12,9,18,20,21,24,22,27],"tags":[856,1037,1035,1036],"class_list":["post-10261","post","type-post","status-publish","format-standard","has-post-thumbnail","hentry","category-allgemein","category-eab","category-jenakultur","category-kunstsammlung","category-mks","category-romantikerhaus","category-staedtische-museen","category-stadtmuseum","category-volksbad","tag-ferien","tag-herbstferein","tag-kids","tag-kinderangebote"],"_links":{"self":[{"href":"https:\/\/blog.jena.de\/jenakultur\/wp-json\/wp\/v2\/posts\/10261","targetHints":{"allow":["GET"]}}],"collection":[{"href":"https:\/\/blog.jena.de\/jenakultur\/wp-json\/wp\/v2\/posts"}],"about":[{"href":"https:\/\/blog.jena.de\/jenakultur\/wp-json\/wp\/v2\/types\/post"}],"author":[{"embeddable":true,"href":"https:\/\/blog.jena.de\/jenakultur\/wp-json\/wp\/v2\/users\/22"}],"replies":[{"embeddable":true,"href":"https:\/\/blog.jena.de\/jenakultur\/wp-json\/wp\/v2\/comments?post=10261"}],"version-history":[{"count":40,"href":"https:\/\/blog.jena.de\/jenakultur\/wp-json\/wp\/v2\/posts\/10261\/revisions"}],"predecessor-version":[{"id":10337,"href":"https:\/\/blog.jena.de\/jenakultur\/wp-json\/wp\/v2\/posts\/10261\/revisions\/10337"}],"wp:featuredmedia":[{"embeddable":true,"href":"https:\/\/blog.jena.de\/jenakultur\/wp-json\/wp\/v2\/media\/10284"}],"wp:attachment":[{"href":"https:\/\/blog.jena.de\/jenakultur\/wp-json\/wp\/v2\/media?parent=10261"}],"wp:term":[{"taxonomy":"category","embeddable":true,"href":"https:\/\/blog.jena.de\/jenakultur\/wp-json\/wp\/v2\/categories?post=10261"},{"taxonomy":"post_tag","embeddable":true,"href":"https:\/\/blog.jena.de\/jenakultur\/wp-json\/wp\/v2\/tags?post=10261"}],"curies":[{"name":"wp","href":"https:\/\/api.w.org\/{rel}","templated":true}]}}