{"id":341,"date":"2017-04-28T11:04:30","date_gmt":"2017-04-28T09:04:30","guid":{"rendered":"https:\/\/blog.jena.de\/jena2030\/?p=341"},"modified":"2017-07-07T12:01:11","modified_gmt":"2017-07-07T10:01:11","slug":"digital-stadt-jena","status":"publish","type":"post","link":"https:\/\/blog.jena.de\/jena2030\/2017\/04\/28\/digital-stadt-jena\/","title":{"rendered":"Digital.Stadt.Jena"},"content":{"rendered":"<p>Zukunftsthema<\/p>\n<p>Digital.Stadt.Jena<br \/>\nVernetzung\/Digitalisierung von Stadt, Wirtschaft, Wissenschaft und Kultur<\/p>\n<p>Themenpate:<br \/>\nConrad Wrobel, Aufsichtstrat der TowerByte eG.<\/p>\n<p>Ein Interview mit dem Themenpaten, welches in der begleitenden Artikelserie der regionalen Presse erschienen ist, k\u00f6nnen Sie\u00a0<a href=\"https:\/\/blog.jena.de\/jena2030\/wp-content\/uploads\/sites\/18\/2017\/04\/Artikel-OTZ-25_04_2017.pdf\">hier<\/a> nachlesen.<\/p>\n<p>&nbsp;<\/p>\n<p>&nbsp;<\/p>\n<div>\n<dl id=\"attachment_297\">\n<dt>\n<p><figure style=\"width: 322px\" class=\"wp-caption alignnone\"><img loading=\"lazy\" decoding=\"async\" src=\"https:\/\/blog.jena.de\/jena2030\/wp-content\/uploads\/sites\/18\/2017\/04\/Zukunftsthemen_Luftballons-03.png\" alt=\"\" width=\"322\" height=\"278\" \/><figcaption class=\"wp-caption-text\">complan<\/figcaption><\/figure><\/dt>\n<\/dl>\n<\/div>\n<p>Das Thema Digitalisierung betrifft als Querschnittsaufgabe alle Akteure und Bereiche des kommunalen Handelns, stadtnahe Unternehmen sowie weitere Partner der Stadt aus Wirtschaft und Wissenschaft. Mit dem Digitalisierungs-<br \/>\ngrad in einer Stadt sind Standortmerkmale verbunden, die sich positiv auf die Wirtschafts- und Besch\u00e4ftigtenent-wicklung auswirken. Jena verf\u00fcgt als Stadt mit hohem Innovations- und Vernetzungsgrad \u00fcber sehr gutes Potenzial, im Digitalisierungsprozess eine Vorreiterrolle mit \u00fcberregionaler Ausstrahlung zu \u00fcbernehmen und somit seine Position als Wissenschafts- und Wirtschaftsstandort in Deutschland deutlich zu st\u00e4rken und zu profilieren.<\/p>\n<p>Die Digitalisierung gewinnt zunehmend an Bedeutung f\u00fcr alle Wirtschafts-, Wissenschafts- und Lebensbereiche, doch nur wenige St\u00e4dte n\u00e4hern sich diesem Thema strategisch. Die Digitalisierung gilt als wichtiger Innovationsmotor und entscheidet \u00fcber die Zukunftsf\u00e4higkeit von St\u00e4dten. Zwar positioniert sich der Wirtschafts- und Wissenschaftsstandort Jena in Sachen Digitalisierung als weit entwickelt, doch gibt es viele Handlungsbereiche, die bisher nur vereinzelt die Chancen der Digitalisierung kennen und nutzen. Dies betrifft verschiedene Themenfelder u.a. den Verkehr, Bildung, Tourismus<br \/>\nbis zu st\u00e4dtischen Dienstleistungen und Angeboten. \u00a0Daher soll mit dem Zukunftsthema Digital.Stadt.Jena eine gesamtstrategischen Ansatz verfolgt werden, der alle Handlungsfelder der Stadtentwicklung und dar\u00fcber hinaus einschlie\u00dft, um im Zeitalter der Beschleunigung und der steigenden Komplexit\u00e4t als moderne Kommune gut aufgestellt zu sein und die richtigen Impulse im Digitalisierungsprozess zu setzen. Lesen Sie bitte <a href=\"https:\/\/blog.jena.de\/jena2030\/wp-content\/uploads\/sites\/18\/2017\/04\/Blog_DigitalStadt.pdf\">hier<\/a> unsere bisherigen \u00dcberlegungen zu diesem Thema.<\/p>\n<blockquote><p>Diskutieren Sie mit und \u00fcbermitteln Sie uns Ihre Anregungen und Fragen zu diesem Zukunftsthema.<\/p><\/blockquote>\n","protected":false},"excerpt":{"rendered":"<p>Zukunftsthema Digital.Stadt.Jena Vernetzung\/Digitalisierung von Stadt, Wirtschaft, Wissenschaft und Kultur Themenpate: Conrad Wrobel, Aufsichtstrat der TowerByte eG. Ein Interview mit dem Themenpaten, welches in&hellip;<\/p>\n","protected":false},"author":15,"featured_media":304,"comment_status":"open","ping_status":"closed","sticky":false,"template":"","format":"standard","meta":{"footnotes":""},"categories":[1,2],"tags":[],"class_list":["post-341","post","type-post","status-publish","format-standard","has-post-thumbnail","hentry","category-allgemein","category-termine"],"_links":{"self":[{"href":"https:\/\/blog.jena.de\/jena2030\/wp-json\/wp\/v2\/posts\/341","targetHints":{"allow":["GET"]}}],"collection":[{"href":"https:\/\/blog.jena.de\/jena2030\/wp-json\/wp\/v2\/posts"}],"about":[{"href":"https:\/\/blog.jena.de\/jena2030\/wp-json\/wp\/v2\/types\/post"}],"author":[{"embeddable":true,"href":"https:\/\/blog.jena.de\/jena2030\/wp-json\/wp\/v2\/users\/15"}],"replies":[{"embeddable":true,"href":"https:\/\/blog.jena.de\/jena2030\/wp-json\/wp\/v2\/comments?post=341"}],"version-history":[{"count":12,"href":"https:\/\/blog.jena.de\/jena2030\/wp-json\/wp\/v2\/posts\/341\/revisions"}],"predecessor-version":[{"id":449,"href":"https:\/\/blog.jena.de\/jena2030\/wp-json\/wp\/v2\/posts\/341\/revisions\/449"}],"wp:featuredmedia":[{"embeddable":true,"href":"https:\/\/blog.jena.de\/jena2030\/wp-json\/wp\/v2\/media\/304"}],"wp:attachment":[{"href":"https:\/\/blog.jena.de\/jena2030\/wp-json\/wp\/v2\/media?parent=341"}],"wp:term":[{"taxonomy":"category","embeddable":true,"href":"https:\/\/blog.jena.de\/jena2030\/wp-json\/wp\/v2\/categories?post=341"},{"taxonomy":"post_tag","embeddable":true,"href":"https:\/\/blog.jena.de\/jena2030\/wp-json\/wp\/v2\/tags?post=341"}],"curies":[{"name":"wp","href":"https:\/\/api.w.org\/{rel}","templated":true}]}}