{"id":293,"date":"2017-04-12T15:43:47","date_gmt":"2017-04-12T13:43:47","guid":{"rendered":"https:\/\/blog.jena.de\/jena2030\/?p=293"},"modified":"2017-07-07T12:02:48","modified_gmt":"2017-07-07T10:02:48","slug":"stark-handeln-jena","status":"publish","type":"post","link":"https:\/\/blog.jena.de\/jena2030\/2017\/04\/12\/stark-handeln-jena\/","title":{"rendered":"Stark.Handeln.Jena"},"content":{"rendered":"<p>&nbsp;<\/p>\n<p>Zukunftsthema<\/p>\n<p>Stark.Handeln.Jena<br \/>\nHandlungsf\u00e4higkeit sichern und ausbauen<\/p>\n<p>Themenpate:<br \/>\nMartin Berger, Fachdienstleiter Haushalt, Controllling und Organisationsentwicklung<\/p>\n<p>Ein Interview mit dem Themenpaten, welches in der begleitenden Artikelserie der regionalen Presse erschienen ist, k\u00f6nnen Sie <a href=\"https:\/\/blog.jena.de\/jena2030\/wp-content\/uploads\/sites\/18\/2017\/04\/Artikel-OTZ-12_04_2017.pdf\">hier<\/a> nachlesen.<\/p>\n<figure style=\"width: 356px\" class=\"wp-caption alignnone\"><img loading=\"lazy\" decoding=\"async\" src=\"https:\/\/blog.jena.de\/jena2030\/wp-content\/uploads\/sites\/18\/2017\/04\/Zukunftsthemen_Luftballons-07.png\" alt=\"\" width=\"356\" height=\"307\" \/><figcaption class=\"wp-caption-text\">complan<\/figcaption><\/figure>\n<p>Die Handlungsf\u00e4higkeit einer Stadt unterliegt unterschiedlichen Faktoren, die sich aus externen und internen Einfl\u00fcssen zusammensetzen. Die Wirtschaftskraft bestimmt in Verbindung mit der demografischen Lage die finanziellen M\u00f6glichkeiten einer Kommune. Zudem wirken sich politische Konstellationen, organisatorische und strukturelle Gegebenheiten sowie die Kommmunikationskultur auf das Handeln und die Handlungsf\u00e4higkeit einer Kommune aus.<\/p>\n<p>Das Zukunftsthema Stark.Handeln.Jena steht f\u00fcr die strukturelle, personelle und finanzielle Handlungsf\u00e4higkeit der Verwaltung, der Eigenbetriebe und weiterer Beteiligungen. Lesen Sie bitte <a href=\"https:\/\/blog.jena.de\/jena2030\/wp-content\/uploads\/sites\/18\/2017\/04\/Blog_StarkHandeln_NEU.pdf\">hier<\/a> unsere bisherigen \u00dcberlegungen zu diesem Thema.<\/p>\n<blockquote><p>Diskutieren Sie mit und \u00fcbermitteln Sie uns Ihre Anregungen und Fragen zu diesem Zukunftsthema.<\/p><\/blockquote>\n<p>&nbsp;<\/p>\n","protected":false},"excerpt":{"rendered":"<p>&nbsp; Zukunftsthema Stark.Handeln.Jena Handlungsf\u00e4higkeit sichern und ausbauen Themenpate: Martin Berger, Fachdienstleiter Haushalt, Controllling und Organisationsentwicklung Ein Interview mit dem Themenpaten, welches in der&hellip;<\/p>\n","protected":false},"author":15,"featured_media":308,"comment_status":"open","ping_status":"closed","sticky":false,"template":"","format":"standard","meta":{"footnotes":""},"categories":[1,2],"tags":[],"class_list":["post-293","post","type-post","status-publish","format-standard","has-post-thumbnail","hentry","category-allgemein","category-termine"],"_links":{"self":[{"href":"https:\/\/blog.jena.de\/jena2030\/wp-json\/wp\/v2\/posts\/293","targetHints":{"allow":["GET"]}}],"collection":[{"href":"https:\/\/blog.jena.de\/jena2030\/wp-json\/wp\/v2\/posts"}],"about":[{"href":"https:\/\/blog.jena.de\/jena2030\/wp-json\/wp\/v2\/types\/post"}],"author":[{"embeddable":true,"href":"https:\/\/blog.jena.de\/jena2030\/wp-json\/wp\/v2\/users\/15"}],"replies":[{"embeddable":true,"href":"https:\/\/blog.jena.de\/jena2030\/wp-json\/wp\/v2\/comments?post=293"}],"version-history":[{"count":13,"href":"https:\/\/blog.jena.de\/jena2030\/wp-json\/wp\/v2\/posts\/293\/revisions"}],"predecessor-version":[{"id":452,"href":"https:\/\/blog.jena.de\/jena2030\/wp-json\/wp\/v2\/posts\/293\/revisions\/452"}],"wp:featuredmedia":[{"embeddable":true,"href":"https:\/\/blog.jena.de\/jena2030\/wp-json\/wp\/v2\/media\/308"}],"wp:attachment":[{"href":"https:\/\/blog.jena.de\/jena2030\/wp-json\/wp\/v2\/media?parent=293"}],"wp:term":[{"taxonomy":"category","embeddable":true,"href":"https:\/\/blog.jena.de\/jena2030\/wp-json\/wp\/v2\/categories?post=293"},{"taxonomy":"post_tag","embeddable":true,"href":"https:\/\/blog.jena.de\/jena2030\/wp-json\/wp\/v2\/tags?post=293"}],"curies":[{"name":"wp","href":"https:\/\/api.w.org\/{rel}","templated":true}]}}