{"id":257,"date":"2017-04-10T11:25:34","date_gmt":"2017-04-10T09:25:34","guid":{"rendered":"https:\/\/blog.jena.de\/jena2030\/?p=257"},"modified":"2017-07-07T12:28:15","modified_gmt":"2017-07-07T10:28:15","slug":"4-lenkungsrunde-am-04-04-2017","status":"publish","type":"post","link":"https:\/\/blog.jena.de\/jena2030\/2017\/04\/10\/4-lenkungsrunde-am-04-04-2017\/","title":{"rendered":"4. Lenkungsrunde am 04.04.2017"},"content":{"rendered":"<p style=\"text-align: left\" align=\"JUSTIFY\">Am 04. April 2017 fand die finale Lenkungsrunde zum Integrierten Stadtentwicklungskonzept Jena.2030+ statt. Hier wurden die zuk\u00fcnftigen Aufgaben und Schwerpunktr\u00e4ume der Stadtentwicklung Jenas abgestimmt und weitere Umsetzungsschritte besprochen.<\/p>\n<p style=\"text-align: left\" align=\"JUSTIFY\">Allen Teilnehmern wurde bereits im Vorfeld der Veranstaltung der aktuelle Stand zum Integrierten Stadtentwicklungskonzept Jena 2030+ \u00fcbergeben. Dennoch wurde zun\u00e4chst als Einstieg in die Diskussion in Form einer Pr\u00e4sentation (zur Pr\u00e4senation <a href=\"https:\/\/blog.jena.de\/jena2030\/wp-content\/uploads\/sites\/18\/2017\/04\/170404_Lenkungsrunde-4_extern.pdf\">hier<\/a> klicken) eine Information zum Stand der Erarbeitung des Konzeptes und ein \u00dcberblick zu den Inhalten gegeben. Die sieben Zukunftsthemen und die ersten Ideen f\u00fcr Schl\u00fcsselprojekte wurden vorgestellt und diskutiert.<\/p>\n<p style=\"text-align: left\" align=\"JUSTIFY\">Im folgenden wurde die Umsetzung der Zukunftsthemen und die Rolle der Themenpaten besprochen. Erste Ideen\u00a0 zur weiteren Ber\u00fccksichtigung des ISEK in der zuk\u00fcnftigen Stadtentwicklung wurden bereits durch die Themenpaten eingebracht.<\/p>\n","protected":false},"excerpt":{"rendered":"<p>Am 04. April 2017 fand die finale Lenkungsrunde zum Integrierten Stadtentwicklungskonzept Jena.2030+ statt. Hier wurden die zuk\u00fcnftigen Aufgaben und Schwerpunktr\u00e4ume der Stadtentwicklung Jenas&hellip;<\/p>\n","protected":false},"author":15,"featured_media":68,"comment_status":"open","ping_status":"closed","sticky":false,"template":"","format":"standard","meta":{"footnotes":""},"categories":[1],"tags":[],"class_list":["post-257","post","type-post","status-publish","format-standard","has-post-thumbnail","hentry","category-allgemein"],"_links":{"self":[{"href":"https:\/\/blog.jena.de\/jena2030\/wp-json\/wp\/v2\/posts\/257","targetHints":{"allow":["GET"]}}],"collection":[{"href":"https:\/\/blog.jena.de\/jena2030\/wp-json\/wp\/v2\/posts"}],"about":[{"href":"https:\/\/blog.jena.de\/jena2030\/wp-json\/wp\/v2\/types\/post"}],"author":[{"embeddable":true,"href":"https:\/\/blog.jena.de\/jena2030\/wp-json\/wp\/v2\/users\/15"}],"replies":[{"embeddable":true,"href":"https:\/\/blog.jena.de\/jena2030\/wp-json\/wp\/v2\/comments?post=257"}],"version-history":[{"count":8,"href":"https:\/\/blog.jena.de\/jena2030\/wp-json\/wp\/v2\/posts\/257\/revisions"}],"predecessor-version":[{"id":467,"href":"https:\/\/blog.jena.de\/jena2030\/wp-json\/wp\/v2\/posts\/257\/revisions\/467"}],"wp:featuredmedia":[{"embeddable":true,"href":"https:\/\/blog.jena.de\/jena2030\/wp-json\/wp\/v2\/media\/68"}],"wp:attachment":[{"href":"https:\/\/blog.jena.de\/jena2030\/wp-json\/wp\/v2\/media?parent=257"}],"wp:term":[{"taxonomy":"category","embeddable":true,"href":"https:\/\/blog.jena.de\/jena2030\/wp-json\/wp\/v2\/categories?post=257"},{"taxonomy":"post_tag","embeddable":true,"href":"https:\/\/blog.jena.de\/jena2030\/wp-json\/wp\/v2\/tags?post=257"}],"curies":[{"name":"wp","href":"https:\/\/api.w.org\/{rel}","templated":true}]}}