{"id":136,"date":"2016-06-28T18:12:33","date_gmt":"2016-06-28T16:12:33","guid":{"rendered":"https:\/\/blog.jena.de\/jena2030\/?p=136"},"modified":"2017-07-07T12:30:18","modified_gmt":"2017-07-07T10:30:18","slug":"schuelerprojekt-wie-wollen-wir-im-jahr-2030-in-jena-leben","status":"publish","type":"post","link":"https:\/\/blog.jena.de\/jena2030\/2016\/06\/28\/schuelerprojekt-wie-wollen-wir-im-jahr-2030-in-jena-leben\/","title":{"rendered":"Sch\u00fclerprojekt &#8222;Wie wollen wir im Jahr 2030 in Jena leben?&#8220;"},"content":{"rendered":"<p>In der letzten Schulwoche unseres Schuljahres 2016 bearbeiteten wir das Projekt \u201eJena im Jahr 2030\u201c.<\/p>\n<p>Am Montag spielten wir zun\u00e4chst mit der Stadtplanerin Frau Schwamberger das Spiel \u201eStadt, Land, Fluss\u201c mit anderen Kategorien und wir \u00fcberlegten uns, was man alles in einer Stadt braucht. Au\u00dferdem dachten wir uns ein Stadt-ABC <a href=\"https:\/\/blog.jena.de\/jena2030\/wp-content\/uploads\/sites\/18\/2016\/06\/Zukunfts-Stadt-ABC.jpg\">(<\/a><a href=\"https:\/\/blog.jena.de\/jena2030\/2016\/06\/28\/schuelerprojekt-wie-wollen-wir-im-jahr-2030-in-jena-leben\/vorstellung-des-zukunfts-stadt-abc-in-der-buergerversammlung\/#main\">Zukunfts-Stadt-ABC<\/a><a href=\"https:\/\/blog.jena.de\/jena2030\/wp-content\/uploads\/sites\/18\/2016\/06\/Zukunfts-Stadt-ABC.jpg\">)<\/a> aus. Im <a href=\"http:\/\/www.jenatv.de\/mediathek\/34328\/Entwicklung_in_der_Stadt_Am_Otto_Schott_Gymnasium_startete_das_Schulprojekt_Jena_2030.html\">JenaTV<\/a> wurde \u00fcber unser Projekt berichtet.<\/p>\n<p>In den n\u00e4chsten Tagen arbeiteten wir in Gruppen. Jede Gruppe suchte sich ein Thema aus und baute ein Modell oder gestaltete ein Plakat. Am Mittwoch stellten die Gruppen ihre Themen und Ergebnisse der Klasse vor.<\/p>\n<p>&nbsp;<\/p>\n<hr \/>\n<p>Unsere Projekte waren:<\/p>\n<div id='gallery-1' class='gallery galleryid-136 gallery-columns-3 gallery-size-thumbnail'><figure class='gallery-item'>\n\t\t\t<div class='gallery-icon landscape'>\n\t\t\t\t<a href='https:\/\/blog.jena.de\/jena2030\/2016\/06\/28\/schuelerprojekt-wie-wollen-wir-im-jahr-2030-in-jena-leben\/projekt-zukunftsstadt\/'><img loading=\"lazy\" decoding=\"async\" width=\"400\" height=\"400\" src=\"https:\/\/blog.jena.de\/jena2030\/wp-content\/uploads\/sites\/18\/2016\/06\/Projekt-Zukunftsstadt-400x400.jpg\" class=\"attachment-thumbnail size-thumbnail\" alt=\"\" aria-describedby=\"gallery-1-154\" \/><\/a>\n\t\t\t<\/div>\n\t\t\t\t<figcaption class='wp-caption-text gallery-caption' id='gallery-1-154'>\n\t\t\t\tStadt Jena\n\t\t\t\t<\/figcaption><\/figure><figure class='gallery-item'>\n\t\t\t<div class='gallery-icon landscape'>\n\t\t\t\t<a href='https:\/\/blog.jena.de\/jena2030\/2016\/06\/28\/schuelerprojekt-wie-wollen-wir-im-jahr-2030-in-jena-leben\/projekt-waldkletterpark-waehrend-praesentation\/'><img loading=\"lazy\" decoding=\"async\" width=\"400\" height=\"400\" src=\"https:\/\/blog.jena.de\/jena2030\/wp-content\/uploads\/sites\/18\/2016\/06\/Projekt-Waldkletterpark-w\u00e4hrend-Pr\u00e4sentation-400x400.jpg\" class=\"attachment-thumbnail size-thumbnail\" alt=\"\" aria-describedby=\"gallery-1-166\" \/><\/a>\n\t\t\t<\/div>\n\t\t\t\t<figcaption class='wp-caption-text gallery-caption' id='gallery-1-166'>\n\t\t\t\tStadt Jena\n\t\t\t\t<\/figcaption><\/figure><figure class='gallery-item'>\n\t\t\t<div class='gallery-icon landscape'>\n\t\t\t\t<a href='https:\/\/blog.jena.de\/jena2030\/2016\/06\/28\/schuelerprojekt-wie-wollen-wir-im-jahr-2030-in-jena-leben\/projekt-wasserrutsche\/'><img loading=\"lazy\" decoding=\"async\" width=\"400\" height=\"400\" src=\"https:\/\/blog.jena.de\/jena2030\/wp-content\/uploads\/sites\/18\/2016\/06\/Projekt-Wasserrutsche-400x400.jpg\" class=\"attachment-thumbnail size-thumbnail\" alt=\"\" aria-describedby=\"gallery-1-153\" \/><\/a>\n\t\t\t<\/div>\n\t\t\t\t<figcaption class='wp-caption-text gallery-caption' id='gallery-1-153'>\n\t\t\t\tStadt Jena\n\t\t\t\t<\/figcaption><\/figure><figure class='gallery-item'>\n\t\t\t<div class='gallery-icon landscape'>\n\t\t\t\t<a href='https:\/\/blog.jena.de\/jena2030\/2016\/06\/28\/schuelerprojekt-wie-wollen-wir-im-jahr-2030-in-jena-leben\/projekt-ufo-forschungs-institut-ufi\/'><img loading=\"lazy\" decoding=\"async\" width=\"400\" height=\"400\" src=\"https:\/\/blog.jena.de\/jena2030\/wp-content\/uploads\/sites\/18\/2016\/06\/Projekt-Ufo-Forschungs-Institut-UFI-400x400.jpg\" class=\"attachment-thumbnail size-thumbnail\" alt=\"\" aria-describedby=\"gallery-1-152\" \/><\/a>\n\t\t\t<\/div>\n\t\t\t\t<figcaption class='wp-caption-text gallery-caption' id='gallery-1-152'>\n\t\t\t\tStadt Jena\n\t\t\t\t<\/figcaption><\/figure><figure class='gallery-item'>\n\t\t\t<div class='gallery-icon landscape'>\n\t\t\t\t<a href='https:\/\/blog.jena.de\/jena2030\/2016\/06\/28\/schuelerprojekt-wie-wollen-wir-im-jahr-2030-in-jena-leben\/projekt-tierschutz\/'><img loading=\"lazy\" decoding=\"async\" width=\"400\" height=\"400\" src=\"https:\/\/blog.jena.de\/jena2030\/wp-content\/uploads\/sites\/18\/2016\/06\/Projekt-Tierschutz-400x400.jpg\" class=\"attachment-thumbnail size-thumbnail\" alt=\"\" aria-describedby=\"gallery-1-151\" \/><\/a>\n\t\t\t<\/div>\n\t\t\t\t<figcaption class='wp-caption-text gallery-caption' id='gallery-1-151'>\n\t\t\t\tStadt Jena\n\t\t\t\t<\/figcaption><\/figure><figure class='gallery-item'>\n\t\t\t<div class='gallery-icon portrait'>\n\t\t\t\t<a href='https:\/\/blog.jena.de\/jena2030\/2016\/06\/28\/schuelerprojekt-wie-wollen-wir-im-jahr-2030-in-jena-leben\/projekt-pflanzenhaus\/'><img loading=\"lazy\" decoding=\"async\" width=\"400\" height=\"400\" src=\"https:\/\/blog.jena.de\/jena2030\/wp-content\/uploads\/sites\/18\/2016\/06\/Projekt-Pflanzenhaus-400x400.jpg\" class=\"attachment-thumbnail size-thumbnail\" alt=\"\" aria-describedby=\"gallery-1-150\" \/><\/a>\n\t\t\t<\/div>\n\t\t\t\t<figcaption class='wp-caption-text gallery-caption' id='gallery-1-150'>\n\t\t\t\tStadt Jena\n\t\t\t\t<\/figcaption><\/figure><figure class='gallery-item'>\n\t\t\t<div class='gallery-icon portrait'>\n\t\t\t\t<a href='https:\/\/blog.jena.de\/jena2030\/2016\/06\/28\/schuelerprojekt-wie-wollen-wir-im-jahr-2030-in-jena-leben\/projekt-baumhotel\/'><img loading=\"lazy\" decoding=\"async\" width=\"400\" height=\"400\" src=\"https:\/\/blog.jena.de\/jena2030\/wp-content\/uploads\/sites\/18\/2016\/06\/Projekt-Baumhotel-400x400.jpg\" class=\"attachment-thumbnail size-thumbnail\" alt=\"\" aria-describedby=\"gallery-1-149\" \/><\/a>\n\t\t\t<\/div>\n\t\t\t\t<figcaption class='wp-caption-text gallery-caption' id='gallery-1-149'>\n\t\t\t\tStadt Jena\n\t\t\t\t<\/figcaption><\/figure><figure class='gallery-item'>\n\t\t\t<div class='gallery-icon portrait'>\n\t\t\t\t<a href='https:\/\/blog.jena.de\/jena2030\/2016\/06\/28\/schuelerprojekt-wie-wollen-wir-im-jahr-2030-in-jena-leben\/funktionen-der-stadt\/'><img loading=\"lazy\" decoding=\"async\" width=\"400\" height=\"400\" src=\"https:\/\/blog.jena.de\/jena2030\/wp-content\/uploads\/sites\/18\/2016\/06\/Funktionen-der-Stadt-400x400.jpg\" class=\"attachment-thumbnail size-thumbnail\" alt=\"Errabeitung eines Mindmaps zum Thema Funktionen der Stadt\" aria-describedby=\"gallery-1-146\" \/><\/a>\n\t\t\t<\/div>\n\t\t\t\t<figcaption class='wp-caption-text gallery-caption' id='gallery-1-146'>\n\t\t\t\tStadt Jena\n\t\t\t\t<\/figcaption><\/figure><figure class='gallery-item'>\n\t\t\t<div class='gallery-icon landscape'>\n\t\t\t\t<a href='https:\/\/blog.jena.de\/jena2030\/2016\/06\/28\/schuelerprojekt-wie-wollen-wir-im-jahr-2030-in-jena-leben\/spiel-stadt-land-fluss\/'><img loading=\"lazy\" decoding=\"async\" width=\"400\" height=\"400\" src=\"https:\/\/blog.jena.de\/jena2030\/wp-content\/uploads\/sites\/18\/2016\/06\/Spiel-Stadt-Land-Fluss-400x400.jpg\" class=\"attachment-thumbnail size-thumbnail\" alt=\"\" aria-describedby=\"gallery-1-155\" \/><\/a>\n\t\t\t<\/div>\n\t\t\t\t<figcaption class='wp-caption-text gallery-caption' id='gallery-1-155'>\n\t\t\t\tStadt Jena\n\t\t\t\t<\/figcaption><\/figure>\n\t\t<\/div>\n\n<figure id=\"attachment_147\" aria-describedby=\"caption-attachment-147\" style=\"width: 500px\" class=\"wp-caption alignright\"><img loading=\"lazy\" decoding=\"async\" class=\"wp-image-147 size-medium\" src=\"https:\/\/blog.jena.de\/jena2030\/wp-content\/uploads\/sites\/18\/2016\/06\/In-der-B\u00fcrgerversammlung-500x375.jpg\" alt=\"In der B\u00fcrgerversammlung \u00a9 Stadt Jena\" width=\"500\" height=\"375\" srcset=\"https:\/\/blog.jena.de\/jena2030\/wp-content\/uploads\/sites\/18\/2016\/06\/In-der-B\u00fcrgerversammlung-500x375.jpg 500w, https:\/\/blog.jena.de\/jena2030\/wp-content\/uploads\/sites\/18\/2016\/06\/In-der-B\u00fcrgerversammlung-768x576.jpg 768w, https:\/\/blog.jena.de\/jena2030\/wp-content\/uploads\/sites\/18\/2016\/06\/In-der-B\u00fcrgerversammlung-1000x750.jpg 1000w, https:\/\/blog.jena.de\/jena2030\/wp-content\/uploads\/sites\/18\/2016\/06\/In-der-B\u00fcrgerversammlung-600x450.jpg 600w, https:\/\/blog.jena.de\/jena2030\/wp-content\/uploads\/sites\/18\/2016\/06\/In-der-B\u00fcrgerversammlung-920x690.jpg 920w, https:\/\/blog.jena.de\/jena2030\/wp-content\/uploads\/sites\/18\/2016\/06\/In-der-B\u00fcrgerversammlung-1024x768.jpg 1024w, https:\/\/blog.jena.de\/jena2030\/wp-content\/uploads\/sites\/18\/2016\/06\/In-der-B\u00fcrgerversammlung-790x593.jpg 790w\" sizes=\"auto, (max-width: 500px) 100vw, 500px\" \/><figcaption id=\"caption-attachment-147\" class=\"wp-caption-text\">Stadt Jena | In der B\u00fcrgerversammlung<\/figcaption><\/figure>\n<hr \/>\n<p>Am Nachmittag zeigten wir unsere Ergebnisse im Rathaus zur B\u00fcrgerversammlung der Stadt Jena. Zus\u00e4tzlich w\u00e4hlten die B\u00fcrger die besten Fotos unseres Fotowettbewerbes in den Kategorien<\/p>\n<p>a) ein Motiv dass Jena als Jena dokumentiert (<a href=\"https:\/\/blog.jena.de\/jena2030\/2016\/06\/28\/schuelerprojekt-wie-wollen-wir-im-jahr-2030-in-jena-leben\/fotowettbewerb_kategorie-typischer-ort_siegerbild-2\/#main\">ein typischer Ort<\/a>),<br \/>\nb) ein Ort, den ich Besuchern zeigen w\u00fcrde (<a href=\"https:\/\/blog.jena.de\/jena2030\/2016\/06\/28\/schuelerprojekt-wie-wollen-wir-im-jahr-2030-in-jena-leben\/fotowettbewerb_kategorie_schoener-ort_-fotos-mit-siegerbild\/#main\">ein sch\u00f6ner Or<\/a><a href=\"https:\/\/blog.jena.de\/jena2030\/wp-content\/uploads\/sites\/18\/2016\/06\/Fotowettbewerb_Kategorie_Sch\u00f6ner-Ort_-Fotos-mit-Siegerbild.jpg\">t<\/a>) und<br \/>\nc) ein Ort, den ich Besuchern nicht zeigen w\u00fcrde (<a href=\"https:\/\/blog.jena.de\/jena2030\/2016\/06\/28\/schuelerprojekt-wie-wollen-wir-im-jahr-2030-in-jena-leben\/fotowettbewerb_kategorie-unattraktiver-ort_kopf-an-kopf-rennen\/#main\">ein unattraktiver Ort<\/a>) aus.<\/p>\n<p>Die Gewinner bekamen dann in der B\u00fcrgerversammlung vom Dezernenten f\u00fcr Stadtentwicklung und Umweltschutz Herrn Peisker die Preise \u00fcberreicht.<\/p>\n<hr \/>\n<p>Eindr\u00fccke zum Fotowettbewerb:<\/p>\n<div id='gallery-2' class='gallery galleryid-136 gallery-columns-6 gallery-size-thumbnail'><figure class='gallery-item'>\n\t\t\t<div class='gallery-icon portrait'>\n\t\t\t\t<a href='https:\/\/blog.jena.de\/jena2030\/2016\/06\/28\/schuelerprojekt-wie-wollen-wir-im-jahr-2030-in-jena-leben\/fotowettbewerb_kategorie-unattraktiver-ort_kopf-an-kopf-rennen\/'><img loading=\"lazy\" decoding=\"async\" width=\"400\" height=\"400\" src=\"https:\/\/blog.jena.de\/jena2030\/wp-content\/uploads\/sites\/18\/2016\/06\/Fotowettbewerb_Kategorie-Unattraktiver-Ort_Kopf-an-Kopf-Rennen-400x400.jpg\" class=\"attachment-thumbnail size-thumbnail\" alt=\"\" aria-describedby=\"gallery-2-143\" \/><\/a>\n\t\t\t<\/div>\n\t\t\t\t<figcaption class='wp-caption-text gallery-caption' id='gallery-2-143'>\n\t\t\t\tStadt Jena\n\t\t\t\t<\/figcaption><\/figure><figure class='gallery-item'>\n\t\t\t<div class='gallery-icon landscape'>\n\t\t\t\t<a href='https:\/\/blog.jena.de\/jena2030\/2016\/06\/28\/schuelerprojekt-wie-wollen-wir-im-jahr-2030-in-jena-leben\/vorstellung-des-zukunfts-stadt-abc-in-der-buergerversammlung\/'><img loading=\"lazy\" decoding=\"async\" width=\"400\" height=\"400\" src=\"https:\/\/blog.jena.de\/jena2030\/wp-content\/uploads\/sites\/18\/2016\/06\/Vorstellung-des-Zukunfts-Stadt-ABC-in-der-B\u00fcrgerversammlung-400x400.jpg\" class=\"attachment-thumbnail size-thumbnail\" alt=\"\" aria-describedby=\"gallery-2-156\" \/><\/a>\n\t\t\t<\/div>\n\t\t\t\t<figcaption class='wp-caption-text gallery-caption' id='gallery-2-156'>\n\t\t\t\tStadt Jena\n\t\t\t\t<\/figcaption><\/figure><figure class='gallery-item'>\n\t\t\t<div class='gallery-icon portrait'>\n\t\t\t\t<a href='https:\/\/blog.jena.de\/jena2030\/2016\/06\/28\/schuelerprojekt-wie-wollen-wir-im-jahr-2030-in-jena-leben\/fotowettbewerb_kategorie-typischer-ort_siegerbild-2\/'><img loading=\"lazy\" decoding=\"async\" width=\"400\" height=\"400\" src=\"https:\/\/blog.jena.de\/jena2030\/wp-content\/uploads\/sites\/18\/2016\/06\/Fotowettbewerb_Kategorie-Typischer-Ort_Siegerbild-1-400x400.jpg\" class=\"attachment-thumbnail size-thumbnail\" alt=\"\" aria-describedby=\"gallery-2-167\" \/><\/a>\n\t\t\t<\/div>\n\t\t\t\t<figcaption class='wp-caption-text gallery-caption' id='gallery-2-167'>\n\t\t\t\tStadt Jena\n\t\t\t\t<\/figcaption><\/figure><figure class='gallery-item'>\n\t\t\t<div class='gallery-icon portrait'>\n\t\t\t\t<a href='https:\/\/blog.jena.de\/jena2030\/2016\/06\/28\/schuelerprojekt-wie-wollen-wir-im-jahr-2030-in-jena-leben\/fotowettbewerb_kategorie_typischer-ort_mehrere-fotos\/'><img loading=\"lazy\" decoding=\"async\" width=\"400\" height=\"400\" src=\"https:\/\/blog.jena.de\/jena2030\/wp-content\/uploads\/sites\/18\/2016\/06\/Fotowettbewerb_Kategorie_Typischer-Ort_Mehrere-Fotos-400x400.jpg\" class=\"attachment-thumbnail size-thumbnail\" alt=\"\" aria-describedby=\"gallery-2-145\" \/><\/a>\n\t\t\t<\/div>\n\t\t\t\t<figcaption class='wp-caption-text gallery-caption' id='gallery-2-145'>\n\t\t\t\tStadt Jena\n\t\t\t\t<\/figcaption><\/figure><figure class='gallery-item'>\n\t\t\t<div class='gallery-icon landscape'>\n\t\t\t\t<a href='https:\/\/blog.jena.de\/jena2030\/2016\/06\/28\/schuelerprojekt-wie-wollen-wir-im-jahr-2030-in-jena-leben\/fotowettbewerb_kategorie_schoener-ort_-fotos-mit-siegerbild\/'><img loading=\"lazy\" decoding=\"async\" width=\"400\" height=\"400\" src=\"https:\/\/blog.jena.de\/jena2030\/wp-content\/uploads\/sites\/18\/2016\/06\/Fotowettbewerb_Kategorie_Sch\u00f6ner-Ort_-Fotos-mit-Siegerbild-400x400.jpg\" class=\"attachment-thumbnail size-thumbnail\" alt=\"\" aria-describedby=\"gallery-2-144\" \/><\/a>\n\t\t\t<\/div>\n\t\t\t\t<figcaption class='wp-caption-text gallery-caption' id='gallery-2-144'>\n\t\t\t\tStadt Jena\n\t\t\t\t<\/figcaption><\/figure><figure class='gallery-item'>\n\t\t\t<div class='gallery-icon landscape'>\n\t\t\t\t<a href='https:\/\/blog.jena.de\/jena2030\/2016\/06\/28\/schuelerprojekt-wie-wollen-wir-im-jahr-2030-in-jena-leben\/abstimmung-zum-fotowettbewerb\/'><img loading=\"lazy\" decoding=\"async\" width=\"400\" height=\"400\" src=\"https:\/\/blog.jena.de\/jena2030\/wp-content\/uploads\/sites\/18\/2016\/06\/Abstimmung-zum-Fotowettbewerb-400x400.jpg\" class=\"attachment-thumbnail size-thumbnail\" alt=\"\" aria-describedby=\"gallery-2-140\" \/><\/a>\n\t\t\t<\/div>\n\t\t\t\t<figcaption class='wp-caption-text gallery-caption' id='gallery-2-140'>\n\t\t\t\tStadt Jena\n\t\t\t\t<\/figcaption><\/figure>\n\t\t<\/div>\n\n<hr \/>\n<p>Der Donnerstag war ganz entspannt: Wir gingen zur Feuerwehr, sahen uns dort alles an und lie\u00dfen uns noch die Stadtmodelle zeigen und erkl\u00e4ren.<\/p>\n<p>Paula S., Klasse 5\/2 des Otto-Schott-Gymnasiums<\/p>\n<hr \/>\n<p>&nbsp;<\/p>\n","protected":false},"excerpt":{"rendered":"<p>In der letzten Schulwoche unseres Schuljahres 2016 bearbeiteten wir das Projekt \u201eJena im Jahr 2030\u201c. Am Montag spielten wir zun\u00e4chst mit der Stadtplanerin&hellip;<\/p>\n","protected":false},"author":15,"featured_media":148,"comment_status":"open","ping_status":"closed","sticky":false,"template":"","format":"standard","meta":{"footnotes":""},"categories":[1],"tags":[],"class_list":["post-136","post","type-post","status-publish","format-standard","has-post-thumbnail","hentry","category-allgemein"],"_links":{"self":[{"href":"https:\/\/blog.jena.de\/jena2030\/wp-json\/wp\/v2\/posts\/136","targetHints":{"allow":["GET"]}}],"collection":[{"href":"https:\/\/blog.jena.de\/jena2030\/wp-json\/wp\/v2\/posts"}],"about":[{"href":"https:\/\/blog.jena.de\/jena2030\/wp-json\/wp\/v2\/types\/post"}],"author":[{"embeddable":true,"href":"https:\/\/blog.jena.de\/jena2030\/wp-json\/wp\/v2\/users\/15"}],"replies":[{"embeddable":true,"href":"https:\/\/blog.jena.de\/jena2030\/wp-json\/wp\/v2\/comments?post=136"}],"version-history":[{"count":31,"href":"https:\/\/blog.jena.de\/jena2030\/wp-json\/wp\/v2\/posts\/136\/revisions"}],"predecessor-version":[{"id":470,"href":"https:\/\/blog.jena.de\/jena2030\/wp-json\/wp\/v2\/posts\/136\/revisions\/470"}],"wp:featuredmedia":[{"embeddable":true,"href":"https:\/\/blog.jena.de\/jena2030\/wp-json\/wp\/v2\/media\/148"}],"wp:attachment":[{"href":"https:\/\/blog.jena.de\/jena2030\/wp-json\/wp\/v2\/media?parent=136"}],"wp:term":[{"taxonomy":"category","embeddable":true,"href":"https:\/\/blog.jena.de\/jena2030\/wp-json\/wp\/v2\/categories?post=136"},{"taxonomy":"post_tag","embeddable":true,"href":"https:\/\/blog.jena.de\/jena2030\/wp-json\/wp\/v2\/tags?post=136"}],"curies":[{"name":"wp","href":"https:\/\/api.w.org\/{rel}","templated":true}]}}