{"id":954,"date":"2019-03-08T15:32:21","date_gmt":"2019-03-08T14:32:21","guid":{"rendered":"https:\/\/blog.jena.de\/beteiligung\/?p=954"},"modified":"2019-03-08T15:32:22","modified_gmt":"2019-03-08T14:32:22","slug":"15-03-2019-informationsveranstaltung-zum-neuen-buergerhaushalt","status":"publish","type":"post","link":"https:\/\/blog.jena.de\/beteiligung\/2019\/03\/08\/15-03-2019-informationsveranstaltung-zum-neuen-buergerhaushalt\/","title":{"rendered":"15.03.2019 &#8211; Informationsveranstaltung zum neuen B\u00fcrgerhaushalt"},"content":{"rendered":"\n<p>Bereits\n seit dem Jahr 2008 gibt es in Jena einen B\u00fcrgerhaushalt. Auf Grund der \nErgebnisse des Beteiligungsverfahrens 2015 zum Thema &#8222;B\u00fcrgerbeteiligung&#8220;\n folgte der Stadtrat im Jahr 2018 dem Vorschlag des Beirats \nB\u00fcrgerbeteiligung, den B\u00fcrgerhaushalt k\u00fcnftig als B\u00fcrgerbudget zu \ngestalten. 100.000 \u20ac f\u00fcr Ideen, die Jena attraktiver und gr\u00fcner machen, \ndie Kinder- Jugend- und Seniorenarbeit unterst\u00fctzen, Vereine f\u00f6rdern und\n noch vieles mehr. Die Entscheidung \u00fcber die Verteilung des \nB\u00fcrgerbudgets treffen die Einwohner*innen Jenas direkt mit ihren \nStimmen. Neugierig geworden?<\/p>\n\n\n\n<p>Alle wichtigen Informationen zum B\u00fcrgerbudget erfahren Sie in der \nAuftaktveranstaltung, zu der alle Interessierten herzlich eingeladen \nsind!<\/p>\n\n\n\n<p><strong>Zeit:<\/strong> 15.03.2019, 17:30 Uhr<\/p>\n\n\n\n<p><strong>Ort:<\/strong> Rathausdiele im Historischen Rathaus der Stadt Jena, Markt 1<\/p>\n","protected":false},"excerpt":{"rendered":"<p>Bereits seit dem Jahr 2008 gibt es in Jena einen B\u00fcrgerhaushalt. Auf Grund der Ergebnisse des Beteiligungsverfahrens 2015 zum Thema &#8222;B\u00fcrgerbeteiligung&#8220; folgte der&hellip;<\/p>\n","protected":false},"author":14,"featured_media":956,"comment_status":"open","ping_status":"closed","sticky":false,"template":"","format":"standard","meta":{"footnotes":""},"categories":[2,1,3],"tags":[],"class_list":["post-954","post","type-post","status-publish","format-standard","has-post-thumbnail","hentry","category-aktuelles","category-allgemein","category-termine"],"_links":{"self":[{"href":"https:\/\/blog.jena.de\/beteiligung\/wp-json\/wp\/v2\/posts\/954","targetHints":{"allow":["GET"]}}],"collection":[{"href":"https:\/\/blog.jena.de\/beteiligung\/wp-json\/wp\/v2\/posts"}],"about":[{"href":"https:\/\/blog.jena.de\/beteiligung\/wp-json\/wp\/v2\/types\/post"}],"author":[{"embeddable":true,"href":"https:\/\/blog.jena.de\/beteiligung\/wp-json\/wp\/v2\/users\/14"}],"replies":[{"embeddable":true,"href":"https:\/\/blog.jena.de\/beteiligung\/wp-json\/wp\/v2\/comments?post=954"}],"version-history":[{"count":1,"href":"https:\/\/blog.jena.de\/beteiligung\/wp-json\/wp\/v2\/posts\/954\/revisions"}],"predecessor-version":[{"id":955,"href":"https:\/\/blog.jena.de\/beteiligung\/wp-json\/wp\/v2\/posts\/954\/revisions\/955"}],"wp:featuredmedia":[{"embeddable":true,"href":"https:\/\/blog.jena.de\/beteiligung\/wp-json\/wp\/v2\/media\/956"}],"wp:attachment":[{"href":"https:\/\/blog.jena.de\/beteiligung\/wp-json\/wp\/v2\/media?parent=954"}],"wp:term":[{"taxonomy":"category","embeddable":true,"href":"https:\/\/blog.jena.de\/beteiligung\/wp-json\/wp\/v2\/categories?post=954"},{"taxonomy":"post_tag","embeddable":true,"href":"https:\/\/blog.jena.de\/beteiligung\/wp-json\/wp\/v2\/tags?post=954"}],"curies":[{"name":"wp","href":"https:\/\/api.w.org\/{rel}","templated":true}]}}