{"id":913,"date":"2018-07-11T11:12:02","date_gmt":"2018-07-11T09:12:02","guid":{"rendered":"https:\/\/blog.jena.de\/beteiligung\/?p=913"},"modified":"2018-07-11T11:12:02","modified_gmt":"2018-07-11T09:12:02","slug":"fortschreibung-laermaktionsplan-1-oeffentlichkeitsbeteiligung-erfolgreich-beendet","status":"publish","type":"post","link":"https:\/\/blog.jena.de\/beteiligung\/2018\/07\/11\/fortschreibung-laermaktionsplan-1-oeffentlichkeitsbeteiligung-erfolgreich-beendet\/","title":{"rendered":"Fortschreibung L\u00e4rmaktionsplan &#8211; 1. \u00d6ffentlichkeitsbeteiligung erfolgreich beendet"},"content":{"rendered":"<p>Bis zum 18.06.2018 hatten alle Einwohnerinnen und Einwohner Jenas die M\u00f6glichkeit, \u00fcber einen Fragebogen die L\u00e4rmbel\u00e4stigung in ihrem Wohnumfeld einzusch\u00e4tzen und Vorschl\u00e4ge zur L\u00e4rmreduzierung zu geben. 618 Frageb\u00f6gen wurden online oder in Papierform ausgef\u00fcllt. Vielen herzlichen Dank f\u00fcr diese rege Teilnahme!<\/p>\n<p>Die Frageb\u00f6gen werden in den kommenden Wochen ausgewertet, \u00fcber das Ergebnis wird ausf\u00fchrlich informiert.<\/p>\n<p>Wie geht es weiter? Gemeinsam mit einem Planungsb\u00fcro werden zum einen die Berechnungsergebnisse zum Stra\u00dfenverkehrsl\u00e4rm ausgewertet. Ziel ist es, Bereiche mit besonders hoher L\u00e4rmbelastung und vielen betroffenen Anwohnern zu identifizieren und als Hot Spots weiter zu untersuchen. Dar\u00fcber hinaus flie\u00dfen die Ergebnisse aus der Befragung mit ein, aus denen sich weitere L\u00e4rmschwerpunkte ergeben k\u00f6nnen. Anschlie\u00dfend gilt es, ein Paket an Ma\u00dfnahmen zu schn\u00fcren, welches kurz-, mittel- und langfristige Ma\u00dfnahmen f\u00fcr konkrete Stra\u00dfenabschnitte und Stra\u00dfenz\u00fcge enth\u00e4lt. Die Ma\u00dfnahmen werden in den einzelnen Ortsteilen vorgestellt. \/ASE<\/p>\n","protected":false},"excerpt":{"rendered":"<p>Bis zum 18.06.2018 hatten alle Einwohnerinnen und Einwohner Jenas die M\u00f6glichkeit, \u00fcber einen Fragebogen die L\u00e4rmbel\u00e4stigung in ihrem Wohnumfeld einzusch\u00e4tzen und Vorschl\u00e4ge zur&hellip;<\/p>\n","protected":false},"author":14,"featured_media":890,"comment_status":"open","ping_status":"closed","sticky":false,"template":"","format":"standard","meta":{"footnotes":""},"categories":[2,1],"tags":[],"class_list":["post-913","post","type-post","status-publish","format-standard","has-post-thumbnail","hentry","category-aktuelles","category-allgemein"],"_links":{"self":[{"href":"https:\/\/blog.jena.de\/beteiligung\/wp-json\/wp\/v2\/posts\/913","targetHints":{"allow":["GET"]}}],"collection":[{"href":"https:\/\/blog.jena.de\/beteiligung\/wp-json\/wp\/v2\/posts"}],"about":[{"href":"https:\/\/blog.jena.de\/beteiligung\/wp-json\/wp\/v2\/types\/post"}],"author":[{"embeddable":true,"href":"https:\/\/blog.jena.de\/beteiligung\/wp-json\/wp\/v2\/users\/14"}],"replies":[{"embeddable":true,"href":"https:\/\/blog.jena.de\/beteiligung\/wp-json\/wp\/v2\/comments?post=913"}],"version-history":[{"count":1,"href":"https:\/\/blog.jena.de\/beteiligung\/wp-json\/wp\/v2\/posts\/913\/revisions"}],"predecessor-version":[{"id":914,"href":"https:\/\/blog.jena.de\/beteiligung\/wp-json\/wp\/v2\/posts\/913\/revisions\/914"}],"wp:featuredmedia":[{"embeddable":true,"href":"https:\/\/blog.jena.de\/beteiligung\/wp-json\/wp\/v2\/media\/890"}],"wp:attachment":[{"href":"https:\/\/blog.jena.de\/beteiligung\/wp-json\/wp\/v2\/media?parent=913"}],"wp:term":[{"taxonomy":"category","embeddable":true,"href":"https:\/\/blog.jena.de\/beteiligung\/wp-json\/wp\/v2\/categories?post=913"},{"taxonomy":"post_tag","embeddable":true,"href":"https:\/\/blog.jena.de\/beteiligung\/wp-json\/wp\/v2\/tags?post=913"}],"curies":[{"name":"wp","href":"https:\/\/api.w.org\/{rel}","templated":true}]}}