{"id":902,"date":"2018-06-15T14:15:07","date_gmt":"2018-06-15T12:15:07","guid":{"rendered":"https:\/\/blog.jena.de\/beteiligung\/?p=902"},"modified":"2018-06-15T14:15:07","modified_gmt":"2018-06-15T12:15:07","slug":"19-06-2018-5-sitzung-beirat-fuer-buergerbeteiligung","status":"publish","type":"post","link":"https:\/\/blog.jena.de\/beteiligung\/2018\/06\/15\/19-06-2018-5-sitzung-beirat-fuer-buergerbeteiligung\/","title":{"rendered":"19.06.2018 &#8211; 5. Sitzung Beirat f\u00fcr B\u00fcrgerbeteiligung"},"content":{"rendered":"<p>In seiner 5. Sitzung wird sich der Beirat mit folgenden Themen befassen:<\/p>\n<ul>\n<li>Entwurf der B\u00fcrgerbeteiligungssatzung (<a href=\"https:\/\/sessionnet.jena.de\/sessionnet\/buergerinfo\/vo0050.php?__kvonr=9046&amp;voselect=9899\" target=\"_blank\" rel=\"noopener\">Link zur Beschlussvorlage<\/a>)<\/li>\n<li>Bachstra\u00dfenareal &#8211; aktueller Stand und M\u00f6glichkeiten der B\u00fcrgerbeteiligung<\/li>\n<li>Neuausrichtung B\u00fcrgerhaushalt ab 2019<\/li>\n<\/ul>\n<p>Die Sitzung ist \u00f6ffentlich, alle Interessierten sind herzlich eingeladen. \/ASE<\/p>\n<p>19.06.2018 &#8211; 18:00 Uhr &#8211; Plenarsaal im Historischen Rathaus, Markt 1<\/p>\n","protected":false},"excerpt":{"rendered":"<p>In seiner 5. Sitzung wird sich der Beirat mit folgenden Themen befassen: Entwurf der B\u00fcrgerbeteiligungssatzung (Link zur Beschlussvorlage) Bachstra\u00dfenareal &#8211; aktueller Stand und&hellip;<\/p>\n","protected":false},"author":14,"featured_media":832,"comment_status":"open","ping_status":"closed","sticky":false,"template":"","format":"standard","meta":{"footnotes":""},"categories":[2,3],"tags":[],"class_list":["post-902","post","type-post","status-publish","format-standard","has-post-thumbnail","hentry","category-aktuelles","category-termine"],"_links":{"self":[{"href":"https:\/\/blog.jena.de\/beteiligung\/wp-json\/wp\/v2\/posts\/902","targetHints":{"allow":["GET"]}}],"collection":[{"href":"https:\/\/blog.jena.de\/beteiligung\/wp-json\/wp\/v2\/posts"}],"about":[{"href":"https:\/\/blog.jena.de\/beteiligung\/wp-json\/wp\/v2\/types\/post"}],"author":[{"embeddable":true,"href":"https:\/\/blog.jena.de\/beteiligung\/wp-json\/wp\/v2\/users\/14"}],"replies":[{"embeddable":true,"href":"https:\/\/blog.jena.de\/beteiligung\/wp-json\/wp\/v2\/comments?post=902"}],"version-history":[{"count":1,"href":"https:\/\/blog.jena.de\/beteiligung\/wp-json\/wp\/v2\/posts\/902\/revisions"}],"predecessor-version":[{"id":903,"href":"https:\/\/blog.jena.de\/beteiligung\/wp-json\/wp\/v2\/posts\/902\/revisions\/903"}],"wp:featuredmedia":[{"embeddable":true,"href":"https:\/\/blog.jena.de\/beteiligung\/wp-json\/wp\/v2\/media\/832"}],"wp:attachment":[{"href":"https:\/\/blog.jena.de\/beteiligung\/wp-json\/wp\/v2\/media?parent=902"}],"wp:term":[{"taxonomy":"category","embeddable":true,"href":"https:\/\/blog.jena.de\/beteiligung\/wp-json\/wp\/v2\/categories?post=902"},{"taxonomy":"post_tag","embeddable":true,"href":"https:\/\/blog.jena.de\/beteiligung\/wp-json\/wp\/v2\/tags?post=902"}],"curies":[{"name":"wp","href":"https:\/\/api.w.org\/{rel}","templated":true}]}}