{"id":894,"date":"2018-05-31T11:49:14","date_gmt":"2018-05-31T09:49:14","guid":{"rendered":"https:\/\/blog.jena.de\/beteiligung\/?p=894"},"modified":"2018-05-31T11:49:14","modified_gmt":"2018-05-31T09:49:14","slug":"online-befragung-zu-klima-oasen-bis-25-06-2018","status":"publish","type":"post","link":"https:\/\/blog.jena.de\/beteiligung\/2018\/05\/31\/online-befragung-zu-klima-oasen-bis-25-06-2018\/","title":{"rendered":"Online-Befragung zu &#8222;Klima-Oasen&#8220; bis 25.06.2018"},"content":{"rendered":"<p>Die Stadt Jena ist eine von bundesweit 12 Modell-Kommunen im Projekt &#8222;Gr\u00fcne Klima-Oasen im urbanen Stadtraum Jenas&#8220;. Im Zuge des Klimawandels werden sich die Temperaturen in der Stadt Jena zuk\u00fcnftig an hei\u00dfen Sommertagen sp\u00fcrbar erh\u00f6hen. Dadurch ist die Schaffung k\u00fchlender, begr\u00fcnter Erholungsr\u00e4ume von wachsender Bedeutung f\u00fcr das lokale Klima und das Wohlbefinden der Menschen. Im Rahmen des Projektes besch\u00e4ftigt sich die Stadt Jena gemeinsam mit vier Partnern mit der Frage, wie die lokale Anpassung an den Klimawandel durch neue Gr\u00fcn- und Parkanlagen planerisch umgesetzt werden kann.<\/p>\n<p>In diesem Zusammenhang f\u00fchrt die Friedrich-Schiller-Universit\u00e4t als einer der Projektpartner eine Befragung zur Betroffenheit durch sommerliche Hitze und zur gew\u00fcnschten Ausgestaltung von st\u00e4dtischen Gr\u00fcn- und Au\u00dfenanlagen durch. Mit der Teilnahme k\u00f6nnen Sie Ihre Stadt aktiv mitgestalten, denn die Ergebnisse flie\u00dfen sp\u00e4ter in die Entscheidung zur Entwicklung st\u00e4dtischer Gr\u00fcn- und Parkanlagen ein. Die Befragung l\u00e4uft noch bis zum 25.06.2018 und ist \u00fcber diesen <a href=\"https:\/\/www.soscisurvey.de\/klimaoase\/\" target=\"_blank\" rel=\"noopener\">Link<\/a> zu erreichen. Herzlichen Dank f\u00fcr Ihre Mitwirkung! \/ASE<\/p>\n","protected":false},"excerpt":{"rendered":"<p>Die Stadt Jena ist eine von bundesweit 12 Modell-Kommunen im Projekt &#8222;Gr\u00fcne Klima-Oasen im urbanen Stadtraum Jenas&#8220;. Im Zuge des Klimawandels werden sich&hellip;<\/p>\n","protected":false},"author":14,"featured_media":898,"comment_status":"open","ping_status":"closed","sticky":false,"template":"","format":"standard","meta":{"footnotes":""},"categories":[2,1,3],"tags":[],"class_list":["post-894","post","type-post","status-publish","format-standard","has-post-thumbnail","hentry","category-aktuelles","category-allgemein","category-termine"],"_links":{"self":[{"href":"https:\/\/blog.jena.de\/beteiligung\/wp-json\/wp\/v2\/posts\/894","targetHints":{"allow":["GET"]}}],"collection":[{"href":"https:\/\/blog.jena.de\/beteiligung\/wp-json\/wp\/v2\/posts"}],"about":[{"href":"https:\/\/blog.jena.de\/beteiligung\/wp-json\/wp\/v2\/types\/post"}],"author":[{"embeddable":true,"href":"https:\/\/blog.jena.de\/beteiligung\/wp-json\/wp\/v2\/users\/14"}],"replies":[{"embeddable":true,"href":"https:\/\/blog.jena.de\/beteiligung\/wp-json\/wp\/v2\/comments?post=894"}],"version-history":[{"count":3,"href":"https:\/\/blog.jena.de\/beteiligung\/wp-json\/wp\/v2\/posts\/894\/revisions"}],"predecessor-version":[{"id":897,"href":"https:\/\/blog.jena.de\/beteiligung\/wp-json\/wp\/v2\/posts\/894\/revisions\/897"}],"wp:featuredmedia":[{"embeddable":true,"href":"https:\/\/blog.jena.de\/beteiligung\/wp-json\/wp\/v2\/media\/898"}],"wp:attachment":[{"href":"https:\/\/blog.jena.de\/beteiligung\/wp-json\/wp\/v2\/media?parent=894"}],"wp:term":[{"taxonomy":"category","embeddable":true,"href":"https:\/\/blog.jena.de\/beteiligung\/wp-json\/wp\/v2\/categories?post=894"},{"taxonomy":"post_tag","embeddable":true,"href":"https:\/\/blog.jena.de\/beteiligung\/wp-json\/wp\/v2\/tags?post=894"}],"curies":[{"name":"wp","href":"https:\/\/api.w.org\/{rel}","templated":true}]}}