{"id":858,"date":"2018-03-19T10:53:59","date_gmt":"2018-03-19T09:53:59","guid":{"rendered":"https:\/\/blog.jena.de\/beteiligung\/?p=858"},"modified":"2018-03-19T10:53:59","modified_gmt":"2018-03-19T09:53:59","slug":"20-03-2018-2-sitzung-beirat-fuer-buergerbeteiligung","status":"publish","type":"post","link":"https:\/\/blog.jena.de\/beteiligung\/2018\/03\/19\/20-03-2018-2-sitzung-beirat-fuer-buergerbeteiligung\/","title":{"rendered":"20.03.2018 &#8211; 2. Sitzung Beirat f\u00fcr B\u00fcrgerbeteiligung"},"content":{"rendered":"<p>Der Beirat wird sich in seiner zweiten Sitzung vor allem mit dem Entwurf der B\u00fcrgerbeteiligungssatzung und dem Entwurf des Formulars f\u00fcr Beteiligungskonzepte besch\u00e4ftigen. Alle Interessierten sind herzlich willkommen. \/ASE<\/p>\n<p>20.03.2018 &#8211; 18:00 &#8211; 20:00 Uhr &#8211; Plenarsaal im Historischen Rathaus, Markt 1<\/p>\n","protected":false},"excerpt":{"rendered":"<p>Der Beirat wird sich in seiner zweiten Sitzung vor allem mit dem Entwurf der B\u00fcrgerbeteiligungssatzung und dem Entwurf des Formulars f\u00fcr Beteiligungskonzepte besch\u00e4ftigen.&hellip;<\/p>\n","protected":false},"author":14,"featured_media":860,"comment_status":"open","ping_status":"closed","sticky":false,"template":"","format":"standard","meta":{"footnotes":""},"categories":[2,1,3],"tags":[],"class_list":["post-858","post","type-post","status-publish","format-standard","has-post-thumbnail","hentry","category-aktuelles","category-allgemein","category-termine"],"_links":{"self":[{"href":"https:\/\/blog.jena.de\/beteiligung\/wp-json\/wp\/v2\/posts\/858","targetHints":{"allow":["GET"]}}],"collection":[{"href":"https:\/\/blog.jena.de\/beteiligung\/wp-json\/wp\/v2\/posts"}],"about":[{"href":"https:\/\/blog.jena.de\/beteiligung\/wp-json\/wp\/v2\/types\/post"}],"author":[{"embeddable":true,"href":"https:\/\/blog.jena.de\/beteiligung\/wp-json\/wp\/v2\/users\/14"}],"replies":[{"embeddable":true,"href":"https:\/\/blog.jena.de\/beteiligung\/wp-json\/wp\/v2\/comments?post=858"}],"version-history":[{"count":1,"href":"https:\/\/blog.jena.de\/beteiligung\/wp-json\/wp\/v2\/posts\/858\/revisions"}],"predecessor-version":[{"id":859,"href":"https:\/\/blog.jena.de\/beteiligung\/wp-json\/wp\/v2\/posts\/858\/revisions\/859"}],"wp:featuredmedia":[{"embeddable":true,"href":"https:\/\/blog.jena.de\/beteiligung\/wp-json\/wp\/v2\/media\/860"}],"wp:attachment":[{"href":"https:\/\/blog.jena.de\/beteiligung\/wp-json\/wp\/v2\/media?parent=858"}],"wp:term":[{"taxonomy":"category","embeddable":true,"href":"https:\/\/blog.jena.de\/beteiligung\/wp-json\/wp\/v2\/categories?post=858"},{"taxonomy":"post_tag","embeddable":true,"href":"https:\/\/blog.jena.de\/beteiligung\/wp-json\/wp\/v2\/tags?post=858"}],"curies":[{"name":"wp","href":"https:\/\/api.w.org\/{rel}","templated":true}]}}