{"id":849,"date":"2018-03-01T11:03:21","date_gmt":"2018-03-01T10:03:21","guid":{"rendered":"https:\/\/blog.jena.de\/beteiligung\/?p=849"},"modified":"2018-03-01T11:03:21","modified_gmt":"2018-03-01T10:03:21","slug":"newsletter-buergerbeteiligung-01-2018","status":"publish","type":"post","link":"https:\/\/blog.jena.de\/beteiligung\/2018\/03\/01\/newsletter-buergerbeteiligung-01-2018\/","title":{"rendered":"Newsletter B\u00fcrgerbeteiligung \u00b001\/2018"},"content":{"rendered":"<p>Die erste Ausgabe unseres Newsletters mit Informationen rund um das Thema B\u00fcrgerbeteiligung der Stadt Jena ist erschienen. M\u00f6chten auch Sie k\u00fcnftig \u00fcber<\/p>\n<ul>\n<li>die Arbeit des Beirats f\u00fcr B\u00fcrgerbeteiligung,<\/li>\n<li>aktuell laufende Beteiligungsprojekte,<\/li>\n<li>neue und aktualisierte Eintr\u00e4ge auf der Vorhabenliste sowie<\/li>\n<li>anstehende Veranstaltungen und Termine<\/li>\n<\/ul>\n<p>informiert werden? Dann nutzen Sie das Anmeldeformular hier auf dem Blog oder schicken eine Mail an <a href=\"mailto:buergerbeteiligung@jena.de\">buergerbeteiligung@jena.de<\/a> . Der Newsletter erscheint einmal im Monat.<\/p>\n<p>Die erste Ausgabe senden wir auf Wunsch noch bis zum 12.03.2018 nach. \/ASE<\/p>\n","protected":false},"excerpt":{"rendered":"<p>Die erste Ausgabe unseres Newsletters mit Informationen rund um das Thema B\u00fcrgerbeteiligung der Stadt Jena ist erschienen. M\u00f6chten auch Sie k\u00fcnftig \u00fcber die&hellip;<\/p>\n","protected":false},"author":14,"featured_media":850,"comment_status":"open","ping_status":"closed","sticky":false,"template":"","format":"standard","meta":{"footnotes":""},"categories":[2,1],"tags":[],"class_list":["post-849","post","type-post","status-publish","format-standard","has-post-thumbnail","hentry","category-aktuelles","category-allgemein"],"_links":{"self":[{"href":"https:\/\/blog.jena.de\/beteiligung\/wp-json\/wp\/v2\/posts\/849","targetHints":{"allow":["GET"]}}],"collection":[{"href":"https:\/\/blog.jena.de\/beteiligung\/wp-json\/wp\/v2\/posts"}],"about":[{"href":"https:\/\/blog.jena.de\/beteiligung\/wp-json\/wp\/v2\/types\/post"}],"author":[{"embeddable":true,"href":"https:\/\/blog.jena.de\/beteiligung\/wp-json\/wp\/v2\/users\/14"}],"replies":[{"embeddable":true,"href":"https:\/\/blog.jena.de\/beteiligung\/wp-json\/wp\/v2\/comments?post=849"}],"version-history":[{"count":1,"href":"https:\/\/blog.jena.de\/beteiligung\/wp-json\/wp\/v2\/posts\/849\/revisions"}],"predecessor-version":[{"id":851,"href":"https:\/\/blog.jena.de\/beteiligung\/wp-json\/wp\/v2\/posts\/849\/revisions\/851"}],"wp:featuredmedia":[{"embeddable":true,"href":"https:\/\/blog.jena.de\/beteiligung\/wp-json\/wp\/v2\/media\/850"}],"wp:attachment":[{"href":"https:\/\/blog.jena.de\/beteiligung\/wp-json\/wp\/v2\/media?parent=849"}],"wp:term":[{"taxonomy":"category","embeddable":true,"href":"https:\/\/blog.jena.de\/beteiligung\/wp-json\/wp\/v2\/categories?post=849"},{"taxonomy":"post_tag","embeddable":true,"href":"https:\/\/blog.jena.de\/beteiligung\/wp-json\/wp\/v2\/tags?post=849"}],"curies":[{"name":"wp","href":"https:\/\/api.w.org\/{rel}","templated":true}]}}