{"id":834,"date":"2018-02-22T12:51:14","date_gmt":"2018-02-22T11:51:14","guid":{"rendered":"https:\/\/blog.jena.de\/beteiligung\/?p=834"},"modified":"2018-02-22T12:51:14","modified_gmt":"2018-02-22T11:51:14","slug":"aus-der-sitzung-des-beirats-fuer-buergerbeteiligung-20-02-2018","status":"publish","type":"post","link":"https:\/\/blog.jena.de\/beteiligung\/2018\/02\/22\/aus-der-sitzung-des-beirats-fuer-buergerbeteiligung-20-02-2018\/","title":{"rendered":"Aus der Sitzung des Beirats f\u00fcr B\u00fcrgerbeteiligung \/\/ 20.02.2018"},"content":{"rendered":"<p>Nach fast einem Jahr Vorlaufzeit durch die erforderlichen Stadtratsbeschl\u00fcsse und ein aufw\u00e4ndiges Auswahlverfahren f\u00fcr die Vertreter*innen der B\u00fcrgerschaft, fand am 20.02.2018 die konstituierende Sitzung des Beirats f\u00fcr B\u00fcrgerbeteiligung statt. Die Tagesordnung k\u00f6nnen Sie <a href=\"https:\/\/sessionnet.jena.de\/sessionnet\/buergerinfo\/to0040.php?__ksinr=9852\" target=\"_blank\" rel=\"noopener\">hier<\/a> nachlesen.<\/p>\n<p>F\u00fcr den Vorsitz (der gem. Satzung aus den Reihen der B\u00fcrgerschaft zu besetzen ist) kandidierten Frau Dafal (am 15.12.2017 gew\u00e4hlte Vertreterin der B\u00fcrgerschaft) und Frau Knips (bisher Sprecherin der AG B\u00fcrgerhaushalt). Auf Grund von Stimmengleichheit entschied das Los zugunsten von Frau Knips. F\u00fcr die Stellvertretung gab es ebenfalls zwei Bewerberinnen &#8211; Frau Egge (Fraktion CDU) und Frau H\u00e4kanson-Hall (B\u00dcRGER F\u00dcR JENA). Auch diese Wahl verlief denkbar knapp. Mit 7 zu 6 Stimmen w\u00e4hlten die Mitglieder Frau Egge. Herzlichen Gl\u00fcckwunsch zur Wahl!<\/p>\n<p>Mit Blick auf die doch sehr umfangreichen Arbeitsaufgaben des Beirats f\u00fcr das Jahr 2018 wurde zun\u00e4chst festgelegt, dass die Sitzungen bis zur Sommerpause monatlich stattfinden. Einigkeit herrschte dar\u00fcber, dass die B\u00fcrgerbeteiligungssatzung neben der Diskussion konkreter Beteiligungskonzepte h\u00f6chste Priorit\u00e4t hat. Die Frage zur Gr\u00fcndung themenbezogener Arbeitsgruppen wurde nach angeregter Diskussion auf die Tagesordnung der 2. Sitzung verschoben. Details zum Sitzungsverlauf k\u00f6nnen Sie sp\u00e4ter im Protokoll nachlesen.<\/p>\n<p>Der Beirat trifft sich am 20.03.2018 ab 18:00 Uhr im Plenarsaal, Markt 1 zu seiner 2. Sitzung. \/ASE<\/p>\n","protected":false},"excerpt":{"rendered":"<p>Nach fast einem Jahr Vorlaufzeit durch die erforderlichen Stadtratsbeschl\u00fcsse und ein aufw\u00e4ndiges Auswahlverfahren f\u00fcr die Vertreter*innen der B\u00fcrgerschaft, fand am 20.02.2018 die konstituierende&hellip;<\/p>\n","protected":false},"author":14,"featured_media":833,"comment_status":"open","ping_status":"closed","sticky":false,"template":"","format":"standard","meta":{"footnotes":""},"categories":[2,1],"tags":[],"class_list":["post-834","post","type-post","status-publish","format-standard","has-post-thumbnail","hentry","category-aktuelles","category-allgemein"],"_links":{"self":[{"href":"https:\/\/blog.jena.de\/beteiligung\/wp-json\/wp\/v2\/posts\/834","targetHints":{"allow":["GET"]}}],"collection":[{"href":"https:\/\/blog.jena.de\/beteiligung\/wp-json\/wp\/v2\/posts"}],"about":[{"href":"https:\/\/blog.jena.de\/beteiligung\/wp-json\/wp\/v2\/types\/post"}],"author":[{"embeddable":true,"href":"https:\/\/blog.jena.de\/beteiligung\/wp-json\/wp\/v2\/users\/14"}],"replies":[{"embeddable":true,"href":"https:\/\/blog.jena.de\/beteiligung\/wp-json\/wp\/v2\/comments?post=834"}],"version-history":[{"count":5,"href":"https:\/\/blog.jena.de\/beteiligung\/wp-json\/wp\/v2\/posts\/834\/revisions"}],"predecessor-version":[{"id":839,"href":"https:\/\/blog.jena.de\/beteiligung\/wp-json\/wp\/v2\/posts\/834\/revisions\/839"}],"wp:featuredmedia":[{"embeddable":true,"href":"https:\/\/blog.jena.de\/beteiligung\/wp-json\/wp\/v2\/media\/833"}],"wp:attachment":[{"href":"https:\/\/blog.jena.de\/beteiligung\/wp-json\/wp\/v2\/media?parent=834"}],"wp:term":[{"taxonomy":"category","embeddable":true,"href":"https:\/\/blog.jena.de\/beteiligung\/wp-json\/wp\/v2\/categories?post=834"},{"taxonomy":"post_tag","embeddable":true,"href":"https:\/\/blog.jena.de\/beteiligung\/wp-json\/wp\/v2\/tags?post=834"}],"curies":[{"name":"wp","href":"https:\/\/api.w.org\/{rel}","templated":true}]}}