{"id":72,"date":"2015-03-27T21:22:40","date_gmt":"2015-03-27T20:22:40","guid":{"rendered":"http:\/\/blog.jena.de\/beteiligung\/?p=72"},"modified":"2015-05-18T11:52:52","modified_gmt":"2015-05-18T09:52:52","slug":"rueckblick-zur-auftaktveranstaltung-am-21-03-2015","status":"publish","type":"post","link":"https:\/\/blog.jena.de\/beteiligung\/2015\/03\/27\/rueckblick-zur-auftaktveranstaltung-am-21-03-2015\/","title":{"rendered":"R\u00fcckblick zur Auftaktveranstaltung am 21.03.2015"},"content":{"rendered":"<figure id=\"attachment_76\" aria-describedby=\"caption-attachment-76\" style=\"width: 150px\" class=\"wp-caption alignleft\"><a href=\"http:\/\/blog.jena.de\/beteiligung\/wp-content\/uploads\/sites\/14\/2015\/03\/IMG_9987.jpg\"><img loading=\"lazy\" decoding=\"async\" class=\"wp-image-76 size-thumbnail\" src=\"http:\/\/blog.jena.de\/beteiligung\/wp-content\/uploads\/sites\/14\/2015\/03\/IMG_9987-150x150.jpg\" alt=\"Blick auf die Teilnehmer_Innen der Auftaktveranstaltung, Auftaktveranstaltung Leitlinien f\u00fcr die B\u00fcrgerbeteiligung, \u00a9 ORBIT\" width=\"150\" height=\"150\" \/><\/a><figcaption id=\"caption-attachment-76\" class=\"wp-caption-text\">Impression der Auftaktveranstaltung, \u00a9 ORBIT<\/figcaption><\/figure>\n<p>&nbsp;<\/p>\n<p>Die Erarbeitung der Leitlinien f\u00fcr die B\u00fcrgerbeteiligung startete am 21.03.2015 um 10:00 Uhr im Volksbad mit einer \u00f6ffentlichen Veranstaltung. Ca. 60 B\u00fcrgerinnen und B\u00fcrger folgten der Einladung &#8222;Liebe Deine Stadt!&#8220; und diskutierten konstruktiv an den vier Thementischen &#8222;Aktuelle Themen&#8220;, &#8222;Themen, an denen B\u00fcrger_innen beteiligt werden sollen&#8220;, &#8222;Methoden\/Verfahren&#8220; und &#8222;Information\/Kommunikation&#8220;.<\/p>\n<p>Dar\u00fcber hinaus besteht f\u00fcr alle Interessierte seit dem 19.03.2015 die M\u00f6glichkeit, sich hier\u00a0auf dem eigens daf\u00fcr geschaffenen Blog der Stadt \u00fcber die aktuelle Entwicklung und die weiteren Termine zum Thema B\u00fcrgerbeteiligung zu informieren sowie durch Kommentare einzubringen.<\/p>\n<p>Die Pr\u00e4sentation und die Dokumentation der Auftaktveranstaltung finden Sie im Bereich <a title=\"Downloads\" href=\"http:\/\/blog.jena.de\/beteiligung\/downloads\/\">Downloads<\/a>.<\/p>\n<p>Im Folgenden finden Sie die Galerie der Photos der vier Thementische und einige Impressionen:<\/p>\n<div id='gallery-1' class='gallery galleryid-72 gallery-columns-2 gallery-size-medium'><figure class='gallery-item'>\n\t\t\t<div class='gallery-icon portrait'>\n\t\t\t\t<a href='https:\/\/blog.jena.de\/beteiligung\/img_0030\/'><img loading=\"lazy\" decoding=\"async\" width=\"333\" height=\"500\" src=\"https:\/\/blog.jena.de\/beteiligung\/wp-content\/uploads\/sites\/14\/2015\/04\/IMG_0030-333x500.jpg\" class=\"attachment-medium size-medium\" alt=\"Blick auf die Teilnehmer_Innen der Auftaktveranstaltung, Auftaktveranstaltung Leitlinien f\u00fcr die B\u00fcrgerbeteiligung, \u00a9 ORBIT\" aria-describedby=\"gallery-1-118\" srcset=\"https:\/\/blog.jena.de\/beteiligung\/wp-content\/uploads\/sites\/14\/2015\/04\/IMG_0030-333x500.jpg 333w, https:\/\/blog.jena.de\/beteiligung\/wp-content\/uploads\/sites\/14\/2015\/04\/IMG_0030-768x1152.jpg 768w, https:\/\/blog.jena.de\/beteiligung\/wp-content\/uploads\/sites\/14\/2015\/04\/IMG_0030-667x1000.jpg 667w, https:\/\/blog.jena.de\/beteiligung\/wp-content\/uploads\/sites\/14\/2015\/04\/IMG_0030-600x900.jpg 600w, https:\/\/blog.jena.de\/beteiligung\/wp-content\/uploads\/sites\/14\/2015\/04\/IMG_0030-460x690.jpg 460w\" sizes=\"auto, (max-width: 333px) 100vw, 333px\" \/><\/a>\n\t\t\t<\/div>\n\t\t\t\t<figcaption class='wp-caption-text gallery-caption' id='gallery-1-118'>\n\t\t\t\tImpression der Auftaktveranstaltung, \u00a9 ORBIT\n\n\t\t\t\t<\/figcaption><\/figure><figure class='gallery-item'>\n\t\t\t<div class='gallery-icon landscape'>\n\t\t\t\t<a href='https:\/\/blog.jena.de\/beteiligung\/img_0069\/'><img loading=\"lazy\" decoding=\"async\" width=\"500\" height=\"333\" src=\"https:\/\/blog.jena.de\/beteiligung\/wp-content\/uploads\/sites\/14\/2015\/04\/IMG_0069-500x333.jpg\" class=\"attachment-medium size-medium\" alt=\"Blick auf die Teilnehmer_Innen der Auftaktveranstaltung, Auftaktveranstaltung Leitlinien f\u00fcr die B\u00fcrgerbeteiligung, \u00a9 ORBIT\" aria-describedby=\"gallery-1-119\" srcset=\"https:\/\/blog.jena.de\/beteiligung\/wp-content\/uploads\/sites\/14\/2015\/04\/IMG_0069-500x333.jpg 500w, https:\/\/blog.jena.de\/beteiligung\/wp-content\/uploads\/sites\/14\/2015\/04\/IMG_0069-768x512.jpg 768w, https:\/\/blog.jena.de\/beteiligung\/wp-content\/uploads\/sites\/14\/2015\/04\/IMG_0069-1000x667.jpg 1000w, https:\/\/blog.jena.de\/beteiligung\/wp-content\/uploads\/sites\/14\/2015\/04\/IMG_0069-600x400.jpg 600w, https:\/\/blog.jena.de\/beteiligung\/wp-content\/uploads\/sites\/14\/2015\/04\/IMG_0069-1035x690.jpg 1035w\" sizes=\"auto, (max-width: 500px) 100vw, 500px\" \/><\/a>\n\t\t\t<\/div>\n\t\t\t\t<figcaption class='wp-caption-text gallery-caption' id='gallery-1-119'>\n\t\t\t\tImpression der Auftaktveranstaltung, \u00a9 ORBIT\n\t\t\t\t<\/figcaption><\/figure><figure class='gallery-item'>\n\t\t\t<div class='gallery-icon landscape'>\n\t\t\t\t<a href='https:\/\/blog.jena.de\/beteiligung\/img_0084\/'><img loading=\"lazy\" decoding=\"async\" width=\"500\" height=\"333\" src=\"https:\/\/blog.jena.de\/beteiligung\/wp-content\/uploads\/sites\/14\/2015\/04\/IMG_0084-500x333.jpg\" class=\"attachment-medium size-medium\" alt=\"Blick auf die Teilnehmer_Innen der Auftaktveranstaltung, Auftaktveranstaltung Leitlinien f\u00fcr die B\u00fcrgerbeteiligung, \u00a9 ORBIT\" aria-describedby=\"gallery-1-120\" srcset=\"https:\/\/blog.jena.de\/beteiligung\/wp-content\/uploads\/sites\/14\/2015\/04\/IMG_0084-500x333.jpg 500w, https:\/\/blog.jena.de\/beteiligung\/wp-content\/uploads\/sites\/14\/2015\/04\/IMG_0084-768x512.jpg 768w, https:\/\/blog.jena.de\/beteiligung\/wp-content\/uploads\/sites\/14\/2015\/04\/IMG_0084-1000x667.jpg 1000w, https:\/\/blog.jena.de\/beteiligung\/wp-content\/uploads\/sites\/14\/2015\/04\/IMG_0084-600x400.jpg 600w, https:\/\/blog.jena.de\/beteiligung\/wp-content\/uploads\/sites\/14\/2015\/04\/IMG_0084-1035x690.jpg 1035w\" sizes=\"auto, (max-width: 500px) 100vw, 500px\" \/><\/a>\n\t\t\t<\/div>\n\t\t\t\t<figcaption class='wp-caption-text gallery-caption' id='gallery-1-120'>\n\t\t\t\tImpression der Auftaktveranstaltung, \u00a9 ORBIT\n\t\t\t\t<\/figcaption><\/figure><figure class='gallery-item'>\n\t\t\t<div class='gallery-icon landscape'>\n\t\t\t\t<a href='https:\/\/blog.jena.de\/beteiligung\/2016\/03\/18\/12-04-2016-oeffentliche-buergerwerkstatt-zu-den-leitlinien\/img_0090\/'><img loading=\"lazy\" decoding=\"async\" width=\"500\" height=\"333\" src=\"https:\/\/blog.jena.de\/beteiligung\/wp-content\/uploads\/sites\/14\/2015\/04\/IMG_0090-500x333.jpg\" class=\"attachment-medium size-medium\" alt=\"Blick auf die Teilnehmer_Innen der Auftaktveranstaltung, Auftaktveranstaltung Leitlinien f\u00fcr die B\u00fcrgerbeteiligung, \u00a9 ORBIT\" aria-describedby=\"gallery-1-121\" srcset=\"https:\/\/blog.jena.de\/beteiligung\/wp-content\/uploads\/sites\/14\/2015\/04\/IMG_0090-500x333.jpg 500w, https:\/\/blog.jena.de\/beteiligung\/wp-content\/uploads\/sites\/14\/2015\/04\/IMG_0090-768x512.jpg 768w, https:\/\/blog.jena.de\/beteiligung\/wp-content\/uploads\/sites\/14\/2015\/04\/IMG_0090-1000x667.jpg 1000w, https:\/\/blog.jena.de\/beteiligung\/wp-content\/uploads\/sites\/14\/2015\/04\/IMG_0090-600x400.jpg 600w, https:\/\/blog.jena.de\/beteiligung\/wp-content\/uploads\/sites\/14\/2015\/04\/IMG_0090-1035x690.jpg 1035w\" sizes=\"auto, (max-width: 500px) 100vw, 500px\" \/><\/a>\n\t\t\t<\/div>\n\t\t\t\t<figcaption class='wp-caption-text gallery-caption' id='gallery-1-121'>\n\t\t\t\tImpression der Auftaktveranstaltung, \u00a9 ORBIT\n\t\t\t\t<\/figcaption><\/figure><figure class='gallery-item'>\n\t\t\t<div class='gallery-icon landscape'>\n\t\t\t\t<a href='https:\/\/blog.jena.de\/beteiligung\/img_0104\/'><img loading=\"lazy\" decoding=\"async\" width=\"500\" height=\"333\" src=\"https:\/\/blog.jena.de\/beteiligung\/wp-content\/uploads\/sites\/14\/2015\/04\/IMG_0104-500x333.jpg\" class=\"attachment-medium size-medium\" alt=\"Blick auf die Teilnehmer_Innen der Auftaktveranstaltung, Auftaktveranstaltung Leitlinien f\u00fcr die B\u00fcrgerbeteiligung, \u00a9 ORBIT\" aria-describedby=\"gallery-1-122\" srcset=\"https:\/\/blog.jena.de\/beteiligung\/wp-content\/uploads\/sites\/14\/2015\/04\/IMG_0104-500x333.jpg 500w, https:\/\/blog.jena.de\/beteiligung\/wp-content\/uploads\/sites\/14\/2015\/04\/IMG_0104-768x512.jpg 768w, https:\/\/blog.jena.de\/beteiligung\/wp-content\/uploads\/sites\/14\/2015\/04\/IMG_0104-1000x667.jpg 1000w, https:\/\/blog.jena.de\/beteiligung\/wp-content\/uploads\/sites\/14\/2015\/04\/IMG_0104-600x400.jpg 600w, https:\/\/blog.jena.de\/beteiligung\/wp-content\/uploads\/sites\/14\/2015\/04\/IMG_0104-1035x690.jpg 1035w\" sizes=\"auto, (max-width: 500px) 100vw, 500px\" \/><\/a>\n\t\t\t<\/div>\n\t\t\t\t<figcaption class='wp-caption-text gallery-caption' id='gallery-1-122'>\n\t\t\t\tImpression der Auftaktveranstaltung, \u00a9 ORBIT\n\t\t\t\t<\/figcaption><\/figure><figure class='gallery-item'>\n\t\t\t<div class='gallery-icon landscape'>\n\t\t\t\t<a href='https:\/\/blog.jena.de\/beteiligung\/img_0129\/'><img loading=\"lazy\" decoding=\"async\" width=\"500\" height=\"333\" src=\"https:\/\/blog.jena.de\/beteiligung\/wp-content\/uploads\/sites\/14\/2015\/04\/IMG_0129-500x333.jpg\" class=\"attachment-medium size-medium\" alt=\"Blick auf die Teilnehmer_Innen der Auftaktveranstaltung, Auftaktveranstaltung Leitlinien f\u00fcr die B\u00fcrgerbeteiligung, \u00a9 ORBIT\" aria-describedby=\"gallery-1-123\" srcset=\"https:\/\/blog.jena.de\/beteiligung\/wp-content\/uploads\/sites\/14\/2015\/04\/IMG_0129-500x333.jpg 500w, https:\/\/blog.jena.de\/beteiligung\/wp-content\/uploads\/sites\/14\/2015\/04\/IMG_0129-768x512.jpg 768w, https:\/\/blog.jena.de\/beteiligung\/wp-content\/uploads\/sites\/14\/2015\/04\/IMG_0129-1000x667.jpg 1000w, https:\/\/blog.jena.de\/beteiligung\/wp-content\/uploads\/sites\/14\/2015\/04\/IMG_0129-600x400.jpg 600w, https:\/\/blog.jena.de\/beteiligung\/wp-content\/uploads\/sites\/14\/2015\/04\/IMG_0129-1035x690.jpg 1035w\" sizes=\"auto, (max-width: 500px) 100vw, 500px\" \/><\/a>\n\t\t\t<\/div>\n\t\t\t\t<figcaption class='wp-caption-text gallery-caption' id='gallery-1-123'>\n\t\t\t\tImpression der Auftaktveranstaltung, \u00a9 ORBIT\n\t\t\t\t<\/figcaption><\/figure><figure class='gallery-item'>\n\t\t\t<div class='gallery-icon landscape'>\n\t\t\t\t<a href='https:\/\/blog.jena.de\/beteiligung\/img_0134\/'><img loading=\"lazy\" decoding=\"async\" width=\"500\" height=\"333\" src=\"https:\/\/blog.jena.de\/beteiligung\/wp-content\/uploads\/sites\/14\/2015\/04\/IMG_0134-500x333.jpg\" class=\"attachment-medium size-medium\" alt=\"Blick auf die Teilnehmer_Innen der Auftaktveranstaltung, Auftaktveranstaltung Leitlinien f\u00fcr die B\u00fcrgerbeteiligung, \u00a9 ORBIT\" aria-describedby=\"gallery-1-124\" srcset=\"https:\/\/blog.jena.de\/beteiligung\/wp-content\/uploads\/sites\/14\/2015\/04\/IMG_0134-500x333.jpg 500w, https:\/\/blog.jena.de\/beteiligung\/wp-content\/uploads\/sites\/14\/2015\/04\/IMG_0134-768x512.jpg 768w, https:\/\/blog.jena.de\/beteiligung\/wp-content\/uploads\/sites\/14\/2015\/04\/IMG_0134-1000x667.jpg 1000w, https:\/\/blog.jena.de\/beteiligung\/wp-content\/uploads\/sites\/14\/2015\/04\/IMG_0134-600x400.jpg 600w, https:\/\/blog.jena.de\/beteiligung\/wp-content\/uploads\/sites\/14\/2015\/04\/IMG_0134-1035x690.jpg 1035w\" sizes=\"auto, (max-width: 500px) 100vw, 500px\" \/><\/a>\n\t\t\t<\/div>\n\t\t\t\t<figcaption class='wp-caption-text gallery-caption' id='gallery-1-124'>\n\t\t\t\tImpression der Auftaktveranstaltung, \u00a9 ORBIT\n\t\t\t\t<\/figcaption><\/figure><figure class='gallery-item'>\n\t\t\t<div class='gallery-icon landscape'>\n\t\t\t\t<a href='https:\/\/blog.jena.de\/beteiligung\/img_0144\/'><img loading=\"lazy\" decoding=\"async\" width=\"500\" height=\"333\" src=\"https:\/\/blog.jena.de\/beteiligung\/wp-content\/uploads\/sites\/14\/2015\/04\/IMG_0144-500x333.jpg\" class=\"attachment-medium size-medium\" alt=\"Blick auf die Teilnehmer_Innen der Auftaktveranstaltung, Auftaktveranstaltung Leitlinien f\u00fcr die B\u00fcrgerbeteiligung, \u00a9 ORBIT\" aria-describedby=\"gallery-1-125\" srcset=\"https:\/\/blog.jena.de\/beteiligung\/wp-content\/uploads\/sites\/14\/2015\/04\/IMG_0144-500x333.jpg 500w, https:\/\/blog.jena.de\/beteiligung\/wp-content\/uploads\/sites\/14\/2015\/04\/IMG_0144-768x512.jpg 768w, https:\/\/blog.jena.de\/beteiligung\/wp-content\/uploads\/sites\/14\/2015\/04\/IMG_0144-1000x667.jpg 1000w, https:\/\/blog.jena.de\/beteiligung\/wp-content\/uploads\/sites\/14\/2015\/04\/IMG_0144-600x400.jpg 600w, https:\/\/blog.jena.de\/beteiligung\/wp-content\/uploads\/sites\/14\/2015\/04\/IMG_0144-1035x690.jpg 1035w\" sizes=\"auto, (max-width: 500px) 100vw, 500px\" \/><\/a>\n\t\t\t<\/div>\n\t\t\t\t<figcaption class='wp-caption-text gallery-caption' id='gallery-1-125'>\n\t\t\t\tImpression der Auftaktveranstaltung, \u00a9 ORBIT\n\t\t\t\t<\/figcaption><\/figure><figure class='gallery-item'>\n\t\t\t<div class='gallery-icon landscape'>\n\t\t\t\t<a href='https:\/\/blog.jena.de\/beteiligung\/img_0148\/'><img loading=\"lazy\" decoding=\"async\" width=\"500\" height=\"333\" src=\"https:\/\/blog.jena.de\/beteiligung\/wp-content\/uploads\/sites\/14\/2015\/04\/IMG_0148-500x333.jpg\" class=\"attachment-medium size-medium\" alt=\"Blick auf die Teilnehmer_Innen der Auftaktveranstaltung, Auftaktveranstaltung Leitlinien f\u00fcr die B\u00fcrgerbeteiligung, \u00a9 ORBIT\" aria-describedby=\"gallery-1-126\" srcset=\"https:\/\/blog.jena.de\/beteiligung\/wp-content\/uploads\/sites\/14\/2015\/04\/IMG_0148-500x333.jpg 500w, https:\/\/blog.jena.de\/beteiligung\/wp-content\/uploads\/sites\/14\/2015\/04\/IMG_0148-768x512.jpg 768w, https:\/\/blog.jena.de\/beteiligung\/wp-content\/uploads\/sites\/14\/2015\/04\/IMG_0148-1000x667.jpg 1000w, https:\/\/blog.jena.de\/beteiligung\/wp-content\/uploads\/sites\/14\/2015\/04\/IMG_0148-600x400.jpg 600w, https:\/\/blog.jena.de\/beteiligung\/wp-content\/uploads\/sites\/14\/2015\/04\/IMG_0148-1035x690.jpg 1035w\" sizes=\"auto, (max-width: 500px) 100vw, 500px\" \/><\/a>\n\t\t\t<\/div>\n\t\t\t\t<figcaption class='wp-caption-text gallery-caption' id='gallery-1-126'>\n\t\t\t\tImpression der Auftaktveranstaltung, \u00a9 ORBIT\n\t\t\t\t<\/figcaption><\/figure><figure class='gallery-item'>\n\t\t\t<div class='gallery-icon landscape'>\n\t\t\t\t<a href='https:\/\/blog.jena.de\/beteiligung\/img_0154\/'><img loading=\"lazy\" decoding=\"async\" width=\"500\" height=\"333\" src=\"https:\/\/blog.jena.de\/beteiligung\/wp-content\/uploads\/sites\/14\/2015\/04\/IMG_0154-500x333.jpg\" class=\"attachment-medium size-medium\" alt=\"Blick auf die Teilnehmer_Innen der Auftaktveranstaltung, Auftaktveranstaltung Leitlinien f\u00fcr die B\u00fcrgerbeteiligung, \u00a9 ORBIT\" aria-describedby=\"gallery-1-127\" srcset=\"https:\/\/blog.jena.de\/beteiligung\/wp-content\/uploads\/sites\/14\/2015\/04\/IMG_0154-500x333.jpg 500w, https:\/\/blog.jena.de\/beteiligung\/wp-content\/uploads\/sites\/14\/2015\/04\/IMG_0154-768x512.jpg 768w, https:\/\/blog.jena.de\/beteiligung\/wp-content\/uploads\/sites\/14\/2015\/04\/IMG_0154-1000x667.jpg 1000w, https:\/\/blog.jena.de\/beteiligung\/wp-content\/uploads\/sites\/14\/2015\/04\/IMG_0154-600x400.jpg 600w, https:\/\/blog.jena.de\/beteiligung\/wp-content\/uploads\/sites\/14\/2015\/04\/IMG_0154-1035x690.jpg 1035w\" sizes=\"auto, (max-width: 500px) 100vw, 500px\" \/><\/a>\n\t\t\t<\/div>\n\t\t\t\t<figcaption class='wp-caption-text gallery-caption' id='gallery-1-127'>\n\t\t\t\tImpression der Auftaktveranstaltung, \u00a9 ORBIT\n\t\t\t\t<\/figcaption><\/figure><figure class='gallery-item'>\n\t\t\t<div class='gallery-icon landscape'>\n\t\t\t\t<a href='https:\/\/blog.jena.de\/beteiligung\/2015\/03\/27\/rueckblick-zur-auftaktveranstaltung-am-21-03-2015\/img_0183\/'><img loading=\"lazy\" decoding=\"async\" width=\"500\" height=\"333\" src=\"https:\/\/blog.jena.de\/beteiligung\/wp-content\/uploads\/sites\/14\/2015\/04\/IMG_0183-500x333.jpg\" class=\"attachment-medium size-medium\" alt=\"Blick auf die Teilnehmer_Innen der Auftaktveranstaltung, Auftaktveranstaltung Leitlinien f\u00fcr die B\u00fcrgerbeteiligung, \u00a9 ORBIT\" aria-describedby=\"gallery-1-129\" srcset=\"https:\/\/blog.jena.de\/beteiligung\/wp-content\/uploads\/sites\/14\/2015\/04\/IMG_0183-500x333.jpg 500w, https:\/\/blog.jena.de\/beteiligung\/wp-content\/uploads\/sites\/14\/2015\/04\/IMG_0183-768x512.jpg 768w, https:\/\/blog.jena.de\/beteiligung\/wp-content\/uploads\/sites\/14\/2015\/04\/IMG_0183-1000x667.jpg 1000w, https:\/\/blog.jena.de\/beteiligung\/wp-content\/uploads\/sites\/14\/2015\/04\/IMG_0183-600x400.jpg 600w, https:\/\/blog.jena.de\/beteiligung\/wp-content\/uploads\/sites\/14\/2015\/04\/IMG_0183-1035x690.jpg 1035w\" sizes=\"auto, (max-width: 500px) 100vw, 500px\" \/><\/a>\n\t\t\t<\/div>\n\t\t\t\t<figcaption class='wp-caption-text gallery-caption' id='gallery-1-129'>\n\t\t\t\tImpression der Auftaktveranstaltung, \u00a9 ORBIT\n\t\t\t\t<\/figcaption><\/figure><figure class='gallery-item'>\n\t\t\t<div class='gallery-icon landscape'>\n\t\t\t\t<a href='https:\/\/blog.jena.de\/beteiligung\/img_0186\/'><img loading=\"lazy\" decoding=\"async\" width=\"500\" height=\"333\" src=\"https:\/\/blog.jena.de\/beteiligung\/wp-content\/uploads\/sites\/14\/2015\/04\/IMG_0186-500x333.jpg\" class=\"attachment-medium size-medium\" alt=\"Blick auf die Teilnehmer_Innen der Auftaktveranstaltung, Auftaktveranstaltung Leitlinien f\u00fcr die B\u00fcrgerbeteiligung, \u00a9 ORBIT\" aria-describedby=\"gallery-1-130\" srcset=\"https:\/\/blog.jena.de\/beteiligung\/wp-content\/uploads\/sites\/14\/2015\/04\/IMG_0186-500x333.jpg 500w, https:\/\/blog.jena.de\/beteiligung\/wp-content\/uploads\/sites\/14\/2015\/04\/IMG_0186-768x512.jpg 768w, https:\/\/blog.jena.de\/beteiligung\/wp-content\/uploads\/sites\/14\/2015\/04\/IMG_0186-1000x667.jpg 1000w, https:\/\/blog.jena.de\/beteiligung\/wp-content\/uploads\/sites\/14\/2015\/04\/IMG_0186-600x400.jpg 600w, https:\/\/blog.jena.de\/beteiligung\/wp-content\/uploads\/sites\/14\/2015\/04\/IMG_0186-1035x690.jpg 1035w\" sizes=\"auto, (max-width: 500px) 100vw, 500px\" \/><\/a>\n\t\t\t<\/div>\n\t\t\t\t<figcaption class='wp-caption-text gallery-caption' id='gallery-1-130'>\n\t\t\t\tImpression der Auftaktveranstaltung, \u00a9 ORBIT\n\t\t\t\t<\/figcaption><\/figure><figure class='gallery-item'>\n\t\t\t<div class='gallery-icon landscape'>\n\t\t\t\t<a href='https:\/\/blog.jena.de\/beteiligung\/img_0233\/'><img loading=\"lazy\" decoding=\"async\" width=\"500\" height=\"333\" src=\"https:\/\/blog.jena.de\/beteiligung\/wp-content\/uploads\/sites\/14\/2015\/04\/IMG_0233-500x333.jpg\" class=\"attachment-medium size-medium\" alt=\"Blick auf die Teilnehmer_Innen der Auftaktveranstaltung, Auftaktveranstaltung Leitlinien f\u00fcr die B\u00fcrgerbeteiligung, \u00a9 ORBIT\" aria-describedby=\"gallery-1-131\" srcset=\"https:\/\/blog.jena.de\/beteiligung\/wp-content\/uploads\/sites\/14\/2015\/04\/IMG_0233-500x333.jpg 500w, https:\/\/blog.jena.de\/beteiligung\/wp-content\/uploads\/sites\/14\/2015\/04\/IMG_0233-768x512.jpg 768w, https:\/\/blog.jena.de\/beteiligung\/wp-content\/uploads\/sites\/14\/2015\/04\/IMG_0233-1000x667.jpg 1000w, https:\/\/blog.jena.de\/beteiligung\/wp-content\/uploads\/sites\/14\/2015\/04\/IMG_0233-600x400.jpg 600w, https:\/\/blog.jena.de\/beteiligung\/wp-content\/uploads\/sites\/14\/2015\/04\/IMG_0233-1035x690.jpg 1035w\" sizes=\"auto, (max-width: 500px) 100vw, 500px\" \/><\/a>\n\t\t\t<\/div>\n\t\t\t\t<figcaption class='wp-caption-text gallery-caption' id='gallery-1-131'>\n\t\t\t\tImpression der Auftaktveranstaltung, \u00a9 ORBIT\n\t\t\t\t<\/figcaption><\/figure><figure class='gallery-item'>\n\t\t\t<div class='gallery-icon landscape'>\n\t\t\t\t<a href='https:\/\/blog.jena.de\/beteiligung\/img_0263\/'><img loading=\"lazy\" decoding=\"async\" width=\"500\" height=\"337\" src=\"https:\/\/blog.jena.de\/beteiligung\/wp-content\/uploads\/sites\/14\/2015\/04\/IMG_0263-500x337.jpg\" class=\"attachment-medium size-medium\" alt=\"Blick auf die Teilnehmer_Innen der Auftaktveranstaltung, Auftaktveranstaltung Leitlinien f\u00fcr die B\u00fcrgerbeteiligung, \u00a9 ORBIT\" aria-describedby=\"gallery-1-132\" srcset=\"https:\/\/blog.jena.de\/beteiligung\/wp-content\/uploads\/sites\/14\/2015\/04\/IMG_0263-500x337.jpg 500w, https:\/\/blog.jena.de\/beteiligung\/wp-content\/uploads\/sites\/14\/2015\/04\/IMG_0263-768x517.jpg 768w, https:\/\/blog.jena.de\/beteiligung\/wp-content\/uploads\/sites\/14\/2015\/04\/IMG_0263-1000x673.jpg 1000w, https:\/\/blog.jena.de\/beteiligung\/wp-content\/uploads\/sites\/14\/2015\/04\/IMG_0263-600x404.jpg 600w, https:\/\/blog.jena.de\/beteiligung\/wp-content\/uploads\/sites\/14\/2015\/04\/IMG_0263-1025x690.jpg 1025w\" sizes=\"auto, (max-width: 500px) 100vw, 500px\" \/><\/a>\n\t\t\t<\/div>\n\t\t\t\t<figcaption class='wp-caption-text gallery-caption' id='gallery-1-132'>\n\t\t\t\tImpression der Auftaktveranstaltung, \u00a9 ORBIT\n\t\t\t\t<\/figcaption><\/figure><figure class='gallery-item'>\n\t\t\t<div class='gallery-icon landscape'>\n\t\t\t\t<a href='https:\/\/blog.jena.de\/beteiligung\/img_0266\/'><img loading=\"lazy\" decoding=\"async\" width=\"500\" height=\"333\" src=\"https:\/\/blog.jena.de\/beteiligung\/wp-content\/uploads\/sites\/14\/2015\/04\/IMG_0266-500x333.jpg\" class=\"attachment-medium size-medium\" alt=\"Blick auf die Teilnehmer_Innen der Auftaktveranstaltung, Auftaktveranstaltung Leitlinien f\u00fcr die B\u00fcrgerbeteiligung, \u00a9 ORBIT\" aria-describedby=\"gallery-1-133\" srcset=\"https:\/\/blog.jena.de\/beteiligung\/wp-content\/uploads\/sites\/14\/2015\/04\/IMG_0266-500x333.jpg 500w, https:\/\/blog.jena.de\/beteiligung\/wp-content\/uploads\/sites\/14\/2015\/04\/IMG_0266-768x512.jpg 768w, https:\/\/blog.jena.de\/beteiligung\/wp-content\/uploads\/sites\/14\/2015\/04\/IMG_0266-1000x667.jpg 1000w, https:\/\/blog.jena.de\/beteiligung\/wp-content\/uploads\/sites\/14\/2015\/04\/IMG_0266-600x400.jpg 600w, https:\/\/blog.jena.de\/beteiligung\/wp-content\/uploads\/sites\/14\/2015\/04\/IMG_0266-1035x690.jpg 1035w\" sizes=\"auto, (max-width: 500px) 100vw, 500px\" \/><\/a>\n\t\t\t<\/div>\n\t\t\t\t<figcaption class='wp-caption-text gallery-caption' id='gallery-1-133'>\n\t\t\t\tImpression der Auftaktveranstaltung, \u00a9 ORBIT\n\t\t\t\t<\/figcaption><\/figure><figure class='gallery-item'>\n\t\t\t<div class='gallery-icon landscape'>\n\t\t\t\t<a href='https:\/\/blog.jena.de\/beteiligung\/img_0284\/'><img loading=\"lazy\" decoding=\"async\" width=\"500\" height=\"333\" src=\"https:\/\/blog.jena.de\/beteiligung\/wp-content\/uploads\/sites\/14\/2015\/04\/IMG_0284-500x333.jpg\" class=\"attachment-medium size-medium\" alt=\"Blick auf die Teilnehmer_Innen der Auftaktveranstaltung, Auftaktveranstaltung Leitlinien f\u00fcr die B\u00fcrgerbeteiligung, \u00a9 ORBIT\" aria-describedby=\"gallery-1-134\" srcset=\"https:\/\/blog.jena.de\/beteiligung\/wp-content\/uploads\/sites\/14\/2015\/04\/IMG_0284-500x333.jpg 500w, https:\/\/blog.jena.de\/beteiligung\/wp-content\/uploads\/sites\/14\/2015\/04\/IMG_0284-768x512.jpg 768w, https:\/\/blog.jena.de\/beteiligung\/wp-content\/uploads\/sites\/14\/2015\/04\/IMG_0284-1000x667.jpg 1000w, https:\/\/blog.jena.de\/beteiligung\/wp-content\/uploads\/sites\/14\/2015\/04\/IMG_0284-600x400.jpg 600w, https:\/\/blog.jena.de\/beteiligung\/wp-content\/uploads\/sites\/14\/2015\/04\/IMG_0284-1035x690.jpg 1035w\" sizes=\"auto, (max-width: 500px) 100vw, 500px\" \/><\/a>\n\t\t\t<\/div>\n\t\t\t\t<figcaption class='wp-caption-text gallery-caption' id='gallery-1-134'>\n\t\t\t\tImpression der Auftaktveranstaltung, \u00a9 ORBIT\n\t\t\t\t<\/figcaption><\/figure><figure class='gallery-item'>\n\t\t\t<div class='gallery-icon landscape'>\n\t\t\t\t<a href='https:\/\/blog.jena.de\/beteiligung\/img_0290\/'><img loading=\"lazy\" decoding=\"async\" width=\"500\" height=\"333\" src=\"https:\/\/blog.jena.de\/beteiligung\/wp-content\/uploads\/sites\/14\/2015\/04\/IMG_0290-500x333.jpg\" class=\"attachment-medium size-medium\" alt=\"Blick auf die Teilnehmer_Innen der Auftaktveranstaltung, Auftaktveranstaltung Leitlinien f\u00fcr die B\u00fcrgerbeteiligung, \u00a9 ORBIT\" aria-describedby=\"gallery-1-135\" srcset=\"https:\/\/blog.jena.de\/beteiligung\/wp-content\/uploads\/sites\/14\/2015\/04\/IMG_0290-500x333.jpg 500w, https:\/\/blog.jena.de\/beteiligung\/wp-content\/uploads\/sites\/14\/2015\/04\/IMG_0290-768x512.jpg 768w, https:\/\/blog.jena.de\/beteiligung\/wp-content\/uploads\/sites\/14\/2015\/04\/IMG_0290-1000x667.jpg 1000w, https:\/\/blog.jena.de\/beteiligung\/wp-content\/uploads\/sites\/14\/2015\/04\/IMG_0290-600x400.jpg 600w, https:\/\/blog.jena.de\/beteiligung\/wp-content\/uploads\/sites\/14\/2015\/04\/IMG_0290-1035x690.jpg 1035w\" sizes=\"auto, (max-width: 500px) 100vw, 500px\" \/><\/a>\n\t\t\t<\/div>\n\t\t\t\t<figcaption class='wp-caption-text gallery-caption' id='gallery-1-135'>\n\t\t\t\tImpression der Auftaktveranstaltung, \u00a9 ORBIT\n\t\t\t\t<\/figcaption><\/figure><figure class='gallery-item'>\n\t\t\t<div class='gallery-icon landscape'>\n\t\t\t\t<a href='https:\/\/blog.jena.de\/beteiligung\/img_0298\/'><img loading=\"lazy\" decoding=\"async\" width=\"500\" height=\"333\" src=\"https:\/\/blog.jena.de\/beteiligung\/wp-content\/uploads\/sites\/14\/2015\/04\/IMG_0298-500x333.jpg\" class=\"attachment-medium size-medium\" alt=\"Blick auf die Teilnehmer_Innen der Auftaktveranstaltung, Auftaktveranstaltung Leitlinien f\u00fcr die B\u00fcrgerbeteiligung, \u00a9 ORBIT\" aria-describedby=\"gallery-1-136\" srcset=\"https:\/\/blog.jena.de\/beteiligung\/wp-content\/uploads\/sites\/14\/2015\/04\/IMG_0298-500x333.jpg 500w, https:\/\/blog.jena.de\/beteiligung\/wp-content\/uploads\/sites\/14\/2015\/04\/IMG_0298-768x512.jpg 768w, https:\/\/blog.jena.de\/beteiligung\/wp-content\/uploads\/sites\/14\/2015\/04\/IMG_0298-1000x667.jpg 1000w, https:\/\/blog.jena.de\/beteiligung\/wp-content\/uploads\/sites\/14\/2015\/04\/IMG_0298-600x400.jpg 600w, https:\/\/blog.jena.de\/beteiligung\/wp-content\/uploads\/sites\/14\/2015\/04\/IMG_0298-1035x690.jpg 1035w\" sizes=\"auto, (max-width: 500px) 100vw, 500px\" \/><\/a>\n\t\t\t<\/div>\n\t\t\t\t<figcaption class='wp-caption-text gallery-caption' id='gallery-1-136'>\n\t\t\t\tImpression der Auftaktveranstaltung, \u00a9 ORBIT\n\t\t\t\t<\/figcaption><\/figure><figure class='gallery-item'>\n\t\t\t<div class='gallery-icon landscape'>\n\t\t\t\t<a href='https:\/\/blog.jena.de\/beteiligung\/img_0302\/'><img loading=\"lazy\" decoding=\"async\" width=\"500\" height=\"333\" src=\"https:\/\/blog.jena.de\/beteiligung\/wp-content\/uploads\/sites\/14\/2015\/04\/IMG_0302-500x333.jpg\" class=\"attachment-medium size-medium\" alt=\"Blick auf die Teilnehmer_Innen der Auftaktveranstaltung, Auftaktveranstaltung Leitlinien f\u00fcr die B\u00fcrgerbeteiligung, \u00a9 ORBIT\" aria-describedby=\"gallery-1-137\" srcset=\"https:\/\/blog.jena.de\/beteiligung\/wp-content\/uploads\/sites\/14\/2015\/04\/IMG_0302-500x333.jpg 500w, https:\/\/blog.jena.de\/beteiligung\/wp-content\/uploads\/sites\/14\/2015\/04\/IMG_0302-768x512.jpg 768w, https:\/\/blog.jena.de\/beteiligung\/wp-content\/uploads\/sites\/14\/2015\/04\/IMG_0302-1000x667.jpg 1000w, https:\/\/blog.jena.de\/beteiligung\/wp-content\/uploads\/sites\/14\/2015\/04\/IMG_0302-600x400.jpg 600w, https:\/\/blog.jena.de\/beteiligung\/wp-content\/uploads\/sites\/14\/2015\/04\/IMG_0302-1035x690.jpg 1035w\" sizes=\"auto, (max-width: 500px) 100vw, 500px\" \/><\/a>\n\t\t\t<\/div>\n\t\t\t\t<figcaption class='wp-caption-text gallery-caption' id='gallery-1-137'>\n\t\t\t\tImpression der Auftaktveranstaltung, \u00a9 ORBIT\n\t\t\t\t<\/figcaption><\/figure><figure class='gallery-item'>\n\t\t\t<div class='gallery-icon landscape'>\n\t\t\t\t<a href='https:\/\/blog.jena.de\/beteiligung\/img_0304\/'><img loading=\"lazy\" decoding=\"async\" width=\"500\" height=\"333\" src=\"https:\/\/blog.jena.de\/beteiligung\/wp-content\/uploads\/sites\/14\/2015\/04\/IMG_0304-500x333.jpg\" class=\"attachment-medium size-medium\" alt=\"Blick auf die Teilnehmer_Innen der Auftaktveranstaltung, Auftaktveranstaltung Leitlinien f\u00fcr die B\u00fcrgerbeteiligung, \u00a9 ORBIT\" aria-describedby=\"gallery-1-138\" srcset=\"https:\/\/blog.jena.de\/beteiligung\/wp-content\/uploads\/sites\/14\/2015\/04\/IMG_0304-500x333.jpg 500w, https:\/\/blog.jena.de\/beteiligung\/wp-content\/uploads\/sites\/14\/2015\/04\/IMG_0304-768x511.jpg 768w, https:\/\/blog.jena.de\/beteiligung\/wp-content\/uploads\/sites\/14\/2015\/04\/IMG_0304-1000x666.jpg 1000w, https:\/\/blog.jena.de\/beteiligung\/wp-content\/uploads\/sites\/14\/2015\/04\/IMG_0304-600x400.jpg 600w, https:\/\/blog.jena.de\/beteiligung\/wp-content\/uploads\/sites\/14\/2015\/04\/IMG_0304-1036x690.jpg 1036w\" sizes=\"auto, (max-width: 500px) 100vw, 500px\" \/><\/a>\n\t\t\t<\/div>\n\t\t\t\t<figcaption class='wp-caption-text gallery-caption' id='gallery-1-138'>\n\t\t\t\tImpression der Auftaktveranstaltung, \u00a9 ORBIT\n\t\t\t\t<\/figcaption><\/figure><figure class='gallery-item'>\n\t\t\t<div class='gallery-icon landscape'>\n\t\t\t\t<a href='https:\/\/blog.jena.de\/beteiligung\/img_0313\/'><img loading=\"lazy\" decoding=\"async\" width=\"500\" height=\"333\" src=\"https:\/\/blog.jena.de\/beteiligung\/wp-content\/uploads\/sites\/14\/2015\/04\/IMG_0313-500x333.jpg\" class=\"attachment-medium size-medium\" alt=\"Blick auf die Teilnehmer_Innen der Auftaktveranstaltung, Auftaktveranstaltung Leitlinien f\u00fcr die B\u00fcrgerbeteiligung, \u00a9 ORBIT\" aria-describedby=\"gallery-1-139\" srcset=\"https:\/\/blog.jena.de\/beteiligung\/wp-content\/uploads\/sites\/14\/2015\/04\/IMG_0313-500x333.jpg 500w, https:\/\/blog.jena.de\/beteiligung\/wp-content\/uploads\/sites\/14\/2015\/04\/IMG_0313-768x512.jpg 768w, https:\/\/blog.jena.de\/beteiligung\/wp-content\/uploads\/sites\/14\/2015\/04\/IMG_0313-1000x667.jpg 1000w, https:\/\/blog.jena.de\/beteiligung\/wp-content\/uploads\/sites\/14\/2015\/04\/IMG_0313-600x400.jpg 600w, https:\/\/blog.jena.de\/beteiligung\/wp-content\/uploads\/sites\/14\/2015\/04\/IMG_0313-1035x690.jpg 1035w\" sizes=\"auto, (max-width: 500px) 100vw, 500px\" \/><\/a>\n\t\t\t<\/div>\n\t\t\t\t<figcaption class='wp-caption-text gallery-caption' id='gallery-1-139'>\n\t\t\t\tImpression der Auftaktveranstaltung, \u00a9 ORBIT\n\n\t\t\t\t<\/figcaption><\/figure><figure class='gallery-item'>\n\t\t\t<div class='gallery-icon landscape'>\n\t\t\t\t<a href='https:\/\/blog.jena.de\/beteiligung\/img_0320\/'><img loading=\"lazy\" decoding=\"async\" width=\"500\" height=\"333\" src=\"https:\/\/blog.jena.de\/beteiligung\/wp-content\/uploads\/sites\/14\/2015\/04\/IMG_0320-500x333.jpg\" class=\"attachment-medium size-medium\" alt=\"Blick auf die Teilnehmer_Innen der Auftaktveranstaltung, Auftaktveranstaltung Leitlinien f\u00fcr die B\u00fcrgerbeteiligung, \u00a9 ORBIT\" aria-describedby=\"gallery-1-140\" srcset=\"https:\/\/blog.jena.de\/beteiligung\/wp-content\/uploads\/sites\/14\/2015\/04\/IMG_0320-500x333.jpg 500w, https:\/\/blog.jena.de\/beteiligung\/wp-content\/uploads\/sites\/14\/2015\/04\/IMG_0320-768x512.jpg 768w, https:\/\/blog.jena.de\/beteiligung\/wp-content\/uploads\/sites\/14\/2015\/04\/IMG_0320-1000x667.jpg 1000w, https:\/\/blog.jena.de\/beteiligung\/wp-content\/uploads\/sites\/14\/2015\/04\/IMG_0320-600x400.jpg 600w, https:\/\/blog.jena.de\/beteiligung\/wp-content\/uploads\/sites\/14\/2015\/04\/IMG_0320-1035x690.jpg 1035w\" sizes=\"auto, (max-width: 500px) 100vw, 500px\" \/><\/a>\n\t\t\t<\/div>\n\t\t\t\t<figcaption class='wp-caption-text gallery-caption' id='gallery-1-140'>\n\t\t\t\tImpression der Auftaktveranstaltung, \u00a9 ORBIT\n\t\t\t\t<\/figcaption><\/figure><figure class='gallery-item'>\n\t\t\t<div class='gallery-icon landscape'>\n\t\t\t\t<a href='https:\/\/blog.jena.de\/beteiligung\/img_0326\/'><img loading=\"lazy\" decoding=\"async\" width=\"500\" height=\"333\" src=\"https:\/\/blog.jena.de\/beteiligung\/wp-content\/uploads\/sites\/14\/2015\/04\/IMG_0326-500x333.jpg\" class=\"attachment-medium size-medium\" alt=\"Blick auf die Teilnehmer_Innen der Auftaktveranstaltung, Auftaktveranstaltung Leitlinien f\u00fcr die B\u00fcrgerbeteiligung, \u00a9 ORBIT\" aria-describedby=\"gallery-1-141\" srcset=\"https:\/\/blog.jena.de\/beteiligung\/wp-content\/uploads\/sites\/14\/2015\/04\/IMG_0326-500x333.jpg 500w, https:\/\/blog.jena.de\/beteiligung\/wp-content\/uploads\/sites\/14\/2015\/04\/IMG_0326-768x512.jpg 768w, https:\/\/blog.jena.de\/beteiligung\/wp-content\/uploads\/sites\/14\/2015\/04\/IMG_0326-1000x667.jpg 1000w, https:\/\/blog.jena.de\/beteiligung\/wp-content\/uploads\/sites\/14\/2015\/04\/IMG_0326-600x400.jpg 600w, https:\/\/blog.jena.de\/beteiligung\/wp-content\/uploads\/sites\/14\/2015\/04\/IMG_0326-1035x690.jpg 1035w\" sizes=\"auto, (max-width: 500px) 100vw, 500px\" \/><\/a>\n\t\t\t<\/div>\n\t\t\t\t<figcaption class='wp-caption-text gallery-caption' id='gallery-1-141'>\n\t\t\t\tImpression der Auftaktveranstaltung, \u00a9 ORBIT\n\t\t\t\t<\/figcaption><\/figure><figure class='gallery-item'>\n\t\t\t<div class='gallery-icon landscape'>\n\t\t\t\t<a href='https:\/\/blog.jena.de\/beteiligung\/img_0400\/'><img loading=\"lazy\" decoding=\"async\" width=\"500\" height=\"333\" src=\"https:\/\/blog.jena.de\/beteiligung\/wp-content\/uploads\/sites\/14\/2015\/04\/IMG_0400-500x333.jpg\" class=\"attachment-medium size-medium\" alt=\"Blick auf die Teilnehmer_Innen der Auftaktveranstaltung, Auftaktveranstaltung Leitlinien f\u00fcr die B\u00fcrgerbeteiligung, \u00a9 ORBIT\" aria-describedby=\"gallery-1-143\" srcset=\"https:\/\/blog.jena.de\/beteiligung\/wp-content\/uploads\/sites\/14\/2015\/04\/IMG_0400-500x333.jpg 500w, https:\/\/blog.jena.de\/beteiligung\/wp-content\/uploads\/sites\/14\/2015\/04\/IMG_0400-768x512.jpg 768w, https:\/\/blog.jena.de\/beteiligung\/wp-content\/uploads\/sites\/14\/2015\/04\/IMG_0400-1000x667.jpg 1000w, https:\/\/blog.jena.de\/beteiligung\/wp-content\/uploads\/sites\/14\/2015\/04\/IMG_0400-600x400.jpg 600w, https:\/\/blog.jena.de\/beteiligung\/wp-content\/uploads\/sites\/14\/2015\/04\/IMG_0400-1035x690.jpg 1035w\" sizes=\"auto, (max-width: 500px) 100vw, 500px\" \/><\/a>\n\t\t\t<\/div>\n\t\t\t\t<figcaption class='wp-caption-text gallery-caption' id='gallery-1-143'>\n\t\t\t\tImpression der Auftaktveranstaltung, \u00a9 ORBIT\n\n\t\t\t\t<\/figcaption><\/figure><figure class='gallery-item'>\n\t\t\t<div class='gallery-icon landscape'>\n\t\t\t\t<a href='https:\/\/blog.jena.de\/beteiligung\/img_0411\/'><img loading=\"lazy\" decoding=\"async\" width=\"500\" height=\"333\" src=\"https:\/\/blog.jena.de\/beteiligung\/wp-content\/uploads\/sites\/14\/2015\/04\/IMG_0411-500x333.jpg\" class=\"attachment-medium size-medium\" alt=\"Blick auf die Teilnehmer_Innen der Auftaktveranstaltung, Auftaktveranstaltung Leitlinien f\u00fcr die B\u00fcrgerbeteiligung, \u00a9 ORBIT\" aria-describedby=\"gallery-1-144\" srcset=\"https:\/\/blog.jena.de\/beteiligung\/wp-content\/uploads\/sites\/14\/2015\/04\/IMG_0411-500x333.jpg 500w, https:\/\/blog.jena.de\/beteiligung\/wp-content\/uploads\/sites\/14\/2015\/04\/IMG_0411-768x512.jpg 768w, https:\/\/blog.jena.de\/beteiligung\/wp-content\/uploads\/sites\/14\/2015\/04\/IMG_0411-1000x667.jpg 1000w, https:\/\/blog.jena.de\/beteiligung\/wp-content\/uploads\/sites\/14\/2015\/04\/IMG_0411-600x400.jpg 600w, https:\/\/blog.jena.de\/beteiligung\/wp-content\/uploads\/sites\/14\/2015\/04\/IMG_0411-1035x690.jpg 1035w\" sizes=\"auto, (max-width: 500px) 100vw, 500px\" \/><\/a>\n\t\t\t<\/div>\n\t\t\t\t<figcaption class='wp-caption-text gallery-caption' id='gallery-1-144'>\n\t\t\t\tImpression der Auftaktveranstaltung, \u00a9 ORBIT\n\t\t\t\t<\/figcaption><\/figure><figure class='gallery-item'>\n\t\t\t<div class='gallery-icon landscape'>\n\t\t\t\t<a href='https:\/\/blog.jena.de\/beteiligung\/img_0422\/'><img loading=\"lazy\" decoding=\"async\" width=\"500\" height=\"333\" src=\"https:\/\/blog.jena.de\/beteiligung\/wp-content\/uploads\/sites\/14\/2015\/04\/IMG_0422-500x333.jpg\" class=\"attachment-medium size-medium\" alt=\"Blick auf die Teilnehmer_Innen der Auftaktveranstaltung, Auftaktveranstaltung Leitlinien f\u00fcr die B\u00fcrgerbeteiligung, \u00a9 ORBIT\" aria-describedby=\"gallery-1-145\" srcset=\"https:\/\/blog.jena.de\/beteiligung\/wp-content\/uploads\/sites\/14\/2015\/04\/IMG_0422-500x333.jpg 500w, https:\/\/blog.jena.de\/beteiligung\/wp-content\/uploads\/sites\/14\/2015\/04\/IMG_0422-768x512.jpg 768w, https:\/\/blog.jena.de\/beteiligung\/wp-content\/uploads\/sites\/14\/2015\/04\/IMG_0422-1000x667.jpg 1000w, https:\/\/blog.jena.de\/beteiligung\/wp-content\/uploads\/sites\/14\/2015\/04\/IMG_0422-600x400.jpg 600w, https:\/\/blog.jena.de\/beteiligung\/wp-content\/uploads\/sites\/14\/2015\/04\/IMG_0422-1035x690.jpg 1035w\" sizes=\"auto, (max-width: 500px) 100vw, 500px\" \/><\/a>\n\t\t\t<\/div>\n\t\t\t\t<figcaption class='wp-caption-text gallery-caption' id='gallery-1-145'>\n\t\t\t\tImpression der Auftaktveranstaltung, \u00a9 ORBIT\n\t\t\t\t<\/figcaption><\/figure><figure class='gallery-item'>\n\t\t\t<div class='gallery-icon landscape'>\n\t\t\t\t<a href='https:\/\/blog.jena.de\/beteiligung\/img_0437\/'><img loading=\"lazy\" decoding=\"async\" width=\"500\" height=\"333\" src=\"https:\/\/blog.jena.de\/beteiligung\/wp-content\/uploads\/sites\/14\/2015\/04\/IMG_0437-500x333.jpg\" class=\"attachment-medium size-medium\" alt=\"Blick auf die Teilnehmer_Innen der Auftaktveranstaltung, Auftaktveranstaltung Leitlinien f\u00fcr die B\u00fcrgerbeteiligung, \u00a9 ORBIT\" aria-describedby=\"gallery-1-146\" srcset=\"https:\/\/blog.jena.de\/beteiligung\/wp-content\/uploads\/sites\/14\/2015\/04\/IMG_0437-500x333.jpg 500w, https:\/\/blog.jena.de\/beteiligung\/wp-content\/uploads\/sites\/14\/2015\/04\/IMG_0437-768x512.jpg 768w, https:\/\/blog.jena.de\/beteiligung\/wp-content\/uploads\/sites\/14\/2015\/04\/IMG_0437-1000x667.jpg 1000w, https:\/\/blog.jena.de\/beteiligung\/wp-content\/uploads\/sites\/14\/2015\/04\/IMG_0437-600x400.jpg 600w, https:\/\/blog.jena.de\/beteiligung\/wp-content\/uploads\/sites\/14\/2015\/04\/IMG_0437-1035x690.jpg 1035w\" sizes=\"auto, (max-width: 500px) 100vw, 500px\" \/><\/a>\n\t\t\t<\/div>\n\t\t\t\t<figcaption class='wp-caption-text gallery-caption' id='gallery-1-146'>\n\t\t\t\tImpression der Auftaktveranstaltung, \u00a9 ORBIT\n\t\t\t\t<\/figcaption><\/figure><figure class='gallery-item'>\n\t\t\t<div class='gallery-icon landscape'>\n\t\t\t\t<a href='https:\/\/blog.jena.de\/beteiligung\/img_0441\/'><img loading=\"lazy\" decoding=\"async\" width=\"500\" height=\"333\" src=\"https:\/\/blog.jena.de\/beteiligung\/wp-content\/uploads\/sites\/14\/2015\/04\/IMG_0441-500x333.jpg\" class=\"attachment-medium size-medium\" alt=\"Blick auf die Teilnehmer_Innen der Auftaktveranstaltung, Auftaktveranstaltung Leitlinien f\u00fcr die B\u00fcrgerbeteiligung, \u00a9 ORBIT\" aria-describedby=\"gallery-1-147\" srcset=\"https:\/\/blog.jena.de\/beteiligung\/wp-content\/uploads\/sites\/14\/2015\/04\/IMG_0441-500x333.jpg 500w, https:\/\/blog.jena.de\/beteiligung\/wp-content\/uploads\/sites\/14\/2015\/04\/IMG_0441-768x512.jpg 768w, https:\/\/blog.jena.de\/beteiligung\/wp-content\/uploads\/sites\/14\/2015\/04\/IMG_0441-1000x667.jpg 1000w, https:\/\/blog.jena.de\/beteiligung\/wp-content\/uploads\/sites\/14\/2015\/04\/IMG_0441-600x400.jpg 600w, https:\/\/blog.jena.de\/beteiligung\/wp-content\/uploads\/sites\/14\/2015\/04\/IMG_0441-1035x690.jpg 1035w\" sizes=\"auto, (max-width: 500px) 100vw, 500px\" \/><\/a>\n\t\t\t<\/div>\n\t\t\t\t<figcaption class='wp-caption-text gallery-caption' id='gallery-1-147'>\n\t\t\t\tImpression der Auftaktveranstaltung, \u00a9 ORBIT\n\t\t\t\t<\/figcaption><\/figure><figure class='gallery-item'>\n\t\t\t<div class='gallery-icon landscape'>\n\t\t\t\t<a href='https:\/\/blog.jena.de\/beteiligung\/img_9896\/'><img loading=\"lazy\" decoding=\"async\" width=\"500\" height=\"333\" src=\"https:\/\/blog.jena.de\/beteiligung\/wp-content\/uploads\/sites\/14\/2015\/04\/IMG_9896-500x333.jpg\" class=\"attachment-medium size-medium\" alt=\"Blick auf die Teilnehmer_Innen der Auftaktveranstaltung, Auftaktveranstaltung Leitlinien f\u00fcr die B\u00fcrgerbeteiligung, \u00a9 ORBIT\" aria-describedby=\"gallery-1-265\" srcset=\"https:\/\/blog.jena.de\/beteiligung\/wp-content\/uploads\/sites\/14\/2015\/04\/IMG_9896-500x333.jpg 500w, https:\/\/blog.jena.de\/beteiligung\/wp-content\/uploads\/sites\/14\/2015\/04\/IMG_9896-768x512.jpg 768w, https:\/\/blog.jena.de\/beteiligung\/wp-content\/uploads\/sites\/14\/2015\/04\/IMG_9896-1000x667.jpg 1000w, https:\/\/blog.jena.de\/beteiligung\/wp-content\/uploads\/sites\/14\/2015\/04\/IMG_9896-600x400.jpg 600w, https:\/\/blog.jena.de\/beteiligung\/wp-content\/uploads\/sites\/14\/2015\/04\/IMG_9896-1035x690.jpg 1035w\" sizes=\"auto, (max-width: 500px) 100vw, 500px\" \/><\/a>\n\t\t\t<\/div>\n\t\t\t\t<figcaption class='wp-caption-text gallery-caption' id='gallery-1-265'>\n\t\t\t\tImpression der Auftaktveranstaltung, \u00a9 ORBIT\n\t\t\t\t<\/figcaption><\/figure><figure class='gallery-item'>\n\t\t\t<div class='gallery-icon landscape'>\n\t\t\t\t<a href='https:\/\/blog.jena.de\/beteiligung\/img_9929\/'><img loading=\"lazy\" decoding=\"async\" width=\"500\" height=\"333\" src=\"https:\/\/blog.jena.de\/beteiligung\/wp-content\/uploads\/sites\/14\/2015\/04\/IMG_9929-500x333.jpg\" class=\"attachment-medium size-medium\" alt=\"Blick auf die Teilnehmer_Innen der Auftaktveranstaltung, Auftaktveranstaltung Leitlinien f\u00fcr die B\u00fcrgerbeteiligung, \u00a9 ORBIT\" aria-describedby=\"gallery-1-266\" srcset=\"https:\/\/blog.jena.de\/beteiligung\/wp-content\/uploads\/sites\/14\/2015\/04\/IMG_9929-500x333.jpg 500w, https:\/\/blog.jena.de\/beteiligung\/wp-content\/uploads\/sites\/14\/2015\/04\/IMG_9929-768x512.jpg 768w, https:\/\/blog.jena.de\/beteiligung\/wp-content\/uploads\/sites\/14\/2015\/04\/IMG_9929-1000x667.jpg 1000w, https:\/\/blog.jena.de\/beteiligung\/wp-content\/uploads\/sites\/14\/2015\/04\/IMG_9929-600x400.jpg 600w, https:\/\/blog.jena.de\/beteiligung\/wp-content\/uploads\/sites\/14\/2015\/04\/IMG_9929-1035x690.jpg 1035w\" sizes=\"auto, (max-width: 500px) 100vw, 500px\" \/><\/a>\n\t\t\t<\/div>\n\t\t\t\t<figcaption class='wp-caption-text gallery-caption' id='gallery-1-266'>\n\t\t\t\tImpression der Auftaktveranstaltung, \u00a9 ORBIT\n\t\t\t\t<\/figcaption><\/figure><figure class='gallery-item'>\n\t\t\t<div class='gallery-icon landscape'>\n\t\t\t\t<a href='https:\/\/blog.jena.de\/beteiligung\/2015\/03\/27\/rueckblick-zur-auftaktveranstaltung-am-21-03-2015\/img_9987\/'><img loading=\"lazy\" decoding=\"async\" width=\"500\" height=\"332\" src=\"https:\/\/blog.jena.de\/beteiligung\/wp-content\/uploads\/sites\/14\/2015\/03\/IMG_9987-500x332.jpg\" class=\"attachment-medium size-medium\" alt=\"Blick auf die Teilnehmer_Innen der Auftaktveranstaltung, Auftaktveranstaltung Leitlinien f\u00fcr die B\u00fcrgerbeteiligung, \u00a9 ORBIT\" aria-describedby=\"gallery-1-76\" srcset=\"https:\/\/blog.jena.de\/beteiligung\/wp-content\/uploads\/sites\/14\/2015\/03\/IMG_9987-500x332.jpg 500w, https:\/\/blog.jena.de\/beteiligung\/wp-content\/uploads\/sites\/14\/2015\/03\/IMG_9987-768x509.jpg 768w, https:\/\/blog.jena.de\/beteiligung\/wp-content\/uploads\/sites\/14\/2015\/03\/IMG_9987-1000x663.jpg 1000w, https:\/\/blog.jena.de\/beteiligung\/wp-content\/uploads\/sites\/14\/2015\/03\/IMG_9987-600x398.jpg 600w, https:\/\/blog.jena.de\/beteiligung\/wp-content\/uploads\/sites\/14\/2015\/03\/IMG_9987-1041x690.jpg 1041w\" sizes=\"auto, (max-width: 500px) 100vw, 500px\" \/><\/a>\n\t\t\t<\/div>\n\t\t\t\t<figcaption class='wp-caption-text gallery-caption' id='gallery-1-76'>\n\t\t\t\tImpression der Auftaktveranstaltung, \u00a9 ORBIT\n\t\t\t\t<\/figcaption><\/figure><figure class='gallery-item'>\n\t\t\t<div class='gallery-icon landscape'>\n\t\t\t\t<a href='https:\/\/blog.jena.de\/beteiligung\/img_9946\/'><img loading=\"lazy\" decoding=\"async\" width=\"500\" height=\"333\" src=\"https:\/\/blog.jena.de\/beteiligung\/wp-content\/uploads\/sites\/14\/2015\/04\/IMG_9946-500x333.jpg\" class=\"attachment-medium size-medium\" alt=\"Blick auf die Teilnehmer_Innen der Auftaktveranstaltung, Auftaktveranstaltung Leitlinien f\u00fcr die B\u00fcrgerbeteiligung, \u00a9 ORBIT\" aria-describedby=\"gallery-1-267\" srcset=\"https:\/\/blog.jena.de\/beteiligung\/wp-content\/uploads\/sites\/14\/2015\/04\/IMG_9946-500x333.jpg 500w, https:\/\/blog.jena.de\/beteiligung\/wp-content\/uploads\/sites\/14\/2015\/04\/IMG_9946-768x512.jpg 768w, https:\/\/blog.jena.de\/beteiligung\/wp-content\/uploads\/sites\/14\/2015\/04\/IMG_9946-1000x667.jpg 1000w, https:\/\/blog.jena.de\/beteiligung\/wp-content\/uploads\/sites\/14\/2015\/04\/IMG_9946-600x400.jpg 600w, https:\/\/blog.jena.de\/beteiligung\/wp-content\/uploads\/sites\/14\/2015\/04\/IMG_9946-1035x690.jpg 1035w\" sizes=\"auto, (max-width: 500px) 100vw, 500px\" \/><\/a>\n\t\t\t<\/div>\n\t\t\t\t<figcaption class='wp-caption-text gallery-caption' id='gallery-1-267'>\n\t\t\t\tImpression der Auftaktveranstaltung, \u00a9 ORBIT\n\t\t\t\t<\/figcaption><\/figure><figure class='gallery-item'>\n\t\t\t<div class='gallery-icon landscape'>\n\t\t\t\t<a href='https:\/\/blog.jena.de\/beteiligung\/2015\/03\/27\/rueckblick-zur-auftaktveranstaltung-am-21-03-2015\/img_0164\/'><img loading=\"lazy\" decoding=\"async\" width=\"500\" height=\"333\" src=\"https:\/\/blog.jena.de\/beteiligung\/wp-content\/uploads\/sites\/14\/2015\/03\/IMG_0164-500x333.jpg\" class=\"attachment-medium size-medium\" alt=\"Blick auf die Teilnehmer_Innen der Auftatveranstaltung, Auftaktveranstaltung Leitlinien f\u00fcr die B\u00fcrgerbeteiligung, \u00a9 ORBIT\" aria-describedby=\"gallery-1-75\" srcset=\"https:\/\/blog.jena.de\/beteiligung\/wp-content\/uploads\/sites\/14\/2015\/03\/IMG_0164-500x333.jpg 500w, https:\/\/blog.jena.de\/beteiligung\/wp-content\/uploads\/sites\/14\/2015\/03\/IMG_0164-768x512.jpg 768w, https:\/\/blog.jena.de\/beteiligung\/wp-content\/uploads\/sites\/14\/2015\/03\/IMG_0164-1000x667.jpg 1000w, https:\/\/blog.jena.de\/beteiligung\/wp-content\/uploads\/sites\/14\/2015\/03\/IMG_0164-600x400.jpg 600w, https:\/\/blog.jena.de\/beteiligung\/wp-content\/uploads\/sites\/14\/2015\/03\/IMG_0164-1035x690.jpg 1035w\" sizes=\"auto, (max-width: 500px) 100vw, 500px\" \/><\/a>\n\t\t\t<\/div>\n\t\t\t\t<figcaption class='wp-caption-text gallery-caption' id='gallery-1-75'>\n\t\t\t\tImpression der Auftaktveranstaltung, \u00a9 ORBIT\n\t\t\t\t<\/figcaption><\/figure><figure class='gallery-item'>\n\t\t\t<div class='gallery-icon landscape'>\n\t\t\t\t<a href='https:\/\/blog.jena.de\/beteiligung\/2015\/03\/27\/rueckblick-zur-auftaktveranstaltung-am-21-03-2015\/img_0556\/'><img loading=\"lazy\" decoding=\"async\" width=\"500\" height=\"333\" src=\"https:\/\/blog.jena.de\/beteiligung\/wp-content\/uploads\/sites\/14\/2015\/04\/IMG_0556-e1430812829319-500x333.jpg\" class=\"attachment-medium size-medium\" alt=\"Blick auf den Thementisch Aktuelle Themen der Auftaktveranstaltung, Auftaktveranstaltung Leitlinien f\u00fcr die B\u00fcrgerbeteiligung, \u00a9 ORBIT\" aria-describedby=\"gallery-1-244\" srcset=\"https:\/\/blog.jena.de\/beteiligung\/wp-content\/uploads\/sites\/14\/2015\/04\/IMG_0556-e1430812829319-500x333.jpg 500w, https:\/\/blog.jena.de\/beteiligung\/wp-content\/uploads\/sites\/14\/2015\/04\/IMG_0556-e1430812829319-768x512.jpg 768w, https:\/\/blog.jena.de\/beteiligung\/wp-content\/uploads\/sites\/14\/2015\/04\/IMG_0556-e1430812829319-1000x667.jpg 1000w, https:\/\/blog.jena.de\/beteiligung\/wp-content\/uploads\/sites\/14\/2015\/04\/IMG_0556-e1430812829319-600x400.jpg 600w, https:\/\/blog.jena.de\/beteiligung\/wp-content\/uploads\/sites\/14\/2015\/04\/IMG_0556-e1430812829319-1035x690.jpg 1035w\" sizes=\"auto, (max-width: 500px) 100vw, 500px\" \/><\/a>\n\t\t\t<\/div>\n\t\t\t\t<figcaption class='wp-caption-text gallery-caption' id='gallery-1-244'>\n\t\t\t\tThementisch &#8222;Aktuelle Themen&#8220; bei der Auftaktveranstaltung, \u00a9 ORBIT\n\t\t\t\t<\/figcaption><\/figure><figure class='gallery-item'>\n\t\t\t<div class='gallery-icon landscape'>\n\t\t\t\t<a href='https:\/\/blog.jena.de\/beteiligung\/img_0557\/'><img loading=\"lazy\" decoding=\"async\" width=\"500\" height=\"333\" src=\"https:\/\/blog.jena.de\/beteiligung\/wp-content\/uploads\/sites\/14\/2015\/04\/IMG_0557-500x333.jpg\" class=\"attachment-medium size-medium\" alt=\"Blick auf den Thementisch Aktuelle Themen der Auftaktveranstaltung, Auftaktveranstaltung Leitlinien f\u00fcr die B\u00fcrgerbeteiligung, \u00a9 ORBIT\" aria-describedby=\"gallery-1-245\" srcset=\"https:\/\/blog.jena.de\/beteiligung\/wp-content\/uploads\/sites\/14\/2015\/04\/IMG_0557-500x333.jpg 500w, https:\/\/blog.jena.de\/beteiligung\/wp-content\/uploads\/sites\/14\/2015\/04\/IMG_0557-768x512.jpg 768w, https:\/\/blog.jena.de\/beteiligung\/wp-content\/uploads\/sites\/14\/2015\/04\/IMG_0557-1000x667.jpg 1000w, https:\/\/blog.jena.de\/beteiligung\/wp-content\/uploads\/sites\/14\/2015\/04\/IMG_0557-600x400.jpg 600w, https:\/\/blog.jena.de\/beteiligung\/wp-content\/uploads\/sites\/14\/2015\/04\/IMG_0557-1035x690.jpg 1035w\" sizes=\"auto, (max-width: 500px) 100vw, 500px\" \/><\/a>\n\t\t\t<\/div>\n\t\t\t\t<figcaption class='wp-caption-text gallery-caption' id='gallery-1-245'>\n\t\t\t\tThementisch &#8222;Aktuelle Themen&#8220; bei der Auftaktveranstaltung, \u00a9 ORBIT\n\t\t\t\t<\/figcaption><\/figure><figure class='gallery-item'>\n\t\t\t<div class='gallery-icon portrait'>\n\t\t\t\t<a href='https:\/\/blog.jena.de\/beteiligung\/img_0558\/'><img loading=\"lazy\" decoding=\"async\" width=\"333\" height=\"500\" src=\"https:\/\/blog.jena.de\/beteiligung\/wp-content\/uploads\/sites\/14\/2015\/04\/IMG_0558-e1430813831527-333x500.jpg\" class=\"attachment-medium size-medium\" alt=\"Blick auf den Thementisch Aktuelle Themen der Auftaktveranstaltung, Auftaktveranstaltung Leitlinien f\u00fcr die B\u00fcrgerbeteiligung, \u00a9 ORBIT\" aria-describedby=\"gallery-1-246\" srcset=\"https:\/\/blog.jena.de\/beteiligung\/wp-content\/uploads\/sites\/14\/2015\/04\/IMG_0558-e1430813831527-333x500.jpg 333w, https:\/\/blog.jena.de\/beteiligung\/wp-content\/uploads\/sites\/14\/2015\/04\/IMG_0558-e1430813831527-768x1152.jpg 768w, https:\/\/blog.jena.de\/beteiligung\/wp-content\/uploads\/sites\/14\/2015\/04\/IMG_0558-e1430813831527-667x1000.jpg 667w, https:\/\/blog.jena.de\/beteiligung\/wp-content\/uploads\/sites\/14\/2015\/04\/IMG_0558-e1430813831527-600x900.jpg 600w, https:\/\/blog.jena.de\/beteiligung\/wp-content\/uploads\/sites\/14\/2015\/04\/IMG_0558-e1430813831527-460x690.jpg 460w\" sizes=\"auto, (max-width: 333px) 100vw, 333px\" \/><\/a>\n\t\t\t<\/div>\n\t\t\t\t<figcaption class='wp-caption-text gallery-caption' id='gallery-1-246'>\n\t\t\t\tThementisch &#8222;Aktuelle Themen&#8220; bei der Auftaktveranstaltung, \u00a9 ORBIT\n\t\t\t\t<\/figcaption><\/figure><figure class='gallery-item'>\n\t\t\t<div class='gallery-icon landscape'>\n\t\t\t\t<a href='https:\/\/blog.jena.de\/beteiligung\/img_0559\/'><img loading=\"lazy\" decoding=\"async\" width=\"500\" height=\"333\" src=\"https:\/\/blog.jena.de\/beteiligung\/wp-content\/uploads\/sites\/14\/2015\/04\/IMG_0559-500x333.jpg\" class=\"attachment-medium size-medium\" alt=\"Blick auf den Thementisch Aktuelle Themen der Auftaktveranstaltung, Auftaktveranstaltung Leitlinien f\u00fcr die B\u00fcrgerbeteiligung, \u00a9 ORBIT\" aria-describedby=\"gallery-1-247\" srcset=\"https:\/\/blog.jena.de\/beteiligung\/wp-content\/uploads\/sites\/14\/2015\/04\/IMG_0559-500x333.jpg 500w, https:\/\/blog.jena.de\/beteiligung\/wp-content\/uploads\/sites\/14\/2015\/04\/IMG_0559-768x512.jpg 768w, https:\/\/blog.jena.de\/beteiligung\/wp-content\/uploads\/sites\/14\/2015\/04\/IMG_0559-1000x667.jpg 1000w, https:\/\/blog.jena.de\/beteiligung\/wp-content\/uploads\/sites\/14\/2015\/04\/IMG_0559-600x400.jpg 600w, https:\/\/blog.jena.de\/beteiligung\/wp-content\/uploads\/sites\/14\/2015\/04\/IMG_0559-1035x690.jpg 1035w\" sizes=\"auto, (max-width: 500px) 100vw, 500px\" \/><\/a>\n\t\t\t<\/div>\n\t\t\t\t<figcaption class='wp-caption-text gallery-caption' id='gallery-1-247'>\n\t\t\t\tThementisch &#8222;Aktuelle Themen&#8220; bei der Auftaktveranstaltung, \u00a9 ORBIT\n\t\t\t\t<\/figcaption><\/figure><figure class='gallery-item'>\n\t\t\t<div class='gallery-icon landscape'>\n\t\t\t\t<a href='https:\/\/blog.jena.de\/beteiligung\/img_0560\/'><img loading=\"lazy\" decoding=\"async\" width=\"500\" height=\"333\" src=\"https:\/\/blog.jena.de\/beteiligung\/wp-content\/uploads\/sites\/14\/2015\/04\/IMG_0560-e1430813934654-500x333.jpg\" class=\"attachment-medium size-medium\" alt=\"Blick auf den Thementisch Aktuelle Themen der Auftaktveranstaltung, Auftaktveranstaltung Leitlinien f\u00fcr die B\u00fcrgerbeteiligung, \u00a9 ORBIT\" aria-describedby=\"gallery-1-248\" srcset=\"https:\/\/blog.jena.de\/beteiligung\/wp-content\/uploads\/sites\/14\/2015\/04\/IMG_0560-e1430813934654-500x333.jpg 500w, https:\/\/blog.jena.de\/beteiligung\/wp-content\/uploads\/sites\/14\/2015\/04\/IMG_0560-e1430813934654-768x512.jpg 768w, https:\/\/blog.jena.de\/beteiligung\/wp-content\/uploads\/sites\/14\/2015\/04\/IMG_0560-e1430813934654-1000x667.jpg 1000w, https:\/\/blog.jena.de\/beteiligung\/wp-content\/uploads\/sites\/14\/2015\/04\/IMG_0560-e1430813934654-600x400.jpg 600w, https:\/\/blog.jena.de\/beteiligung\/wp-content\/uploads\/sites\/14\/2015\/04\/IMG_0560-e1430813934654-1035x690.jpg 1035w\" sizes=\"auto, (max-width: 500px) 100vw, 500px\" \/><\/a>\n\t\t\t<\/div>\n\t\t\t\t<figcaption class='wp-caption-text gallery-caption' id='gallery-1-248'>\n\t\t\t\tThementisch &#8222;Aktuelle Themen&#8220; bei der Auftaktveranstaltung, \u00a9 ORBIT\n\t\t\t\t<\/figcaption><\/figure><figure class='gallery-item'>\n\t\t\t<div class='gallery-icon landscape'>\n\t\t\t\t<a href='https:\/\/blog.jena.de\/beteiligung\/img_0561\/'><img loading=\"lazy\" decoding=\"async\" width=\"500\" height=\"333\" src=\"https:\/\/blog.jena.de\/beteiligung\/wp-content\/uploads\/sites\/14\/2015\/04\/IMG_0561-500x333.jpg\" class=\"attachment-medium size-medium\" alt=\"Blick auf den Thementisch Aktuelle Themen der Auftaktveranstaltung, Auftaktveranstaltung Leitlinien f\u00fcr die B\u00fcrgerbeteiligung, \u00a9 ORBIT\" aria-describedby=\"gallery-1-249\" srcset=\"https:\/\/blog.jena.de\/beteiligung\/wp-content\/uploads\/sites\/14\/2015\/04\/IMG_0561-500x333.jpg 500w, https:\/\/blog.jena.de\/beteiligung\/wp-content\/uploads\/sites\/14\/2015\/04\/IMG_0561-768x512.jpg 768w, https:\/\/blog.jena.de\/beteiligung\/wp-content\/uploads\/sites\/14\/2015\/04\/IMG_0561-1000x667.jpg 1000w, https:\/\/blog.jena.de\/beteiligung\/wp-content\/uploads\/sites\/14\/2015\/04\/IMG_0561-600x400.jpg 600w, https:\/\/blog.jena.de\/beteiligung\/wp-content\/uploads\/sites\/14\/2015\/04\/IMG_0561-1035x690.jpg 1035w\" sizes=\"auto, (max-width: 500px) 100vw, 500px\" \/><\/a>\n\t\t\t<\/div>\n\t\t\t\t<figcaption class='wp-caption-text gallery-caption' id='gallery-1-249'>\n\t\t\t\tThementisch &#8222;Aktuelle Themen&#8220; bei der Auftaktveranstaltung, \u00a9 ORBIT\n\t\t\t\t<\/figcaption><\/figure><figure class='gallery-item'>\n\t\t\t<div class='gallery-icon landscape'>\n\t\t\t\t<a href='https:\/\/blog.jena.de\/beteiligung\/img_0562\/'><img loading=\"lazy\" decoding=\"async\" width=\"500\" height=\"333\" src=\"https:\/\/blog.jena.de\/beteiligung\/wp-content\/uploads\/sites\/14\/2015\/04\/IMG_0562-500x333.jpg\" class=\"attachment-medium size-medium\" alt=\"Blick auf den Thementisch Aktuelle Themen der Auftaktveranstaltung, Auftaktveranstaltung Leitlinien f\u00fcr die B\u00fcrgerbeteiligung, \u00a9 ORBIT\" aria-describedby=\"gallery-1-250\" srcset=\"https:\/\/blog.jena.de\/beteiligung\/wp-content\/uploads\/sites\/14\/2015\/04\/IMG_0562-500x333.jpg 500w, https:\/\/blog.jena.de\/beteiligung\/wp-content\/uploads\/sites\/14\/2015\/04\/IMG_0562-768x512.jpg 768w, https:\/\/blog.jena.de\/beteiligung\/wp-content\/uploads\/sites\/14\/2015\/04\/IMG_0562-1000x667.jpg 1000w, https:\/\/blog.jena.de\/beteiligung\/wp-content\/uploads\/sites\/14\/2015\/04\/IMG_0562-600x400.jpg 600w, https:\/\/blog.jena.de\/beteiligung\/wp-content\/uploads\/sites\/14\/2015\/04\/IMG_0562-1035x690.jpg 1035w\" sizes=\"auto, (max-width: 500px) 100vw, 500px\" \/><\/a>\n\t\t\t<\/div>\n\t\t\t\t<figcaption class='wp-caption-text gallery-caption' id='gallery-1-250'>\n\t\t\t\tThementisch &#8222;Aktuelle Themen&#8220; bei der Auftaktveranstaltung, \u00a9 ORBIT\n\t\t\t\t<\/figcaption><\/figure><figure class='gallery-item'>\n\t\t\t<div class='gallery-icon landscape'>\n\t\t\t\t<a href='https:\/\/blog.jena.de\/beteiligung\/img_0563\/'><img loading=\"lazy\" decoding=\"async\" width=\"500\" height=\"333\" src=\"https:\/\/blog.jena.de\/beteiligung\/wp-content\/uploads\/sites\/14\/2015\/04\/IMG_0563-500x333.jpg\" class=\"attachment-medium size-medium\" alt=\"Blick auf den Thementisch Aktuelle Themen der Auftaktveranstaltung, Auftaktveranstaltung Leitlinien f\u00fcr die B\u00fcrgerbeteiligung, \u00a9 ORBIT\" aria-describedby=\"gallery-1-251\" srcset=\"https:\/\/blog.jena.de\/beteiligung\/wp-content\/uploads\/sites\/14\/2015\/04\/IMG_0563-500x333.jpg 500w, https:\/\/blog.jena.de\/beteiligung\/wp-content\/uploads\/sites\/14\/2015\/04\/IMG_0563-768x512.jpg 768w, https:\/\/blog.jena.de\/beteiligung\/wp-content\/uploads\/sites\/14\/2015\/04\/IMG_0563-1000x667.jpg 1000w, https:\/\/blog.jena.de\/beteiligung\/wp-content\/uploads\/sites\/14\/2015\/04\/IMG_0563-600x400.jpg 600w, https:\/\/blog.jena.de\/beteiligung\/wp-content\/uploads\/sites\/14\/2015\/04\/IMG_0563-1035x690.jpg 1035w\" sizes=\"auto, (max-width: 500px) 100vw, 500px\" \/><\/a>\n\t\t\t<\/div>\n\t\t\t\t<figcaption class='wp-caption-text gallery-caption' id='gallery-1-251'>\n\t\t\t\tThementisch &#8222;Aktuelle Themen&#8220; bei der Auftaktveranstaltung, \u00a9 ORBIT\n\n\t\t\t\t<\/figcaption><\/figure><figure class='gallery-item'>\n\t\t\t<div class='gallery-icon landscape'>\n\t\t\t\t<a href='https:\/\/blog.jena.de\/beteiligung\/img_0564\/'><img loading=\"lazy\" decoding=\"async\" width=\"500\" height=\"333\" src=\"https:\/\/blog.jena.de\/beteiligung\/wp-content\/uploads\/sites\/14\/2015\/04\/IMG_0564-500x333.jpg\" class=\"attachment-medium size-medium\" alt=\"Blick auf den Thementisch Aktuelle Themen der Auftaktveranstaltung, Auftaktveranstaltung Leitlinien f\u00fcr die B\u00fcrgerbeteiligung, \u00a9 ORBIT\" aria-describedby=\"gallery-1-252\" srcset=\"https:\/\/blog.jena.de\/beteiligung\/wp-content\/uploads\/sites\/14\/2015\/04\/IMG_0564-500x333.jpg 500w, https:\/\/blog.jena.de\/beteiligung\/wp-content\/uploads\/sites\/14\/2015\/04\/IMG_0564-768x512.jpg 768w, https:\/\/blog.jena.de\/beteiligung\/wp-content\/uploads\/sites\/14\/2015\/04\/IMG_0564-1000x667.jpg 1000w, https:\/\/blog.jena.de\/beteiligung\/wp-content\/uploads\/sites\/14\/2015\/04\/IMG_0564-600x400.jpg 600w, https:\/\/blog.jena.de\/beteiligung\/wp-content\/uploads\/sites\/14\/2015\/04\/IMG_0564-1035x690.jpg 1035w\" sizes=\"auto, (max-width: 500px) 100vw, 500px\" \/><\/a>\n\t\t\t<\/div>\n\t\t\t\t<figcaption class='wp-caption-text gallery-caption' id='gallery-1-252'>\n\t\t\t\tThementisch &#8222;Aktuelle Themen&#8220; bei der Auftaktveranstaltung, \u00a9 ORBIT\n\n\t\t\t\t<\/figcaption><\/figure><figure class='gallery-item'>\n\t\t\t<div class='gallery-icon landscape'>\n\t\t\t\t<a href='https:\/\/blog.jena.de\/beteiligung\/img_0565\/'><img loading=\"lazy\" decoding=\"async\" width=\"500\" height=\"333\" src=\"https:\/\/blog.jena.de\/beteiligung\/wp-content\/uploads\/sites\/14\/2015\/04\/IMG_0565-e1430814154427-500x333.jpg\" class=\"attachment-medium size-medium\" alt=\"Blick auf den Thementisch Aktuelle Themen der Auftaktveranstaltung, Auftaktveranstaltung Leitlinien f\u00fcr die B\u00fcrgerbeteiligung, \u00a9 ORBIT\" aria-describedby=\"gallery-1-253\" srcset=\"https:\/\/blog.jena.de\/beteiligung\/wp-content\/uploads\/sites\/14\/2015\/04\/IMG_0565-e1430814154427-500x333.jpg 500w, https:\/\/blog.jena.de\/beteiligung\/wp-content\/uploads\/sites\/14\/2015\/04\/IMG_0565-e1430814154427-768x512.jpg 768w, https:\/\/blog.jena.de\/beteiligung\/wp-content\/uploads\/sites\/14\/2015\/04\/IMG_0565-e1430814154427-1000x667.jpg 1000w, https:\/\/blog.jena.de\/beteiligung\/wp-content\/uploads\/sites\/14\/2015\/04\/IMG_0565-e1430814154427-600x400.jpg 600w, https:\/\/blog.jena.de\/beteiligung\/wp-content\/uploads\/sites\/14\/2015\/04\/IMG_0565-e1430814154427-1035x690.jpg 1035w\" sizes=\"auto, (max-width: 500px) 100vw, 500px\" \/><\/a>\n\t\t\t<\/div>\n\t\t\t\t<figcaption class='wp-caption-text gallery-caption' id='gallery-1-253'>\n\t\t\t\tThementisch &#8222;Aktuelle Themen&#8220; bei der Auftaktveranstaltung, \u00a9 ORBIT\n\t\t\t\t<\/figcaption><\/figure><figure class='gallery-item'>\n\t\t\t<div class='gallery-icon landscape'>\n\t\t\t\t<a href='https:\/\/blog.jena.de\/beteiligung\/img_0566\/'><img loading=\"lazy\" decoding=\"async\" width=\"500\" height=\"333\" src=\"https:\/\/blog.jena.de\/beteiligung\/wp-content\/uploads\/sites\/14\/2015\/04\/IMG_0566-500x333.jpg\" class=\"attachment-medium size-medium\" alt=\"Blick auf den Thementisch Aktuelle Themen der Auftaktveranstaltung, Auftaktveranstaltung Leitlinien f\u00fcr die B\u00fcrgerbeteiligung, \u00a9 ORBIT\" aria-describedby=\"gallery-1-254\" srcset=\"https:\/\/blog.jena.de\/beteiligung\/wp-content\/uploads\/sites\/14\/2015\/04\/IMG_0566-500x333.jpg 500w, https:\/\/blog.jena.de\/beteiligung\/wp-content\/uploads\/sites\/14\/2015\/04\/IMG_0566-768x512.jpg 768w, https:\/\/blog.jena.de\/beteiligung\/wp-content\/uploads\/sites\/14\/2015\/04\/IMG_0566-1000x667.jpg 1000w, https:\/\/blog.jena.de\/beteiligung\/wp-content\/uploads\/sites\/14\/2015\/04\/IMG_0566-600x400.jpg 600w, https:\/\/blog.jena.de\/beteiligung\/wp-content\/uploads\/sites\/14\/2015\/04\/IMG_0566-1035x690.jpg 1035w\" sizes=\"auto, (max-width: 500px) 100vw, 500px\" \/><\/a>\n\t\t\t<\/div>\n\t\t\t\t<figcaption class='wp-caption-text gallery-caption' id='gallery-1-254'>\n\t\t\t\tThementisch &#8222;Aktuelle Themen&#8220; bei der Auftaktveranstaltung, \u00a9 ORBIT\n\t\t\t\t<\/figcaption><\/figure><figure class='gallery-item'>\n\t\t\t<div class='gallery-icon landscape'>\n\t\t\t\t<a href='https:\/\/blog.jena.de\/beteiligung\/img_0567\/'><img loading=\"lazy\" decoding=\"async\" width=\"500\" height=\"333\" src=\"https:\/\/blog.jena.de\/beteiligung\/wp-content\/uploads\/sites\/14\/2015\/04\/IMG_0567-e1430814262282-500x333.jpg\" class=\"attachment-medium size-medium\" alt=\"Blick auf den Thementisch Aktuelle Themen der Auftaktveranstaltung, Auftaktveranstaltung Leitlinien f\u00fcr die B\u00fcrgerbeteiligung, \u00a9 ORBIT\" aria-describedby=\"gallery-1-255\" srcset=\"https:\/\/blog.jena.de\/beteiligung\/wp-content\/uploads\/sites\/14\/2015\/04\/IMG_0567-e1430814262282-500x333.jpg 500w, https:\/\/blog.jena.de\/beteiligung\/wp-content\/uploads\/sites\/14\/2015\/04\/IMG_0567-e1430814262282-768x512.jpg 768w, https:\/\/blog.jena.de\/beteiligung\/wp-content\/uploads\/sites\/14\/2015\/04\/IMG_0567-e1430814262282-1000x667.jpg 1000w, https:\/\/blog.jena.de\/beteiligung\/wp-content\/uploads\/sites\/14\/2015\/04\/IMG_0567-e1430814262282-600x400.jpg 600w, https:\/\/blog.jena.de\/beteiligung\/wp-content\/uploads\/sites\/14\/2015\/04\/IMG_0567-e1430814262282-1035x690.jpg 1035w\" sizes=\"auto, (max-width: 500px) 100vw, 500px\" \/><\/a>\n\t\t\t<\/div>\n\t\t\t\t<figcaption class='wp-caption-text gallery-caption' id='gallery-1-255'>\n\t\t\t\tThementisch &#8222;Aktuelle Themen&#8220; bei der Auftaktveranstaltung, \u00a9 ORBIT\n\t\t\t\t<\/figcaption><\/figure><figure class='gallery-item'>\n\t\t\t<div class='gallery-icon landscape'>\n\t\t\t\t<a href='https:\/\/blog.jena.de\/beteiligung\/img_0568\/'><img loading=\"lazy\" decoding=\"async\" width=\"500\" height=\"333\" src=\"https:\/\/blog.jena.de\/beteiligung\/wp-content\/uploads\/sites\/14\/2015\/04\/IMG_0568-500x333.jpg\" class=\"attachment-medium size-medium\" alt=\"Blick auf den Thementisch Aktuelle Themen der Auftaktveranstaltung, Auftaktveranstaltung Leitlinien f\u00fcr die B\u00fcrgerbeteiligung, \u00a9 ORBIT\" aria-describedby=\"gallery-1-256\" srcset=\"https:\/\/blog.jena.de\/beteiligung\/wp-content\/uploads\/sites\/14\/2015\/04\/IMG_0568-500x333.jpg 500w, https:\/\/blog.jena.de\/beteiligung\/wp-content\/uploads\/sites\/14\/2015\/04\/IMG_0568-768x512.jpg 768w, https:\/\/blog.jena.de\/beteiligung\/wp-content\/uploads\/sites\/14\/2015\/04\/IMG_0568-1000x667.jpg 1000w, https:\/\/blog.jena.de\/beteiligung\/wp-content\/uploads\/sites\/14\/2015\/04\/IMG_0568-600x400.jpg 600w, https:\/\/blog.jena.de\/beteiligung\/wp-content\/uploads\/sites\/14\/2015\/04\/IMG_0568-1035x690.jpg 1035w\" sizes=\"auto, (max-width: 500px) 100vw, 500px\" \/><\/a>\n\t\t\t<\/div>\n\t\t\t\t<figcaption class='wp-caption-text gallery-caption' id='gallery-1-256'>\n\t\t\t\tThementisch &#8222;Aktuelle Themen&#8220; bei der Auftaktveranstaltung, \u00a9 ORBIT\n\t\t\t\t<\/figcaption><\/figure><figure class='gallery-item'>\n\t\t\t<div class='gallery-icon landscape'>\n\t\t\t\t<a href='https:\/\/blog.jena.de\/beteiligung\/img_0569\/'><img loading=\"lazy\" decoding=\"async\" width=\"500\" height=\"333\" src=\"https:\/\/blog.jena.de\/beteiligung\/wp-content\/uploads\/sites\/14\/2015\/04\/IMG_0569-500x333.jpg\" class=\"attachment-medium size-medium\" alt=\"Blick auf den Thementisch Aktuelle Themen der Auftaktveranstaltung, Auftaktveranstaltung Leitlinien f\u00fcr die B\u00fcrgerbeteiligung, \u00a9 ORBIT\" aria-describedby=\"gallery-1-257\" srcset=\"https:\/\/blog.jena.de\/beteiligung\/wp-content\/uploads\/sites\/14\/2015\/04\/IMG_0569-500x333.jpg 500w, https:\/\/blog.jena.de\/beteiligung\/wp-content\/uploads\/sites\/14\/2015\/04\/IMG_0569-768x512.jpg 768w, https:\/\/blog.jena.de\/beteiligung\/wp-content\/uploads\/sites\/14\/2015\/04\/IMG_0569-1000x667.jpg 1000w, https:\/\/blog.jena.de\/beteiligung\/wp-content\/uploads\/sites\/14\/2015\/04\/IMG_0569-600x400.jpg 600w, https:\/\/blog.jena.de\/beteiligung\/wp-content\/uploads\/sites\/14\/2015\/04\/IMG_0569-1035x690.jpg 1035w\" sizes=\"auto, (max-width: 500px) 100vw, 500px\" \/><\/a>\n\t\t\t<\/div>\n\t\t\t\t<figcaption class='wp-caption-text gallery-caption' id='gallery-1-257'>\n\t\t\t\tThementisch &#8222;Aktuelle Themen&#8220; bei der Auftaktveranstaltung, \u00a9 ORBIT\n\t\t\t\t<\/figcaption><\/figure><figure class='gallery-item'>\n\t\t\t<div class='gallery-icon landscape'>\n\t\t\t\t<a href='https:\/\/blog.jena.de\/beteiligung\/img_0570\/'><img loading=\"lazy\" decoding=\"async\" width=\"500\" height=\"333\" src=\"https:\/\/blog.jena.de\/beteiligung\/wp-content\/uploads\/sites\/14\/2015\/04\/IMG_0570-e1430814406706-500x333.jpg\" class=\"attachment-medium size-medium\" alt=\"Blick auf den Thementisch Aktuelle Themen der Auftaktveranstaltung, Auftaktveranstaltung Leitlinien f\u00fcr die B\u00fcrgerbeteiligung, \u00a9 ORBIT\" aria-describedby=\"gallery-1-258\" srcset=\"https:\/\/blog.jena.de\/beteiligung\/wp-content\/uploads\/sites\/14\/2015\/04\/IMG_0570-e1430814406706-500x333.jpg 500w, https:\/\/blog.jena.de\/beteiligung\/wp-content\/uploads\/sites\/14\/2015\/04\/IMG_0570-e1430814406706-768x512.jpg 768w, https:\/\/blog.jena.de\/beteiligung\/wp-content\/uploads\/sites\/14\/2015\/04\/IMG_0570-e1430814406706-1000x667.jpg 1000w, https:\/\/blog.jena.de\/beteiligung\/wp-content\/uploads\/sites\/14\/2015\/04\/IMG_0570-e1430814406706-600x400.jpg 600w, https:\/\/blog.jena.de\/beteiligung\/wp-content\/uploads\/sites\/14\/2015\/04\/IMG_0570-e1430814406706-1035x690.jpg 1035w\" sizes=\"auto, (max-width: 500px) 100vw, 500px\" \/><\/a>\n\t\t\t<\/div>\n\t\t\t\t<figcaption class='wp-caption-text gallery-caption' id='gallery-1-258'>\n\t\t\t\tThementisch &#8222;Aktuelle Themen&#8220; bei der Auftaktveranstaltung, \u00a9 ORBIT\n\t\t\t\t<\/figcaption><\/figure><figure class='gallery-item'>\n\t\t\t<div class='gallery-icon portrait'>\n\t\t\t\t<a href='https:\/\/blog.jena.de\/beteiligung\/img_0571\/'><img loading=\"lazy\" decoding=\"async\" width=\"333\" height=\"500\" src=\"https:\/\/blog.jena.de\/beteiligung\/wp-content\/uploads\/sites\/14\/2015\/04\/IMG_0571-e1430814492439-333x500.jpg\" class=\"attachment-medium size-medium\" alt=\"Blick auf den Thementisch Aktuelle Themen der Auftaktveranstaltung, Auftaktveranstaltung Leitlinien f\u00fcr die B\u00fcrgerbeteiligung, \u00a9 ORBIT\" aria-describedby=\"gallery-1-259\" srcset=\"https:\/\/blog.jena.de\/beteiligung\/wp-content\/uploads\/sites\/14\/2015\/04\/IMG_0571-e1430814492439-333x500.jpg 333w, https:\/\/blog.jena.de\/beteiligung\/wp-content\/uploads\/sites\/14\/2015\/04\/IMG_0571-e1430814492439-768x1152.jpg 768w, https:\/\/blog.jena.de\/beteiligung\/wp-content\/uploads\/sites\/14\/2015\/04\/IMG_0571-e1430814492439-667x1000.jpg 667w, https:\/\/blog.jena.de\/beteiligung\/wp-content\/uploads\/sites\/14\/2015\/04\/IMG_0571-e1430814492439-600x900.jpg 600w, https:\/\/blog.jena.de\/beteiligung\/wp-content\/uploads\/sites\/14\/2015\/04\/IMG_0571-e1430814492439-460x690.jpg 460w\" sizes=\"auto, (max-width: 333px) 100vw, 333px\" \/><\/a>\n\t\t\t<\/div>\n\t\t\t\t<figcaption class='wp-caption-text gallery-caption' id='gallery-1-259'>\n\t\t\t\tThementisch &#8222;Aktuelle Themen&#8220; bei der Auftaktveranstaltung, \u00a9 ORBIT\n\t\t\t\t<\/figcaption><\/figure><figure class='gallery-item'>\n\t\t\t<div class='gallery-icon landscape'>\n\t\t\t\t<a href='https:\/\/blog.jena.de\/beteiligung\/img_0572\/'><img loading=\"lazy\" decoding=\"async\" width=\"500\" height=\"333\" src=\"https:\/\/blog.jena.de\/beteiligung\/wp-content\/uploads\/sites\/14\/2015\/04\/IMG_0572-500x333.jpg\" class=\"attachment-medium size-medium\" alt=\"Blick auf den Thementisch Aktuelle Themen der Auftaktveranstaltung, Auftaktveranstaltung Leitlinien f\u00fcr die B\u00fcrgerbeteiligung, \u00a9 ORBIT\" aria-describedby=\"gallery-1-260\" srcset=\"https:\/\/blog.jena.de\/beteiligung\/wp-content\/uploads\/sites\/14\/2015\/04\/IMG_0572-500x333.jpg 500w, https:\/\/blog.jena.de\/beteiligung\/wp-content\/uploads\/sites\/14\/2015\/04\/IMG_0572-768x512.jpg 768w, https:\/\/blog.jena.de\/beteiligung\/wp-content\/uploads\/sites\/14\/2015\/04\/IMG_0572-1000x667.jpg 1000w, https:\/\/blog.jena.de\/beteiligung\/wp-content\/uploads\/sites\/14\/2015\/04\/IMG_0572-600x400.jpg 600w, https:\/\/blog.jena.de\/beteiligung\/wp-content\/uploads\/sites\/14\/2015\/04\/IMG_0572-1035x690.jpg 1035w\" sizes=\"auto, (max-width: 500px) 100vw, 500px\" \/><\/a>\n\t\t\t<\/div>\n\t\t\t\t<figcaption class='wp-caption-text gallery-caption' id='gallery-1-260'>\n\t\t\t\tThementisch &#8222;Aktuelle Themen&#8220; bei der Auftaktveranstaltung, \u00a9 ORBIT\n\t\t\t\t<\/figcaption><\/figure><figure class='gallery-item'>\n\t\t\t<div class='gallery-icon portrait'>\n\t\t\t\t<a href='https:\/\/blog.jena.de\/beteiligung\/img_0573\/'><img loading=\"lazy\" decoding=\"async\" width=\"333\" height=\"500\" src=\"https:\/\/blog.jena.de\/beteiligung\/wp-content\/uploads\/sites\/14\/2015\/04\/IMG_0573-e1430814568551-333x500.jpg\" class=\"attachment-medium size-medium\" alt=\"Blick auf den Thementisch Aktuelle Themen der Auftaktveranstaltung, Auftaktveranstaltung Leitlinien f\u00fcr die B\u00fcrgerbeteiligung, \u00a9 ORBIT\" aria-describedby=\"gallery-1-261\" srcset=\"https:\/\/blog.jena.de\/beteiligung\/wp-content\/uploads\/sites\/14\/2015\/04\/IMG_0573-e1430814568551-333x500.jpg 333w, https:\/\/blog.jena.de\/beteiligung\/wp-content\/uploads\/sites\/14\/2015\/04\/IMG_0573-e1430814568551-768x1152.jpg 768w, https:\/\/blog.jena.de\/beteiligung\/wp-content\/uploads\/sites\/14\/2015\/04\/IMG_0573-e1430814568551-667x1000.jpg 667w, https:\/\/blog.jena.de\/beteiligung\/wp-content\/uploads\/sites\/14\/2015\/04\/IMG_0573-e1430814568551-600x900.jpg 600w, https:\/\/blog.jena.de\/beteiligung\/wp-content\/uploads\/sites\/14\/2015\/04\/IMG_0573-e1430814568551-460x690.jpg 460w\" sizes=\"auto, (max-width: 333px) 100vw, 333px\" \/><\/a>\n\t\t\t<\/div>\n\t\t\t\t<figcaption class='wp-caption-text gallery-caption' id='gallery-1-261'>\n\t\t\t\tThementisch &#8222;Aktuelle Themen&#8220; bei der Auftaktveranstaltung, \u00a9 ORBIT\n\t\t\t\t<\/figcaption><\/figure><figure class='gallery-item'>\n\t\t\t<div class='gallery-icon landscape'>\n\t\t\t\t<a href='https:\/\/blog.jena.de\/beteiligung\/img_0574\/'><img loading=\"lazy\" decoding=\"async\" width=\"500\" height=\"333\" src=\"https:\/\/blog.jena.de\/beteiligung\/wp-content\/uploads\/sites\/14\/2015\/04\/IMG_0574-500x333.jpg\" class=\"attachment-medium size-medium\" alt=\"Blick auf den Thementisch Aktuelle Themen der Auftaktveranstaltung, Auftaktveranstaltung Leitlinien f\u00fcr die B\u00fcrgerbeteiligung, \u00a9 ORBIT\" aria-describedby=\"gallery-1-262\" srcset=\"https:\/\/blog.jena.de\/beteiligung\/wp-content\/uploads\/sites\/14\/2015\/04\/IMG_0574-500x333.jpg 500w, https:\/\/blog.jena.de\/beteiligung\/wp-content\/uploads\/sites\/14\/2015\/04\/IMG_0574-768x512.jpg 768w, https:\/\/blog.jena.de\/beteiligung\/wp-content\/uploads\/sites\/14\/2015\/04\/IMG_0574-1000x667.jpg 1000w, https:\/\/blog.jena.de\/beteiligung\/wp-content\/uploads\/sites\/14\/2015\/04\/IMG_0574-600x400.jpg 600w, https:\/\/blog.jena.de\/beteiligung\/wp-content\/uploads\/sites\/14\/2015\/04\/IMG_0574-1035x690.jpg 1035w\" sizes=\"auto, (max-width: 500px) 100vw, 500px\" \/><\/a>\n\t\t\t<\/div>\n\t\t\t\t<figcaption class='wp-caption-text gallery-caption' id='gallery-1-262'>\n\t\t\t\tThementisch &#8222;Aktuelle Themen&#8220; bei der Auftaktveranstaltung, \u00a9 ORBIT\n\t\t\t\t<\/figcaption><\/figure><figure class='gallery-item'>\n\t\t\t<div class='gallery-icon landscape'>\n\t\t\t\t<a href='https:\/\/blog.jena.de\/beteiligung\/img_0575\/'><img loading=\"lazy\" decoding=\"async\" width=\"500\" height=\"333\" src=\"https:\/\/blog.jena.de\/beteiligung\/wp-content\/uploads\/sites\/14\/2015\/04\/IMG_0575-500x333.jpg\" class=\"attachment-medium size-medium\" alt=\"Blick auf den Thementisch Aktuelle Themen der Auftaktveranstaltung, Auftaktveranstaltung Leitlinien f\u00fcr die B\u00fcrgerbeteiligung, \u00a9 ORBIT\" aria-describedby=\"gallery-1-263\" srcset=\"https:\/\/blog.jena.de\/beteiligung\/wp-content\/uploads\/sites\/14\/2015\/04\/IMG_0575-500x333.jpg 500w, https:\/\/blog.jena.de\/beteiligung\/wp-content\/uploads\/sites\/14\/2015\/04\/IMG_0575-768x512.jpg 768w, https:\/\/blog.jena.de\/beteiligung\/wp-content\/uploads\/sites\/14\/2015\/04\/IMG_0575-1000x667.jpg 1000w, https:\/\/blog.jena.de\/beteiligung\/wp-content\/uploads\/sites\/14\/2015\/04\/IMG_0575-600x400.jpg 600w, https:\/\/blog.jena.de\/beteiligung\/wp-content\/uploads\/sites\/14\/2015\/04\/IMG_0575-1035x690.jpg 1035w\" sizes=\"auto, (max-width: 500px) 100vw, 500px\" \/><\/a>\n\t\t\t<\/div>\n\t\t\t\t<figcaption class='wp-caption-text gallery-caption' id='gallery-1-263'>\n\t\t\t\tThementisch &#8222;Aktuelle Themen&#8220; bei der Auftaktveranstaltung, \u00a9 ORBIT\n\t\t\t\t<\/figcaption><\/figure><figure class='gallery-item'>\n\t\t\t<div class='gallery-icon landscape'>\n\t\t\t\t<a href='https:\/\/blog.jena.de\/beteiligung\/img_0576\/'><img loading=\"lazy\" decoding=\"async\" width=\"500\" height=\"333\" src=\"https:\/\/blog.jena.de\/beteiligung\/wp-content\/uploads\/sites\/14\/2015\/04\/IMG_0576-e1430814789999-500x333.jpg\" class=\"attachment-medium size-medium\" alt=\"Blick auf den Thementisch Aktuelle Themen der Auftaktveranstaltung, Auftaktveranstaltung Leitlinien f\u00fcr die B\u00fcrgerbeteiligung, \u00a9 ORBIT\" aria-describedby=\"gallery-1-264\" srcset=\"https:\/\/blog.jena.de\/beteiligung\/wp-content\/uploads\/sites\/14\/2015\/04\/IMG_0576-e1430814789999-500x333.jpg 500w, https:\/\/blog.jena.de\/beteiligung\/wp-content\/uploads\/sites\/14\/2015\/04\/IMG_0576-e1430814789999-768x512.jpg 768w, https:\/\/blog.jena.de\/beteiligung\/wp-content\/uploads\/sites\/14\/2015\/04\/IMG_0576-e1430814789999-1000x667.jpg 1000w, https:\/\/blog.jena.de\/beteiligung\/wp-content\/uploads\/sites\/14\/2015\/04\/IMG_0576-e1430814789999-600x400.jpg 600w, https:\/\/blog.jena.de\/beteiligung\/wp-content\/uploads\/sites\/14\/2015\/04\/IMG_0576-e1430814789999-1035x690.jpg 1035w\" sizes=\"auto, (max-width: 500px) 100vw, 500px\" \/><\/a>\n\t\t\t<\/div>\n\t\t\t\t<figcaption class='wp-caption-text gallery-caption' id='gallery-1-264'>\n\t\t\t\tThementisch &#8222;Aktuelle Themen&#8220; bei der Auftaktveranstaltung, \u00a9 ORBIT\n\t\t\t\t<\/figcaption><\/figure><figure class='gallery-item'>\n\t\t\t<div class='gallery-icon landscape'>\n\t\t\t\t<a href='https:\/\/blog.jena.de\/beteiligung\/img_0460\/'><img loading=\"lazy\" decoding=\"async\" width=\"500\" height=\"333\" src=\"https:\/\/blog.jena.de\/beteiligung\/wp-content\/uploads\/sites\/14\/2015\/04\/IMG_0460-500x333.jpg\" class=\"attachment-medium size-medium\" alt=\"Blick auf den Thementisch Inhalt und Themen der Auftaktveranstaltung, Auftaktveranstaltung Leitlinien f\u00fcr die B\u00fcrgerbeteiligung, \u00a9 ORBIT\" aria-describedby=\"gallery-1-148\" srcset=\"https:\/\/blog.jena.de\/beteiligung\/wp-content\/uploads\/sites\/14\/2015\/04\/IMG_0460-500x333.jpg 500w, https:\/\/blog.jena.de\/beteiligung\/wp-content\/uploads\/sites\/14\/2015\/04\/IMG_0460-768x512.jpg 768w, https:\/\/blog.jena.de\/beteiligung\/wp-content\/uploads\/sites\/14\/2015\/04\/IMG_0460-1000x667.jpg 1000w, https:\/\/blog.jena.de\/beteiligung\/wp-content\/uploads\/sites\/14\/2015\/04\/IMG_0460-600x400.jpg 600w, https:\/\/blog.jena.de\/beteiligung\/wp-content\/uploads\/sites\/14\/2015\/04\/IMG_0460-1035x690.jpg 1035w\" sizes=\"auto, (max-width: 500px) 100vw, 500px\" \/><\/a>\n\t\t\t<\/div>\n\t\t\t\t<figcaption class='wp-caption-text gallery-caption' id='gallery-1-148'>\n\t\t\t\tThementisch &#8222;Inhalt und Themen&#8220; bei der Auftaktveranstaltung, \u00a9 ORBIT\n\n\t\t\t\t<\/figcaption><\/figure><figure class='gallery-item'>\n\t\t\t<div class='gallery-icon landscape'>\n\t\t\t\t<a href='https:\/\/blog.jena.de\/beteiligung\/img_0461\/'><img loading=\"lazy\" decoding=\"async\" width=\"500\" height=\"333\" src=\"https:\/\/blog.jena.de\/beteiligung\/wp-content\/uploads\/sites\/14\/2015\/04\/IMG_0461-500x333.jpg\" class=\"attachment-medium size-medium\" alt=\"Blick auf den Thementisch Inhalt und Themen der Auftaktveranstaltung, Auftaktveranstaltung Leitlinien f\u00fcr die B\u00fcrgerbeteiligung, \u00a9 ORBIT\" aria-describedby=\"gallery-1-149\" srcset=\"https:\/\/blog.jena.de\/beteiligung\/wp-content\/uploads\/sites\/14\/2015\/04\/IMG_0461-500x333.jpg 500w, https:\/\/blog.jena.de\/beteiligung\/wp-content\/uploads\/sites\/14\/2015\/04\/IMG_0461-768x512.jpg 768w, https:\/\/blog.jena.de\/beteiligung\/wp-content\/uploads\/sites\/14\/2015\/04\/IMG_0461-1000x667.jpg 1000w, https:\/\/blog.jena.de\/beteiligung\/wp-content\/uploads\/sites\/14\/2015\/04\/IMG_0461-600x400.jpg 600w, https:\/\/blog.jena.de\/beteiligung\/wp-content\/uploads\/sites\/14\/2015\/04\/IMG_0461-1035x690.jpg 1035w\" sizes=\"auto, (max-width: 500px) 100vw, 500px\" \/><\/a>\n\t\t\t<\/div>\n\t\t\t\t<figcaption class='wp-caption-text gallery-caption' id='gallery-1-149'>\n\t\t\t\tThementisch &#8222;Inhalt und Themen&#8220; bei der Auftaktveranstaltung, \u00a9 ORBIT\n\t\t\t\t<\/figcaption><\/figure><figure class='gallery-item'>\n\t\t\t<div class='gallery-icon landscape'>\n\t\t\t\t<a href='https:\/\/blog.jena.de\/beteiligung\/img_0462\/'><img loading=\"lazy\" decoding=\"async\" width=\"500\" height=\"333\" src=\"https:\/\/blog.jena.de\/beteiligung\/wp-content\/uploads\/sites\/14\/2015\/04\/IMG_0462-500x333.jpg\" class=\"attachment-medium size-medium\" alt=\"Blick auf den Thementisch Inhalt und Themen der Auftaktveranstaltung, Auftaktveranstaltung Leitlinien f\u00fcr die B\u00fcrgerbeteiligung, \u00a9 ORBIT\" aria-describedby=\"gallery-1-150\" srcset=\"https:\/\/blog.jena.de\/beteiligung\/wp-content\/uploads\/sites\/14\/2015\/04\/IMG_0462-500x333.jpg 500w, https:\/\/blog.jena.de\/beteiligung\/wp-content\/uploads\/sites\/14\/2015\/04\/IMG_0462-768x512.jpg 768w, https:\/\/blog.jena.de\/beteiligung\/wp-content\/uploads\/sites\/14\/2015\/04\/IMG_0462-1000x667.jpg 1000w, https:\/\/blog.jena.de\/beteiligung\/wp-content\/uploads\/sites\/14\/2015\/04\/IMG_0462-600x400.jpg 600w, https:\/\/blog.jena.de\/beteiligung\/wp-content\/uploads\/sites\/14\/2015\/04\/IMG_0462-1035x690.jpg 1035w\" sizes=\"auto, (max-width: 500px) 100vw, 500px\" \/><\/a>\n\t\t\t<\/div>\n\t\t\t\t<figcaption class='wp-caption-text gallery-caption' id='gallery-1-150'>\n\t\t\t\tThementisch &#8222;Inhalt und Themen&#8220; bei der Auftaktveranstaltung, \u00a9 ORBIT\n\t\t\t\t<\/figcaption><\/figure><figure class='gallery-item'>\n\t\t\t<div class='gallery-icon landscape'>\n\t\t\t\t<a href='https:\/\/blog.jena.de\/beteiligung\/img_0463\/'><img loading=\"lazy\" decoding=\"async\" width=\"500\" height=\"333\" src=\"https:\/\/blog.jena.de\/beteiligung\/wp-content\/uploads\/sites\/14\/2015\/04\/IMG_0463-500x333.jpg\" class=\"attachment-medium size-medium\" alt=\"Blick auf den Thementisch Inhalt und Themen der Auftaktveranstaltung, Auftaktveranstaltung Leitlinien f\u00fcr die B\u00fcrgerbeteiligung, \u00a9 ORBIT\" aria-describedby=\"gallery-1-151\" srcset=\"https:\/\/blog.jena.de\/beteiligung\/wp-content\/uploads\/sites\/14\/2015\/04\/IMG_0463-500x333.jpg 500w, https:\/\/blog.jena.de\/beteiligung\/wp-content\/uploads\/sites\/14\/2015\/04\/IMG_0463-768x512.jpg 768w, https:\/\/blog.jena.de\/beteiligung\/wp-content\/uploads\/sites\/14\/2015\/04\/IMG_0463-1000x667.jpg 1000w, https:\/\/blog.jena.de\/beteiligung\/wp-content\/uploads\/sites\/14\/2015\/04\/IMG_0463-600x400.jpg 600w, https:\/\/blog.jena.de\/beteiligung\/wp-content\/uploads\/sites\/14\/2015\/04\/IMG_0463-1035x690.jpg 1035w\" sizes=\"auto, (max-width: 500px) 100vw, 500px\" \/><\/a>\n\t\t\t<\/div>\n\t\t\t\t<figcaption class='wp-caption-text gallery-caption' id='gallery-1-151'>\n\t\t\t\tThementisch &#8222;Inhalt und Themen&#8220; bei der Auftaktveranstaltung, \u00a9 ORBIT\n\t\t\t\t<\/figcaption><\/figure><figure class='gallery-item'>\n\t\t\t<div class='gallery-icon landscape'>\n\t\t\t\t<a href='https:\/\/blog.jena.de\/beteiligung\/img_0464\/'><img loading=\"lazy\" decoding=\"async\" width=\"500\" height=\"333\" src=\"https:\/\/blog.jena.de\/beteiligung\/wp-content\/uploads\/sites\/14\/2015\/04\/IMG_0464-500x333.jpg\" class=\"attachment-medium size-medium\" alt=\"Blick auf den Thementisch Inhalt und Themen der Auftaktveranstaltung, Auftaktveranstaltung Leitlinien f\u00fcr die B\u00fcrgerbeteiligung, \u00a9 ORBIT\" aria-describedby=\"gallery-1-152\" srcset=\"https:\/\/blog.jena.de\/beteiligung\/wp-content\/uploads\/sites\/14\/2015\/04\/IMG_0464-500x333.jpg 500w, https:\/\/blog.jena.de\/beteiligung\/wp-content\/uploads\/sites\/14\/2015\/04\/IMG_0464-768x512.jpg 768w, https:\/\/blog.jena.de\/beteiligung\/wp-content\/uploads\/sites\/14\/2015\/04\/IMG_0464-1000x667.jpg 1000w, https:\/\/blog.jena.de\/beteiligung\/wp-content\/uploads\/sites\/14\/2015\/04\/IMG_0464-600x400.jpg 600w, https:\/\/blog.jena.de\/beteiligung\/wp-content\/uploads\/sites\/14\/2015\/04\/IMG_0464-1035x690.jpg 1035w\" sizes=\"auto, (max-width: 500px) 100vw, 500px\" \/><\/a>\n\t\t\t<\/div>\n\t\t\t\t<figcaption class='wp-caption-text gallery-caption' id='gallery-1-152'>\n\t\t\t\tThementisch &#8222;Inhalt und Themen&#8220; bei der Auftaktveranstaltung, \u00a9 ORBIT\n\t\t\t\t<\/figcaption><\/figure><figure class='gallery-item'>\n\t\t\t<div class='gallery-icon landscape'>\n\t\t\t\t<a href='https:\/\/blog.jena.de\/beteiligung\/img_0465\/'><img loading=\"lazy\" decoding=\"async\" width=\"500\" height=\"333\" src=\"https:\/\/blog.jena.de\/beteiligung\/wp-content\/uploads\/sites\/14\/2015\/04\/IMG_0465-500x333.jpg\" class=\"attachment-medium size-medium\" alt=\"Blick auf den Thementisch Inhalt und Themen der Auftaktveranstaltung, Auftaktveranstaltung Leitlinien f\u00fcr die B\u00fcrgerbeteiligung, \u00a9 ORBIT\" aria-describedby=\"gallery-1-153\" srcset=\"https:\/\/blog.jena.de\/beteiligung\/wp-content\/uploads\/sites\/14\/2015\/04\/IMG_0465-500x333.jpg 500w, https:\/\/blog.jena.de\/beteiligung\/wp-content\/uploads\/sites\/14\/2015\/04\/IMG_0465-768x512.jpg 768w, https:\/\/blog.jena.de\/beteiligung\/wp-content\/uploads\/sites\/14\/2015\/04\/IMG_0465-1000x667.jpg 1000w, https:\/\/blog.jena.de\/beteiligung\/wp-content\/uploads\/sites\/14\/2015\/04\/IMG_0465-600x400.jpg 600w, https:\/\/blog.jena.de\/beteiligung\/wp-content\/uploads\/sites\/14\/2015\/04\/IMG_0465-1035x690.jpg 1035w\" sizes=\"auto, (max-width: 500px) 100vw, 500px\" \/><\/a>\n\t\t\t<\/div>\n\t\t\t\t<figcaption class='wp-caption-text gallery-caption' id='gallery-1-153'>\n\t\t\t\tThementisch &#8222;Inhalt und Themen&#8220; bei der Auftaktveranstaltung, \u00a9 ORBIT\n\t\t\t\t<\/figcaption><\/figure><figure class='gallery-item'>\n\t\t\t<div class='gallery-icon landscape'>\n\t\t\t\t<a href='https:\/\/blog.jena.de\/beteiligung\/img_0466\/'><img loading=\"lazy\" decoding=\"async\" width=\"500\" height=\"333\" src=\"https:\/\/blog.jena.de\/beteiligung\/wp-content\/uploads\/sites\/14\/2015\/04\/IMG_0466-500x333.jpg\" class=\"attachment-medium size-medium\" alt=\"Blick auf den Thementisch Inhalt und Themen der Auftaktveranstaltung, Auftaktveranstaltung Leitlinien f\u00fcr die B\u00fcrgerbeteiligung, \u00a9 ORBIT\" aria-describedby=\"gallery-1-154\" srcset=\"https:\/\/blog.jena.de\/beteiligung\/wp-content\/uploads\/sites\/14\/2015\/04\/IMG_0466-500x333.jpg 500w, https:\/\/blog.jena.de\/beteiligung\/wp-content\/uploads\/sites\/14\/2015\/04\/IMG_0466-768x512.jpg 768w, https:\/\/blog.jena.de\/beteiligung\/wp-content\/uploads\/sites\/14\/2015\/04\/IMG_0466-1000x667.jpg 1000w, https:\/\/blog.jena.de\/beteiligung\/wp-content\/uploads\/sites\/14\/2015\/04\/IMG_0466-600x400.jpg 600w, https:\/\/blog.jena.de\/beteiligung\/wp-content\/uploads\/sites\/14\/2015\/04\/IMG_0466-1035x690.jpg 1035w\" sizes=\"auto, (max-width: 500px) 100vw, 500px\" \/><\/a>\n\t\t\t<\/div>\n\t\t\t\t<figcaption class='wp-caption-text gallery-caption' id='gallery-1-154'>\n\t\t\t\tThementisch &#8222;Inhalt und Themen&#8220; bei der Auftaktveranstaltung, \u00a9 ORBIT\n\t\t\t\t<\/figcaption><\/figure><figure class='gallery-item'>\n\t\t\t<div class='gallery-icon landscape'>\n\t\t\t\t<a href='https:\/\/blog.jena.de\/beteiligung\/img_0467\/'><img loading=\"lazy\" decoding=\"async\" width=\"500\" height=\"333\" src=\"https:\/\/blog.jena.de\/beteiligung\/wp-content\/uploads\/sites\/14\/2015\/04\/IMG_0467-500x333.jpg\" class=\"attachment-medium size-medium\" alt=\"Blick auf den Thementisch Inhalt und Themen der Auftaktveranstaltung, Auftaktveranstaltung Leitlinien f\u00fcr die B\u00fcrgerbeteiligung, \u00a9 ORBIT\" aria-describedby=\"gallery-1-155\" srcset=\"https:\/\/blog.jena.de\/beteiligung\/wp-content\/uploads\/sites\/14\/2015\/04\/IMG_0467-500x333.jpg 500w, https:\/\/blog.jena.de\/beteiligung\/wp-content\/uploads\/sites\/14\/2015\/04\/IMG_0467-768x512.jpg 768w, https:\/\/blog.jena.de\/beteiligung\/wp-content\/uploads\/sites\/14\/2015\/04\/IMG_0467-1000x667.jpg 1000w, https:\/\/blog.jena.de\/beteiligung\/wp-content\/uploads\/sites\/14\/2015\/04\/IMG_0467-600x400.jpg 600w, https:\/\/blog.jena.de\/beteiligung\/wp-content\/uploads\/sites\/14\/2015\/04\/IMG_0467-1035x690.jpg 1035w\" sizes=\"auto, (max-width: 500px) 100vw, 500px\" \/><\/a>\n\t\t\t<\/div>\n\t\t\t\t<figcaption class='wp-caption-text gallery-caption' id='gallery-1-155'>\n\t\t\t\tThementisch &#8222;Inhalt und Themen&#8220; bei der Auftaktveranstaltung, \u00a9 ORBIT\n\t\t\t\t<\/figcaption><\/figure><figure class='gallery-item'>\n\t\t\t<div class='gallery-icon landscape'>\n\t\t\t\t<a href='https:\/\/blog.jena.de\/beteiligung\/img_0468\/'><img loading=\"lazy\" decoding=\"async\" width=\"500\" height=\"333\" src=\"https:\/\/blog.jena.de\/beteiligung\/wp-content\/uploads\/sites\/14\/2015\/04\/IMG_0468-500x333.jpg\" class=\"attachment-medium size-medium\" alt=\"Blick auf den Thementisch Inhalt und Themen der Auftaktveranstaltung, Auftaktveranstaltung Leitlinien f\u00fcr die B\u00fcrgerbeteiligung, \u00a9 ORBIT\" aria-describedby=\"gallery-1-156\" srcset=\"https:\/\/blog.jena.de\/beteiligung\/wp-content\/uploads\/sites\/14\/2015\/04\/IMG_0468-500x333.jpg 500w, https:\/\/blog.jena.de\/beteiligung\/wp-content\/uploads\/sites\/14\/2015\/04\/IMG_0468-768x512.jpg 768w, https:\/\/blog.jena.de\/beteiligung\/wp-content\/uploads\/sites\/14\/2015\/04\/IMG_0468-1000x667.jpg 1000w, https:\/\/blog.jena.de\/beteiligung\/wp-content\/uploads\/sites\/14\/2015\/04\/IMG_0468-600x400.jpg 600w, https:\/\/blog.jena.de\/beteiligung\/wp-content\/uploads\/sites\/14\/2015\/04\/IMG_0468-1035x690.jpg 1035w\" sizes=\"auto, (max-width: 500px) 100vw, 500px\" \/><\/a>\n\t\t\t<\/div>\n\t\t\t\t<figcaption class='wp-caption-text gallery-caption' id='gallery-1-156'>\n\t\t\t\tThementisch &#8222;Inhalt und Themen&#8220; bei der Auftaktveranstaltung, \u00a9 ORBIT\n\n\t\t\t\t<\/figcaption><\/figure><figure class='gallery-item'>\n\t\t\t<div class='gallery-icon landscape'>\n\t\t\t\t<a href='https:\/\/blog.jena.de\/beteiligung\/img_0469\/'><img loading=\"lazy\" decoding=\"async\" width=\"500\" height=\"333\" src=\"https:\/\/blog.jena.de\/beteiligung\/wp-content\/uploads\/sites\/14\/2015\/04\/IMG_0469-500x333.jpg\" class=\"attachment-medium size-medium\" alt=\"Blick auf den Thementisch Inhalt und Themen der Auftaktveranstaltung, Auftaktveranstaltung Leitlinien f\u00fcr die B\u00fcrgerbeteiligung, \u00a9 ORBIT\" aria-describedby=\"gallery-1-157\" srcset=\"https:\/\/blog.jena.de\/beteiligung\/wp-content\/uploads\/sites\/14\/2015\/04\/IMG_0469-500x333.jpg 500w, https:\/\/blog.jena.de\/beteiligung\/wp-content\/uploads\/sites\/14\/2015\/04\/IMG_0469-768x512.jpg 768w, https:\/\/blog.jena.de\/beteiligung\/wp-content\/uploads\/sites\/14\/2015\/04\/IMG_0469-1000x667.jpg 1000w, https:\/\/blog.jena.de\/beteiligung\/wp-content\/uploads\/sites\/14\/2015\/04\/IMG_0469-600x400.jpg 600w, https:\/\/blog.jena.de\/beteiligung\/wp-content\/uploads\/sites\/14\/2015\/04\/IMG_0469-1035x690.jpg 1035w\" sizes=\"auto, (max-width: 500px) 100vw, 500px\" \/><\/a>\n\t\t\t<\/div>\n\t\t\t\t<figcaption class='wp-caption-text gallery-caption' id='gallery-1-157'>\n\t\t\t\tThementisch &#8222;Inhalt und Themen&#8220; bei der Auftaktveranstaltung, \u00a9 ORBIT\n\n\t\t\t\t<\/figcaption><\/figure><figure class='gallery-item'>\n\t\t\t<div class='gallery-icon landscape'>\n\t\t\t\t<a href='https:\/\/blog.jena.de\/beteiligung\/img_0470\/'><img loading=\"lazy\" decoding=\"async\" width=\"500\" height=\"333\" src=\"https:\/\/blog.jena.de\/beteiligung\/wp-content\/uploads\/sites\/14\/2015\/04\/IMG_0470-500x333.jpg\" class=\"attachment-medium size-medium\" alt=\"Blick auf den Thementisch Inhalt und Themen der Auftaktveranstaltung, Auftaktveranstaltung Leitlinien f\u00fcr die B\u00fcrgerbeteiligung, \u00a9 ORBIT\" aria-describedby=\"gallery-1-158\" srcset=\"https:\/\/blog.jena.de\/beteiligung\/wp-content\/uploads\/sites\/14\/2015\/04\/IMG_0470-500x333.jpg 500w, https:\/\/blog.jena.de\/beteiligung\/wp-content\/uploads\/sites\/14\/2015\/04\/IMG_0470-768x512.jpg 768w, https:\/\/blog.jena.de\/beteiligung\/wp-content\/uploads\/sites\/14\/2015\/04\/IMG_0470-1000x667.jpg 1000w, https:\/\/blog.jena.de\/beteiligung\/wp-content\/uploads\/sites\/14\/2015\/04\/IMG_0470-600x400.jpg 600w, https:\/\/blog.jena.de\/beteiligung\/wp-content\/uploads\/sites\/14\/2015\/04\/IMG_0470-1035x690.jpg 1035w\" sizes=\"auto, (max-width: 500px) 100vw, 500px\" \/><\/a>\n\t\t\t<\/div>\n\t\t\t\t<figcaption class='wp-caption-text gallery-caption' id='gallery-1-158'>\n\t\t\t\tThementisch &#8222;Inhalt und Themen&#8220; bei der Auftaktveranstaltung, \u00a9 ORBIT\n\n\t\t\t\t<\/figcaption><\/figure><figure class='gallery-item'>\n\t\t\t<div class='gallery-icon landscape'>\n\t\t\t\t<a href='https:\/\/blog.jena.de\/beteiligung\/img_0471\/'><img loading=\"lazy\" decoding=\"async\" width=\"500\" height=\"333\" src=\"https:\/\/blog.jena.de\/beteiligung\/wp-content\/uploads\/sites\/14\/2015\/04\/IMG_0471-500x333.jpg\" class=\"attachment-medium size-medium\" alt=\"Blick auf den Thementisch Inhalt und Themen der Auftaktveranstaltung, Auftaktveranstaltung Leitlinien f\u00fcr die B\u00fcrgerbeteiligung, \u00a9 ORBIT\" aria-describedby=\"gallery-1-159\" srcset=\"https:\/\/blog.jena.de\/beteiligung\/wp-content\/uploads\/sites\/14\/2015\/04\/IMG_0471-500x333.jpg 500w, https:\/\/blog.jena.de\/beteiligung\/wp-content\/uploads\/sites\/14\/2015\/04\/IMG_0471-768x512.jpg 768w, https:\/\/blog.jena.de\/beteiligung\/wp-content\/uploads\/sites\/14\/2015\/04\/IMG_0471-1000x667.jpg 1000w, https:\/\/blog.jena.de\/beteiligung\/wp-content\/uploads\/sites\/14\/2015\/04\/IMG_0471-600x400.jpg 600w, https:\/\/blog.jena.de\/beteiligung\/wp-content\/uploads\/sites\/14\/2015\/04\/IMG_0471-1035x690.jpg 1035w\" sizes=\"auto, (max-width: 500px) 100vw, 500px\" \/><\/a>\n\t\t\t<\/div>\n\t\t\t\t<figcaption class='wp-caption-text gallery-caption' id='gallery-1-159'>\n\t\t\t\tThementisch &#8222;Inhalt und Themen&#8220; bei der Auftaktveranstaltung, \u00a9 ORBIT\n\n\t\t\t\t<\/figcaption><\/figure><figure class='gallery-item'>\n\t\t\t<div class='gallery-icon landscape'>\n\t\t\t\t<a href='https:\/\/blog.jena.de\/beteiligung\/img_0472\/'><img loading=\"lazy\" decoding=\"async\" width=\"500\" height=\"333\" src=\"https:\/\/blog.jena.de\/beteiligung\/wp-content\/uploads\/sites\/14\/2015\/04\/IMG_0472-500x333.jpg\" class=\"attachment-medium size-medium\" alt=\"Blick auf den Thementisch Inhalt und Themen der Auftaktveranstaltung, Auftaktveranstaltung Leitlinien f\u00fcr die B\u00fcrgerbeteiligung, \u00a9 ORBIT\" aria-describedby=\"gallery-1-160\" srcset=\"https:\/\/blog.jena.de\/beteiligung\/wp-content\/uploads\/sites\/14\/2015\/04\/IMG_0472-500x333.jpg 500w, https:\/\/blog.jena.de\/beteiligung\/wp-content\/uploads\/sites\/14\/2015\/04\/IMG_0472-768x512.jpg 768w, https:\/\/blog.jena.de\/beteiligung\/wp-content\/uploads\/sites\/14\/2015\/04\/IMG_0472-1000x667.jpg 1000w, https:\/\/blog.jena.de\/beteiligung\/wp-content\/uploads\/sites\/14\/2015\/04\/IMG_0472-600x400.jpg 600w, https:\/\/blog.jena.de\/beteiligung\/wp-content\/uploads\/sites\/14\/2015\/04\/IMG_0472-1035x690.jpg 1035w\" sizes=\"auto, (max-width: 500px) 100vw, 500px\" \/><\/a>\n\t\t\t<\/div>\n\t\t\t\t<figcaption class='wp-caption-text gallery-caption' id='gallery-1-160'>\n\t\t\t\tThementisch &#8222;Inhalt und Themen&#8220; bei der Auftaktveranstaltung, \u00a9 ORBIT\n\t\t\t\t<\/figcaption><\/figure><figure class='gallery-item'>\n\t\t\t<div class='gallery-icon landscape'>\n\t\t\t\t<a href='https:\/\/blog.jena.de\/beteiligung\/img_0473\/'><img loading=\"lazy\" decoding=\"async\" width=\"500\" height=\"333\" src=\"https:\/\/blog.jena.de\/beteiligung\/wp-content\/uploads\/sites\/14\/2015\/04\/IMG_0473-500x333.jpg\" class=\"attachment-medium size-medium\" alt=\"Blick auf den Thementisch Inhalt und Themen der Auftaktveranstaltung, Auftaktveranstaltung Leitlinien f\u00fcr die B\u00fcrgerbeteiligung, \u00a9 ORBIT\" aria-describedby=\"gallery-1-161\" srcset=\"https:\/\/blog.jena.de\/beteiligung\/wp-content\/uploads\/sites\/14\/2015\/04\/IMG_0473-500x333.jpg 500w, https:\/\/blog.jena.de\/beteiligung\/wp-content\/uploads\/sites\/14\/2015\/04\/IMG_0473-768x512.jpg 768w, https:\/\/blog.jena.de\/beteiligung\/wp-content\/uploads\/sites\/14\/2015\/04\/IMG_0473-1000x667.jpg 1000w, https:\/\/blog.jena.de\/beteiligung\/wp-content\/uploads\/sites\/14\/2015\/04\/IMG_0473-600x400.jpg 600w, https:\/\/blog.jena.de\/beteiligung\/wp-content\/uploads\/sites\/14\/2015\/04\/IMG_0473-1035x690.jpg 1035w\" sizes=\"auto, (max-width: 500px) 100vw, 500px\" \/><\/a>\n\t\t\t<\/div>\n\t\t\t\t<figcaption class='wp-caption-text gallery-caption' id='gallery-1-161'>\n\t\t\t\tThementisch &#8222;Inhalt und Themen&#8220; bei der Auftaktveranstaltung, \u00a9 ORBIT\n\t\t\t\t<\/figcaption><\/figure><figure class='gallery-item'>\n\t\t\t<div class='gallery-icon landscape'>\n\t\t\t\t<a href='https:\/\/blog.jena.de\/beteiligung\/img_0474\/'><img loading=\"lazy\" decoding=\"async\" width=\"500\" height=\"333\" src=\"https:\/\/blog.jena.de\/beteiligung\/wp-content\/uploads\/sites\/14\/2015\/04\/IMG_0474-500x333.jpg\" class=\"attachment-medium size-medium\" alt=\"Blick auf den Thementisch Inhalt und Themen der Auftaktveranstaltung, Auftaktveranstaltung Leitlinien f\u00fcr die B\u00fcrgerbeteiligung, \u00a9 ORBIT\" aria-describedby=\"gallery-1-162\" srcset=\"https:\/\/blog.jena.de\/beteiligung\/wp-content\/uploads\/sites\/14\/2015\/04\/IMG_0474-500x333.jpg 500w, https:\/\/blog.jena.de\/beteiligung\/wp-content\/uploads\/sites\/14\/2015\/04\/IMG_0474-768x512.jpg 768w, https:\/\/blog.jena.de\/beteiligung\/wp-content\/uploads\/sites\/14\/2015\/04\/IMG_0474-1000x667.jpg 1000w, https:\/\/blog.jena.de\/beteiligung\/wp-content\/uploads\/sites\/14\/2015\/04\/IMG_0474-600x400.jpg 600w, https:\/\/blog.jena.de\/beteiligung\/wp-content\/uploads\/sites\/14\/2015\/04\/IMG_0474-1035x690.jpg 1035w\" sizes=\"auto, (max-width: 500px) 100vw, 500px\" \/><\/a>\n\t\t\t<\/div>\n\t\t\t\t<figcaption class='wp-caption-text gallery-caption' id='gallery-1-162'>\n\t\t\t\tThementisch &#8222;Inhalt und Themen&#8220; bei der Auftaktveranstaltung, \u00a9 ORBIT\n\t\t\t\t<\/figcaption><\/figure><figure class='gallery-item'>\n\t\t\t<div class='gallery-icon landscape'>\n\t\t\t\t<a href='https:\/\/blog.jena.de\/beteiligung\/img_0475\/'><img loading=\"lazy\" decoding=\"async\" width=\"500\" height=\"333\" src=\"https:\/\/blog.jena.de\/beteiligung\/wp-content\/uploads\/sites\/14\/2015\/04\/IMG_0475-500x333.jpg\" class=\"attachment-medium size-medium\" alt=\"Blick auf den Thementisch Inhalt und Themen der Auftaktveranstaltung, Auftaktveranstaltung Leitlinien f\u00fcr die B\u00fcrgerbeteiligung, \u00a9 ORBIT\" aria-describedby=\"gallery-1-163\" srcset=\"https:\/\/blog.jena.de\/beteiligung\/wp-content\/uploads\/sites\/14\/2015\/04\/IMG_0475-500x333.jpg 500w, https:\/\/blog.jena.de\/beteiligung\/wp-content\/uploads\/sites\/14\/2015\/04\/IMG_0475-768x512.jpg 768w, https:\/\/blog.jena.de\/beteiligung\/wp-content\/uploads\/sites\/14\/2015\/04\/IMG_0475-1000x667.jpg 1000w, https:\/\/blog.jena.de\/beteiligung\/wp-content\/uploads\/sites\/14\/2015\/04\/IMG_0475-600x400.jpg 600w, https:\/\/blog.jena.de\/beteiligung\/wp-content\/uploads\/sites\/14\/2015\/04\/IMG_0475-1035x690.jpg 1035w\" sizes=\"auto, (max-width: 500px) 100vw, 500px\" \/><\/a>\n\t\t\t<\/div>\n\t\t\t\t<figcaption class='wp-caption-text gallery-caption' id='gallery-1-163'>\n\t\t\t\tThementisch &#8222;Inhalt und Themen&#8220; bei der Auftaktveranstaltung, \u00a9 ORBIT\n\n\t\t\t\t<\/figcaption><\/figure><figure class='gallery-item'>\n\t\t\t<div class='gallery-icon landscape'>\n\t\t\t\t<a href='https:\/\/blog.jena.de\/beteiligung\/img_0476\/'><img loading=\"lazy\" decoding=\"async\" width=\"500\" height=\"333\" src=\"https:\/\/blog.jena.de\/beteiligung\/wp-content\/uploads\/sites\/14\/2015\/04\/IMG_0476-500x333.jpg\" class=\"attachment-medium size-medium\" alt=\"Blick auf den Thementisch Inhalt und Themen der Auftaktveranstaltung, Auftaktveranstaltung Leitlinien f\u00fcr die B\u00fcrgerbeteiligung, \u00a9 ORBIT\" aria-describedby=\"gallery-1-164\" srcset=\"https:\/\/blog.jena.de\/beteiligung\/wp-content\/uploads\/sites\/14\/2015\/04\/IMG_0476-500x333.jpg 500w, https:\/\/blog.jena.de\/beteiligung\/wp-content\/uploads\/sites\/14\/2015\/04\/IMG_0476-768x512.jpg 768w, https:\/\/blog.jena.de\/beteiligung\/wp-content\/uploads\/sites\/14\/2015\/04\/IMG_0476-1000x667.jpg 1000w, https:\/\/blog.jena.de\/beteiligung\/wp-content\/uploads\/sites\/14\/2015\/04\/IMG_0476-600x400.jpg 600w, https:\/\/blog.jena.de\/beteiligung\/wp-content\/uploads\/sites\/14\/2015\/04\/IMG_0476-1035x690.jpg 1035w\" sizes=\"auto, (max-width: 500px) 100vw, 500px\" \/><\/a>\n\t\t\t<\/div>\n\t\t\t\t<figcaption class='wp-caption-text gallery-caption' id='gallery-1-164'>\n\t\t\t\tThementisch &#8222;Inhalt und Themen&#8220; bei der Auftaktveranstaltung, \u00a9 ORBIT\n\t\t\t\t<\/figcaption><\/figure><figure class='gallery-item'>\n\t\t\t<div class='gallery-icon landscape'>\n\t\t\t\t<a href='https:\/\/blog.jena.de\/beteiligung\/img_0477\/'><img loading=\"lazy\" decoding=\"async\" width=\"500\" height=\"333\" src=\"https:\/\/blog.jena.de\/beteiligung\/wp-content\/uploads\/sites\/14\/2015\/04\/IMG_0477-500x333.jpg\" class=\"attachment-medium size-medium\" alt=\"Blick auf den Thementisch Inhalt und Themen der Auftaktveranstaltung, Auftaktveranstaltung Leitlinien f\u00fcr die B\u00fcrgerbeteiligung, \u00a9 ORBIT\" aria-describedby=\"gallery-1-165\" srcset=\"https:\/\/blog.jena.de\/beteiligung\/wp-content\/uploads\/sites\/14\/2015\/04\/IMG_0477-500x333.jpg 500w, https:\/\/blog.jena.de\/beteiligung\/wp-content\/uploads\/sites\/14\/2015\/04\/IMG_0477-768x512.jpg 768w, https:\/\/blog.jena.de\/beteiligung\/wp-content\/uploads\/sites\/14\/2015\/04\/IMG_0477-1000x667.jpg 1000w, https:\/\/blog.jena.de\/beteiligung\/wp-content\/uploads\/sites\/14\/2015\/04\/IMG_0477-600x400.jpg 600w, https:\/\/blog.jena.de\/beteiligung\/wp-content\/uploads\/sites\/14\/2015\/04\/IMG_0477-1035x690.jpg 1035w\" sizes=\"auto, (max-width: 500px) 100vw, 500px\" \/><\/a>\n\t\t\t<\/div>\n\t\t\t\t<figcaption class='wp-caption-text gallery-caption' id='gallery-1-165'>\n\t\t\t\tThementisch &#8222;Inhalt und Themen&#8220; bei der Auftaktveranstaltung, \u00a9 ORBIT\n\t\t\t\t<\/figcaption><\/figure><figure class='gallery-item'>\n\t\t\t<div class='gallery-icon landscape'>\n\t\t\t\t<a href='https:\/\/blog.jena.de\/beteiligung\/img_0478\/'><img loading=\"lazy\" decoding=\"async\" width=\"500\" height=\"333\" src=\"https:\/\/blog.jena.de\/beteiligung\/wp-content\/uploads\/sites\/14\/2015\/04\/IMG_0478-500x333.jpg\" class=\"attachment-medium size-medium\" alt=\"Blick auf den Thementisch Inhalt und Themen der Auftaktveranstaltung, Auftaktveranstaltung Leitlinien f\u00fcr die B\u00fcrgerbeteiligung, \u00a9 ORBIT\" aria-describedby=\"gallery-1-166\" srcset=\"https:\/\/blog.jena.de\/beteiligung\/wp-content\/uploads\/sites\/14\/2015\/04\/IMG_0478-500x333.jpg 500w, https:\/\/blog.jena.de\/beteiligung\/wp-content\/uploads\/sites\/14\/2015\/04\/IMG_0478-768x512.jpg 768w, https:\/\/blog.jena.de\/beteiligung\/wp-content\/uploads\/sites\/14\/2015\/04\/IMG_0478-1000x667.jpg 1000w, https:\/\/blog.jena.de\/beteiligung\/wp-content\/uploads\/sites\/14\/2015\/04\/IMG_0478-600x400.jpg 600w, https:\/\/blog.jena.de\/beteiligung\/wp-content\/uploads\/sites\/14\/2015\/04\/IMG_0478-1035x690.jpg 1035w\" sizes=\"auto, (max-width: 500px) 100vw, 500px\" \/><\/a>\n\t\t\t<\/div>\n\t\t\t\t<figcaption class='wp-caption-text gallery-caption' id='gallery-1-166'>\n\t\t\t\tThementisch &#8222;Inhalt und Themen&#8220; bei der Auftaktveranstaltung, \u00a9 ORBIT\n\n\t\t\t\t<\/figcaption><\/figure><figure class='gallery-item'>\n\t\t\t<div class='gallery-icon landscape'>\n\t\t\t\t<a href='https:\/\/blog.jena.de\/beteiligung\/img_0479\/'><img loading=\"lazy\" decoding=\"async\" width=\"500\" height=\"333\" src=\"https:\/\/blog.jena.de\/beteiligung\/wp-content\/uploads\/sites\/14\/2015\/04\/IMG_0479-500x333.jpg\" class=\"attachment-medium size-medium\" alt=\"Blick auf den Thementisch Inhalt und Themen der Auftaktveranstaltung, Auftaktveranstaltung Leitlinien f\u00fcr die B\u00fcrgerbeteiligung, \u00a9 ORBIT\" aria-describedby=\"gallery-1-167\" srcset=\"https:\/\/blog.jena.de\/beteiligung\/wp-content\/uploads\/sites\/14\/2015\/04\/IMG_0479-500x333.jpg 500w, https:\/\/blog.jena.de\/beteiligung\/wp-content\/uploads\/sites\/14\/2015\/04\/IMG_0479-768x512.jpg 768w, https:\/\/blog.jena.de\/beteiligung\/wp-content\/uploads\/sites\/14\/2015\/04\/IMG_0479-1000x667.jpg 1000w, https:\/\/blog.jena.de\/beteiligung\/wp-content\/uploads\/sites\/14\/2015\/04\/IMG_0479-600x400.jpg 600w, https:\/\/blog.jena.de\/beteiligung\/wp-content\/uploads\/sites\/14\/2015\/04\/IMG_0479-1035x690.jpg 1035w\" sizes=\"auto, (max-width: 500px) 100vw, 500px\" \/><\/a>\n\t\t\t<\/div>\n\t\t\t\t<figcaption class='wp-caption-text gallery-caption' id='gallery-1-167'>\n\t\t\t\tThementisch &#8222;Inhalt und Themen&#8220; bei der Auftaktveranstaltung, \u00a9 ORBIT\n\n\t\t\t\t<\/figcaption><\/figure><figure class='gallery-item'>\n\t\t\t<div class='gallery-icon landscape'>\n\t\t\t\t<a href='https:\/\/blog.jena.de\/beteiligung\/img_0480\/'><img loading=\"lazy\" decoding=\"async\" width=\"500\" height=\"333\" src=\"https:\/\/blog.jena.de\/beteiligung\/wp-content\/uploads\/sites\/14\/2015\/04\/IMG_0480-500x333.jpg\" class=\"attachment-medium size-medium\" alt=\"Blick auf den Thementisch Inhalt und Themen der Auftaktveranstaltung, Auftaktveranstaltung Leitlinien f\u00fcr die B\u00fcrgerbeteiligung, \u00a9 ORBIT\" aria-describedby=\"gallery-1-168\" srcset=\"https:\/\/blog.jena.de\/beteiligung\/wp-content\/uploads\/sites\/14\/2015\/04\/IMG_0480-500x333.jpg 500w, https:\/\/blog.jena.de\/beteiligung\/wp-content\/uploads\/sites\/14\/2015\/04\/IMG_0480-768x512.jpg 768w, https:\/\/blog.jena.de\/beteiligung\/wp-content\/uploads\/sites\/14\/2015\/04\/IMG_0480-1000x667.jpg 1000w, https:\/\/blog.jena.de\/beteiligung\/wp-content\/uploads\/sites\/14\/2015\/04\/IMG_0480-600x400.jpg 600w, https:\/\/blog.jena.de\/beteiligung\/wp-content\/uploads\/sites\/14\/2015\/04\/IMG_0480-1035x690.jpg 1035w\" sizes=\"auto, (max-width: 500px) 100vw, 500px\" \/><\/a>\n\t\t\t<\/div>\n\t\t\t\t<figcaption class='wp-caption-text gallery-caption' id='gallery-1-168'>\n\t\t\t\tThementisch &#8222;Inhalt und Themen&#8220; bei der Auftaktveranstaltung, \u00a9 ORBIT\n\t\t\t\t<\/figcaption><\/figure><figure class='gallery-item'>\n\t\t\t<div class='gallery-icon landscape'>\n\t\t\t\t<a href='https:\/\/blog.jena.de\/beteiligung\/img_0481\/'><img loading=\"lazy\" decoding=\"async\" width=\"500\" height=\"333\" src=\"https:\/\/blog.jena.de\/beteiligung\/wp-content\/uploads\/sites\/14\/2015\/04\/IMG_0481-500x333.jpg\" class=\"attachment-medium size-medium\" alt=\"Blick auf den Thementisch Inhalt und Themen der Auftaktveranstaltung, Auftaktveranstaltung Leitlinien f\u00fcr die B\u00fcrgerbeteiligung, \u00a9 ORBIT\" aria-describedby=\"gallery-1-169\" srcset=\"https:\/\/blog.jena.de\/beteiligung\/wp-content\/uploads\/sites\/14\/2015\/04\/IMG_0481-500x333.jpg 500w, https:\/\/blog.jena.de\/beteiligung\/wp-content\/uploads\/sites\/14\/2015\/04\/IMG_0481-768x512.jpg 768w, https:\/\/blog.jena.de\/beteiligung\/wp-content\/uploads\/sites\/14\/2015\/04\/IMG_0481-1000x667.jpg 1000w, https:\/\/blog.jena.de\/beteiligung\/wp-content\/uploads\/sites\/14\/2015\/04\/IMG_0481-600x400.jpg 600w, https:\/\/blog.jena.de\/beteiligung\/wp-content\/uploads\/sites\/14\/2015\/04\/IMG_0481-1035x690.jpg 1035w\" sizes=\"auto, (max-width: 500px) 100vw, 500px\" \/><\/a>\n\t\t\t<\/div>\n\t\t\t\t<figcaption class='wp-caption-text gallery-caption' id='gallery-1-169'>\n\t\t\t\tThementisch &#8222;Inhalt und Themen&#8220; bei der Auftaktveranstaltung, \u00a9 ORBIT\n\t\t\t\t<\/figcaption><\/figure><figure class='gallery-item'>\n\t\t\t<div class='gallery-icon landscape'>\n\t\t\t\t<a href='https:\/\/blog.jena.de\/beteiligung\/img_0482\/'><img loading=\"lazy\" decoding=\"async\" width=\"500\" height=\"333\" src=\"https:\/\/blog.jena.de\/beteiligung\/wp-content\/uploads\/sites\/14\/2015\/04\/IMG_0482-500x333.jpg\" class=\"attachment-medium size-medium\" alt=\"Blick auf den Thementisch Inhalt und Themen der Auftaktveranstaltung, Auftaktveranstaltung Leitlinien f\u00fcr die B\u00fcrgerbeteiligung, \u00a9 ORBIT\" aria-describedby=\"gallery-1-170\" srcset=\"https:\/\/blog.jena.de\/beteiligung\/wp-content\/uploads\/sites\/14\/2015\/04\/IMG_0482-500x333.jpg 500w, https:\/\/blog.jena.de\/beteiligung\/wp-content\/uploads\/sites\/14\/2015\/04\/IMG_0482-768x512.jpg 768w, https:\/\/blog.jena.de\/beteiligung\/wp-content\/uploads\/sites\/14\/2015\/04\/IMG_0482-1000x667.jpg 1000w, https:\/\/blog.jena.de\/beteiligung\/wp-content\/uploads\/sites\/14\/2015\/04\/IMG_0482-600x400.jpg 600w, https:\/\/blog.jena.de\/beteiligung\/wp-content\/uploads\/sites\/14\/2015\/04\/IMG_0482-1035x690.jpg 1035w\" sizes=\"auto, (max-width: 500px) 100vw, 500px\" \/><\/a>\n\t\t\t<\/div>\n\t\t\t\t<figcaption class='wp-caption-text gallery-caption' id='gallery-1-170'>\n\t\t\t\tThementisch &#8222;Inhalt und Themen&#8220; bei der Auftaktveranstaltung, \u00a9 ORBIT\n\t\t\t\t<\/figcaption><\/figure><figure class='gallery-item'>\n\t\t\t<div class='gallery-icon landscape'>\n\t\t\t\t<a href='https:\/\/blog.jena.de\/beteiligung\/img_0483\/'><img loading=\"lazy\" decoding=\"async\" width=\"500\" height=\"333\" src=\"https:\/\/blog.jena.de\/beteiligung\/wp-content\/uploads\/sites\/14\/2015\/04\/IMG_0483-500x333.jpg\" class=\"attachment-medium size-medium\" alt=\"Blick auf den Thementisch Inhalt und Themen der Auftaktveranstaltung, Auftaktveranstaltung Leitlinien f\u00fcr die B\u00fcrgerbeteiligung, \u00a9 ORBIT\" aria-describedby=\"gallery-1-171\" srcset=\"https:\/\/blog.jena.de\/beteiligung\/wp-content\/uploads\/sites\/14\/2015\/04\/IMG_0483-500x333.jpg 500w, https:\/\/blog.jena.de\/beteiligung\/wp-content\/uploads\/sites\/14\/2015\/04\/IMG_0483-768x512.jpg 768w, https:\/\/blog.jena.de\/beteiligung\/wp-content\/uploads\/sites\/14\/2015\/04\/IMG_0483-1000x667.jpg 1000w, https:\/\/blog.jena.de\/beteiligung\/wp-content\/uploads\/sites\/14\/2015\/04\/IMG_0483-600x400.jpg 600w, https:\/\/blog.jena.de\/beteiligung\/wp-content\/uploads\/sites\/14\/2015\/04\/IMG_0483-1035x690.jpg 1035w\" sizes=\"auto, (max-width: 500px) 100vw, 500px\" \/><\/a>\n\t\t\t<\/div>\n\t\t\t\t<figcaption class='wp-caption-text gallery-caption' id='gallery-1-171'>\n\t\t\t\tThementisch &#8222;Inhalt und Themen&#8220; bei der Auftaktveranstaltung, \u00a9 ORBIT\n\t\t\t\t<\/figcaption><\/figure><figure class='gallery-item'>\n\t\t\t<div class='gallery-icon landscape'>\n\t\t\t\t<a href='https:\/\/blog.jena.de\/beteiligung\/img_0484\/'><img loading=\"lazy\" decoding=\"async\" width=\"500\" height=\"333\" src=\"https:\/\/blog.jena.de\/beteiligung\/wp-content\/uploads\/sites\/14\/2015\/04\/IMG_0484-500x333.jpg\" class=\"attachment-medium size-medium\" alt=\"Blick auf den Thementisch Inhalt und Themen der Auftaktveranstaltung, Auftaktveranstaltung Leitlinien f\u00fcr die B\u00fcrgerbeteiligung, \u00a9 ORBIT\" aria-describedby=\"gallery-1-172\" srcset=\"https:\/\/blog.jena.de\/beteiligung\/wp-content\/uploads\/sites\/14\/2015\/04\/IMG_0484-500x333.jpg 500w, https:\/\/blog.jena.de\/beteiligung\/wp-content\/uploads\/sites\/14\/2015\/04\/IMG_0484-768x512.jpg 768w, https:\/\/blog.jena.de\/beteiligung\/wp-content\/uploads\/sites\/14\/2015\/04\/IMG_0484-1000x667.jpg 1000w, https:\/\/blog.jena.de\/beteiligung\/wp-content\/uploads\/sites\/14\/2015\/04\/IMG_0484-600x400.jpg 600w, https:\/\/blog.jena.de\/beteiligung\/wp-content\/uploads\/sites\/14\/2015\/04\/IMG_0484-1035x690.jpg 1035w\" sizes=\"auto, (max-width: 500px) 100vw, 500px\" \/><\/a>\n\t\t\t<\/div>\n\t\t\t\t<figcaption class='wp-caption-text gallery-caption' id='gallery-1-172'>\n\t\t\t\tThementisch &#8222;Inhalt und Themen&#8220; bei der Auftaktveranstaltung, \u00a9 ORBIT\n\t\t\t\t<\/figcaption><\/figure><figure class='gallery-item'>\n\t\t\t<div class='gallery-icon landscape'>\n\t\t\t\t<a href='https:\/\/blog.jena.de\/beteiligung\/img_0485\/'><img loading=\"lazy\" decoding=\"async\" width=\"500\" height=\"333\" src=\"https:\/\/blog.jena.de\/beteiligung\/wp-content\/uploads\/sites\/14\/2015\/04\/IMG_0485-500x333.jpg\" class=\"attachment-medium size-medium\" alt=\"Blick auf den Thementisch Inhalt und Themen der Auftaktveranstaltung, Auftaktveranstaltung Leitlinien f\u00fcr die B\u00fcrgerbeteiligung, \u00a9 ORBIT\" aria-describedby=\"gallery-1-173\" srcset=\"https:\/\/blog.jena.de\/beteiligung\/wp-content\/uploads\/sites\/14\/2015\/04\/IMG_0485-500x333.jpg 500w, https:\/\/blog.jena.de\/beteiligung\/wp-content\/uploads\/sites\/14\/2015\/04\/IMG_0485-768x512.jpg 768w, https:\/\/blog.jena.de\/beteiligung\/wp-content\/uploads\/sites\/14\/2015\/04\/IMG_0485-1000x667.jpg 1000w, https:\/\/blog.jena.de\/beteiligung\/wp-content\/uploads\/sites\/14\/2015\/04\/IMG_0485-600x400.jpg 600w, https:\/\/blog.jena.de\/beteiligung\/wp-content\/uploads\/sites\/14\/2015\/04\/IMG_0485-1035x690.jpg 1035w\" sizes=\"auto, (max-width: 500px) 100vw, 500px\" \/><\/a>\n\t\t\t<\/div>\n\t\t\t\t<figcaption class='wp-caption-text gallery-caption' id='gallery-1-173'>\n\t\t\t\tThementisch &#8222;Inhalt und Themen&#8220; bei der Auftaktveranstaltung, \u00a9 ORBIT\n\t\t\t\t<\/figcaption><\/figure><figure class='gallery-item'>\n\t\t\t<div class='gallery-icon landscape'>\n\t\t\t\t<a href='https:\/\/blog.jena.de\/beteiligung\/img_0486\/'><img loading=\"lazy\" decoding=\"async\" width=\"500\" height=\"333\" src=\"https:\/\/blog.jena.de\/beteiligung\/wp-content\/uploads\/sites\/14\/2015\/04\/IMG_0486-500x333.jpg\" class=\"attachment-medium size-medium\" alt=\"Blick auf den Thementisch Inhalt und Themen der Auftaktveranstaltung, Auftaktveranstaltung Leitlinien f\u00fcr die B\u00fcrgerbeteiligung, \u00a9 ORBIT\" aria-describedby=\"gallery-1-174\" srcset=\"https:\/\/blog.jena.de\/beteiligung\/wp-content\/uploads\/sites\/14\/2015\/04\/IMG_0486-500x333.jpg 500w, https:\/\/blog.jena.de\/beteiligung\/wp-content\/uploads\/sites\/14\/2015\/04\/IMG_0486-768x512.jpg 768w, https:\/\/blog.jena.de\/beteiligung\/wp-content\/uploads\/sites\/14\/2015\/04\/IMG_0486-1000x667.jpg 1000w, https:\/\/blog.jena.de\/beteiligung\/wp-content\/uploads\/sites\/14\/2015\/04\/IMG_0486-600x400.jpg 600w, https:\/\/blog.jena.de\/beteiligung\/wp-content\/uploads\/sites\/14\/2015\/04\/IMG_0486-1035x690.jpg 1035w\" sizes=\"auto, (max-width: 500px) 100vw, 500px\" \/><\/a>\n\t\t\t<\/div>\n\t\t\t\t<figcaption class='wp-caption-text gallery-caption' id='gallery-1-174'>\n\t\t\t\tThementisch &#8222;Inhalt und Themen&#8220; bei der Auftaktveranstaltung, \u00a9 ORBIT\n\t\t\t\t<\/figcaption><\/figure><figure class='gallery-item'>\n\t\t\t<div class='gallery-icon landscape'>\n\t\t\t\t<a href='https:\/\/blog.jena.de\/beteiligung\/img_0487\/'><img loading=\"lazy\" decoding=\"async\" width=\"500\" height=\"333\" src=\"https:\/\/blog.jena.de\/beteiligung\/wp-content\/uploads\/sites\/14\/2015\/04\/IMG_0487-500x333.jpg\" class=\"attachment-medium size-medium\" alt=\"Blick auf den Thementisch Inhalt und Themen der Auftaktveranstaltung, Auftaktveranstaltung Leitlinien f\u00fcr die B\u00fcrgerbeteiligung, \u00a9 ORBIT\" aria-describedby=\"gallery-1-175\" srcset=\"https:\/\/blog.jena.de\/beteiligung\/wp-content\/uploads\/sites\/14\/2015\/04\/IMG_0487-500x333.jpg 500w, https:\/\/blog.jena.de\/beteiligung\/wp-content\/uploads\/sites\/14\/2015\/04\/IMG_0487-768x512.jpg 768w, https:\/\/blog.jena.de\/beteiligung\/wp-content\/uploads\/sites\/14\/2015\/04\/IMG_0487-1000x667.jpg 1000w, https:\/\/blog.jena.de\/beteiligung\/wp-content\/uploads\/sites\/14\/2015\/04\/IMG_0487-600x400.jpg 600w, https:\/\/blog.jena.de\/beteiligung\/wp-content\/uploads\/sites\/14\/2015\/04\/IMG_0487-1035x690.jpg 1035w\" sizes=\"auto, (max-width: 500px) 100vw, 500px\" \/><\/a>\n\t\t\t<\/div>\n\t\t\t\t<figcaption class='wp-caption-text gallery-caption' id='gallery-1-175'>\n\t\t\t\tThementisch &#8222;Inhalt und Themen&#8220; bei der Auftaktveranstaltung, \u00a9 ORBIT\n\t\t\t\t<\/figcaption><\/figure><figure class='gallery-item'>\n\t\t\t<div class='gallery-icon landscape'>\n\t\t\t\t<a href='https:\/\/blog.jena.de\/beteiligung\/img_0488\/'><img loading=\"lazy\" decoding=\"async\" width=\"500\" height=\"333\" src=\"https:\/\/blog.jena.de\/beteiligung\/wp-content\/uploads\/sites\/14\/2015\/04\/IMG_0488-500x333.jpg\" class=\"attachment-medium size-medium\" alt=\"Blick auf den Thementisch Inhalt und Themen der Auftaktveranstaltung, Auftaktveranstaltung Leitlinien f\u00fcr die B\u00fcrgerbeteiligung, \u00a9 ORBIT\" aria-describedby=\"gallery-1-176\" srcset=\"https:\/\/blog.jena.de\/beteiligung\/wp-content\/uploads\/sites\/14\/2015\/04\/IMG_0488-500x333.jpg 500w, https:\/\/blog.jena.de\/beteiligung\/wp-content\/uploads\/sites\/14\/2015\/04\/IMG_0488-768x512.jpg 768w, https:\/\/blog.jena.de\/beteiligung\/wp-content\/uploads\/sites\/14\/2015\/04\/IMG_0488-1000x667.jpg 1000w, https:\/\/blog.jena.de\/beteiligung\/wp-content\/uploads\/sites\/14\/2015\/04\/IMG_0488-600x400.jpg 600w, https:\/\/blog.jena.de\/beteiligung\/wp-content\/uploads\/sites\/14\/2015\/04\/IMG_0488-1035x690.jpg 1035w\" sizes=\"auto, (max-width: 500px) 100vw, 500px\" \/><\/a>\n\t\t\t<\/div>\n\t\t\t\t<figcaption class='wp-caption-text gallery-caption' id='gallery-1-176'>\n\t\t\t\tThementisch &#8222;Inhalt und Themen&#8220; bei der Auftaktveranstaltung, \u00a9 ORBIT\n\t\t\t\t<\/figcaption><\/figure><figure class='gallery-item'>\n\t\t\t<div class='gallery-icon landscape'>\n\t\t\t\t<a href='https:\/\/blog.jena.de\/beteiligung\/img_0489\/'><img loading=\"lazy\" decoding=\"async\" width=\"500\" height=\"333\" src=\"https:\/\/blog.jena.de\/beteiligung\/wp-content\/uploads\/sites\/14\/2015\/04\/IMG_0489-500x333.jpg\" class=\"attachment-medium size-medium\" alt=\"Blick auf den Thementisch Inhalt und Themen der Auftaktveranstaltung, Auftaktveranstaltung Leitlinien f\u00fcr die B\u00fcrgerbeteiligung, \u00a9 ORBIT\" aria-describedby=\"gallery-1-177\" srcset=\"https:\/\/blog.jena.de\/beteiligung\/wp-content\/uploads\/sites\/14\/2015\/04\/IMG_0489-500x333.jpg 500w, https:\/\/blog.jena.de\/beteiligung\/wp-content\/uploads\/sites\/14\/2015\/04\/IMG_0489-768x512.jpg 768w, https:\/\/blog.jena.de\/beteiligung\/wp-content\/uploads\/sites\/14\/2015\/04\/IMG_0489-1000x667.jpg 1000w, https:\/\/blog.jena.de\/beteiligung\/wp-content\/uploads\/sites\/14\/2015\/04\/IMG_0489-600x400.jpg 600w, https:\/\/blog.jena.de\/beteiligung\/wp-content\/uploads\/sites\/14\/2015\/04\/IMG_0489-1035x690.jpg 1035w\" sizes=\"auto, (max-width: 500px) 100vw, 500px\" \/><\/a>\n\t\t\t<\/div>\n\t\t\t\t<figcaption class='wp-caption-text gallery-caption' id='gallery-1-177'>\n\t\t\t\tThementisch &#8222;Inhalt und Themen&#8220; bei der Auftaktveranstaltung, \u00a9 ORBIT\n\t\t\t\t<\/figcaption><\/figure><figure class='gallery-item'>\n\t\t\t<div class='gallery-icon landscape'>\n\t\t\t\t<a href='https:\/\/blog.jena.de\/beteiligung\/img_0490\/'><img loading=\"lazy\" decoding=\"async\" width=\"500\" height=\"333\" src=\"https:\/\/blog.jena.de\/beteiligung\/wp-content\/uploads\/sites\/14\/2015\/04\/IMG_0490-500x333.jpg\" class=\"attachment-medium size-medium\" alt=\"Blick auf den Thementisch Inhalt und Themen der Auftaktveranstaltung, Auftaktveranstaltung Leitlinien f\u00fcr die B\u00fcrgerbeteiligung, \u00a9 ORBIT\" aria-describedby=\"gallery-1-178\" srcset=\"https:\/\/blog.jena.de\/beteiligung\/wp-content\/uploads\/sites\/14\/2015\/04\/IMG_0490-500x333.jpg 500w, https:\/\/blog.jena.de\/beteiligung\/wp-content\/uploads\/sites\/14\/2015\/04\/IMG_0490-768x512.jpg 768w, https:\/\/blog.jena.de\/beteiligung\/wp-content\/uploads\/sites\/14\/2015\/04\/IMG_0490-1000x667.jpg 1000w, https:\/\/blog.jena.de\/beteiligung\/wp-content\/uploads\/sites\/14\/2015\/04\/IMG_0490-600x400.jpg 600w, https:\/\/blog.jena.de\/beteiligung\/wp-content\/uploads\/sites\/14\/2015\/04\/IMG_0490-1035x690.jpg 1035w\" sizes=\"auto, (max-width: 500px) 100vw, 500px\" \/><\/a>\n\t\t\t<\/div>\n\t\t\t\t<figcaption class='wp-caption-text gallery-caption' id='gallery-1-178'>\n\t\t\t\tThementisch &#8222;Inhalt und Themen&#8220; bei der Auftaktveranstaltung, \u00a9 ORBIT\n\t\t\t\t<\/figcaption><\/figure><figure class='gallery-item'>\n\t\t\t<div class='gallery-icon landscape'>\n\t\t\t\t<a href='https:\/\/blog.jena.de\/beteiligung\/img_0491\/'><img loading=\"lazy\" decoding=\"async\" width=\"500\" height=\"333\" src=\"https:\/\/blog.jena.de\/beteiligung\/wp-content\/uploads\/sites\/14\/2015\/04\/IMG_0491-500x333.jpg\" class=\"attachment-medium size-medium\" alt=\"Blick auf den Thementisch Inhalt und Themen der Auftaktveranstaltung, Auftaktveranstaltung Leitlinien f\u00fcr die B\u00fcrgerbeteiligung, \u00a9 ORBIT\" aria-describedby=\"gallery-1-179\" srcset=\"https:\/\/blog.jena.de\/beteiligung\/wp-content\/uploads\/sites\/14\/2015\/04\/IMG_0491-500x333.jpg 500w, https:\/\/blog.jena.de\/beteiligung\/wp-content\/uploads\/sites\/14\/2015\/04\/IMG_0491-768x512.jpg 768w, https:\/\/blog.jena.de\/beteiligung\/wp-content\/uploads\/sites\/14\/2015\/04\/IMG_0491-1000x667.jpg 1000w, https:\/\/blog.jena.de\/beteiligung\/wp-content\/uploads\/sites\/14\/2015\/04\/IMG_0491-600x400.jpg 600w, https:\/\/blog.jena.de\/beteiligung\/wp-content\/uploads\/sites\/14\/2015\/04\/IMG_0491-1035x690.jpg 1035w\" sizes=\"auto, (max-width: 500px) 100vw, 500px\" \/><\/a>\n\t\t\t<\/div>\n\t\t\t\t<figcaption class='wp-caption-text gallery-caption' id='gallery-1-179'>\n\t\t\t\tThementisch &#8222;Inhalt und Themen&#8220; bei der Auftaktveranstaltung, \u00a9 ORBIT\n\t\t\t\t<\/figcaption><\/figure><figure class='gallery-item'>\n\t\t\t<div class='gallery-icon landscape'>\n\t\t\t\t<a href='https:\/\/blog.jena.de\/beteiligung\/img_0492\/'><img loading=\"lazy\" decoding=\"async\" width=\"500\" height=\"333\" src=\"https:\/\/blog.jena.de\/beteiligung\/wp-content\/uploads\/sites\/14\/2015\/04\/IMG_0492-500x333.jpg\" class=\"attachment-medium size-medium\" alt=\"Blick auf den Thementisch Inhalt und Themen der Auftaktveranstaltung, Auftaktveranstaltung Leitlinien f\u00fcr die B\u00fcrgerbeteiligung, \u00a9 ORBIT\" aria-describedby=\"gallery-1-180\" srcset=\"https:\/\/blog.jena.de\/beteiligung\/wp-content\/uploads\/sites\/14\/2015\/04\/IMG_0492-500x333.jpg 500w, https:\/\/blog.jena.de\/beteiligung\/wp-content\/uploads\/sites\/14\/2015\/04\/IMG_0492-768x512.jpg 768w, https:\/\/blog.jena.de\/beteiligung\/wp-content\/uploads\/sites\/14\/2015\/04\/IMG_0492-1000x667.jpg 1000w, https:\/\/blog.jena.de\/beteiligung\/wp-content\/uploads\/sites\/14\/2015\/04\/IMG_0492-600x400.jpg 600w, https:\/\/blog.jena.de\/beteiligung\/wp-content\/uploads\/sites\/14\/2015\/04\/IMG_0492-1035x690.jpg 1035w\" sizes=\"auto, (max-width: 500px) 100vw, 500px\" \/><\/a>\n\t\t\t<\/div>\n\t\t\t\t<figcaption class='wp-caption-text gallery-caption' id='gallery-1-180'>\n\t\t\t\tThementisch &#8222;Inhalt und Themen&#8220; bei der Auftaktveranstaltung, \u00a9 ORBIT\n\t\t\t\t<\/figcaption><\/figure><figure class='gallery-item'>\n\t\t\t<div class='gallery-icon landscape'>\n\t\t\t\t<a href='https:\/\/blog.jena.de\/beteiligung\/img_0493\/'><img loading=\"lazy\" decoding=\"async\" width=\"500\" height=\"333\" src=\"https:\/\/blog.jena.de\/beteiligung\/wp-content\/uploads\/sites\/14\/2015\/04\/IMG_0493-500x333.jpg\" class=\"attachment-medium size-medium\" alt=\"Blick auf den Thementisch Inhalt und Themen der Auftaktveranstaltung, Auftaktveranstaltung Leitlinien f\u00fcr die B\u00fcrgerbeteiligung, \u00a9 ORBIT\" aria-describedby=\"gallery-1-181\" srcset=\"https:\/\/blog.jena.de\/beteiligung\/wp-content\/uploads\/sites\/14\/2015\/04\/IMG_0493-500x333.jpg 500w, https:\/\/blog.jena.de\/beteiligung\/wp-content\/uploads\/sites\/14\/2015\/04\/IMG_0493-768x512.jpg 768w, https:\/\/blog.jena.de\/beteiligung\/wp-content\/uploads\/sites\/14\/2015\/04\/IMG_0493-1000x667.jpg 1000w, https:\/\/blog.jena.de\/beteiligung\/wp-content\/uploads\/sites\/14\/2015\/04\/IMG_0493-600x400.jpg 600w, https:\/\/blog.jena.de\/beteiligung\/wp-content\/uploads\/sites\/14\/2015\/04\/IMG_0493-1035x690.jpg 1035w\" sizes=\"auto, (max-width: 500px) 100vw, 500px\" \/><\/a>\n\t\t\t<\/div>\n\t\t\t\t<figcaption class='wp-caption-text gallery-caption' id='gallery-1-181'>\n\t\t\t\tThementisch &#8222;Inhalt und Themen&#8220; bei der Auftaktveranstaltung, \u00a9 ORBIT\n\t\t\t\t<\/figcaption><\/figure><figure class='gallery-item'>\n\t\t\t<div class='gallery-icon landscape'>\n\t\t\t\t<a href='https:\/\/blog.jena.de\/beteiligung\/img_0494\/'><img loading=\"lazy\" decoding=\"async\" width=\"500\" height=\"333\" src=\"https:\/\/blog.jena.de\/beteiligung\/wp-content\/uploads\/sites\/14\/2015\/04\/IMG_0494-500x333.jpg\" class=\"attachment-medium size-medium\" alt=\"Blick auf den Thementisch Inhalt und Themen der Auftaktveranstaltung, Auftaktveranstaltung Leitlinien f\u00fcr die B\u00fcrgerbeteiligung, \u00a9 ORBIT\" aria-describedby=\"gallery-1-182\" srcset=\"https:\/\/blog.jena.de\/beteiligung\/wp-content\/uploads\/sites\/14\/2015\/04\/IMG_0494-500x333.jpg 500w, https:\/\/blog.jena.de\/beteiligung\/wp-content\/uploads\/sites\/14\/2015\/04\/IMG_0494-768x512.jpg 768w, https:\/\/blog.jena.de\/beteiligung\/wp-content\/uploads\/sites\/14\/2015\/04\/IMG_0494-1000x667.jpg 1000w, https:\/\/blog.jena.de\/beteiligung\/wp-content\/uploads\/sites\/14\/2015\/04\/IMG_0494-600x400.jpg 600w, https:\/\/blog.jena.de\/beteiligung\/wp-content\/uploads\/sites\/14\/2015\/04\/IMG_0494-1035x690.jpg 1035w\" sizes=\"auto, (max-width: 500px) 100vw, 500px\" \/><\/a>\n\t\t\t<\/div>\n\t\t\t\t<figcaption class='wp-caption-text gallery-caption' id='gallery-1-182'>\n\t\t\t\tThementisch &#8222;Inhalt und Themen&#8220; bei der Auftaktveranstaltung, \u00a9 ORBIT\n\t\t\t\t<\/figcaption><\/figure><figure class='gallery-item'>\n\t\t\t<div class='gallery-icon landscape'>\n\t\t\t\t<a href='https:\/\/blog.jena.de\/beteiligung\/img_0495\/'><img loading=\"lazy\" decoding=\"async\" width=\"500\" height=\"333\" src=\"https:\/\/blog.jena.de\/beteiligung\/wp-content\/uploads\/sites\/14\/2015\/04\/IMG_0495-500x333.jpg\" class=\"attachment-medium size-medium\" alt=\"Blick auf den Thementisch Inhalt und Themen der Auftaktveranstaltung, Auftaktveranstaltung Leitlinien f\u00fcr die B\u00fcrgerbeteiligung, \u00a9 ORBIT\" aria-describedby=\"gallery-1-183\" srcset=\"https:\/\/blog.jena.de\/beteiligung\/wp-content\/uploads\/sites\/14\/2015\/04\/IMG_0495-500x333.jpg 500w, https:\/\/blog.jena.de\/beteiligung\/wp-content\/uploads\/sites\/14\/2015\/04\/IMG_0495-768x512.jpg 768w, https:\/\/blog.jena.de\/beteiligung\/wp-content\/uploads\/sites\/14\/2015\/04\/IMG_0495-1000x667.jpg 1000w, https:\/\/blog.jena.de\/beteiligung\/wp-content\/uploads\/sites\/14\/2015\/04\/IMG_0495-600x400.jpg 600w, https:\/\/blog.jena.de\/beteiligung\/wp-content\/uploads\/sites\/14\/2015\/04\/IMG_0495-1035x690.jpg 1035w\" sizes=\"auto, (max-width: 500px) 100vw, 500px\" \/><\/a>\n\t\t\t<\/div>\n\t\t\t\t<figcaption class='wp-caption-text gallery-caption' id='gallery-1-183'>\n\t\t\t\tThementisch &#8222;Inhalt und Themen&#8220; bei der Auftaktveranstaltung, \u00a9 ORBIT\n\t\t\t\t<\/figcaption><\/figure><figure class='gallery-item'>\n\t\t\t<div class='gallery-icon landscape'>\n\t\t\t\t<a href='https:\/\/blog.jena.de\/beteiligung\/img_0496\/'><img loading=\"lazy\" decoding=\"async\" width=\"500\" height=\"333\" src=\"https:\/\/blog.jena.de\/beteiligung\/wp-content\/uploads\/sites\/14\/2015\/04\/IMG_0496-500x333.jpg\" class=\"attachment-medium size-medium\" alt=\"Blick auf den Thementisch Inhalt und Themen der Auftaktveranstaltung, Auftaktveranstaltung Leitlinien f\u00fcr die B\u00fcrgerbeteiligung, \u00a9 ORBIT\" aria-describedby=\"gallery-1-184\" srcset=\"https:\/\/blog.jena.de\/beteiligung\/wp-content\/uploads\/sites\/14\/2015\/04\/IMG_0496-500x333.jpg 500w, https:\/\/blog.jena.de\/beteiligung\/wp-content\/uploads\/sites\/14\/2015\/04\/IMG_0496-768x512.jpg 768w, https:\/\/blog.jena.de\/beteiligung\/wp-content\/uploads\/sites\/14\/2015\/04\/IMG_0496-1000x667.jpg 1000w, https:\/\/blog.jena.de\/beteiligung\/wp-content\/uploads\/sites\/14\/2015\/04\/IMG_0496-600x400.jpg 600w, https:\/\/blog.jena.de\/beteiligung\/wp-content\/uploads\/sites\/14\/2015\/04\/IMG_0496-1035x690.jpg 1035w\" sizes=\"auto, (max-width: 500px) 100vw, 500px\" \/><\/a>\n\t\t\t<\/div>\n\t\t\t\t<figcaption class='wp-caption-text gallery-caption' id='gallery-1-184'>\n\t\t\t\tThementisch &#8222;Inhalt und Themen&#8220; bei der Auftaktveranstaltung, \u00a9 ORBIT\n\t\t\t\t<\/figcaption><\/figure><figure class='gallery-item'>\n\t\t\t<div class='gallery-icon landscape'>\n\t\t\t\t<a href='https:\/\/blog.jena.de\/beteiligung\/img_0497\/'><img loading=\"lazy\" decoding=\"async\" width=\"500\" height=\"333\" src=\"https:\/\/blog.jena.de\/beteiligung\/wp-content\/uploads\/sites\/14\/2015\/04\/IMG_0497-500x333.jpg\" class=\"attachment-medium size-medium\" alt=\"Blick auf den Thementisch Inhalt und Themen der Auftaktveranstaltung, Auftaktveranstaltung Leitlinien f\u00fcr die B\u00fcrgerbeteiligung, \u00a9 ORBIT\" aria-describedby=\"gallery-1-185\" srcset=\"https:\/\/blog.jena.de\/beteiligung\/wp-content\/uploads\/sites\/14\/2015\/04\/IMG_0497-500x333.jpg 500w, https:\/\/blog.jena.de\/beteiligung\/wp-content\/uploads\/sites\/14\/2015\/04\/IMG_0497-768x512.jpg 768w, https:\/\/blog.jena.de\/beteiligung\/wp-content\/uploads\/sites\/14\/2015\/04\/IMG_0497-1000x667.jpg 1000w, https:\/\/blog.jena.de\/beteiligung\/wp-content\/uploads\/sites\/14\/2015\/04\/IMG_0497-600x400.jpg 600w, https:\/\/blog.jena.de\/beteiligung\/wp-content\/uploads\/sites\/14\/2015\/04\/IMG_0497-1035x690.jpg 1035w\" sizes=\"auto, (max-width: 500px) 100vw, 500px\" \/><\/a>\n\t\t\t<\/div>\n\t\t\t\t<figcaption class='wp-caption-text gallery-caption' id='gallery-1-185'>\n\t\t\t\tThementisch &#8222;Inhalt und Themen&#8220; bei der Auftaktveranstaltung, \u00a9 ORBIT\n\t\t\t\t<\/figcaption><\/figure><figure class='gallery-item'>\n\t\t\t<div class='gallery-icon landscape'>\n\t\t\t\t<a href='https:\/\/blog.jena.de\/beteiligung\/img_0498\/'><img loading=\"lazy\" decoding=\"async\" width=\"500\" height=\"333\" src=\"https:\/\/blog.jena.de\/beteiligung\/wp-content\/uploads\/sites\/14\/2015\/04\/IMG_0498-500x333.jpg\" class=\"attachment-medium size-medium\" alt=\"Blick auf den Thementisch Inhalt und Themen der Auftaktveranstaltung, Auftaktveranstaltung Leitlinien f\u00fcr die B\u00fcrgerbeteiligung, \u00a9 ORBIT\" aria-describedby=\"gallery-1-186\" srcset=\"https:\/\/blog.jena.de\/beteiligung\/wp-content\/uploads\/sites\/14\/2015\/04\/IMG_0498-500x333.jpg 500w, https:\/\/blog.jena.de\/beteiligung\/wp-content\/uploads\/sites\/14\/2015\/04\/IMG_0498-768x512.jpg 768w, https:\/\/blog.jena.de\/beteiligung\/wp-content\/uploads\/sites\/14\/2015\/04\/IMG_0498-1000x667.jpg 1000w, https:\/\/blog.jena.de\/beteiligung\/wp-content\/uploads\/sites\/14\/2015\/04\/IMG_0498-600x400.jpg 600w, https:\/\/blog.jena.de\/beteiligung\/wp-content\/uploads\/sites\/14\/2015\/04\/IMG_0498-1035x690.jpg 1035w\" sizes=\"auto, (max-width: 500px) 100vw, 500px\" \/><\/a>\n\t\t\t<\/div>\n\t\t\t\t<figcaption class='wp-caption-text gallery-caption' id='gallery-1-186'>\n\t\t\t\tThementisch &#8222;Inhalt und Themen&#8220; bei der Auftaktveranstaltung, \u00a9 ORBIT\n\n\t\t\t\t<\/figcaption><\/figure><figure class='gallery-item'>\n\t\t\t<div class='gallery-icon landscape'>\n\t\t\t\t<a href='https:\/\/blog.jena.de\/beteiligung\/img_0499\/'><img loading=\"lazy\" decoding=\"async\" width=\"500\" height=\"333\" src=\"https:\/\/blog.jena.de\/beteiligung\/wp-content\/uploads\/sites\/14\/2015\/04\/IMG_0499-500x333.jpg\" class=\"attachment-medium size-medium\" alt=\"Blick auf den Thementisch Inhalt und Themen der Auftaktveranstaltung, Auftaktveranstaltung Leitlinien f\u00fcr die B\u00fcrgerbeteiligung, \u00a9 ORBIT\" aria-describedby=\"gallery-1-187\" srcset=\"https:\/\/blog.jena.de\/beteiligung\/wp-content\/uploads\/sites\/14\/2015\/04\/IMG_0499-500x333.jpg 500w, https:\/\/blog.jena.de\/beteiligung\/wp-content\/uploads\/sites\/14\/2015\/04\/IMG_0499-768x512.jpg 768w, https:\/\/blog.jena.de\/beteiligung\/wp-content\/uploads\/sites\/14\/2015\/04\/IMG_0499-1000x667.jpg 1000w, https:\/\/blog.jena.de\/beteiligung\/wp-content\/uploads\/sites\/14\/2015\/04\/IMG_0499-600x400.jpg 600w, https:\/\/blog.jena.de\/beteiligung\/wp-content\/uploads\/sites\/14\/2015\/04\/IMG_0499-1035x690.jpg 1035w\" sizes=\"auto, (max-width: 500px) 100vw, 500px\" \/><\/a>\n\t\t\t<\/div>\n\t\t\t\t<figcaption class='wp-caption-text gallery-caption' id='gallery-1-187'>\n\t\t\t\tThementisch &#8222;Inhalt und Themen&#8220; bei der Auftaktveranstaltung, \u00a9 ORBIT\n\t\t\t\t<\/figcaption><\/figure><figure class='gallery-item'>\n\t\t\t<div class='gallery-icon landscape'>\n\t\t\t\t<a href='https:\/\/blog.jena.de\/beteiligung\/img_0500\/'><img loading=\"lazy\" decoding=\"async\" width=\"500\" height=\"333\" src=\"https:\/\/blog.jena.de\/beteiligung\/wp-content\/uploads\/sites\/14\/2015\/04\/IMG_0500-500x333.jpg\" class=\"attachment-medium size-medium\" alt=\"Blick auf den Thementisch Inhalt und Themen der Auftaktveranstaltung, Auftaktveranstaltung Leitlinien f\u00fcr die B\u00fcrgerbeteiligung, \u00a9 ORBIT\" aria-describedby=\"gallery-1-188\" srcset=\"https:\/\/blog.jena.de\/beteiligung\/wp-content\/uploads\/sites\/14\/2015\/04\/IMG_0500-500x333.jpg 500w, https:\/\/blog.jena.de\/beteiligung\/wp-content\/uploads\/sites\/14\/2015\/04\/IMG_0500-768x512.jpg 768w, https:\/\/blog.jena.de\/beteiligung\/wp-content\/uploads\/sites\/14\/2015\/04\/IMG_0500-1000x667.jpg 1000w, https:\/\/blog.jena.de\/beteiligung\/wp-content\/uploads\/sites\/14\/2015\/04\/IMG_0500-600x400.jpg 600w, https:\/\/blog.jena.de\/beteiligung\/wp-content\/uploads\/sites\/14\/2015\/04\/IMG_0500-1035x690.jpg 1035w\" sizes=\"auto, (max-width: 500px) 100vw, 500px\" \/><\/a>\n\t\t\t<\/div>\n\t\t\t\t<figcaption class='wp-caption-text gallery-caption' id='gallery-1-188'>\n\t\t\t\tThementisch &#8222;Inhalt und Themen&#8220; bei der Auftaktveranstaltung, \u00a9 ORBIT\n\t\t\t\t<\/figcaption><\/figure><figure class='gallery-item'>\n\t\t\t<div class='gallery-icon landscape'>\n\t\t\t\t<a href='https:\/\/blog.jena.de\/beteiligung\/img_0501\/'><img loading=\"lazy\" decoding=\"async\" width=\"500\" height=\"333\" src=\"https:\/\/blog.jena.de\/beteiligung\/wp-content\/uploads\/sites\/14\/2015\/04\/IMG_0501-500x333.jpg\" class=\"attachment-medium size-medium\" alt=\"Blick auf den Thementisch Inhalt und Themen der Auftaktveranstaltung, Auftaktveranstaltung Leitlinien f\u00fcr die B\u00fcrgerbeteiligung, \u00a9 ORBIT\" aria-describedby=\"gallery-1-189\" srcset=\"https:\/\/blog.jena.de\/beteiligung\/wp-content\/uploads\/sites\/14\/2015\/04\/IMG_0501-500x333.jpg 500w, https:\/\/blog.jena.de\/beteiligung\/wp-content\/uploads\/sites\/14\/2015\/04\/IMG_0501-768x512.jpg 768w, https:\/\/blog.jena.de\/beteiligung\/wp-content\/uploads\/sites\/14\/2015\/04\/IMG_0501-1000x667.jpg 1000w, https:\/\/blog.jena.de\/beteiligung\/wp-content\/uploads\/sites\/14\/2015\/04\/IMG_0501-600x400.jpg 600w, https:\/\/blog.jena.de\/beteiligung\/wp-content\/uploads\/sites\/14\/2015\/04\/IMG_0501-1035x690.jpg 1035w\" sizes=\"auto, (max-width: 500px) 100vw, 500px\" \/><\/a>\n\t\t\t<\/div>\n\t\t\t\t<figcaption class='wp-caption-text gallery-caption' id='gallery-1-189'>\n\t\t\t\tThementisch &#8222;Inhalt und Themen&#8220; bei der Auftaktveranstaltung, \u00a9 ORBIT\n\t\t\t\t<\/figcaption><\/figure><figure class='gallery-item'>\n\t\t\t<div class='gallery-icon landscape'>\n\t\t\t\t<a href='https:\/\/blog.jena.de\/beteiligung\/img_0502\/'><img loading=\"lazy\" decoding=\"async\" width=\"500\" height=\"333\" src=\"https:\/\/blog.jena.de\/beteiligung\/wp-content\/uploads\/sites\/14\/2015\/04\/IMG_0502-500x333.jpg\" class=\"attachment-medium size-medium\" alt=\"Blick auf den Thementisch Inhalt und Themen der Auftaktveranstaltung, Auftaktveranstaltung Leitlinien f\u00fcr die B\u00fcrgerbeteiligung, \u00a9 ORBIT\" aria-describedby=\"gallery-1-190\" srcset=\"https:\/\/blog.jena.de\/beteiligung\/wp-content\/uploads\/sites\/14\/2015\/04\/IMG_0502-500x333.jpg 500w, https:\/\/blog.jena.de\/beteiligung\/wp-content\/uploads\/sites\/14\/2015\/04\/IMG_0502-768x512.jpg 768w, https:\/\/blog.jena.de\/beteiligung\/wp-content\/uploads\/sites\/14\/2015\/04\/IMG_0502-1000x667.jpg 1000w, https:\/\/blog.jena.de\/beteiligung\/wp-content\/uploads\/sites\/14\/2015\/04\/IMG_0502-600x400.jpg 600w, https:\/\/blog.jena.de\/beteiligung\/wp-content\/uploads\/sites\/14\/2015\/04\/IMG_0502-1035x690.jpg 1035w\" sizes=\"auto, (max-width: 500px) 100vw, 500px\" \/><\/a>\n\t\t\t<\/div>\n\t\t\t\t<figcaption class='wp-caption-text gallery-caption' id='gallery-1-190'>\n\t\t\t\tThementisch &#8222;Inhalt und Themen&#8220; bei der Auftaktveranstaltung, \u00a9 ORBIT\n\t\t\t\t<\/figcaption><\/figure><figure class='gallery-item'>\n\t\t\t<div class='gallery-icon landscape'>\n\t\t\t\t<a href='https:\/\/blog.jena.de\/beteiligung\/img_0503\/'><img loading=\"lazy\" decoding=\"async\" width=\"500\" height=\"333\" src=\"https:\/\/blog.jena.de\/beteiligung\/wp-content\/uploads\/sites\/14\/2015\/04\/IMG_0503-500x333.jpg\" class=\"attachment-medium size-medium\" alt=\"Blick auf den Thementisch Inhalt und Themen der Auftaktveranstaltung, Auftaktveranstaltung Leitlinien f\u00fcr die B\u00fcrgerbeteiligung, \u00a9 ORBIT\" aria-describedby=\"gallery-1-191\" srcset=\"https:\/\/blog.jena.de\/beteiligung\/wp-content\/uploads\/sites\/14\/2015\/04\/IMG_0503-500x333.jpg 500w, https:\/\/blog.jena.de\/beteiligung\/wp-content\/uploads\/sites\/14\/2015\/04\/IMG_0503-768x512.jpg 768w, https:\/\/blog.jena.de\/beteiligung\/wp-content\/uploads\/sites\/14\/2015\/04\/IMG_0503-1000x667.jpg 1000w, https:\/\/blog.jena.de\/beteiligung\/wp-content\/uploads\/sites\/14\/2015\/04\/IMG_0503-600x400.jpg 600w, https:\/\/blog.jena.de\/beteiligung\/wp-content\/uploads\/sites\/14\/2015\/04\/IMG_0503-1035x690.jpg 1035w\" sizes=\"auto, (max-width: 500px) 100vw, 500px\" \/><\/a>\n\t\t\t<\/div>\n\t\t\t\t<figcaption class='wp-caption-text gallery-caption' id='gallery-1-191'>\n\t\t\t\tThementisch &#8222;Inhalt und Themen&#8220; bei der Auftaktveranstaltung, \u00a9 ORBIT\n\t\t\t\t<\/figcaption><\/figure><figure class='gallery-item'>\n\t\t\t<div class='gallery-icon landscape'>\n\t\t\t\t<a href='https:\/\/blog.jena.de\/beteiligung\/img_0504\/'><img loading=\"lazy\" decoding=\"async\" width=\"500\" height=\"333\" src=\"https:\/\/blog.jena.de\/beteiligung\/wp-content\/uploads\/sites\/14\/2015\/04\/IMG_0504-500x333.jpg\" class=\"attachment-medium size-medium\" alt=\"Blick auf den Thementisch Inhalt und Themen der Auftaktveranstaltung, Auftaktveranstaltung Leitlinien f\u00fcr die B\u00fcrgerbeteiligung, \u00a9 ORBIT\" aria-describedby=\"gallery-1-192\" srcset=\"https:\/\/blog.jena.de\/beteiligung\/wp-content\/uploads\/sites\/14\/2015\/04\/IMG_0504-500x333.jpg 500w, https:\/\/blog.jena.de\/beteiligung\/wp-content\/uploads\/sites\/14\/2015\/04\/IMG_0504-768x512.jpg 768w, https:\/\/blog.jena.de\/beteiligung\/wp-content\/uploads\/sites\/14\/2015\/04\/IMG_0504-1000x667.jpg 1000w, https:\/\/blog.jena.de\/beteiligung\/wp-content\/uploads\/sites\/14\/2015\/04\/IMG_0504-600x400.jpg 600w, https:\/\/blog.jena.de\/beteiligung\/wp-content\/uploads\/sites\/14\/2015\/04\/IMG_0504-1035x690.jpg 1035w\" sizes=\"auto, (max-width: 500px) 100vw, 500px\" \/><\/a>\n\t\t\t<\/div>\n\t\t\t\t<figcaption class='wp-caption-text gallery-caption' id='gallery-1-192'>\n\t\t\t\tThementisch &#8222;Inhalt und Themen&#8220; bei der Auftaktveranstaltung, \u00a9 ORBIT\n\t\t\t\t<\/figcaption><\/figure><figure class='gallery-item'>\n\t\t\t<div class='gallery-icon landscape'>\n\t\t\t\t<a href='https:\/\/blog.jena.de\/beteiligung\/img_0505\/'><img loading=\"lazy\" decoding=\"async\" width=\"500\" height=\"333\" src=\"https:\/\/blog.jena.de\/beteiligung\/wp-content\/uploads\/sites\/14\/2015\/04\/IMG_0505-500x333.jpg\" class=\"attachment-medium size-medium\" alt=\"Blick auf den Thementisch Inhalt und Themen der Auftaktveranstaltung, Auftaktveranstaltung Leitlinien f\u00fcr die B\u00fcrgerbeteiligung, \u00a9 ORBIT\" aria-describedby=\"gallery-1-193\" srcset=\"https:\/\/blog.jena.de\/beteiligung\/wp-content\/uploads\/sites\/14\/2015\/04\/IMG_0505-500x333.jpg 500w, https:\/\/blog.jena.de\/beteiligung\/wp-content\/uploads\/sites\/14\/2015\/04\/IMG_0505-768x512.jpg 768w, https:\/\/blog.jena.de\/beteiligung\/wp-content\/uploads\/sites\/14\/2015\/04\/IMG_0505-1000x667.jpg 1000w, https:\/\/blog.jena.de\/beteiligung\/wp-content\/uploads\/sites\/14\/2015\/04\/IMG_0505-600x400.jpg 600w, https:\/\/blog.jena.de\/beteiligung\/wp-content\/uploads\/sites\/14\/2015\/04\/IMG_0505-1035x690.jpg 1035w\" sizes=\"auto, (max-width: 500px) 100vw, 500px\" \/><\/a>\n\t\t\t<\/div>\n\t\t\t\t<figcaption class='wp-caption-text gallery-caption' id='gallery-1-193'>\n\t\t\t\tThementisch &#8222;Inhalt und Themen&#8220; bei der Auftaktveranstaltung, \u00a9 ORBIT\n\t\t\t\t<\/figcaption><\/figure><figure class='gallery-item'>\n\t\t\t<div class='gallery-icon landscape'>\n\t\t\t\t<a href='https:\/\/blog.jena.de\/beteiligung\/img_0506\/'><img loading=\"lazy\" decoding=\"async\" width=\"500\" height=\"333\" src=\"https:\/\/blog.jena.de\/beteiligung\/wp-content\/uploads\/sites\/14\/2015\/04\/IMG_0506-500x333.jpg\" class=\"attachment-medium size-medium\" alt=\"Blick auf den Thementisch Inhalt und Themen der Auftaktveranstaltung, Auftaktveranstaltung Leitlinien f\u00fcr die B\u00fcrgerbeteiligung, \u00a9 ORBIT\" aria-describedby=\"gallery-1-194\" srcset=\"https:\/\/blog.jena.de\/beteiligung\/wp-content\/uploads\/sites\/14\/2015\/04\/IMG_0506-500x333.jpg 500w, https:\/\/blog.jena.de\/beteiligung\/wp-content\/uploads\/sites\/14\/2015\/04\/IMG_0506-768x512.jpg 768w, https:\/\/blog.jena.de\/beteiligung\/wp-content\/uploads\/sites\/14\/2015\/04\/IMG_0506-1000x667.jpg 1000w, https:\/\/blog.jena.de\/beteiligung\/wp-content\/uploads\/sites\/14\/2015\/04\/IMG_0506-600x400.jpg 600w, https:\/\/blog.jena.de\/beteiligung\/wp-content\/uploads\/sites\/14\/2015\/04\/IMG_0506-1035x690.jpg 1035w\" sizes=\"auto, (max-width: 500px) 100vw, 500px\" \/><\/a>\n\t\t\t<\/div>\n\t\t\t\t<figcaption class='wp-caption-text gallery-caption' id='gallery-1-194'>\n\t\t\t\tThementisch &#8222;Inhalt und Themen&#8220; bei der Auftaktveranstaltung, \u00a9 ORBIT\n\t\t\t\t<\/figcaption><\/figure><figure class='gallery-item'>\n\t\t\t<div class='gallery-icon landscape'>\n\t\t\t\t<a href='https:\/\/blog.jena.de\/beteiligung\/img_0507\/'><img loading=\"lazy\" decoding=\"async\" width=\"500\" height=\"333\" src=\"https:\/\/blog.jena.de\/beteiligung\/wp-content\/uploads\/sites\/14\/2015\/04\/IMG_0507-500x333.jpg\" class=\"attachment-medium size-medium\" alt=\"Blick auf den Thementisch Inhalt und Themen der Auftaktveranstaltung, Auftaktveranstaltung Leitlinien f\u00fcr die B\u00fcrgerbeteiligung, \u00a9 ORBIT\" aria-describedby=\"gallery-1-195\" srcset=\"https:\/\/blog.jena.de\/beteiligung\/wp-content\/uploads\/sites\/14\/2015\/04\/IMG_0507-500x333.jpg 500w, https:\/\/blog.jena.de\/beteiligung\/wp-content\/uploads\/sites\/14\/2015\/04\/IMG_0507-768x512.jpg 768w, https:\/\/blog.jena.de\/beteiligung\/wp-content\/uploads\/sites\/14\/2015\/04\/IMG_0507-1000x667.jpg 1000w, https:\/\/blog.jena.de\/beteiligung\/wp-content\/uploads\/sites\/14\/2015\/04\/IMG_0507-600x400.jpg 600w, https:\/\/blog.jena.de\/beteiligung\/wp-content\/uploads\/sites\/14\/2015\/04\/IMG_0507-1035x690.jpg 1035w\" sizes=\"auto, (max-width: 500px) 100vw, 500px\" \/><\/a>\n\t\t\t<\/div>\n\t\t\t\t<figcaption class='wp-caption-text gallery-caption' id='gallery-1-195'>\n\t\t\t\tThementisch &#8222;Inhalt und Themen&#8220; bei der Auftaktveranstaltung, \u00a9 ORBIT\n\t\t\t\t<\/figcaption><\/figure><figure class='gallery-item'>\n\t\t\t<div class='gallery-icon landscape'>\n\t\t\t\t<a href='https:\/\/blog.jena.de\/beteiligung\/img_0508\/'><img loading=\"lazy\" decoding=\"async\" width=\"500\" height=\"333\" src=\"https:\/\/blog.jena.de\/beteiligung\/wp-content\/uploads\/sites\/14\/2015\/04\/IMG_0508-500x333.jpg\" class=\"attachment-medium size-medium\" alt=\"Blick auf den Thementisch Inhalt und Themen der Auftaktveranstaltung, Auftaktveranstaltung Leitlinien f\u00fcr die B\u00fcrgerbeteiligung, \u00a9 ORBIT\" aria-describedby=\"gallery-1-196\" srcset=\"https:\/\/blog.jena.de\/beteiligung\/wp-content\/uploads\/sites\/14\/2015\/04\/IMG_0508-500x333.jpg 500w, https:\/\/blog.jena.de\/beteiligung\/wp-content\/uploads\/sites\/14\/2015\/04\/IMG_0508-768x512.jpg 768w, https:\/\/blog.jena.de\/beteiligung\/wp-content\/uploads\/sites\/14\/2015\/04\/IMG_0508-1000x667.jpg 1000w, https:\/\/blog.jena.de\/beteiligung\/wp-content\/uploads\/sites\/14\/2015\/04\/IMG_0508-600x400.jpg 600w, https:\/\/blog.jena.de\/beteiligung\/wp-content\/uploads\/sites\/14\/2015\/04\/IMG_0508-1035x690.jpg 1035w\" sizes=\"auto, (max-width: 500px) 100vw, 500px\" \/><\/a>\n\t\t\t<\/div>\n\t\t\t\t<figcaption class='wp-caption-text gallery-caption' id='gallery-1-196'>\n\t\t\t\tThementisch &#8222;Inhalt und Themen&#8220; bei der Auftaktveranstaltung, \u00a9 ORBIT\n\t\t\t\t<\/figcaption><\/figure><figure class='gallery-item'>\n\t\t\t<div class='gallery-icon landscape'>\n\t\t\t\t<a href='https:\/\/blog.jena.de\/beteiligung\/img_0509\/'><img loading=\"lazy\" decoding=\"async\" width=\"500\" height=\"333\" src=\"https:\/\/blog.jena.de\/beteiligung\/wp-content\/uploads\/sites\/14\/2015\/04\/IMG_0509-500x333.jpg\" class=\"attachment-medium size-medium\" alt=\"Blick auf den Thementisch Methoden und Verfahren der Auftaktveranstaltung, Auftaktveranstaltung Leitlinien f\u00fcr die B\u00fcrgerbeteiligung, \u00a9 ORBIT\" aria-describedby=\"gallery-1-197\" srcset=\"https:\/\/blog.jena.de\/beteiligung\/wp-content\/uploads\/sites\/14\/2015\/04\/IMG_0509-500x333.jpg 500w, https:\/\/blog.jena.de\/beteiligung\/wp-content\/uploads\/sites\/14\/2015\/04\/IMG_0509-768x512.jpg 768w, https:\/\/blog.jena.de\/beteiligung\/wp-content\/uploads\/sites\/14\/2015\/04\/IMG_0509-1000x667.jpg 1000w, https:\/\/blog.jena.de\/beteiligung\/wp-content\/uploads\/sites\/14\/2015\/04\/IMG_0509-600x400.jpg 600w, https:\/\/blog.jena.de\/beteiligung\/wp-content\/uploads\/sites\/14\/2015\/04\/IMG_0509-1035x690.jpg 1035w\" sizes=\"auto, (max-width: 500px) 100vw, 500px\" \/><\/a>\n\t\t\t<\/div>\n\t\t\t\t<figcaption class='wp-caption-text gallery-caption' id='gallery-1-197'>\n\t\t\t\tThementisch &#8222;Methoden und Verfahren&#8220; bei der Auftaktveranstaltung, \u00a9 ORBIT\n\t\t\t\t<\/figcaption><\/figure><figure class='gallery-item'>\n\t\t\t<div class='gallery-icon landscape'>\n\t\t\t\t<a href='https:\/\/blog.jena.de\/beteiligung\/img_0510\/'><img loading=\"lazy\" decoding=\"async\" width=\"500\" height=\"333\" src=\"https:\/\/blog.jena.de\/beteiligung\/wp-content\/uploads\/sites\/14\/2015\/04\/IMG_0510-500x333.jpg\" class=\"attachment-medium size-medium\" alt=\"Blick auf den Thementisch Methoden und Verfahren der Auftaktveranstaltung, Auftaktveranstaltung Leitlinien f\u00fcr die B\u00fcrgerbeteiligung, \u00a9 ORBIT\" aria-describedby=\"gallery-1-198\" srcset=\"https:\/\/blog.jena.de\/beteiligung\/wp-content\/uploads\/sites\/14\/2015\/04\/IMG_0510-500x333.jpg 500w, https:\/\/blog.jena.de\/beteiligung\/wp-content\/uploads\/sites\/14\/2015\/04\/IMG_0510-768x512.jpg 768w, https:\/\/blog.jena.de\/beteiligung\/wp-content\/uploads\/sites\/14\/2015\/04\/IMG_0510-1000x667.jpg 1000w, https:\/\/blog.jena.de\/beteiligung\/wp-content\/uploads\/sites\/14\/2015\/04\/IMG_0510-600x400.jpg 600w, https:\/\/blog.jena.de\/beteiligung\/wp-content\/uploads\/sites\/14\/2015\/04\/IMG_0510-1035x690.jpg 1035w\" sizes=\"auto, (max-width: 500px) 100vw, 500px\" \/><\/a>\n\t\t\t<\/div>\n\t\t\t\t<figcaption class='wp-caption-text gallery-caption' id='gallery-1-198'>\n\t\t\t\tThementisch &#8222;Methoden und Verfahren&#8220; bei der Auftaktveranstaltung, \u00a9 ORBIT\n\t\t\t\t<\/figcaption><\/figure><figure class='gallery-item'>\n\t\t\t<div class='gallery-icon landscape'>\n\t\t\t\t<a href='https:\/\/blog.jena.de\/beteiligung\/img_0511\/'><img loading=\"lazy\" decoding=\"async\" width=\"500\" height=\"333\" src=\"https:\/\/blog.jena.de\/beteiligung\/wp-content\/uploads\/sites\/14\/2015\/04\/IMG_0511-500x333.jpg\" class=\"attachment-medium size-medium\" alt=\"Blick auf den Thementisch Methoden und Verfahren der Auftaktveranstaltung, Auftaktveranstaltung Leitlinien f\u00fcr die B\u00fcrgerbeteiligung, \u00a9 ORBIT\" aria-describedby=\"gallery-1-199\" srcset=\"https:\/\/blog.jena.de\/beteiligung\/wp-content\/uploads\/sites\/14\/2015\/04\/IMG_0511-500x333.jpg 500w, https:\/\/blog.jena.de\/beteiligung\/wp-content\/uploads\/sites\/14\/2015\/04\/IMG_0511-768x512.jpg 768w, https:\/\/blog.jena.de\/beteiligung\/wp-content\/uploads\/sites\/14\/2015\/04\/IMG_0511-1000x667.jpg 1000w, https:\/\/blog.jena.de\/beteiligung\/wp-content\/uploads\/sites\/14\/2015\/04\/IMG_0511-600x400.jpg 600w, https:\/\/blog.jena.de\/beteiligung\/wp-content\/uploads\/sites\/14\/2015\/04\/IMG_0511-1035x690.jpg 1035w\" sizes=\"auto, (max-width: 500px) 100vw, 500px\" \/><\/a>\n\t\t\t<\/div>\n\t\t\t\t<figcaption class='wp-caption-text gallery-caption' id='gallery-1-199'>\n\t\t\t\tThementisch &#8222;Methoden und Verfahren&#8220; bei der Auftaktveranstaltung, \u00a9 ORBIT\n\t\t\t\t<\/figcaption><\/figure><figure class='gallery-item'>\n\t\t\t<div class='gallery-icon landscape'>\n\t\t\t\t<a href='https:\/\/blog.jena.de\/beteiligung\/img_0512\/'><img loading=\"lazy\" decoding=\"async\" width=\"500\" height=\"333\" src=\"https:\/\/blog.jena.de\/beteiligung\/wp-content\/uploads\/sites\/14\/2015\/04\/IMG_0512-500x333.jpg\" class=\"attachment-medium size-medium\" alt=\"Blick auf den Thementisch Methoden und Verfahren der Auftaktveranstaltung, Auftaktveranstaltung Leitlinien f\u00fcr die B\u00fcrgerbeteiligung, \u00a9 ORBIT\" aria-describedby=\"gallery-1-200\" srcset=\"https:\/\/blog.jena.de\/beteiligung\/wp-content\/uploads\/sites\/14\/2015\/04\/IMG_0512-500x333.jpg 500w, https:\/\/blog.jena.de\/beteiligung\/wp-content\/uploads\/sites\/14\/2015\/04\/IMG_0512-768x512.jpg 768w, https:\/\/blog.jena.de\/beteiligung\/wp-content\/uploads\/sites\/14\/2015\/04\/IMG_0512-1000x667.jpg 1000w, https:\/\/blog.jena.de\/beteiligung\/wp-content\/uploads\/sites\/14\/2015\/04\/IMG_0512-600x400.jpg 600w, https:\/\/blog.jena.de\/beteiligung\/wp-content\/uploads\/sites\/14\/2015\/04\/IMG_0512-1035x690.jpg 1035w\" sizes=\"auto, (max-width: 500px) 100vw, 500px\" \/><\/a>\n\t\t\t<\/div>\n\t\t\t\t<figcaption class='wp-caption-text gallery-caption' id='gallery-1-200'>\n\t\t\t\tThementisch &#8222;Methoden und Verfahren&#8220; bei der Auftaktveranstaltung, \u00a9 ORBIT\n\t\t\t\t<\/figcaption><\/figure><figure class='gallery-item'>\n\t\t\t<div class='gallery-icon landscape'>\n\t\t\t\t<a href='https:\/\/blog.jena.de\/beteiligung\/img_0513\/'><img loading=\"lazy\" decoding=\"async\" width=\"500\" height=\"333\" src=\"https:\/\/blog.jena.de\/beteiligung\/wp-content\/uploads\/sites\/14\/2015\/04\/IMG_0513-500x333.jpg\" class=\"attachment-medium size-medium\" alt=\"Blick auf den Thementisch Methoden und Verfahren der Auftaktveranstaltung, Auftaktveranstaltung Leitlinien f\u00fcr die B\u00fcrgerbeteiligung, \u00a9 ORBIT\" aria-describedby=\"gallery-1-201\" srcset=\"https:\/\/blog.jena.de\/beteiligung\/wp-content\/uploads\/sites\/14\/2015\/04\/IMG_0513-500x333.jpg 500w, https:\/\/blog.jena.de\/beteiligung\/wp-content\/uploads\/sites\/14\/2015\/04\/IMG_0513-768x512.jpg 768w, https:\/\/blog.jena.de\/beteiligung\/wp-content\/uploads\/sites\/14\/2015\/04\/IMG_0513-1000x667.jpg 1000w, https:\/\/blog.jena.de\/beteiligung\/wp-content\/uploads\/sites\/14\/2015\/04\/IMG_0513-600x400.jpg 600w, https:\/\/blog.jena.de\/beteiligung\/wp-content\/uploads\/sites\/14\/2015\/04\/IMG_0513-1035x690.jpg 1035w\" sizes=\"auto, (max-width: 500px) 100vw, 500px\" \/><\/a>\n\t\t\t<\/div>\n\t\t\t\t<figcaption class='wp-caption-text gallery-caption' id='gallery-1-201'>\n\t\t\t\tThementisch &#8222;Methoden und Verfahren&#8220; bei der Auftaktveranstaltung, \u00a9 ORBIT\n\t\t\t\t<\/figcaption><\/figure><figure class='gallery-item'>\n\t\t\t<div class='gallery-icon landscape'>\n\t\t\t\t<a href='https:\/\/blog.jena.de\/beteiligung\/img_0514\/'><img loading=\"lazy\" decoding=\"async\" width=\"500\" height=\"333\" src=\"https:\/\/blog.jena.de\/beteiligung\/wp-content\/uploads\/sites\/14\/2015\/04\/IMG_0514-500x333.jpg\" class=\"attachment-medium size-medium\" alt=\"Blick auf den Thementisch Methoden und Verfahren der Auftaktveranstaltung, Auftaktveranstaltung Leitlinien f\u00fcr die B\u00fcrgerbeteiligung, \u00a9 ORBIT\" aria-describedby=\"gallery-1-202\" srcset=\"https:\/\/blog.jena.de\/beteiligung\/wp-content\/uploads\/sites\/14\/2015\/04\/IMG_0514-500x333.jpg 500w, https:\/\/blog.jena.de\/beteiligung\/wp-content\/uploads\/sites\/14\/2015\/04\/IMG_0514-768x512.jpg 768w, https:\/\/blog.jena.de\/beteiligung\/wp-content\/uploads\/sites\/14\/2015\/04\/IMG_0514-1000x667.jpg 1000w, https:\/\/blog.jena.de\/beteiligung\/wp-content\/uploads\/sites\/14\/2015\/04\/IMG_0514-600x400.jpg 600w, https:\/\/blog.jena.de\/beteiligung\/wp-content\/uploads\/sites\/14\/2015\/04\/IMG_0514-1035x690.jpg 1035w\" sizes=\"auto, (max-width: 500px) 100vw, 500px\" \/><\/a>\n\t\t\t<\/div>\n\t\t\t\t<figcaption class='wp-caption-text gallery-caption' id='gallery-1-202'>\n\t\t\t\tThementisch &#8222;Methoden und Verfahren&#8220; bei der Auftaktveranstaltung, \u00a9 ORBIT\n\t\t\t\t<\/figcaption><\/figure><figure class='gallery-item'>\n\t\t\t<div class='gallery-icon landscape'>\n\t\t\t\t<a href='https:\/\/blog.jena.de\/beteiligung\/img_0515\/'><img loading=\"lazy\" decoding=\"async\" width=\"500\" height=\"333\" src=\"https:\/\/blog.jena.de\/beteiligung\/wp-content\/uploads\/sites\/14\/2015\/04\/IMG_0515-500x333.jpg\" class=\"attachment-medium size-medium\" alt=\"Blick auf den Thementisch Methoden und Verfahren der Auftaktveranstaltung, Auftaktveranstaltung Leitlinien f\u00fcr die B\u00fcrgerbeteiligung, \u00a9 ORBIT\" aria-describedby=\"gallery-1-203\" srcset=\"https:\/\/blog.jena.de\/beteiligung\/wp-content\/uploads\/sites\/14\/2015\/04\/IMG_0515-500x333.jpg 500w, https:\/\/blog.jena.de\/beteiligung\/wp-content\/uploads\/sites\/14\/2015\/04\/IMG_0515-768x512.jpg 768w, https:\/\/blog.jena.de\/beteiligung\/wp-content\/uploads\/sites\/14\/2015\/04\/IMG_0515-1000x667.jpg 1000w, https:\/\/blog.jena.de\/beteiligung\/wp-content\/uploads\/sites\/14\/2015\/04\/IMG_0515-600x400.jpg 600w, https:\/\/blog.jena.de\/beteiligung\/wp-content\/uploads\/sites\/14\/2015\/04\/IMG_0515-1035x690.jpg 1035w\" sizes=\"auto, (max-width: 500px) 100vw, 500px\" \/><\/a>\n\t\t\t<\/div>\n\t\t\t\t<figcaption class='wp-caption-text gallery-caption' id='gallery-1-203'>\n\t\t\t\tThementisch &#8222;Methoden und Verfahren&#8220; bei der Auftaktveranstaltung, \u00a9 ORBIT\n\t\t\t\t<\/figcaption><\/figure><figure class='gallery-item'>\n\t\t\t<div class='gallery-icon landscape'>\n\t\t\t\t<a href='https:\/\/blog.jena.de\/beteiligung\/img_0516\/'><img loading=\"lazy\" decoding=\"async\" width=\"500\" height=\"333\" src=\"https:\/\/blog.jena.de\/beteiligung\/wp-content\/uploads\/sites\/14\/2015\/04\/IMG_0516-500x333.jpg\" class=\"attachment-medium size-medium\" alt=\"Blick auf den Thementisch Methoden und Verfahren der Auftaktveranstaltung, Auftaktveranstaltung Leitlinien f\u00fcr die B\u00fcrgerbeteiligung, \u00a9 ORBIT\" aria-describedby=\"gallery-1-204\" srcset=\"https:\/\/blog.jena.de\/beteiligung\/wp-content\/uploads\/sites\/14\/2015\/04\/IMG_0516-500x333.jpg 500w, https:\/\/blog.jena.de\/beteiligung\/wp-content\/uploads\/sites\/14\/2015\/04\/IMG_0516-768x512.jpg 768w, https:\/\/blog.jena.de\/beteiligung\/wp-content\/uploads\/sites\/14\/2015\/04\/IMG_0516-1000x667.jpg 1000w, https:\/\/blog.jena.de\/beteiligung\/wp-content\/uploads\/sites\/14\/2015\/04\/IMG_0516-600x400.jpg 600w, https:\/\/blog.jena.de\/beteiligung\/wp-content\/uploads\/sites\/14\/2015\/04\/IMG_0516-1035x690.jpg 1035w\" sizes=\"auto, (max-width: 500px) 100vw, 500px\" \/><\/a>\n\t\t\t<\/div>\n\t\t\t\t<figcaption class='wp-caption-text gallery-caption' id='gallery-1-204'>\n\t\t\t\tThementisch &#8222;Methoden und Verfahren&#8220; bei der Auftaktveranstaltung, \u00a9 ORBIT\n\t\t\t\t<\/figcaption><\/figure><figure class='gallery-item'>\n\t\t\t<div class='gallery-icon landscape'>\n\t\t\t\t<a href='https:\/\/blog.jena.de\/beteiligung\/img_0517\/'><img loading=\"lazy\" decoding=\"async\" width=\"500\" height=\"333\" src=\"https:\/\/blog.jena.de\/beteiligung\/wp-content\/uploads\/sites\/14\/2015\/04\/IMG_0517-500x333.jpg\" class=\"attachment-medium size-medium\" alt=\"Blick auf den Thementisch Methoden und Verfahren der Auftaktveranstaltung, Auftaktveranstaltung Leitlinien f\u00fcr die B\u00fcrgerbeteiligung, \u00a9 ORBIT\" aria-describedby=\"gallery-1-205\" srcset=\"https:\/\/blog.jena.de\/beteiligung\/wp-content\/uploads\/sites\/14\/2015\/04\/IMG_0517-500x333.jpg 500w, https:\/\/blog.jena.de\/beteiligung\/wp-content\/uploads\/sites\/14\/2015\/04\/IMG_0517-768x512.jpg 768w, https:\/\/blog.jena.de\/beteiligung\/wp-content\/uploads\/sites\/14\/2015\/04\/IMG_0517-1000x667.jpg 1000w, https:\/\/blog.jena.de\/beteiligung\/wp-content\/uploads\/sites\/14\/2015\/04\/IMG_0517-600x400.jpg 600w, https:\/\/blog.jena.de\/beteiligung\/wp-content\/uploads\/sites\/14\/2015\/04\/IMG_0517-1035x690.jpg 1035w\" sizes=\"auto, (max-width: 500px) 100vw, 500px\" \/><\/a>\n\t\t\t<\/div>\n\t\t\t\t<figcaption class='wp-caption-text gallery-caption' id='gallery-1-205'>\n\t\t\t\tThementisch &#8222;Methoden und Verfahren&#8220; bei der Auftaktveranstaltung, \u00a9 ORBIT\n\t\t\t\t<\/figcaption><\/figure><figure class='gallery-item'>\n\t\t\t<div class='gallery-icon landscape'>\n\t\t\t\t<a href='https:\/\/blog.jena.de\/beteiligung\/img_0518\/'><img loading=\"lazy\" decoding=\"async\" width=\"500\" height=\"333\" src=\"https:\/\/blog.jena.de\/beteiligung\/wp-content\/uploads\/sites\/14\/2015\/04\/IMG_0518-500x333.jpg\" class=\"attachment-medium size-medium\" alt=\"Blick auf den Thementisch Methoden und Verfahren der Auftaktveranstaltung, Auftaktveranstaltung Leitlinien f\u00fcr die B\u00fcrgerbeteiligung, \u00a9 ORBIT\" aria-describedby=\"gallery-1-206\" srcset=\"https:\/\/blog.jena.de\/beteiligung\/wp-content\/uploads\/sites\/14\/2015\/04\/IMG_0518-500x333.jpg 500w, https:\/\/blog.jena.de\/beteiligung\/wp-content\/uploads\/sites\/14\/2015\/04\/IMG_0518-768x512.jpg 768w, https:\/\/blog.jena.de\/beteiligung\/wp-content\/uploads\/sites\/14\/2015\/04\/IMG_0518-1000x667.jpg 1000w, https:\/\/blog.jena.de\/beteiligung\/wp-content\/uploads\/sites\/14\/2015\/04\/IMG_0518-600x400.jpg 600w, https:\/\/blog.jena.de\/beteiligung\/wp-content\/uploads\/sites\/14\/2015\/04\/IMG_0518-1035x690.jpg 1035w\" sizes=\"auto, (max-width: 500px) 100vw, 500px\" \/><\/a>\n\t\t\t<\/div>\n\t\t\t\t<figcaption class='wp-caption-text gallery-caption' id='gallery-1-206'>\n\t\t\t\tThementisch &#8222;Methoden und Verfahren&#8220; bei der Auftaktveranstaltung, \u00a9 ORBIT\n\t\t\t\t<\/figcaption><\/figure><figure class='gallery-item'>\n\t\t\t<div class='gallery-icon landscape'>\n\t\t\t\t<a href='https:\/\/blog.jena.de\/beteiligung\/img_0519\/'><img loading=\"lazy\" decoding=\"async\" width=\"500\" height=\"333\" src=\"https:\/\/blog.jena.de\/beteiligung\/wp-content\/uploads\/sites\/14\/2015\/04\/IMG_0519-500x333.jpg\" class=\"attachment-medium size-medium\" alt=\"Blick auf den Thementisch Methoden und Verfahren der Auftaktveranstaltung, Auftaktveranstaltung Leitlinien f\u00fcr die B\u00fcrgerbeteiligung, \u00a9 ORBIT\" aria-describedby=\"gallery-1-207\" srcset=\"https:\/\/blog.jena.de\/beteiligung\/wp-content\/uploads\/sites\/14\/2015\/04\/IMG_0519-500x333.jpg 500w, https:\/\/blog.jena.de\/beteiligung\/wp-content\/uploads\/sites\/14\/2015\/04\/IMG_0519-768x512.jpg 768w, https:\/\/blog.jena.de\/beteiligung\/wp-content\/uploads\/sites\/14\/2015\/04\/IMG_0519-1000x667.jpg 1000w, https:\/\/blog.jena.de\/beteiligung\/wp-content\/uploads\/sites\/14\/2015\/04\/IMG_0519-600x400.jpg 600w, https:\/\/blog.jena.de\/beteiligung\/wp-content\/uploads\/sites\/14\/2015\/04\/IMG_0519-1035x690.jpg 1035w\" sizes=\"auto, (max-width: 500px) 100vw, 500px\" \/><\/a>\n\t\t\t<\/div>\n\t\t\t\t<figcaption class='wp-caption-text gallery-caption' id='gallery-1-207'>\n\t\t\t\tThementisch &#8222;Methoden und Verfahren&#8220; bei der Auftaktveranstaltung, \u00a9 ORBIT\n\t\t\t\t<\/figcaption><\/figure><figure class='gallery-item'>\n\t\t\t<div class='gallery-icon landscape'>\n\t\t\t\t<a href='https:\/\/blog.jena.de\/beteiligung\/img_0520\/'><img loading=\"lazy\" decoding=\"async\" width=\"500\" height=\"333\" src=\"https:\/\/blog.jena.de\/beteiligung\/wp-content\/uploads\/sites\/14\/2015\/04\/IMG_0520-500x333.jpg\" class=\"attachment-medium size-medium\" alt=\"Blick auf den Thementisch Methoden und Verfahren der Auftaktveranstaltung, Auftaktveranstaltung Leitlinien f\u00fcr die B\u00fcrgerbeteiligung, \u00a9 ORBIT\" aria-describedby=\"gallery-1-208\" srcset=\"https:\/\/blog.jena.de\/beteiligung\/wp-content\/uploads\/sites\/14\/2015\/04\/IMG_0520-500x333.jpg 500w, https:\/\/blog.jena.de\/beteiligung\/wp-content\/uploads\/sites\/14\/2015\/04\/IMG_0520-768x512.jpg 768w, https:\/\/blog.jena.de\/beteiligung\/wp-content\/uploads\/sites\/14\/2015\/04\/IMG_0520-1000x667.jpg 1000w, https:\/\/blog.jena.de\/beteiligung\/wp-content\/uploads\/sites\/14\/2015\/04\/IMG_0520-600x400.jpg 600w, https:\/\/blog.jena.de\/beteiligung\/wp-content\/uploads\/sites\/14\/2015\/04\/IMG_0520-1035x690.jpg 1035w\" sizes=\"auto, (max-width: 500px) 100vw, 500px\" \/><\/a>\n\t\t\t<\/div>\n\t\t\t\t<figcaption class='wp-caption-text gallery-caption' id='gallery-1-208'>\n\t\t\t\tThementisch &#8222;Methoden und Verfahren&#8220; bei der Auftaktveranstaltung, \u00a9 ORBIT\n\t\t\t\t<\/figcaption><\/figure><figure class='gallery-item'>\n\t\t\t<div class='gallery-icon landscape'>\n\t\t\t\t<a href='https:\/\/blog.jena.de\/beteiligung\/img_0521\/'><img loading=\"lazy\" decoding=\"async\" width=\"500\" height=\"333\" src=\"https:\/\/blog.jena.de\/beteiligung\/wp-content\/uploads\/sites\/14\/2015\/04\/IMG_0521-500x333.jpg\" class=\"attachment-medium size-medium\" alt=\"Blick auf den Thementisch Methoden und Verfahren der Auftaktveranstaltung, Auftaktveranstaltung Leitlinien f\u00fcr die B\u00fcrgerbeteiligung, \u00a9 ORBIT\" aria-describedby=\"gallery-1-209\" srcset=\"https:\/\/blog.jena.de\/beteiligung\/wp-content\/uploads\/sites\/14\/2015\/04\/IMG_0521-500x333.jpg 500w, https:\/\/blog.jena.de\/beteiligung\/wp-content\/uploads\/sites\/14\/2015\/04\/IMG_0521-768x512.jpg 768w, https:\/\/blog.jena.de\/beteiligung\/wp-content\/uploads\/sites\/14\/2015\/04\/IMG_0521-1000x667.jpg 1000w, https:\/\/blog.jena.de\/beteiligung\/wp-content\/uploads\/sites\/14\/2015\/04\/IMG_0521-600x400.jpg 600w, https:\/\/blog.jena.de\/beteiligung\/wp-content\/uploads\/sites\/14\/2015\/04\/IMG_0521-1035x690.jpg 1035w\" sizes=\"auto, (max-width: 500px) 100vw, 500px\" \/><\/a>\n\t\t\t<\/div>\n\t\t\t\t<figcaption class='wp-caption-text gallery-caption' id='gallery-1-209'>\n\t\t\t\tThementisch &#8222;Methoden und Verfahren&#8220; bei der Auftaktveranstaltung, \u00a9 ORBIT\n\t\t\t\t<\/figcaption><\/figure><figure class='gallery-item'>\n\t\t\t<div class='gallery-icon landscape'>\n\t\t\t\t<a href='https:\/\/blog.jena.de\/beteiligung\/img_0522\/'><img loading=\"lazy\" decoding=\"async\" width=\"500\" height=\"333\" src=\"https:\/\/blog.jena.de\/beteiligung\/wp-content\/uploads\/sites\/14\/2015\/04\/IMG_0522-500x333.jpg\" class=\"attachment-medium size-medium\" alt=\"Blick auf den Thementisch Methoden und Verfahren der Auftaktveranstaltung, Auftaktveranstaltung Leitlinien f\u00fcr die B\u00fcrgerbeteiligung, \u00a9 ORBIT\" aria-describedby=\"gallery-1-210\" srcset=\"https:\/\/blog.jena.de\/beteiligung\/wp-content\/uploads\/sites\/14\/2015\/04\/IMG_0522-500x333.jpg 500w, https:\/\/blog.jena.de\/beteiligung\/wp-content\/uploads\/sites\/14\/2015\/04\/IMG_0522-768x512.jpg 768w, https:\/\/blog.jena.de\/beteiligung\/wp-content\/uploads\/sites\/14\/2015\/04\/IMG_0522-1000x667.jpg 1000w, https:\/\/blog.jena.de\/beteiligung\/wp-content\/uploads\/sites\/14\/2015\/04\/IMG_0522-600x400.jpg 600w, https:\/\/blog.jena.de\/beteiligung\/wp-content\/uploads\/sites\/14\/2015\/04\/IMG_0522-1035x690.jpg 1035w\" sizes=\"auto, (max-width: 500px) 100vw, 500px\" \/><\/a>\n\t\t\t<\/div>\n\t\t\t\t<figcaption class='wp-caption-text gallery-caption' id='gallery-1-210'>\n\t\t\t\tThementisch &#8222;Methoden und Verfahren&#8220; bei der Auftaktveranstaltung, \u00a9 ORBIT\n\t\t\t\t<\/figcaption><\/figure><figure class='gallery-item'>\n\t\t\t<div class='gallery-icon landscape'>\n\t\t\t\t<a href='https:\/\/blog.jena.de\/beteiligung\/img_0523\/'><img loading=\"lazy\" decoding=\"async\" width=\"500\" height=\"333\" src=\"https:\/\/blog.jena.de\/beteiligung\/wp-content\/uploads\/sites\/14\/2015\/04\/IMG_0523-500x333.jpg\" class=\"attachment-medium size-medium\" alt=\"Blick auf den Thementisch Methoden und Verfahren der Auftaktveranstaltung, Auftaktveranstaltung Leitlinien f\u00fcr die B\u00fcrgerbeteiligung, \u00a9 ORBIT\" aria-describedby=\"gallery-1-211\" srcset=\"https:\/\/blog.jena.de\/beteiligung\/wp-content\/uploads\/sites\/14\/2015\/04\/IMG_0523-500x333.jpg 500w, https:\/\/blog.jena.de\/beteiligung\/wp-content\/uploads\/sites\/14\/2015\/04\/IMG_0523-768x512.jpg 768w, https:\/\/blog.jena.de\/beteiligung\/wp-content\/uploads\/sites\/14\/2015\/04\/IMG_0523-1000x667.jpg 1000w, https:\/\/blog.jena.de\/beteiligung\/wp-content\/uploads\/sites\/14\/2015\/04\/IMG_0523-600x400.jpg 600w, https:\/\/blog.jena.de\/beteiligung\/wp-content\/uploads\/sites\/14\/2015\/04\/IMG_0523-1035x690.jpg 1035w\" sizes=\"auto, (max-width: 500px) 100vw, 500px\" \/><\/a>\n\t\t\t<\/div>\n\t\t\t\t<figcaption class='wp-caption-text gallery-caption' id='gallery-1-211'>\n\t\t\t\tThementisch &#8222;Methoden und Verfahren&#8220; bei der Auftaktveranstaltung, \u00a9 ORBIT\n\t\t\t\t<\/figcaption><\/figure><figure class='gallery-item'>\n\t\t\t<div class='gallery-icon landscape'>\n\t\t\t\t<a href='https:\/\/blog.jena.de\/beteiligung\/img_0524\/'><img loading=\"lazy\" decoding=\"async\" width=\"500\" height=\"333\" src=\"https:\/\/blog.jena.de\/beteiligung\/wp-content\/uploads\/sites\/14\/2015\/04\/IMG_0524-500x333.jpg\" class=\"attachment-medium size-medium\" alt=\"Blick auf den Thementisch Methoden und Verfahren der Auftaktveranstaltung, Auftaktveranstaltung Leitlinien f\u00fcr die B\u00fcrgerbeteiligung, \u00a9 ORBIT\" aria-describedby=\"gallery-1-212\" srcset=\"https:\/\/blog.jena.de\/beteiligung\/wp-content\/uploads\/sites\/14\/2015\/04\/IMG_0524-500x333.jpg 500w, https:\/\/blog.jena.de\/beteiligung\/wp-content\/uploads\/sites\/14\/2015\/04\/IMG_0524-768x512.jpg 768w, https:\/\/blog.jena.de\/beteiligung\/wp-content\/uploads\/sites\/14\/2015\/04\/IMG_0524-1000x667.jpg 1000w, https:\/\/blog.jena.de\/beteiligung\/wp-content\/uploads\/sites\/14\/2015\/04\/IMG_0524-600x400.jpg 600w, https:\/\/blog.jena.de\/beteiligung\/wp-content\/uploads\/sites\/14\/2015\/04\/IMG_0524-1035x690.jpg 1035w\" sizes=\"auto, (max-width: 500px) 100vw, 500px\" \/><\/a>\n\t\t\t<\/div>\n\t\t\t\t<figcaption class='wp-caption-text gallery-caption' id='gallery-1-212'>\n\t\t\t\tThementisch &#8222;Methoden und Verfahren&#8220; bei der Auftaktveranstaltung, \u00a9 ORBIT\n\t\t\t\t<\/figcaption><\/figure><figure class='gallery-item'>\n\t\t\t<div class='gallery-icon landscape'>\n\t\t\t\t<a href='https:\/\/blog.jena.de\/beteiligung\/img_0525\/'><img loading=\"lazy\" decoding=\"async\" width=\"500\" height=\"333\" src=\"https:\/\/blog.jena.de\/beteiligung\/wp-content\/uploads\/sites\/14\/2015\/04\/IMG_0525-500x333.jpg\" class=\"attachment-medium size-medium\" alt=\"Blick auf den Thementisch Methoden und Verfahren der Auftaktveranstaltung, Auftaktveranstaltung Leitlinien f\u00fcr die B\u00fcrgerbeteiligung, \u00a9 ORBIT\" aria-describedby=\"gallery-1-213\" srcset=\"https:\/\/blog.jena.de\/beteiligung\/wp-content\/uploads\/sites\/14\/2015\/04\/IMG_0525-500x333.jpg 500w, https:\/\/blog.jena.de\/beteiligung\/wp-content\/uploads\/sites\/14\/2015\/04\/IMG_0525-768x512.jpg 768w, https:\/\/blog.jena.de\/beteiligung\/wp-content\/uploads\/sites\/14\/2015\/04\/IMG_0525-1000x667.jpg 1000w, https:\/\/blog.jena.de\/beteiligung\/wp-content\/uploads\/sites\/14\/2015\/04\/IMG_0525-600x400.jpg 600w, https:\/\/blog.jena.de\/beteiligung\/wp-content\/uploads\/sites\/14\/2015\/04\/IMG_0525-1035x690.jpg 1035w\" sizes=\"auto, (max-width: 500px) 100vw, 500px\" \/><\/a>\n\t\t\t<\/div>\n\t\t\t\t<figcaption class='wp-caption-text gallery-caption' id='gallery-1-213'>\n\t\t\t\tThementisch &#8222;Methoden und Verfahren&#8220; bei der Auftaktveranstaltung, \u00a9 ORBIT\n\t\t\t\t<\/figcaption><\/figure><figure class='gallery-item'>\n\t\t\t<div class='gallery-icon landscape'>\n\t\t\t\t<a href='https:\/\/blog.jena.de\/beteiligung\/img_0526\/'><img loading=\"lazy\" decoding=\"async\" width=\"500\" height=\"333\" src=\"https:\/\/blog.jena.de\/beteiligung\/wp-content\/uploads\/sites\/14\/2015\/04\/IMG_0526-500x333.jpg\" class=\"attachment-medium size-medium\" alt=\"Blick auf den Thementisch Methoden und Verfahren der Auftaktveranstaltung, Auftaktveranstaltung Leitlinien f\u00fcr die B\u00fcrgerbeteiligung, \u00a9 ORBIT\" aria-describedby=\"gallery-1-214\" srcset=\"https:\/\/blog.jena.de\/beteiligung\/wp-content\/uploads\/sites\/14\/2015\/04\/IMG_0526-500x333.jpg 500w, https:\/\/blog.jena.de\/beteiligung\/wp-content\/uploads\/sites\/14\/2015\/04\/IMG_0526-768x512.jpg 768w, https:\/\/blog.jena.de\/beteiligung\/wp-content\/uploads\/sites\/14\/2015\/04\/IMG_0526-1000x667.jpg 1000w, https:\/\/blog.jena.de\/beteiligung\/wp-content\/uploads\/sites\/14\/2015\/04\/IMG_0526-600x400.jpg 600w, https:\/\/blog.jena.de\/beteiligung\/wp-content\/uploads\/sites\/14\/2015\/04\/IMG_0526-1035x690.jpg 1035w\" sizes=\"auto, (max-width: 500px) 100vw, 500px\" \/><\/a>\n\t\t\t<\/div>\n\t\t\t\t<figcaption class='wp-caption-text gallery-caption' id='gallery-1-214'>\n\t\t\t\tThementisch &#8222;Methoden und Verfahren&#8220; bei der Auftaktveranstaltung, \u00a9 ORBIT\n\t\t\t\t<\/figcaption><\/figure><figure class='gallery-item'>\n\t\t\t<div class='gallery-icon landscape'>\n\t\t\t\t<a href='https:\/\/blog.jena.de\/beteiligung\/img_0527\/'><img loading=\"lazy\" decoding=\"async\" width=\"500\" height=\"333\" src=\"https:\/\/blog.jena.de\/beteiligung\/wp-content\/uploads\/sites\/14\/2015\/04\/IMG_0527-500x333.jpg\" class=\"attachment-medium size-medium\" alt=\"Blick auf den Thementisch Methoden und Verfahren der Auftaktveranstaltung, Auftaktveranstaltung Leitlinien f\u00fcr die B\u00fcrgerbeteiligung, \u00a9 ORBIT\" aria-describedby=\"gallery-1-215\" srcset=\"https:\/\/blog.jena.de\/beteiligung\/wp-content\/uploads\/sites\/14\/2015\/04\/IMG_0527-500x333.jpg 500w, https:\/\/blog.jena.de\/beteiligung\/wp-content\/uploads\/sites\/14\/2015\/04\/IMG_0527-768x512.jpg 768w, https:\/\/blog.jena.de\/beteiligung\/wp-content\/uploads\/sites\/14\/2015\/04\/IMG_0527-1000x667.jpg 1000w, https:\/\/blog.jena.de\/beteiligung\/wp-content\/uploads\/sites\/14\/2015\/04\/IMG_0527-600x400.jpg 600w, https:\/\/blog.jena.de\/beteiligung\/wp-content\/uploads\/sites\/14\/2015\/04\/IMG_0527-1035x690.jpg 1035w\" sizes=\"auto, (max-width: 500px) 100vw, 500px\" \/><\/a>\n\t\t\t<\/div>\n\t\t\t\t<figcaption class='wp-caption-text gallery-caption' id='gallery-1-215'>\n\t\t\t\tThementisch &#8222;Methoden und Verfahren&#8220; bei der Auftaktveranstaltung, \u00a9 ORBIT\n\t\t\t\t<\/figcaption><\/figure><figure class='gallery-item'>\n\t\t\t<div class='gallery-icon landscape'>\n\t\t\t\t<a href='https:\/\/blog.jena.de\/beteiligung\/img_0528\/'><img loading=\"lazy\" decoding=\"async\" width=\"500\" height=\"333\" src=\"https:\/\/blog.jena.de\/beteiligung\/wp-content\/uploads\/sites\/14\/2015\/04\/IMG_0528-500x333.jpg\" class=\"attachment-medium size-medium\" alt=\"Blick auf den Thementisch Methoden und Verfahren der Auftaktveranstaltung, Auftaktveranstaltung Leitlinien f\u00fcr die B\u00fcrgerbeteiligung, \u00a9 ORBIT\" aria-describedby=\"gallery-1-216\" srcset=\"https:\/\/blog.jena.de\/beteiligung\/wp-content\/uploads\/sites\/14\/2015\/04\/IMG_0528-500x333.jpg 500w, https:\/\/blog.jena.de\/beteiligung\/wp-content\/uploads\/sites\/14\/2015\/04\/IMG_0528-768x512.jpg 768w, https:\/\/blog.jena.de\/beteiligung\/wp-content\/uploads\/sites\/14\/2015\/04\/IMG_0528-1000x667.jpg 1000w, https:\/\/blog.jena.de\/beteiligung\/wp-content\/uploads\/sites\/14\/2015\/04\/IMG_0528-600x400.jpg 600w, https:\/\/blog.jena.de\/beteiligung\/wp-content\/uploads\/sites\/14\/2015\/04\/IMG_0528-1035x690.jpg 1035w\" sizes=\"auto, (max-width: 500px) 100vw, 500px\" \/><\/a>\n\t\t\t<\/div>\n\t\t\t\t<figcaption class='wp-caption-text gallery-caption' id='gallery-1-216'>\n\t\t\t\tThementisch &#8222;Methoden und Verfahren&#8220; bei der Auftaktveranstaltung, \u00a9 ORBIT\n\t\t\t\t<\/figcaption><\/figure><figure class='gallery-item'>\n\t\t\t<div class='gallery-icon landscape'>\n\t\t\t\t<a href='https:\/\/blog.jena.de\/beteiligung\/img_0529\/'><img loading=\"lazy\" decoding=\"async\" width=\"500\" height=\"333\" src=\"https:\/\/blog.jena.de\/beteiligung\/wp-content\/uploads\/sites\/14\/2015\/04\/IMG_0529-500x333.jpg\" class=\"attachment-medium size-medium\" alt=\"Blick auf den Thementisch Methoden und Verfahren der Auftaktveranstaltung, Auftaktveranstaltung Leitlinien f\u00fcr die B\u00fcrgerbeteiligung, \u00a9 ORBIT\" aria-describedby=\"gallery-1-217\" srcset=\"https:\/\/blog.jena.de\/beteiligung\/wp-content\/uploads\/sites\/14\/2015\/04\/IMG_0529-500x333.jpg 500w, https:\/\/blog.jena.de\/beteiligung\/wp-content\/uploads\/sites\/14\/2015\/04\/IMG_0529-768x512.jpg 768w, https:\/\/blog.jena.de\/beteiligung\/wp-content\/uploads\/sites\/14\/2015\/04\/IMG_0529-1000x667.jpg 1000w, https:\/\/blog.jena.de\/beteiligung\/wp-content\/uploads\/sites\/14\/2015\/04\/IMG_0529-600x400.jpg 600w, https:\/\/blog.jena.de\/beteiligung\/wp-content\/uploads\/sites\/14\/2015\/04\/IMG_0529-1035x690.jpg 1035w\" sizes=\"auto, (max-width: 500px) 100vw, 500px\" \/><\/a>\n\t\t\t<\/div>\n\t\t\t\t<figcaption class='wp-caption-text gallery-caption' id='gallery-1-217'>\n\t\t\t\tThementisch &#8222;Methoden und Verfahren&#8220; bei der Auftaktveranstaltung, \u00a9 ORBIT\n\t\t\t\t<\/figcaption><\/figure><figure class='gallery-item'>\n\t\t\t<div class='gallery-icon landscape'>\n\t\t\t\t<a href='https:\/\/blog.jena.de\/beteiligung\/img_0530\/'><img loading=\"lazy\" decoding=\"async\" width=\"500\" height=\"333\" src=\"https:\/\/blog.jena.de\/beteiligung\/wp-content\/uploads\/sites\/14\/2015\/04\/IMG_0530-500x333.jpg\" class=\"attachment-medium size-medium\" alt=\"Blick auf den Thementisch Methoden und Verfahren der Auftaktveranstaltung, Auftaktveranstaltung Leitlinien f\u00fcr die B\u00fcrgerbeteiligung, \u00a9 ORBIT\" aria-describedby=\"gallery-1-218\" srcset=\"https:\/\/blog.jena.de\/beteiligung\/wp-content\/uploads\/sites\/14\/2015\/04\/IMG_0530-500x333.jpg 500w, https:\/\/blog.jena.de\/beteiligung\/wp-content\/uploads\/sites\/14\/2015\/04\/IMG_0530-768x512.jpg 768w, https:\/\/blog.jena.de\/beteiligung\/wp-content\/uploads\/sites\/14\/2015\/04\/IMG_0530-1000x667.jpg 1000w, https:\/\/blog.jena.de\/beteiligung\/wp-content\/uploads\/sites\/14\/2015\/04\/IMG_0530-600x400.jpg 600w, https:\/\/blog.jena.de\/beteiligung\/wp-content\/uploads\/sites\/14\/2015\/04\/IMG_0530-1035x690.jpg 1035w\" sizes=\"auto, (max-width: 500px) 100vw, 500px\" \/><\/a>\n\t\t\t<\/div>\n\t\t\t\t<figcaption class='wp-caption-text gallery-caption' id='gallery-1-218'>\n\t\t\t\tThementisch &#8222;Methoden und Verfahren&#8220; bei der Auftaktveranstaltung, \u00a9 ORBIT\n\t\t\t\t<\/figcaption><\/figure><figure class='gallery-item'>\n\t\t\t<div class='gallery-icon landscape'>\n\t\t\t\t<a href='https:\/\/blog.jena.de\/beteiligung\/img_0531\/'><img loading=\"lazy\" decoding=\"async\" width=\"500\" height=\"333\" src=\"https:\/\/blog.jena.de\/beteiligung\/wp-content\/uploads\/sites\/14\/2015\/04\/IMG_0531-500x333.jpg\" class=\"attachment-medium size-medium\" alt=\"Blick auf den Thementisch Methoden und Verfahren der Auftaktveranstaltung, Auftaktveranstaltung Leitlinien f\u00fcr die B\u00fcrgerbeteiligung, \u00a9 ORBIT\" aria-describedby=\"gallery-1-219\" srcset=\"https:\/\/blog.jena.de\/beteiligung\/wp-content\/uploads\/sites\/14\/2015\/04\/IMG_0531-500x333.jpg 500w, https:\/\/blog.jena.de\/beteiligung\/wp-content\/uploads\/sites\/14\/2015\/04\/IMG_0531-768x512.jpg 768w, https:\/\/blog.jena.de\/beteiligung\/wp-content\/uploads\/sites\/14\/2015\/04\/IMG_0531-1000x667.jpg 1000w, https:\/\/blog.jena.de\/beteiligung\/wp-content\/uploads\/sites\/14\/2015\/04\/IMG_0531-600x400.jpg 600w, https:\/\/blog.jena.de\/beteiligung\/wp-content\/uploads\/sites\/14\/2015\/04\/IMG_0531-1035x690.jpg 1035w\" sizes=\"auto, (max-width: 500px) 100vw, 500px\" \/><\/a>\n\t\t\t<\/div>\n\t\t\t\t<figcaption class='wp-caption-text gallery-caption' id='gallery-1-219'>\n\t\t\t\tThementisch &#8222;Methoden und Verfahren&#8220; bei der Auftaktveranstaltung, \u00a9 ORBIT\n\t\t\t\t<\/figcaption><\/figure><figure class='gallery-item'>\n\t\t\t<div class='gallery-icon landscape'>\n\t\t\t\t<a href='https:\/\/blog.jena.de\/beteiligung\/img_0532\/'><img loading=\"lazy\" decoding=\"async\" width=\"500\" height=\"333\" src=\"https:\/\/blog.jena.de\/beteiligung\/wp-content\/uploads\/sites\/14\/2015\/04\/IMG_0532-500x333.jpg\" class=\"attachment-medium size-medium\" alt=\"Blick auf den Thementisch Methoden und Verfahren der Auftaktveranstaltung, Auftaktveranstaltung Leitlinien f\u00fcr die B\u00fcrgerbeteiligung, \u00a9 ORBIT\" aria-describedby=\"gallery-1-220\" srcset=\"https:\/\/blog.jena.de\/beteiligung\/wp-content\/uploads\/sites\/14\/2015\/04\/IMG_0532-500x333.jpg 500w, https:\/\/blog.jena.de\/beteiligung\/wp-content\/uploads\/sites\/14\/2015\/04\/IMG_0532-768x512.jpg 768w, https:\/\/blog.jena.de\/beteiligung\/wp-content\/uploads\/sites\/14\/2015\/04\/IMG_0532-1000x667.jpg 1000w, https:\/\/blog.jena.de\/beteiligung\/wp-content\/uploads\/sites\/14\/2015\/04\/IMG_0532-600x400.jpg 600w, https:\/\/blog.jena.de\/beteiligung\/wp-content\/uploads\/sites\/14\/2015\/04\/IMG_0532-1035x690.jpg 1035w\" sizes=\"auto, (max-width: 500px) 100vw, 500px\" \/><\/a>\n\t\t\t<\/div>\n\t\t\t\t<figcaption class='wp-caption-text gallery-caption' id='gallery-1-220'>\n\t\t\t\tThementisch &#8222;Methoden und Verfahren&#8220; bei der Auftaktveranstaltung, \u00a9 ORBIT\n\t\t\t\t<\/figcaption><\/figure><figure class='gallery-item'>\n\t\t\t<div class='gallery-icon landscape'>\n\t\t\t\t<a href='https:\/\/blog.jena.de\/beteiligung\/img_0533\/'><img loading=\"lazy\" decoding=\"async\" width=\"500\" height=\"333\" src=\"https:\/\/blog.jena.de\/beteiligung\/wp-content\/uploads\/sites\/14\/2015\/04\/IMG_0533-500x333.jpg\" class=\"attachment-medium size-medium\" alt=\"Blick auf den Thementisch Methoden und Verfahren der Auftaktveranstaltung, Auftaktveranstaltung Leitlinien f\u00fcr die B\u00fcrgerbeteiligung, \u00a9 ORBIT\" aria-describedby=\"gallery-1-221\" srcset=\"https:\/\/blog.jena.de\/beteiligung\/wp-content\/uploads\/sites\/14\/2015\/04\/IMG_0533-500x333.jpg 500w, https:\/\/blog.jena.de\/beteiligung\/wp-content\/uploads\/sites\/14\/2015\/04\/IMG_0533-768x512.jpg 768w, https:\/\/blog.jena.de\/beteiligung\/wp-content\/uploads\/sites\/14\/2015\/04\/IMG_0533-1000x667.jpg 1000w, https:\/\/blog.jena.de\/beteiligung\/wp-content\/uploads\/sites\/14\/2015\/04\/IMG_0533-600x400.jpg 600w, https:\/\/blog.jena.de\/beteiligung\/wp-content\/uploads\/sites\/14\/2015\/04\/IMG_0533-1035x690.jpg 1035w\" sizes=\"auto, (max-width: 500px) 100vw, 500px\" \/><\/a>\n\t\t\t<\/div>\n\t\t\t\t<figcaption class='wp-caption-text gallery-caption' id='gallery-1-221'>\n\t\t\t\tThementisch &#8222;Methoden und Verfahren&#8220; bei der Auftaktveranstaltung, \u00a9 ORBIT\n\t\t\t\t<\/figcaption><\/figure><figure class='gallery-item'>\n\t\t\t<div class='gallery-icon landscape'>\n\t\t\t\t<a href='https:\/\/blog.jena.de\/beteiligung\/2016\/03\/18\/12-04-2016-oeffentliche-buergerwerkstatt-zu-den-leitlinien\/img_0540\/'><img loading=\"lazy\" decoding=\"async\" width=\"500\" height=\"333\" src=\"https:\/\/blog.jena.de\/beteiligung\/wp-content\/uploads\/sites\/14\/2015\/04\/IMG_0540-500x333.jpg\" class=\"attachment-medium size-medium\" alt=\"Blick auf den Thementisch Kommunikation und Information der Auftaktveranstaltung, Auftaktveranstaltung Leitlinien f\u00fcr die B\u00fcrgerbeteiligung, \u00a9 ORBIT\" aria-describedby=\"gallery-1-228\" srcset=\"https:\/\/blog.jena.de\/beteiligung\/wp-content\/uploads\/sites\/14\/2015\/04\/IMG_0540-500x333.jpg 500w, https:\/\/blog.jena.de\/beteiligung\/wp-content\/uploads\/sites\/14\/2015\/04\/IMG_0540-768x512.jpg 768w, https:\/\/blog.jena.de\/beteiligung\/wp-content\/uploads\/sites\/14\/2015\/04\/IMG_0540-1000x667.jpg 1000w, https:\/\/blog.jena.de\/beteiligung\/wp-content\/uploads\/sites\/14\/2015\/04\/IMG_0540-600x400.jpg 600w, https:\/\/blog.jena.de\/beteiligung\/wp-content\/uploads\/sites\/14\/2015\/04\/IMG_0540-1035x690.jpg 1035w\" sizes=\"auto, (max-width: 500px) 100vw, 500px\" \/><\/a>\n\t\t\t<\/div>\n\t\t\t\t<figcaption class='wp-caption-text gallery-caption' id='gallery-1-228'>\n\t\t\t\tThementisch &#8222;Kommunikation und Information&#8220; bei der Auftaktveranstaltung, \u00a9 ORBIT\n\t\t\t\t<\/figcaption><\/figure><figure class='gallery-item'>\n\t\t\t<div class='gallery-icon landscape'>\n\t\t\t\t<a href='https:\/\/blog.jena.de\/beteiligung\/img_0541\/'><img loading=\"lazy\" decoding=\"async\" width=\"500\" height=\"333\" src=\"https:\/\/blog.jena.de\/beteiligung\/wp-content\/uploads\/sites\/14\/2015\/04\/IMG_0541-500x333.jpg\" class=\"attachment-medium size-medium\" alt=\"Blick auf den Thementisch Kommunikation und Information der Auftaktveranstaltung, Auftaktveranstaltung Leitlinien f\u00fcr die B\u00fcrgerbeteiligung, \u00a9 ORBIT\" aria-describedby=\"gallery-1-229\" srcset=\"https:\/\/blog.jena.de\/beteiligung\/wp-content\/uploads\/sites\/14\/2015\/04\/IMG_0541-500x333.jpg 500w, https:\/\/blog.jena.de\/beteiligung\/wp-content\/uploads\/sites\/14\/2015\/04\/IMG_0541-768x512.jpg 768w, https:\/\/blog.jena.de\/beteiligung\/wp-content\/uploads\/sites\/14\/2015\/04\/IMG_0541-1000x667.jpg 1000w, https:\/\/blog.jena.de\/beteiligung\/wp-content\/uploads\/sites\/14\/2015\/04\/IMG_0541-600x400.jpg 600w, https:\/\/blog.jena.de\/beteiligung\/wp-content\/uploads\/sites\/14\/2015\/04\/IMG_0541-1035x690.jpg 1035w\" sizes=\"auto, (max-width: 500px) 100vw, 500px\" \/><\/a>\n\t\t\t<\/div>\n\t\t\t\t<figcaption class='wp-caption-text gallery-caption' id='gallery-1-229'>\n\t\t\t\tThementisch &#8222;Kommunikation und Information&#8220; bei der Auftaktveranstaltung, \u00a9 ORBIT\n\t\t\t\t<\/figcaption><\/figure><figure class='gallery-item'>\n\t\t\t<div class='gallery-icon landscape'>\n\t\t\t\t<a href='https:\/\/blog.jena.de\/beteiligung\/img_0542\/'><img loading=\"lazy\" decoding=\"async\" width=\"500\" height=\"333\" src=\"https:\/\/blog.jena.de\/beteiligung\/wp-content\/uploads\/sites\/14\/2015\/04\/IMG_0542-500x333.jpg\" class=\"attachment-medium size-medium\" alt=\"Blick auf den Thementisch Kommunikation und Information der Auftaktveranstaltung, Auftaktveranstaltung Leitlinien f\u00fcr die B\u00fcrgerbeteiligung, \u00a9 ORBIT\" aria-describedby=\"gallery-1-230\" srcset=\"https:\/\/blog.jena.de\/beteiligung\/wp-content\/uploads\/sites\/14\/2015\/04\/IMG_0542-500x333.jpg 500w, https:\/\/blog.jena.de\/beteiligung\/wp-content\/uploads\/sites\/14\/2015\/04\/IMG_0542-768x512.jpg 768w, https:\/\/blog.jena.de\/beteiligung\/wp-content\/uploads\/sites\/14\/2015\/04\/IMG_0542-1000x667.jpg 1000w, https:\/\/blog.jena.de\/beteiligung\/wp-content\/uploads\/sites\/14\/2015\/04\/IMG_0542-600x400.jpg 600w, https:\/\/blog.jena.de\/beteiligung\/wp-content\/uploads\/sites\/14\/2015\/04\/IMG_0542-1035x690.jpg 1035w\" sizes=\"auto, (max-width: 500px) 100vw, 500px\" \/><\/a>\n\t\t\t<\/div>\n\t\t\t\t<figcaption class='wp-caption-text gallery-caption' id='gallery-1-230'>\n\t\t\t\tThementisch &#8222;Kommunikation und Information&#8220; bei der Auftaktveranstaltung, \u00a9 ORBIT\n\t\t\t\t<\/figcaption><\/figure><figure class='gallery-item'>\n\t\t\t<div class='gallery-icon landscape'>\n\t\t\t\t<a href='https:\/\/blog.jena.de\/beteiligung\/img_0543\/'><img loading=\"lazy\" decoding=\"async\" width=\"500\" height=\"333\" src=\"https:\/\/blog.jena.de\/beteiligung\/wp-content\/uploads\/sites\/14\/2015\/04\/IMG_0543-500x333.jpg\" class=\"attachment-medium size-medium\" alt=\"Blick auf den Thementisch Kommunikation und Information der Auftaktveranstaltung, Auftaktveranstaltung Leitlinien f\u00fcr die B\u00fcrgerbeteiligung, \u00a9 ORBIT\" aria-describedby=\"gallery-1-231\" srcset=\"https:\/\/blog.jena.de\/beteiligung\/wp-content\/uploads\/sites\/14\/2015\/04\/IMG_0543-500x333.jpg 500w, https:\/\/blog.jena.de\/beteiligung\/wp-content\/uploads\/sites\/14\/2015\/04\/IMG_0543-768x512.jpg 768w, https:\/\/blog.jena.de\/beteiligung\/wp-content\/uploads\/sites\/14\/2015\/04\/IMG_0543-1000x667.jpg 1000w, https:\/\/blog.jena.de\/beteiligung\/wp-content\/uploads\/sites\/14\/2015\/04\/IMG_0543-600x400.jpg 600w, https:\/\/blog.jena.de\/beteiligung\/wp-content\/uploads\/sites\/14\/2015\/04\/IMG_0543-1035x690.jpg 1035w\" sizes=\"auto, (max-width: 500px) 100vw, 500px\" \/><\/a>\n\t\t\t<\/div>\n\t\t\t\t<figcaption class='wp-caption-text gallery-caption' id='gallery-1-231'>\n\t\t\t\tThementisch &#8222;Kommunikation und Information&#8220; bei der Auftaktveranstaltung, \u00a9 ORBIT\n\t\t\t\t<\/figcaption><\/figure><figure class='gallery-item'>\n\t\t\t<div class='gallery-icon landscape'>\n\t\t\t\t<a href='https:\/\/blog.jena.de\/beteiligung\/img_0544\/'><img loading=\"lazy\" decoding=\"async\" width=\"500\" height=\"333\" src=\"https:\/\/blog.jena.de\/beteiligung\/wp-content\/uploads\/sites\/14\/2015\/04\/IMG_0544-500x333.jpg\" class=\"attachment-medium size-medium\" alt=\"Blick auf den Thementisch Kommunikation und Information der Auftaktveranstaltung, Auftaktveranstaltung Leitlinien f\u00fcr die B\u00fcrgerbeteiligung, \u00a9 ORBIT\" aria-describedby=\"gallery-1-232\" srcset=\"https:\/\/blog.jena.de\/beteiligung\/wp-content\/uploads\/sites\/14\/2015\/04\/IMG_0544-500x333.jpg 500w, https:\/\/blog.jena.de\/beteiligung\/wp-content\/uploads\/sites\/14\/2015\/04\/IMG_0544-768x512.jpg 768w, https:\/\/blog.jena.de\/beteiligung\/wp-content\/uploads\/sites\/14\/2015\/04\/IMG_0544-1000x667.jpg 1000w, https:\/\/blog.jena.de\/beteiligung\/wp-content\/uploads\/sites\/14\/2015\/04\/IMG_0544-600x400.jpg 600w, https:\/\/blog.jena.de\/beteiligung\/wp-content\/uploads\/sites\/14\/2015\/04\/IMG_0544-1035x690.jpg 1035w\" sizes=\"auto, (max-width: 500px) 100vw, 500px\" \/><\/a>\n\t\t\t<\/div>\n\t\t\t\t<figcaption class='wp-caption-text gallery-caption' id='gallery-1-232'>\n\t\t\t\tThementisch &#8222;Kommunikation und Information&#8220; bei der Auftaktveranstaltung, \u00a9 ORBIT\n\t\t\t\t<\/figcaption><\/figure><figure class='gallery-item'>\n\t\t\t<div class='gallery-icon landscape'>\n\t\t\t\t<a href='https:\/\/blog.jena.de\/beteiligung\/img_0545\/'><img loading=\"lazy\" decoding=\"async\" width=\"500\" height=\"333\" src=\"https:\/\/blog.jena.de\/beteiligung\/wp-content\/uploads\/sites\/14\/2015\/04\/IMG_0545-500x333.jpg\" class=\"attachment-medium size-medium\" alt=\"Blick auf den Thementisch Kommunikation und Information der Auftaktveranstaltung, Auftaktveranstaltung Leitlinien f\u00fcr die B\u00fcrgerbeteiligung, \u00a9 ORBIT\" aria-describedby=\"gallery-1-233\" srcset=\"https:\/\/blog.jena.de\/beteiligung\/wp-content\/uploads\/sites\/14\/2015\/04\/IMG_0545-500x333.jpg 500w, https:\/\/blog.jena.de\/beteiligung\/wp-content\/uploads\/sites\/14\/2015\/04\/IMG_0545-768x512.jpg 768w, https:\/\/blog.jena.de\/beteiligung\/wp-content\/uploads\/sites\/14\/2015\/04\/IMG_0545-1000x667.jpg 1000w, https:\/\/blog.jena.de\/beteiligung\/wp-content\/uploads\/sites\/14\/2015\/04\/IMG_0545-600x400.jpg 600w, https:\/\/blog.jena.de\/beteiligung\/wp-content\/uploads\/sites\/14\/2015\/04\/IMG_0545-1035x690.jpg 1035w\" sizes=\"auto, (max-width: 500px) 100vw, 500px\" \/><\/a>\n\t\t\t<\/div>\n\t\t\t\t<figcaption class='wp-caption-text gallery-caption' id='gallery-1-233'>\n\t\t\t\tThementisch &#8222;Kommunikation und Information&#8220; bei der Auftaktveranstaltung, \u00a9 ORBIT\n\t\t\t\t<\/figcaption><\/figure><figure class='gallery-item'>\n\t\t\t<div class='gallery-icon landscape'>\n\t\t\t\t<a href='https:\/\/blog.jena.de\/beteiligung\/img_0546\/'><img loading=\"lazy\" decoding=\"async\" width=\"500\" height=\"333\" src=\"https:\/\/blog.jena.de\/beteiligung\/wp-content\/uploads\/sites\/14\/2015\/04\/IMG_0546-500x333.jpg\" class=\"attachment-medium size-medium\" alt=\"Blick auf den Thementisch Kommunikation und Information der Auftaktveranstaltung, Auftaktveranstaltung Leitlinien f\u00fcr die B\u00fcrgerbeteiligung, \u00a9 ORBIT\" aria-describedby=\"gallery-1-234\" srcset=\"https:\/\/blog.jena.de\/beteiligung\/wp-content\/uploads\/sites\/14\/2015\/04\/IMG_0546-500x333.jpg 500w, https:\/\/blog.jena.de\/beteiligung\/wp-content\/uploads\/sites\/14\/2015\/04\/IMG_0546-768x512.jpg 768w, https:\/\/blog.jena.de\/beteiligung\/wp-content\/uploads\/sites\/14\/2015\/04\/IMG_0546-1000x667.jpg 1000w, https:\/\/blog.jena.de\/beteiligung\/wp-content\/uploads\/sites\/14\/2015\/04\/IMG_0546-600x400.jpg 600w, https:\/\/blog.jena.de\/beteiligung\/wp-content\/uploads\/sites\/14\/2015\/04\/IMG_0546-1035x690.jpg 1035w\" sizes=\"auto, (max-width: 500px) 100vw, 500px\" \/><\/a>\n\t\t\t<\/div>\n\t\t\t\t<figcaption class='wp-caption-text gallery-caption' id='gallery-1-234'>\n\t\t\t\tThementisch &#8222;Kommunikation und Information&#8220; bei der Auftaktveranstaltung, \u00a9 ORBIT\n\t\t\t\t<\/figcaption><\/figure><figure class='gallery-item'>\n\t\t\t<div class='gallery-icon landscape'>\n\t\t\t\t<a href='https:\/\/blog.jena.de\/beteiligung\/img_0547\/'><img loading=\"lazy\" decoding=\"async\" width=\"500\" height=\"333\" src=\"https:\/\/blog.jena.de\/beteiligung\/wp-content\/uploads\/sites\/14\/2015\/04\/IMG_0547-500x333.jpg\" class=\"attachment-medium size-medium\" alt=\"Blick auf den Thementisch Kommunikation und Information der Auftaktveranstaltung, Auftaktveranstaltung Leitlinien f\u00fcr die B\u00fcrgerbeteiligung, \u00a9 ORBIT\" aria-describedby=\"gallery-1-235\" srcset=\"https:\/\/blog.jena.de\/beteiligung\/wp-content\/uploads\/sites\/14\/2015\/04\/IMG_0547-500x333.jpg 500w, https:\/\/blog.jena.de\/beteiligung\/wp-content\/uploads\/sites\/14\/2015\/04\/IMG_0547-768x512.jpg 768w, https:\/\/blog.jena.de\/beteiligung\/wp-content\/uploads\/sites\/14\/2015\/04\/IMG_0547-1000x667.jpg 1000w, https:\/\/blog.jena.de\/beteiligung\/wp-content\/uploads\/sites\/14\/2015\/04\/IMG_0547-600x400.jpg 600w, https:\/\/blog.jena.de\/beteiligung\/wp-content\/uploads\/sites\/14\/2015\/04\/IMG_0547-1035x690.jpg 1035w\" sizes=\"auto, (max-width: 500px) 100vw, 500px\" \/><\/a>\n\t\t\t<\/div>\n\t\t\t\t<figcaption class='wp-caption-text gallery-caption' id='gallery-1-235'>\n\t\t\t\tThementisch &#8222;Kommunikation und Information&#8220; bei der Auftaktveranstaltung, \u00a9 ORBIT\n\t\t\t\t<\/figcaption><\/figure><figure class='gallery-item'>\n\t\t\t<div class='gallery-icon landscape'>\n\t\t\t\t<a href='https:\/\/blog.jena.de\/beteiligung\/img_0548\/'><img loading=\"lazy\" decoding=\"async\" width=\"500\" height=\"333\" src=\"https:\/\/blog.jena.de\/beteiligung\/wp-content\/uploads\/sites\/14\/2015\/04\/IMG_0548-500x333.jpg\" class=\"attachment-medium size-medium\" alt=\"Blick auf den Thementisch Kommunikation und Information der Auftaktveranstaltung, Auftaktveranstaltung Leitlinien f\u00fcr die B\u00fcrgerbeteiligung, \u00a9 ORBIT\" aria-describedby=\"gallery-1-236\" srcset=\"https:\/\/blog.jena.de\/beteiligung\/wp-content\/uploads\/sites\/14\/2015\/04\/IMG_0548-500x333.jpg 500w, https:\/\/blog.jena.de\/beteiligung\/wp-content\/uploads\/sites\/14\/2015\/04\/IMG_0548-768x512.jpg 768w, https:\/\/blog.jena.de\/beteiligung\/wp-content\/uploads\/sites\/14\/2015\/04\/IMG_0548-1000x667.jpg 1000w, https:\/\/blog.jena.de\/beteiligung\/wp-content\/uploads\/sites\/14\/2015\/04\/IMG_0548-600x400.jpg 600w, https:\/\/blog.jena.de\/beteiligung\/wp-content\/uploads\/sites\/14\/2015\/04\/IMG_0548-1035x690.jpg 1035w\" sizes=\"auto, (max-width: 500px) 100vw, 500px\" \/><\/a>\n\t\t\t<\/div>\n\t\t\t\t<figcaption class='wp-caption-text gallery-caption' id='gallery-1-236'>\n\t\t\t\tThementisch &#8222;Kommunikation und Information&#8220; bei der Auftaktveranstaltung, \u00a9 ORBIT\n\t\t\t\t<\/figcaption><\/figure><figure class='gallery-item'>\n\t\t\t<div class='gallery-icon landscape'>\n\t\t\t\t<a href='https:\/\/blog.jena.de\/beteiligung\/img_0549\/'><img loading=\"lazy\" decoding=\"async\" width=\"500\" height=\"333\" src=\"https:\/\/blog.jena.de\/beteiligung\/wp-content\/uploads\/sites\/14\/2015\/04\/IMG_0549-500x333.jpg\" class=\"attachment-medium size-medium\" alt=\"Blick auf den Thementisch Kommunikation und Information der Auftaktveranstaltung, Auftaktveranstaltung Leitlinien f\u00fcr die B\u00fcrgerbeteiligung, \u00a9 ORBIT\" aria-describedby=\"gallery-1-237\" srcset=\"https:\/\/blog.jena.de\/beteiligung\/wp-content\/uploads\/sites\/14\/2015\/04\/IMG_0549-500x333.jpg 500w, https:\/\/blog.jena.de\/beteiligung\/wp-content\/uploads\/sites\/14\/2015\/04\/IMG_0549-768x512.jpg 768w, https:\/\/blog.jena.de\/beteiligung\/wp-content\/uploads\/sites\/14\/2015\/04\/IMG_0549-1000x667.jpg 1000w, https:\/\/blog.jena.de\/beteiligung\/wp-content\/uploads\/sites\/14\/2015\/04\/IMG_0549-600x400.jpg 600w, https:\/\/blog.jena.de\/beteiligung\/wp-content\/uploads\/sites\/14\/2015\/04\/IMG_0549-1035x690.jpg 1035w\" sizes=\"auto, (max-width: 500px) 100vw, 500px\" \/><\/a>\n\t\t\t<\/div>\n\t\t\t\t<figcaption class='wp-caption-text gallery-caption' id='gallery-1-237'>\n\t\t\t\tThementisch &#8222;Kommunikation und Information&#8220; bei der Auftaktveranstaltung, \u00a9 ORBIT\n\t\t\t\t<\/figcaption><\/figure><figure class='gallery-item'>\n\t\t\t<div class='gallery-icon landscape'>\n\t\t\t\t<a href='https:\/\/blog.jena.de\/beteiligung\/img_0550\/'><img loading=\"lazy\" decoding=\"async\" width=\"500\" height=\"333\" src=\"https:\/\/blog.jena.de\/beteiligung\/wp-content\/uploads\/sites\/14\/2015\/04\/IMG_0550-e1430766848894-500x333.jpg\" class=\"attachment-medium size-medium\" alt=\"Blick auf den Thementisch Kommunikation und Information der Auftaktveranstaltung, Auftaktveranstaltung Leitlinien f\u00fcr die B\u00fcrgerbeteiligung, \u00a9 ORBIT\" aria-describedby=\"gallery-1-238\" srcset=\"https:\/\/blog.jena.de\/beteiligung\/wp-content\/uploads\/sites\/14\/2015\/04\/IMG_0550-e1430766848894-500x333.jpg 500w, https:\/\/blog.jena.de\/beteiligung\/wp-content\/uploads\/sites\/14\/2015\/04\/IMG_0550-e1430766848894-768x512.jpg 768w, https:\/\/blog.jena.de\/beteiligung\/wp-content\/uploads\/sites\/14\/2015\/04\/IMG_0550-e1430766848894-1000x667.jpg 1000w, https:\/\/blog.jena.de\/beteiligung\/wp-content\/uploads\/sites\/14\/2015\/04\/IMG_0550-e1430766848894-600x400.jpg 600w, https:\/\/blog.jena.de\/beteiligung\/wp-content\/uploads\/sites\/14\/2015\/04\/IMG_0550-e1430766848894-1035x690.jpg 1035w\" sizes=\"auto, (max-width: 500px) 100vw, 500px\" \/><\/a>\n\t\t\t<\/div>\n\t\t\t\t<figcaption class='wp-caption-text gallery-caption' id='gallery-1-238'>\n\t\t\t\tThementisch &#8222;Kommunikation und Information&#8220; bei der Auftaktveranstaltung, \u00a9 ORBIT\n\t\t\t\t<\/figcaption><\/figure><figure class='gallery-item'>\n\t\t\t<div class='gallery-icon landscape'>\n\t\t\t\t<a href='https:\/\/blog.jena.de\/beteiligung\/img_0551\/'><img loading=\"lazy\" decoding=\"async\" width=\"500\" height=\"333\" src=\"https:\/\/blog.jena.de\/beteiligung\/wp-content\/uploads\/sites\/14\/2015\/04\/IMG_0551-500x333.jpg\" class=\"attachment-medium size-medium\" alt=\"Blick auf den Thementisch Kommunikation und Information der Auftaktveranstaltung, Auftaktveranstaltung Leitlinien f\u00fcr die B\u00fcrgerbeteiligung, \u00a9 ORBIT\" aria-describedby=\"gallery-1-239\" srcset=\"https:\/\/blog.jena.de\/beteiligung\/wp-content\/uploads\/sites\/14\/2015\/04\/IMG_0551-500x333.jpg 500w, https:\/\/blog.jena.de\/beteiligung\/wp-content\/uploads\/sites\/14\/2015\/04\/IMG_0551-768x512.jpg 768w, https:\/\/blog.jena.de\/beteiligung\/wp-content\/uploads\/sites\/14\/2015\/04\/IMG_0551-1000x667.jpg 1000w, https:\/\/blog.jena.de\/beteiligung\/wp-content\/uploads\/sites\/14\/2015\/04\/IMG_0551-600x400.jpg 600w, https:\/\/blog.jena.de\/beteiligung\/wp-content\/uploads\/sites\/14\/2015\/04\/IMG_0551-1035x690.jpg 1035w\" sizes=\"auto, (max-width: 500px) 100vw, 500px\" \/><\/a>\n\t\t\t<\/div>\n\t\t\t\t<figcaption class='wp-caption-text gallery-caption' id='gallery-1-239'>\n\t\t\t\tThementisch &#8222;Kommunikation und Information&#8220; bei der Auftaktveranstaltung, \u00a9 ORBIT\n\n\t\t\t\t<\/figcaption><\/figure><figure class='gallery-item'>\n\t\t\t<div class='gallery-icon landscape'>\n\t\t\t\t<a href='https:\/\/blog.jena.de\/beteiligung\/img_0552\/'><img loading=\"lazy\" decoding=\"async\" width=\"500\" height=\"333\" src=\"https:\/\/blog.jena.de\/beteiligung\/wp-content\/uploads\/sites\/14\/2015\/04\/IMG_0552-500x333.jpg\" class=\"attachment-medium size-medium\" alt=\"Blick auf den Thementisch Kommunikation und Information der Auftaktveranstaltung, Auftaktveranstaltung Leitlinien f\u00fcr die B\u00fcrgerbeteiligung, \u00a9 ORBIT\" aria-describedby=\"gallery-1-240\" srcset=\"https:\/\/blog.jena.de\/beteiligung\/wp-content\/uploads\/sites\/14\/2015\/04\/IMG_0552-500x333.jpg 500w, https:\/\/blog.jena.de\/beteiligung\/wp-content\/uploads\/sites\/14\/2015\/04\/IMG_0552-768x512.jpg 768w, https:\/\/blog.jena.de\/beteiligung\/wp-content\/uploads\/sites\/14\/2015\/04\/IMG_0552-1000x667.jpg 1000w, https:\/\/blog.jena.de\/beteiligung\/wp-content\/uploads\/sites\/14\/2015\/04\/IMG_0552-600x400.jpg 600w, https:\/\/blog.jena.de\/beteiligung\/wp-content\/uploads\/sites\/14\/2015\/04\/IMG_0552-1035x690.jpg 1035w\" sizes=\"auto, (max-width: 500px) 100vw, 500px\" \/><\/a>\n\t\t\t<\/div>\n\t\t\t\t<figcaption class='wp-caption-text gallery-caption' id='gallery-1-240'>\n\t\t\t\tThementisch &#8222;Kommunikation und Information&#8220; bei der Auftaktveranstaltung, \u00a9 ORBIT\n\t\t\t\t<\/figcaption><\/figure><figure class='gallery-item'>\n\t\t\t<div class='gallery-icon landscape'>\n\t\t\t\t<a href='https:\/\/blog.jena.de\/beteiligung\/img_0553\/'><img loading=\"lazy\" decoding=\"async\" width=\"500\" height=\"333\" src=\"https:\/\/blog.jena.de\/beteiligung\/wp-content\/uploads\/sites\/14\/2015\/04\/IMG_0553-500x333.jpg\" class=\"attachment-medium size-medium\" alt=\"Blick auf den Thementisch Kommunikation und Information der Auftaktveranstaltung, Auftaktveranstaltung Leitlinien f\u00fcr die B\u00fcrgerbeteiligung, \u00a9 ORBIT\" aria-describedby=\"gallery-1-241\" srcset=\"https:\/\/blog.jena.de\/beteiligung\/wp-content\/uploads\/sites\/14\/2015\/04\/IMG_0553-500x333.jpg 500w, https:\/\/blog.jena.de\/beteiligung\/wp-content\/uploads\/sites\/14\/2015\/04\/IMG_0553-768x512.jpg 768w, https:\/\/blog.jena.de\/beteiligung\/wp-content\/uploads\/sites\/14\/2015\/04\/IMG_0553-1000x667.jpg 1000w, https:\/\/blog.jena.de\/beteiligung\/wp-content\/uploads\/sites\/14\/2015\/04\/IMG_0553-600x400.jpg 600w, https:\/\/blog.jena.de\/beteiligung\/wp-content\/uploads\/sites\/14\/2015\/04\/IMG_0553-1035x690.jpg 1035w\" sizes=\"auto, (max-width: 500px) 100vw, 500px\" \/><\/a>\n\t\t\t<\/div>\n\t\t\t\t<figcaption class='wp-caption-text gallery-caption' id='gallery-1-241'>\n\t\t\t\tThementisch &#8222;Kommunikation und Information&#8220; bei der Auftaktveranstaltung, \u00a9 ORBIT\n\t\t\t\t<\/figcaption><\/figure><figure class='gallery-item'>\n\t\t\t<div class='gallery-icon landscape'>\n\t\t\t\t<a href='https:\/\/blog.jena.de\/beteiligung\/img_0554\/'><img loading=\"lazy\" decoding=\"async\" width=\"500\" height=\"333\" src=\"https:\/\/blog.jena.de\/beteiligung\/wp-content\/uploads\/sites\/14\/2015\/04\/IMG_0554-500x333.jpg\" class=\"attachment-medium size-medium\" alt=\"Blick auf den Thementisch Kommunikation und Information der Auftaktveranstaltung, Auftaktveranstaltung Leitlinien f\u00fcr die B\u00fcrgerbeteiligung, \u00a9 ORBIT\" aria-describedby=\"gallery-1-242\" srcset=\"https:\/\/blog.jena.de\/beteiligung\/wp-content\/uploads\/sites\/14\/2015\/04\/IMG_0554-500x333.jpg 500w, https:\/\/blog.jena.de\/beteiligung\/wp-content\/uploads\/sites\/14\/2015\/04\/IMG_0554-768x512.jpg 768w, https:\/\/blog.jena.de\/beteiligung\/wp-content\/uploads\/sites\/14\/2015\/04\/IMG_0554-1000x667.jpg 1000w, https:\/\/blog.jena.de\/beteiligung\/wp-content\/uploads\/sites\/14\/2015\/04\/IMG_0554-600x400.jpg 600w, https:\/\/blog.jena.de\/beteiligung\/wp-content\/uploads\/sites\/14\/2015\/04\/IMG_0554-1035x690.jpg 1035w\" sizes=\"auto, (max-width: 500px) 100vw, 500px\" \/><\/a>\n\t\t\t<\/div>\n\t\t\t\t<figcaption class='wp-caption-text gallery-caption' id='gallery-1-242'>\n\t\t\t\tThementisch &#8222;Kommunikation und Information&#8220; bei der Auftaktveranstaltung, \u00a9 ORBIT\n\n\t\t\t\t<\/figcaption><\/figure><figure class='gallery-item'>\n\t\t\t<div class='gallery-icon landscape'>\n\t\t\t\t<a href='https:\/\/blog.jena.de\/beteiligung\/img_0555\/'><img loading=\"lazy\" decoding=\"async\" width=\"500\" height=\"333\" src=\"https:\/\/blog.jena.de\/beteiligung\/wp-content\/uploads\/sites\/14\/2015\/04\/IMG_0555-500x333.jpg\" class=\"attachment-medium size-medium\" alt=\"Blick auf den Thementisch Kommunikation und Information der Auftaktveranstaltung, Auftaktveranstaltung Leitlinien f\u00fcr die B\u00fcrgerbeteiligung, \u00a9 ORBIT\" aria-describedby=\"gallery-1-243\" srcset=\"https:\/\/blog.jena.de\/beteiligung\/wp-content\/uploads\/sites\/14\/2015\/04\/IMG_0555-500x333.jpg 500w, https:\/\/blog.jena.de\/beteiligung\/wp-content\/uploads\/sites\/14\/2015\/04\/IMG_0555-768x512.jpg 768w, https:\/\/blog.jena.de\/beteiligung\/wp-content\/uploads\/sites\/14\/2015\/04\/IMG_0555-1000x667.jpg 1000w, https:\/\/blog.jena.de\/beteiligung\/wp-content\/uploads\/sites\/14\/2015\/04\/IMG_0555-600x400.jpg 600w, https:\/\/blog.jena.de\/beteiligung\/wp-content\/uploads\/sites\/14\/2015\/04\/IMG_0555-1035x690.jpg 1035w\" sizes=\"auto, (max-width: 500px) 100vw, 500px\" \/><\/a>\n\t\t\t<\/div>\n\t\t\t\t<figcaption class='wp-caption-text gallery-caption' id='gallery-1-243'>\n\t\t\t\tThementisch &#8222;Kommunikation und Information&#8220; bei der Auftaktveranstaltung, \u00a9 ORBIT\n\t\t\t\t<\/figcaption><\/figure>\n\t\t<\/div>\n\n","protected":false},"excerpt":{"rendered":"<p>&nbsp; Die Erarbeitung der Leitlinien f\u00fcr die B\u00fcrgerbeteiligung startete am 21.03.2015 um 10:00 Uhr im Volksbad mit einer \u00f6ffentlichen Veranstaltung. Ca. 60 B\u00fcrgerinnen&hellip;<\/p>\n","protected":false},"author":14,"featured_media":76,"comment_status":"open","ping_status":"closed","sticky":false,"template":"","format":"standard","meta":{"footnotes":""},"categories":[2,1],"tags":[],"class_list":["post-72","post","type-post","status-publish","format-standard","has-post-thumbnail","hentry","category-aktuelles","category-allgemein"],"_links":{"self":[{"href":"https:\/\/blog.jena.de\/beteiligung\/wp-json\/wp\/v2\/posts\/72","targetHints":{"allow":["GET"]}}],"collection":[{"href":"https:\/\/blog.jena.de\/beteiligung\/wp-json\/wp\/v2\/posts"}],"about":[{"href":"https:\/\/blog.jena.de\/beteiligung\/wp-json\/wp\/v2\/types\/post"}],"author":[{"embeddable":true,"href":"https:\/\/blog.jena.de\/beteiligung\/wp-json\/wp\/v2\/users\/14"}],"replies":[{"embeddable":true,"href":"https:\/\/blog.jena.de\/beteiligung\/wp-json\/wp\/v2\/comments?post=72"}],"version-history":[{"count":17,"href":"https:\/\/blog.jena.de\/beteiligung\/wp-json\/wp\/v2\/posts\/72\/revisions"}],"predecessor-version":[{"id":323,"href":"https:\/\/blog.jena.de\/beteiligung\/wp-json\/wp\/v2\/posts\/72\/revisions\/323"}],"wp:featuredmedia":[{"embeddable":true,"href":"https:\/\/blog.jena.de\/beteiligung\/wp-json\/wp\/v2\/media\/76"}],"wp:attachment":[{"href":"https:\/\/blog.jena.de\/beteiligung\/wp-json\/wp\/v2\/media?parent=72"}],"wp:term":[{"taxonomy":"category","embeddable":true,"href":"https:\/\/blog.jena.de\/beteiligung\/wp-json\/wp\/v2\/categories?post=72"},{"taxonomy":"post_tag","embeddable":true,"href":"https:\/\/blog.jena.de\/beteiligung\/wp-json\/wp\/v2\/tags?post=72"}],"curies":[{"name":"wp","href":"https:\/\/api.w.org\/{rel}","templated":true}]}}