{"id":692,"date":"2017-07-04T12:26:02","date_gmt":"2017-07-04T10:26:02","guid":{"rendered":"https:\/\/blog.jena.de\/beteiligung\/?p=692"},"modified":"2017-07-06T11:55:49","modified_gmt":"2017-07-06T09:55:49","slug":"ergebnis-der-begleitgruppenarbeit-zur-beiratsgruendung-sommerpause","status":"publish","type":"post","link":"https:\/\/blog.jena.de\/beteiligung\/2017\/07\/04\/ergebnis-der-begleitgruppenarbeit-zur-beiratsgruendung-sommerpause\/","title":{"rendered":"Ergebnis der Begleitgruppenarbeit zur Beiratsgr\u00fcndung \/\/ Sommerpause"},"content":{"rendered":"<p>In der dritten &#8211; und vorerst letzten &#8211; Sitzung der Begleitgruppe zur Gr\u00fcndung eines &#8222;Beirats f\u00fcr B\u00fcrgerbeteiligung&#8220; am 19.06.2017 wurde der Satzungsentwurf final abgestimmt. Das Protokoll zur Sitzung und den Satzungsentwurf k\u00f6nnen Sie <a href=\"https:\/\/blog.jena.de\/beteiligung\/downloads\/\" target=\"_blank\" rel=\"noopener\">hier<\/a> nachlesen.<\/p>\n<p>Damit der Beirat am 01.01.2018 seine Arbeit aufnehmen kann, wird der Satzungsentwurf dem Stadtrat in der Sitzung am 23.08.2017 zum Beschluss vorgelegt. Nach der Best\u00e4tigung beginnt die Vorbereitung des Losverfahrens zur Auswahl der Vertreterinnen und Vertreter der B\u00fcrgerschaft. Bis dahin verabschiedet sich der Blog in die Sommerpause. \/ASE<\/p>\n","protected":false},"excerpt":{"rendered":"<p>In der dritten &#8211; und vorerst letzten &#8211; Sitzung der Begleitgruppe zur Gr\u00fcndung eines &#8222;Beirats f\u00fcr B\u00fcrgerbeteiligung&#8220; am 19.06.2017 wurde der Satzungsentwurf final&hellip;<\/p>\n","protected":false},"author":14,"featured_media":616,"comment_status":"open","ping_status":"closed","sticky":false,"template":"","format":"standard","meta":{"footnotes":""},"categories":[2,1],"tags":[],"class_list":["post-692","post","type-post","status-publish","format-standard","has-post-thumbnail","hentry","category-aktuelles","category-allgemein"],"_links":{"self":[{"href":"https:\/\/blog.jena.de\/beteiligung\/wp-json\/wp\/v2\/posts\/692","targetHints":{"allow":["GET"]}}],"collection":[{"href":"https:\/\/blog.jena.de\/beteiligung\/wp-json\/wp\/v2\/posts"}],"about":[{"href":"https:\/\/blog.jena.de\/beteiligung\/wp-json\/wp\/v2\/types\/post"}],"author":[{"embeddable":true,"href":"https:\/\/blog.jena.de\/beteiligung\/wp-json\/wp\/v2\/users\/14"}],"replies":[{"embeddable":true,"href":"https:\/\/blog.jena.de\/beteiligung\/wp-json\/wp\/v2\/comments?post=692"}],"version-history":[{"count":4,"href":"https:\/\/blog.jena.de\/beteiligung\/wp-json\/wp\/v2\/posts\/692\/revisions"}],"predecessor-version":[{"id":735,"href":"https:\/\/blog.jena.de\/beteiligung\/wp-json\/wp\/v2\/posts\/692\/revisions\/735"}],"wp:featuredmedia":[{"embeddable":true,"href":"https:\/\/blog.jena.de\/beteiligung\/wp-json\/wp\/v2\/media\/616"}],"wp:attachment":[{"href":"https:\/\/blog.jena.de\/beteiligung\/wp-json\/wp\/v2\/media?parent=692"}],"wp:term":[{"taxonomy":"category","embeddable":true,"href":"https:\/\/blog.jena.de\/beteiligung\/wp-json\/wp\/v2\/categories?post=692"},{"taxonomy":"post_tag","embeddable":true,"href":"https:\/\/blog.jena.de\/beteiligung\/wp-json\/wp\/v2\/tags?post=692"}],"curies":[{"name":"wp","href":"https:\/\/api.w.org\/{rel}","templated":true}]}}