{"id":641,"date":"2017-05-11T11:47:21","date_gmt":"2017-05-11T09:47:21","guid":{"rendered":"https:\/\/blog.jena.de\/beteiligung\/?p=641"},"modified":"2017-07-03T14:51:34","modified_gmt":"2017-07-03T12:51:34","slug":"22-05-2017-2-sitzung-gruendung-des-beirats-fuer-buergerbeteiligung","status":"publish","type":"post","link":"https:\/\/blog.jena.de\/beteiligung\/2017\/05\/11\/22-05-2017-2-sitzung-gruendung-des-beirats-fuer-buergerbeteiligung\/","title":{"rendered":"22.05.2017 &#8211; 2. Sitzung &#8211; Gr\u00fcndung des Beirats f\u00fcr B\u00fcrgerbeteiligung"},"content":{"rendered":"<p>Die Begleitgruppe, durch die bereits die Leitlinien f\u00fcr B\u00fcrgerbeteiligung erarbeitet wurden, bereitet gem\u00e4\u00df Beschluss des Stadtrates aktuell die Gr\u00fcndung des Beirates f\u00fcr B\u00fcrgerbeteiligung vor. Bei der konstituierenden Sitzung am 25.04.2017 gab es eine erste angeregte, sachliche und konstruktive Diskussion zu den k\u00fcnftigen Aufgaben und zur Zusammensetzung des Beirats. Das Protokoll der Sitzung finden Sie <a href=\"https:\/\/blog.jena.de\/beteiligung\/wp-content\/uploads\/sites\/14\/2015\/03\/Protokoll_BG_25042017.pdf\" target=\"_blank\" rel=\"noopener noreferrer\">hier<\/a>.<\/p>\n<p>Die zweite Sitzung findet am 22.05.2017 ab 17:00 Uhr im Beratungsraum EG im Verwaltungsgeb\u00e4ude Lutherplatz 3 statt. Schwerpunkt wird der Satzungsentwurf f\u00fcr den Beirat sein, der im Ergebnis der 1. Sitzung erarbeitet wurde. Die Sitzung ist \u00f6ffentlich, alle Interessierten sind herzlich eingeladen. Aus organisatorischen Gr\u00fcnden wird um kurze Voranmeldung unter <a href=\"mailto:buergerbeteiligung@jena.de\">buergerbeteiligung@jena.de<\/a> gebeten.<\/p>\n<p>\/ASE<\/p>\n","protected":false},"excerpt":{"rendered":"<p>Die Begleitgruppe, durch die bereits die Leitlinien f\u00fcr B\u00fcrgerbeteiligung erarbeitet wurden, bereitet gem\u00e4\u00df Beschluss des Stadtrates aktuell die Gr\u00fcndung des Beirates f\u00fcr B\u00fcrgerbeteiligung&hellip;<\/p>\n","protected":false},"author":14,"featured_media":616,"comment_status":"open","ping_status":"closed","sticky":false,"template":"","format":"standard","meta":{"footnotes":""},"categories":[2,1,3],"tags":[],"class_list":["post-641","post","type-post","status-publish","format-standard","has-post-thumbnail","hentry","category-aktuelles","category-allgemein","category-termine"],"_links":{"self":[{"href":"https:\/\/blog.jena.de\/beteiligung\/wp-json\/wp\/v2\/posts\/641","targetHints":{"allow":["GET"]}}],"collection":[{"href":"https:\/\/blog.jena.de\/beteiligung\/wp-json\/wp\/v2\/posts"}],"about":[{"href":"https:\/\/blog.jena.de\/beteiligung\/wp-json\/wp\/v2\/types\/post"}],"author":[{"embeddable":true,"href":"https:\/\/blog.jena.de\/beteiligung\/wp-json\/wp\/v2\/users\/14"}],"replies":[{"embeddable":true,"href":"https:\/\/blog.jena.de\/beteiligung\/wp-json\/wp\/v2\/comments?post=641"}],"version-history":[{"count":9,"href":"https:\/\/blog.jena.de\/beteiligung\/wp-json\/wp\/v2\/posts\/641\/revisions"}],"predecessor-version":[{"id":674,"href":"https:\/\/blog.jena.de\/beteiligung\/wp-json\/wp\/v2\/posts\/641\/revisions\/674"}],"wp:featuredmedia":[{"embeddable":true,"href":"https:\/\/blog.jena.de\/beteiligung\/wp-json\/wp\/v2\/media\/616"}],"wp:attachment":[{"href":"https:\/\/blog.jena.de\/beteiligung\/wp-json\/wp\/v2\/media?parent=641"}],"wp:term":[{"taxonomy":"category","embeddable":true,"href":"https:\/\/blog.jena.de\/beteiligung\/wp-json\/wp\/v2\/categories?post=641"},{"taxonomy":"post_tag","embeddable":true,"href":"https:\/\/blog.jena.de\/beteiligung\/wp-json\/wp\/v2\/tags?post=641"}],"curies":[{"name":"wp","href":"https:\/\/api.w.org\/{rel}","templated":true}]}}