{"id":633,"date":"2017-04-19T09:47:33","date_gmt":"2017-04-19T07:47:33","guid":{"rendered":"https:\/\/blog.jena.de\/beteiligung\/?p=633"},"modified":"2017-07-03T14:52:03","modified_gmt":"2017-07-03T12:52:03","slug":"25-04-2017-konstituierende-sitzung-gruendung-des-beirats-fuer-buergerbeteiligung","status":"publish","type":"post","link":"https:\/\/blog.jena.de\/beteiligung\/2017\/04\/19\/25-04-2017-konstituierende-sitzung-gruendung-des-beirats-fuer-buergerbeteiligung\/","title":{"rendered":"25.04.2017 &#8211; Konstituierende Sitzung &#8211; Gr\u00fcndung des Beirats f\u00fcr B\u00fcrgerbeteiligung"},"content":{"rendered":"<p>Am 15.03.2017 hat sich der Jenaer Stadtrat mit gro\u00dfer Mehrheit f\u00fcr die Gr\u00fcndung eines Beirates f\u00fcr B\u00fcrgerbeteiligung ausgesprochen. Dabei folgte er auch der Empfehlung der Verwaltung, die Gr\u00fcndung des Beirats durch die Begleitgruppe vorzubereiten, welche bereits im Jahr 2016 mit gro\u00dfem Engagement, fachlicher Kompetenz und hoher Sachlichkeit die Erarbeitung der Leitlinien \u00fcbernommen hatte.<\/p>\n<p>Die konstituierende Sitzung findet am 25.04.2017, ab 17:00 Uhr, im Beratungsraum Lutherplatz 3 statt.<\/p>\n<p>Vorschlag zur Tagesordnung:<br \/>\n1. Begr\u00fc\u00dfung und Einleitung (Dezernent Peisker)<br \/>\n2. Gesch\u00e4ftsordnung der Sitzung(en) (Rederecht, Redezeit, Stimmrecht etc.)<br \/>\n3. Auswahl \/ Diskussion zur Moderation<br \/>\n4. B\u00fcrgerbeteiligungssatzung &#8211; Stand der Recherche<br \/>\n5. Einstieg &#8211; Aufgaben und Gesch\u00e4ftsordnung des Beirates<br \/>\n6. Terminplanung<br \/>\n7. Sonstiges<\/p>\n<p>Die Sitzung ist \u00f6ffentlich, alle Interessierten sind herzlich willkommen. Zur besseren Planbarkeit bitten wir um kurze Anmeldung unter <a href=\"mailto:buergerbeteiligung@jena.de\">buergerbeteiligung@jena.de<\/a>.<\/p>\n<p>\/ASE<\/p>\n","protected":false},"excerpt":{"rendered":"<p>Am 15.03.2017 hat sich der Jenaer Stadtrat mit gro\u00dfer Mehrheit f\u00fcr die Gr\u00fcndung eines Beirates f\u00fcr B\u00fcrgerbeteiligung ausgesprochen. Dabei folgte er auch der&hellip;<\/p>\n","protected":false},"author":14,"featured_media":616,"comment_status":"open","ping_status":"closed","sticky":false,"template":"","format":"standard","meta":{"footnotes":""},"categories":[2,1,3],"tags":[],"class_list":["post-633","post","type-post","status-publish","format-standard","has-post-thumbnail","hentry","category-aktuelles","category-allgemein","category-termine"],"_links":{"self":[{"href":"https:\/\/blog.jena.de\/beteiligung\/wp-json\/wp\/v2\/posts\/633","targetHints":{"allow":["GET"]}}],"collection":[{"href":"https:\/\/blog.jena.de\/beteiligung\/wp-json\/wp\/v2\/posts"}],"about":[{"href":"https:\/\/blog.jena.de\/beteiligung\/wp-json\/wp\/v2\/types\/post"}],"author":[{"embeddable":true,"href":"https:\/\/blog.jena.de\/beteiligung\/wp-json\/wp\/v2\/users\/14"}],"replies":[{"embeddable":true,"href":"https:\/\/blog.jena.de\/beteiligung\/wp-json\/wp\/v2\/comments?post=633"}],"version-history":[{"count":5,"href":"https:\/\/blog.jena.de\/beteiligung\/wp-json\/wp\/v2\/posts\/633\/revisions"}],"predecessor-version":[{"id":675,"href":"https:\/\/blog.jena.de\/beteiligung\/wp-json\/wp\/v2\/posts\/633\/revisions\/675"}],"wp:featuredmedia":[{"embeddable":true,"href":"https:\/\/blog.jena.de\/beteiligung\/wp-json\/wp\/v2\/media\/616"}],"wp:attachment":[{"href":"https:\/\/blog.jena.de\/beteiligung\/wp-json\/wp\/v2\/media?parent=633"}],"wp:term":[{"taxonomy":"category","embeddable":true,"href":"https:\/\/blog.jena.de\/beteiligung\/wp-json\/wp\/v2\/categories?post=633"},{"taxonomy":"post_tag","embeddable":true,"href":"https:\/\/blog.jena.de\/beteiligung\/wp-json\/wp\/v2\/tags?post=633"}],"curies":[{"name":"wp","href":"https:\/\/api.w.org\/{rel}","templated":true}]}}